{"id":32696,"date":"2024-07-18T22:21:57","date_gmt":"2024-07-18T22:21:57","guid":{"rendered":"https:\/\/www.africa-press.net\/congo-brazzaville\/politique\/213e-anniversaire-de-lindependance-du-venezuela-levenement-celebre-a-brazzaville"},"modified":"2024-07-18T22:50:49","modified_gmt":"2024-07-18T22:50:49","slug":"213e-anniversaire-de-lindependance-du-venezuela-levenement-celebre-a-brazzaville","status":"publish","type":"post","link":"https:\/\/www.africa-press.net\/congo-brazzaville\/politique\/213e-anniversaire-de-lindependance-du-venezuela-levenement-celebre-a-brazzaville","title":{"rendered":"213e anniversaire de l\u2019ind\u00e9pendance du Venezuela: l&rsquo;\u00e9v\u00e9nement c\u00e9l\u00e9br\u00e9 \u00e0 Brazzaville"},"content":{"rendered":"<p><span style=\"color: #ff6600\"><strong>Africa-Press &#8211; Congo Brazzaville. <\/strong><\/span><b>La ce\u0301le\u0301bration du 213e anniversaire de l\u2019acte de signature de l\u2019inde\u0301pendance du Venezuela a eu lieu le 17 juillet, a\u0300 Brazzaville, sous les auspices du premier secre\u0301taire et charge\u0301 d\u2019affaires par inte\u0301rim de l\u2019ambassade de ce pays au Congo, David Rhazes Aponcio Contreras.<\/b><\/p>\n<p>L\u2019inde\u0301pendance du Venezuela de\u0301signe le processus d\u2019e\u0301mancipation e\u0301labore\u0301 entre 1810 et 1830 qui visait a\u0300 rompre les liens coloniaux avec l\u2019Empire espagnol, puis a\u0300 s\u2019affirmer comme entite\u0301 politique. Celle-ci est proclame\u0301e conjointement avec d\u2019autres pays d\u2019Ame\u0301rique, dans le contexte des guerres d\u2019inde\u0301pendance en Ame\u0301rique du Sud. C\u2019est donc sous l\u2019impulsion de Francisco de Miranda et de Simo\u0301n Boli\u0301var que l\u2019acte de la signature de l\u2019inde\u0301pendance du Venezuela a e\u0301te\u0301 signe\u0301 le 5 juillet 1811.<\/p>\n<p>A l\u2019occasion de la ce\u0301le\u0301bration du 213e anniversaire de l\u2019acte de cette signature, l\u2019ambassade du Venezuela au Congo a organise\u0301 une ce\u0301re\u0301monie a\u0300 son sie\u0300ge de Brazzaville, marque\u0301e par la projection d\u2019un film qui retrace la vie et l\u2019\u0153uvre du libe\u0301rateur Simo\u0301n Boli\u0301var. La particularite\u0301 de cette ce\u0301le\u0301bration en diffe\u0301re\u0301 a e\u0301te\u0301 la pre\u0301sence des anciens et nouveaux apprenants de la langue espagnole latino-ame\u0301ricaine et des membres de l\u2019Association congolaise d\u2019amitie\u0301 entre les peuples.<\/p>\n<p>\u00ab Aujourd\u2019hui nous comme\u0301morons l\u2019acte de la signature de l\u2019inde\u0301pendance du Venezuela, le 213e anniversaire. Cette date devait e\u0302tre ce\u0301le\u0301bre\u0301e le 5 juillet qui est le jour anniversaire de la fe\u0302te de l\u2019inde\u0301pendance du Venezuela, mais nous avons tenu compte de la Confe\u0301rence internationale sur l\u2019afforestation et le reboisement (Ciar) qui a eu lieu du 2 au 5 juillet. Nous savons l\u2019importance que reve\u0302t la Ciar aussi bien pour le peuple congolais que pour l\u2019international, c\u2019est pour cela que nous avons diffe\u0301re\u0301 cette activite\u0301 qu\u2019on a ce\u0301le\u0301bre\u0301e aujourd\u2019hui, 17 juillet \u00bb, a signifie\u0301 le charge\u0301 d\u2019affaires par inte\u0301rim.<\/p>\n<p>Pour lui, l\u2019un des objectifs avec les peuples du monde et en re\u0301fe\u0301rence le peuple de la Re\u0301publique du Congo, c\u2019e\u0301tait avoir cet e\u0301change culturel. Cela a e\u0301te\u0301 donc un moment tre\u0300s important lors de la ce\u0301le\u0301bration de cet anniversaire pour montrer et enseigner au peuple congolais l\u2019he\u0301ritage de Simo\u0301n Boli\u0301var le libe\u0301rateur.<\/p>\n<p>En tant que Ve\u0301ne\u0301zue\u0301lien, David Rhazes Aponcio Contreras a souligne\u0301 que l\u2019acte de l\u2019inde\u0301pendance de son pays a e\u0301te\u0301 mene\u0301 par deux grands leaders, en l\u2019occurrence Simo\u0301n Boli\u0301var et Francisco de Miranda. En de\u0301pit de la signature de cet acte, l\u2019empire espagnol s\u2019est mis a\u0300 conspirer et mener des batailles contre l\u2019E\u0301tat ve\u0301ne\u0301zue\u0301lien, jusqu\u2019a\u0300 ce que la bataille de Carabobo (une victoire de Simo\u0301n Boli\u0301var sur les loyalistes le 24 juin 1821) scelle ou mieux consacre l\u2019inde\u0301pendance du Venezuela. \u00ab La journe\u0301e d\u2019aujourd\u2019hui, c\u2019est donc la journe\u0301e ou\u0300 le Venezuela est devenu libre et inde\u0301pendant, libre du joug colonial et cela se maintient jusqu\u2019a\u0300 ce jour. Depuis lors, nous sommes engage\u0301s pour la de\u0301colonisation des peuples amis. Cela est tre\u0300s important aussi pour le peuple congolais. Car l\u2019inde\u0301pendance nous a permis de jouir de notre autode\u0301termination sans qu\u2019aucun autre peuple ne nous indique la voie a\u0300 suivre. L\u2019ambassade de la Re\u0301publique bolivarienne de Venezuela est donc dans ce droit de montrer l\u2019he\u0301ritage que nous avons rec\u0327u de Simo\u0301n Boli\u0301var, notre libe\u0301rateur ainsi que d\u2019autres leaders qui ont donne\u0301 leur vie a\u0300 cette cause de l\u2019inde\u0301pendance de la Re\u0301publique du Venezuela \u00bb, a signifie\u0301 David Rhazes Aponcio Contreras.<\/p>\n\r\n                <style type=\"text\/css\">\r\n                    \r\n                    #td_uid_1_69f730559bc7d  .td-doubleSlider-2 .td-item1 {\r\n                        background: url(https:\/\/static.africa-press.net\/congo-brazzaville\/sites\/51\/2024\/07\/sm_1721330082.134865-80x60.jpg) 0 0 no-repeat;\r\n                    }\r\n                    #td_uid_1_69f730559bc7d  .td-doubleSlider-2 .td-item2 {\r\n                        background: url(https:\/\/static.africa-press.net\/congo-brazzaville\/sites\/51\/2024\/07\/sm_1721330088.9491-80x60.jpg) 0 0 no-repeat;\r\n                    }\r\n                <\/style>\r\n\r\n                <div id=\"td_uid_1_69f730559bc7d\" class=\"td-gallery td-slide-on-2-columns\">\r\n                    <div class=\"post_td_gallery\">\r\n                        <div class=\"td-gallery-slide-top\">\r\n                           <div class=\"td-gallery-title\"><\/div>\r\n\r\n                            <div class=\"td-gallery-controls-wrapper\">\r\n                                <div class=\"td-gallery-slide-count\"><span class=\"td-gallery-slide-item-focus\">1<\/span> de 2<\/div>\r\n                                <div class=\"td-gallery-slide-prev-next-but\">\r\n                                    <i class = \"td-icon-left doubleSliderPrevButton\"><\/i>\r\n                                    <i class = \"td-icon-right doubleSliderNextButton\"><\/i>\r\n                                <\/div>\r\n                            <\/div>\r\n                        <\/div>\r\n\r\n                        <div class = \"td-doubleSlider-1 \">\r\n                            <div class = \"td-slider\">\r\n                                \r\n                    <div class = \"td-slide-item td-item1\">\r\n                        <figure class=\"td-slide-galery-figure td-slide-popup-gallery\">\r\n                            <a class=\"slide-gallery-image-link\" href=\"https:\/\/static.africa-press.net\/congo-brazzaville\/sites\/51\/2024\/07\/sm_1721330082.134865.jpg\" title=\"sm_1721330082.134865\"  data-caption=\"\"  data-description=\"\">\r\n                                <img decoding=\"async\" src=\"https:\/\/static.africa-press.net\/congo-brazzaville\/sites\/51\/2024\/07\/sm_1721330082.134865.jpg\" srcset=\"https:\/\/static.africa-press.net\/congo-brazzaville\/sites\/51\/2024\/07\/sm_1721330082.134865.jpg 2031w, https:\/\/static.africa-press.net\/congo-brazzaville\/sites\/51\/2024\/07\/sm_1721330082.134865-300x204.jpg 300w, https:\/\/static.africa-press.net\/congo-brazzaville\/sites\/51\/2024\/07\/sm_1721330082.134865-1024x697.jpg 1024w, https:\/\/static.africa-press.net\/congo-brazzaville\/sites\/51\/2024\/07\/sm_1721330082.134865-768x523.jpg 768w, https:\/\/static.africa-press.net\/congo-brazzaville\/sites\/51\/2024\/07\/sm_1721330082.134865-1536x1045.jpg 1536w\" sizes=\"(max-width: 2031px) 100vw, 2031px\" alt=\"\">\r\n                            <\/a>\r\n                            \r\n                        <\/figure>\r\n                    <\/div>\r\n                    <div class = \"td-slide-item td-item2\">\r\n                        <figure class=\"td-slide-galery-figure td-slide-popup-gallery\">\r\n                            <a class=\"slide-gallery-image-link\" href=\"https:\/\/static.africa-press.net\/congo-brazzaville\/sites\/51\/2024\/07\/sm_1721330088.9491.jpg\" title=\"sm_1721330088.9491\"  data-caption=\"\"  data-description=\"\">\r\n                                <img decoding=\"async\" src=\"https:\/\/static.africa-press.net\/congo-brazzaville\/sites\/51\/2024\/07\/sm_1721330088.9491.jpg\" srcset=\"https:\/\/static.africa-press.net\/congo-brazzaville\/sites\/51\/2024\/07\/sm_1721330088.9491.jpg 2031w, https:\/\/static.africa-press.net\/congo-brazzaville\/sites\/51\/2024\/07\/sm_1721330088.9491-300x185.jpg 300w, https:\/\/static.africa-press.net\/congo-brazzaville\/sites\/51\/2024\/07\/sm_1721330088.9491-1024x632.jpg 1024w, https:\/\/static.africa-press.net\/congo-brazzaville\/sites\/51\/2024\/07\/sm_1721330088.9491-768x474.jpg 768w, https:\/\/static.africa-press.net\/congo-brazzaville\/sites\/51\/2024\/07\/sm_1721330088.9491-1536x948.jpg 1536w, https:\/\/static.africa-press.net\/congo-brazzaville\/sites\/51\/2024\/07\/sm_1721330088.9491-356x220.jpg 356w\" sizes=\"(max-width: 2031px) 100vw, 2031px\" alt=\"\">\r\n                            <\/a>\r\n                            \r\n                        <\/figure>\r\n                    <\/div>\r\n                            <\/div>\r\n                        <\/div>\r\n\r\n                        <div class = \"td-doubleSlider-2\">\r\n                            <div class = \"td-slider\">\r\n                                \r\n                    <div class = \"td-button td-item1\">\r\n                        <div class = \"td-border\"><\/div>\r\n                    <\/div>\r\n                    <div class = \"td-button td-item2\">\r\n                        <div class = \"td-border\"><\/div>\r\n                    <\/div>\r\n                            <\/div>\r\n                        <\/div>\r\n\r\n                    <\/div>\r\n\r\n                <\/div>\r\n                \n<p><strong>Pour plus d&rsquo;informations et d&rsquo;analyses sur la <span style=\"color: #ff6600\">Congo Brazzaville<\/span>, suivez <span style=\"color: #ff6600\">Africa-Press<\/span><\/strong><\/p>\n","protected":false},"excerpt":{"rendered":"<p>Africa-Press &#8211; Congo Brazzaville. La ce\u0301le\u0301bration du 213e anniversaire de l\u2019acte de signature de l\u2019inde\u0301pendance du Venezuela a eu lieu le 17 juillet, a\u0300 Brazzaville, sous les auspices du premier secre\u0301taire et charge\u0301 d\u2019affaires par inte\u0301rim de l\u2019ambassade de ce pays au Congo, David Rhazes Aponcio Contreras. L\u2019inde\u0301pendance du Venezuela de\u0301signe le processus d\u2019e\u0301mancipation e\u0301labore\u0301 [&hellip;]<\/p>\n","protected":false},"author":82,"featured_media":32695,"comment_status":"open","ping_status":"closed","sticky":false,"template":"","format":"standard","meta":{"footnotes":""},"categories":[8,2,10],"tags":[46],"class_list":["post-32696","post","type-post","status-publish","format-standard","has-post-thumbnail","hentry","category-photo","category-politique","category-toutes-les-actualites","tag-congo-brazzaville"],"yoast_head":"<!-- This site is optimized with the Yoast SEO Premium plugin v26.1 (Yoast SEO v27.0) - https:\/\/yoast.com\/product\/yoast-seo-premium-wordpress\/ -->\n<title>213e anniversaire de l\u2019ind\u00e9pendance du Venezuela: l&#039;\u00e9v\u00e9nement c\u00e9l\u00e9br\u00e9 \u00e0 Brazzaville - Congo Brazzaville<\/title>\n<meta name=\"description\" content=\"La ce\u0301le\u0301bration du 213e anniversaire de l\u2019acte de signature de l\u2019inde\u0301pendance du Venezuela a eu lieu le 17 juillet, ...\" \/>\n<meta name=\"robots\" content=\"index, follow, max-snippet:-1, max-image-preview:large, max-video-preview:-1\" \/>\n<link rel=\"canonical\" href=\"https:\/\/www.africa-press.net\/congo-brazzaville\/politique\/213e-anniversaire-de-lindependance-du-venezuela-levenement-celebre-a-brazzaville\" \/>\n<meta property=\"og:locale\" content=\"fr_FR\" \/>\n<meta property=\"og:type\" content=\"article\" \/>\n<meta property=\"og:title\" content=\"213e anniversaire de l\u2019ind\u00e9pendance du Venezuela: l&#039;\u00e9v\u00e9nement c\u00e9l\u00e9br\u00e9 \u00e0 Brazzaville\" \/>\n<meta property=\"og:description\" content=\"La ce\u0301le\u0301bration du 213e anniversaire de l\u2019acte de signature de l\u2019inde\u0301pendance du Venezuela a eu lieu le 17 juillet, ...\" \/>\n<meta property=\"og:url\" content=\"https:\/\/www.africa-press.net\/congo-brazzaville\/politique\/213e-anniversaire-de-lindependance-du-venezuela-levenement-celebre-a-brazzaville\" \/>\n<meta property=\"og:site_name\" content=\"Congo Brazzaville\" \/>\n<meta property=\"article:published_time\" content=\"2024-07-18T22:21:57+00:00\" \/>\n<meta property=\"article:modified_time\" content=\"2024-07-18T22:50:49+00:00\" \/>\n<meta property=\"og:image\" content=\"https:\/\/static.africa-press.net\/congo-brazzaville\/sites\/51\/2024\/07\/sm_1721330094.955842.jpg\" \/>\n\t<meta property=\"og:image:width\" content=\"1728\" \/>\n\t<meta property=\"og:image:height\" content=\"1175\" \/>\n\t<meta property=\"og:image:type\" content=\"image\/jpeg\" \/>\n<meta name=\"author\" content=\"cfeditorfr\" \/>\n<meta name=\"twitter:card\" content=\"summary_large_image\" \/>\n<meta name=\"twitter:label1\" content=\"\u00c9crit par\" \/>\n\t<meta name=\"twitter:data1\" content=\"cfeditorfr\" \/>\n\t<meta name=\"twitter:label2\" content=\"Dur\u00e9e de lecture estim\u00e9e\" \/>\n\t<meta name=\"twitter:data2\" content=\"3 minutes\" \/>\n<script type=\"application\/ld+json\" class=\"yoast-schema-graph\">{\"@context\":\"https:\/\/schema.org\",\"@graph\":[{\"@type\":\"Article\",\"@id\":\"https:\/\/www.africa-press.net\/congo-brazzaville\/politique\/213e-anniversaire-de-lindependance-du-venezuela-levenement-celebre-a-brazzaville#article\",\"isPartOf\":{\"@id\":\"https:\/\/www.africa-press.net\/congo-brazzaville\/politique\/213e-anniversaire-de-lindependance-du-venezuela-levenement-celebre-a-brazzaville\"},\"author\":{\"name\":\"cfeditorfr\",\"@id\":\"https:\/\/www.africa-press.net\/congo-brazzaville\/#\/schema\/person\/2b1cf3cd81a31e3cd26889ca66d677f1\"},\"headline\":\"213e anniversaire de l\u2019ind\u00e9pendance du Venezuela: l&rsquo;\u00e9v\u00e9nement c\u00e9l\u00e9br\u00e9 \u00e0 Brazzaville\",\"datePublished\":\"2024-07-18T22:21:57+00:00\",\"dateModified\":\"2024-07-18T22:50:49+00:00\",\"mainEntityOfPage\":{\"@id\":\"https:\/\/www.africa-press.net\/congo-brazzaville\/politique\/213e-anniversaire-de-lindependance-du-venezuela-levenement-celebre-a-brazzaville\"},\"wordCount\":711,\"commentCount\":0,\"image\":{\"@id\":\"https:\/\/www.africa-press.net\/congo-brazzaville\/politique\/213e-anniversaire-de-lindependance-du-venezuela-levenement-celebre-a-brazzaville#primaryimage\"},\"thumbnailUrl\":\"https:\/\/static.africa-press.net\/congo-brazzaville\/sites\/51\/2024\/07\/sm_1721330094.955842.jpg\",\"keywords\":[\"Congo Brazzaville\"],\"articleSection\":[\"Photo\",\"Politique\",\"Toutes les actualit\u00e9s\"],\"inLanguage\":\"fr-FR\",\"potentialAction\":[{\"@type\":\"CommentAction\",\"name\":\"Comment\",\"target\":[\"https:\/\/www.africa-press.net\/congo-brazzaville\/politique\/213e-anniversaire-de-lindependance-du-venezuela-levenement-celebre-a-brazzaville#respond\"]}]},{\"@type\":\"WebPage\",\"@id\":\"https:\/\/www.africa-press.net\/congo-brazzaville\/politique\/213e-anniversaire-de-lindependance-du-venezuela-levenement-celebre-a-brazzaville\",\"url\":\"https:\/\/www.africa-press.net\/congo-brazzaville\/politique\/213e-anniversaire-de-lindependance-du-venezuela-levenement-celebre-a-brazzaville\",\"name\":\"213e anniversaire de l\u2019ind\u00e9pendance du Venezuela: l'\u00e9v\u00e9nement c\u00e9l\u00e9br\u00e9 \u00e0 Brazzaville - Congo Brazzaville\",\"isPartOf\":{\"@id\":\"https:\/\/www.africa-press.net\/congo-brazzaville\/#website\"},\"primaryImageOfPage\":{\"@id\":\"https:\/\/www.africa-press.net\/congo-brazzaville\/politique\/213e-anniversaire-de-lindependance-du-venezuela-levenement-celebre-a-brazzaville#primaryimage\"},\"image\":{\"@id\":\"https:\/\/www.africa-press.net\/congo-brazzaville\/politique\/213e-anniversaire-de-lindependance-du-venezuela-levenement-celebre-a-brazzaville#primaryimage\"},\"thumbnailUrl\":\"https:\/\/static.africa-press.net\/congo-brazzaville\/sites\/51\/2024\/07\/sm_1721330094.955842.jpg\",\"datePublished\":\"2024-07-18T22:21:57+00:00\",\"dateModified\":\"2024-07-18T22:50:49+00:00\",\"author\":{\"@id\":\"https:\/\/www.africa-press.net\/congo-brazzaville\/#\/schema\/person\/2b1cf3cd81a31e3cd26889ca66d677f1\"},\"description\":\"La ce\u0301le\u0301bration du 213e anniversaire de l\u2019acte de signature de l\u2019inde\u0301pendance du Venezuela a eu lieu le 17 juillet, ...\",\"breadcrumb\":{\"@id\":\"https:\/\/www.africa-press.net\/congo-brazzaville\/politique\/213e-anniversaire-de-lindependance-du-venezuela-levenement-celebre-a-brazzaville#breadcrumb\"},\"inLanguage\":\"fr-FR\",\"potentialAction\":[{\"@type\":\"ReadAction\",\"target\":[\"https:\/\/www.africa-press.net\/congo-brazzaville\/politique\/213e-anniversaire-de-lindependance-du-venezuela-levenement-celebre-a-brazzaville\"]}]},{\"@type\":\"ImageObject\",\"inLanguage\":\"fr-FR\",\"@id\":\"https:\/\/www.africa-press.net\/congo-brazzaville\/politique\/213e-anniversaire-de-lindependance-du-venezuela-levenement-celebre-a-brazzaville#primaryimage\",\"url\":\"https:\/\/static.africa-press.net\/congo-brazzaville\/sites\/51\/2024\/07\/sm_1721330094.955842.jpg\",\"contentUrl\":\"https:\/\/static.africa-press.net\/congo-brazzaville\/sites\/51\/2024\/07\/sm_1721330094.955842.jpg\",\"width\":1728,\"height\":1175,\"caption\":\"213e anniversaire de l\u2019ind\u00e9pendance du Venezuela: l'\u00e9v\u00e9nement c\u00e9l\u00e9br\u00e9 \u00e0 Brazzaville\"},{\"@type\":\"BreadcrumbList\",\"@id\":\"https:\/\/www.africa-press.net\/congo-brazzaville\/politique\/213e-anniversaire-de-lindependance-du-venezuela-levenement-celebre-a-brazzaville#breadcrumb\",\"itemListElement\":[{\"@type\":\"ListItem\",\"position\":1,\"name\":\"Accueil\",\"item\":\"https:\/\/www.africa-press.net\/congo-brazzaville\/\"},{\"@type\":\"ListItem\",\"position\":2,\"name\":\"213e anniversaire de l\u2019ind\u00e9pendance du Venezuela: l&#8217;\u00e9v\u00e9nement c\u00e9l\u00e9br\u00e9 \u00e0 Brazzaville\"}]},{\"@type\":\"WebSite\",\"@id\":\"https:\/\/www.africa-press.net\/congo-brazzaville\/#website\",\"url\":\"https:\/\/www.africa-press.net\/congo-brazzaville\/\",\"name\":\"Congo Brazzaville\",\"description\":\"Just another Africa News Agency Sites site\",\"potentialAction\":[{\"@type\":\"SearchAction\",\"target\":{\"@type\":\"EntryPoint\",\"urlTemplate\":\"https:\/\/www.africa-press.net\/congo-brazzaville\/?s={search_term_string}\"},\"query-input\":{\"@type\":\"PropertyValueSpecification\",\"valueRequired\":true,\"valueName\":\"search_term_string\"}}],\"inLanguage\":\"fr-FR\"},{\"@type\":\"Person\",\"@id\":\"https:\/\/www.africa-press.net\/congo-brazzaville\/#\/schema\/person\/2b1cf3cd81a31e3cd26889ca66d677f1\",\"name\":\"cfeditorfr\"}]}<\/script>\n<!-- \/ Yoast SEO Premium plugin. -->","yoast_head_json":{"title":"213e anniversaire de l\u2019ind\u00e9pendance du Venezuela: l'\u00e9v\u00e9nement c\u00e9l\u00e9br\u00e9 \u00e0 Brazzaville - Congo Brazzaville","description":"La ce\u0301le\u0301bration du 213e anniversaire de l\u2019acte de signature de l\u2019inde\u0301pendance du Venezuela a eu lieu le 17 juillet, ...","robots":{"index":"index","follow":"follow","max-snippet":"max-snippet:-1","max-image-preview":"max-image-preview:large","max-video-preview":"max-video-preview:-1"},"canonical":"https:\/\/www.africa-press.net\/congo-brazzaville\/politique\/213e-anniversaire-de-lindependance-du-venezuela-levenement-celebre-a-brazzaville","og_locale":"fr_FR","og_type":"article","og_title":"213e anniversaire de l\u2019ind\u00e9pendance du Venezuela: l'\u00e9v\u00e9nement c\u00e9l\u00e9br\u00e9 \u00e0 Brazzaville","og_description":"La ce\u0301le\u0301bration du 213e anniversaire de l\u2019acte de signature de l\u2019inde\u0301pendance du Venezuela a eu lieu le 17 juillet, ...","og_url":"https:\/\/www.africa-press.net\/congo-brazzaville\/politique\/213e-anniversaire-de-lindependance-du-venezuela-levenement-celebre-a-brazzaville","og_site_name":"Congo Brazzaville","article_published_time":"2024-07-18T22:21:57+00:00","article_modified_time":"2024-07-18T22:50:49+00:00","og_image":[{"width":1728,"height":1175,"url":"https:\/\/static.africa-press.net\/congo-brazzaville\/sites\/51\/2024\/07\/sm_1721330094.955842.jpg","type":"image\/jpeg"}],"author":"cfeditorfr","twitter_card":"summary_large_image","twitter_misc":{"\u00c9crit par":"cfeditorfr","Dur\u00e9e de lecture estim\u00e9e":"3 minutes"},"schema":{"@context":"https:\/\/schema.org","@graph":[{"@type":"Article","@id":"https:\/\/www.africa-press.net\/congo-brazzaville\/politique\/213e-anniversaire-de-lindependance-du-venezuela-levenement-celebre-a-brazzaville#article","isPartOf":{"@id":"https:\/\/www.africa-press.net\/congo-brazzaville\/politique\/213e-anniversaire-de-lindependance-du-venezuela-levenement-celebre-a-brazzaville"},"author":{"name":"cfeditorfr","@id":"https:\/\/www.africa-press.net\/congo-brazzaville\/#\/schema\/person\/2b1cf3cd81a31e3cd26889ca66d677f1"},"headline":"213e anniversaire de l\u2019ind\u00e9pendance du Venezuela: l&rsquo;\u00e9v\u00e9nement c\u00e9l\u00e9br\u00e9 \u00e0 Brazzaville","datePublished":"2024-07-18T22:21:57+00:00","dateModified":"2024-07-18T22:50:49+00:00","mainEntityOfPage":{"@id":"https:\/\/www.africa-press.net\/congo-brazzaville\/politique\/213e-anniversaire-de-lindependance-du-venezuela-levenement-celebre-a-brazzaville"},"wordCount":711,"commentCount":0,"image":{"@id":"https:\/\/www.africa-press.net\/congo-brazzaville\/politique\/213e-anniversaire-de-lindependance-du-venezuela-levenement-celebre-a-brazzaville#primaryimage"},"thumbnailUrl":"https:\/\/static.africa-press.net\/congo-brazzaville\/sites\/51\/2024\/07\/sm_1721330094.955842.jpg","keywords":["Congo Brazzaville"],"articleSection":["Photo","Politique","Toutes les actualit\u00e9s"],"inLanguage":"fr-FR","potentialAction":[{"@type":"CommentAction","name":"Comment","target":["https:\/\/www.africa-press.net\/congo-brazzaville\/politique\/213e-anniversaire-de-lindependance-du-venezuela-levenement-celebre-a-brazzaville#respond"]}]},{"@type":"WebPage","@id":"https:\/\/www.africa-press.net\/congo-brazzaville\/politique\/213e-anniversaire-de-lindependance-du-venezuela-levenement-celebre-a-brazzaville","url":"https:\/\/www.africa-press.net\/congo-brazzaville\/politique\/213e-anniversaire-de-lindependance-du-venezuela-levenement-celebre-a-brazzaville","name":"213e anniversaire de l\u2019ind\u00e9pendance du Venezuela: l'\u00e9v\u00e9nement c\u00e9l\u00e9br\u00e9 \u00e0 Brazzaville - Congo Brazzaville","isPartOf":{"@id":"https:\/\/www.africa-press.net\/congo-brazzaville\/#website"},"primaryImageOfPage":{"@id":"https:\/\/www.africa-press.net\/congo-brazzaville\/politique\/213e-anniversaire-de-lindependance-du-venezuela-levenement-celebre-a-brazzaville#primaryimage"},"image":{"@id":"https:\/\/www.africa-press.net\/congo-brazzaville\/politique\/213e-anniversaire-de-lindependance-du-venezuela-levenement-celebre-a-brazzaville#primaryimage"},"thumbnailUrl":"https:\/\/static.africa-press.net\/congo-brazzaville\/sites\/51\/2024\/07\/sm_1721330094.955842.jpg","datePublished":"2024-07-18T22:21:57+00:00","dateModified":"2024-07-18T22:50:49+00:00","author":{"@id":"https:\/\/www.africa-press.net\/congo-brazzaville\/#\/schema\/person\/2b1cf3cd81a31e3cd26889ca66d677f1"},"description":"La ce\u0301le\u0301bration du 213e anniversaire de l\u2019acte de signature de l\u2019inde\u0301pendance du Venezuela a eu lieu le 17 juillet, ...","breadcrumb":{"@id":"https:\/\/www.africa-press.net\/congo-brazzaville\/politique\/213e-anniversaire-de-lindependance-du-venezuela-levenement-celebre-a-brazzaville#breadcrumb"},"inLanguage":"fr-FR","potentialAction":[{"@type":"ReadAction","target":["https:\/\/www.africa-press.net\/congo-brazzaville\/politique\/213e-anniversaire-de-lindependance-du-venezuela-levenement-celebre-a-brazzaville"]}]},{"@type":"ImageObject","inLanguage":"fr-FR","@id":"https:\/\/www.africa-press.net\/congo-brazzaville\/politique\/213e-anniversaire-de-lindependance-du-venezuela-levenement-celebre-a-brazzaville#primaryimage","url":"https:\/\/static.africa-press.net\/congo-brazzaville\/sites\/51\/2024\/07\/sm_1721330094.955842.jpg","contentUrl":"https:\/\/static.africa-press.net\/congo-brazzaville\/sites\/51\/2024\/07\/sm_1721330094.955842.jpg","width":1728,"height":1175,"caption":"213e anniversaire de l\u2019ind\u00e9pendance du Venezuela: l'\u00e9v\u00e9nement c\u00e9l\u00e9br\u00e9 \u00e0 Brazzaville"},{"@type":"BreadcrumbList","@id":"https:\/\/www.africa-press.net\/congo-brazzaville\/politique\/213e-anniversaire-de-lindependance-du-venezuela-levenement-celebre-a-brazzaville#breadcrumb","itemListElement":[{"@type":"ListItem","position":1,"name":"Accueil","item":"https:\/\/www.africa-press.net\/congo-brazzaville\/"},{"@type":"ListItem","position":2,"name":"213e anniversaire de l\u2019ind\u00e9pendance du Venezuela: l&#8217;\u00e9v\u00e9nement c\u00e9l\u00e9br\u00e9 \u00e0 Brazzaville"}]},{"@type":"WebSite","@id":"https:\/\/www.africa-press.net\/congo-brazzaville\/#website","url":"https:\/\/www.africa-press.net\/congo-brazzaville\/","name":"Congo Brazzaville","description":"Just another Africa News Agency Sites site","potentialAction":[{"@type":"SearchAction","target":{"@type":"EntryPoint","urlTemplate":"https:\/\/www.africa-press.net\/congo-brazzaville\/?s={search_term_string}"},"query-input":{"@type":"PropertyValueSpecification","valueRequired":true,"valueName":"search_term_string"}}],"inLanguage":"fr-FR"},{"@type":"Person","@id":"https:\/\/www.africa-press.net\/congo-brazzaville\/#\/schema\/person\/2b1cf3cd81a31e3cd26889ca66d677f1","name":"cfeditorfr"}]}},"_links":{"self":[{"href":"https:\/\/www.africa-press.net\/congo-brazzaville\/wp-json\/wp\/v2\/posts\/32696","targetHints":{"allow":["GET"]}}],"collection":[{"href":"https:\/\/www.africa-press.net\/congo-brazzaville\/wp-json\/wp\/v2\/posts"}],"about":[{"href":"https:\/\/www.africa-press.net\/congo-brazzaville\/wp-json\/wp\/v2\/types\/post"}],"author":[{"embeddable":true,"href":"https:\/\/www.africa-press.net\/congo-brazzaville\/wp-json\/wp\/v2\/users\/82"}],"replies":[{"embeddable":true,"href":"https:\/\/www.africa-press.net\/congo-brazzaville\/wp-json\/wp\/v2\/comments?post=32696"}],"version-history":[{"count":0,"href":"https:\/\/www.africa-press.net\/congo-brazzaville\/wp-json\/wp\/v2\/posts\/32696\/revisions"}],"wp:featuredmedia":[{"embeddable":true,"href":"https:\/\/www.africa-press.net\/congo-brazzaville\/wp-json\/wp\/v2\/media\/32695"}],"wp:attachment":[{"href":"https:\/\/www.africa-press.net\/congo-brazzaville\/wp-json\/wp\/v2\/media?parent=32696"}],"wp:term":[{"taxonomy":"category","embeddable":true,"href":"https:\/\/www.africa-press.net\/congo-brazzaville\/wp-json\/wp\/v2\/categories?post=32696"},{"taxonomy":"post_tag","embeddable":true,"href":"https:\/\/www.africa-press.net\/congo-brazzaville\/wp-json\/wp\/v2\/tags?post=32696"}],"curies":[{"name":"wp","href":"https:\/\/api.w.org\/{rel}","templated":true}]}}