{"id":33416,"date":"2024-08-05T00:58:51","date_gmt":"2024-08-05T00:58:51","guid":{"rendered":"https:\/\/www.africa-press.net\/congo-brazzaville\/politique\/football-le-week-end-des-diables-rouges-et-des-congolais-de-la-diaspora-en-europe-belgique-croatie-georgie-et-lettonie"},"modified":"2024-08-05T01:08:38","modified_gmt":"2024-08-05T01:08:38","slug":"football-le-week-end-des-diables-rouges-et-des-congolais-de-la-diaspora-en-europe-belgique-croatie-georgie-et-lettonie","status":"publish","type":"post","link":"https:\/\/www.africa-press.net\/congo-brazzaville\/sports\/football-le-week-end-des-diables-rouges-et-des-congolais-de-la-diaspora-en-europe-belgique-croatie-georgie-et-lettonie","title":{"rendered":"Football, le week-end des Diables rouges et des Congolais de la diaspora en Europe (Belgique, Croatie, G\u00e9orgie et Lettonie)"},"content":{"rendered":"<p><span style=\"color: #ff6600\"><strong>Africa-Press &#8211; Congo Brazzaville. <\/strong><\/span><b>Belgique, 2e journe\u0301e, 1re division<\/b><\/p>\n<p>Titulaire en de\u0301fense, Mark Mampassi offre la premie\u0300re victoire de la saison a\u0300 Courtrai. A la 68e, le de\u0301fenseur international congolais reprend de la te\u0302te un corner de Kadri et permet a\u0300 son e\u0301quipe de s\u2019imposer 2-1 chez le Cercle de Bruges.<\/p>\n<p>Dans les rangs brugeois, Senna Miangue\u0301 e\u0301tait titulaire et a e\u0301te\u0301 remplace\u0301 a\u0300 la 56e ; a\u0300 1-1.<\/p>\n<p><b>Croatie, 1re journe\u0301e, 1re division<\/b><\/p>\n<p>Presque neuf mois apre\u0300s sa dernie\u0300re apparition en match officiel, Merveil Ndockyt est entre\u0301 en jeu a\u0300 la 56e lors du match nul de Gorica face a\u0300 Varazdin (0-0).<\/p>\n<p><b>Ge\u0301orgie, 19e journe\u0301e, 1re division<\/b><\/p>\n<p>Dila Gori est tenu en e\u0301chec par Gagra (0-0), mais reste en te\u0302te du classement avec 5 points d\u2019avance sur Kutaisi. Romaric Etou et De\u0301o Gracias Bassinga e\u0301taient tous deux titulaires. Notons que le de\u0301fenseur international portait le brassard de capitaine.<\/p>\n<p><b>Lettonie, 25e journe\u0301e, 1re division<\/b><\/p>\n<p>Valmiera l\u2019emporte largement sur le terrain de Jelgava (4-0). Entre\u0301 a\u0300 la 72e, Jason Bahamboula a porte\u0301 le score a\u0300 2-0 en reprenant le cuir au second poteau a\u0300 la 81e. Son 4e but en 20 apparitions (seulement 4 titularisations).<\/p>\n<p>Valmiera est 3e a\u0300 11 et 10 points des deux clubs de Riga.<\/p>\n<p><strong>Pour plus d&rsquo;informations et d&rsquo;analyses sur la <span style=\"color: #ff6600\">Congo Brazzaville<\/span>, suivez <span style=\"color: #ff6600\">Africa-Press<\/span><\/strong><\/p>\n","protected":false},"excerpt":{"rendered":"<p>Africa-Press &#8211; Congo Brazzaville. Belgique, 2e journe\u0301e, 1re division Titulaire en de\u0301fense, Mark Mampassi offre la premie\u0300re victoire de la saison a\u0300 Courtrai. A la 68e, le de\u0301fenseur international congolais reprend de la te\u0302te un corner de Kadri et permet a\u0300 son e\u0301quipe de s\u2019imposer 2-1 chez le Cercle de Bruges. Dans les rangs brugeois, [&hellip;]<\/p>\n","protected":false},"author":82,"featured_media":33415,"comment_status":"open","ping_status":"closed","sticky":false,"template":"","format":"standard","meta":{"footnotes":""},"categories":[6,10],"tags":[46],"class_list":["post-33416","post","type-post","status-publish","format-standard","has-post-thumbnail","hentry","category-sports","category-toutes-les-actualites","tag-congo-brazzaville"],"yoast_head":"<!-- This site is optimized with the Yoast SEO Premium plugin v26.1 (Yoast SEO v27.0) - https:\/\/yoast.com\/product\/yoast-seo-premium-wordpress\/ -->\n<title>Football, le week-end des Diables rouges et des Congolais de la diaspora en Europe (Belgique, Croatie, G\u00e9orgie et Lettonie) - Congo Brazzaville<\/title>\n<meta name=\"description\" content=\"Belgique, 2e journe\u0301e, 1re division Titulaire en de\u0301fense, Mark Mampassi offre la premie\u0300re victoire de la saiso ...\" \/>\n<meta name=\"robots\" content=\"index, follow, max-snippet:-1, max-image-preview:large, max-video-preview:-1\" \/>\n<link rel=\"canonical\" href=\"https:\/\/www.africa-press.net\/congo-brazzaville\/sports\/football-le-week-end-des-diables-rouges-et-des-congolais-de-la-diaspora-en-europe-belgique-croatie-georgie-et-lettonie\" \/>\n<meta property=\"og:locale\" content=\"fr_FR\" \/>\n<meta property=\"og:type\" content=\"article\" \/>\n<meta property=\"og:title\" content=\"Football, le week-end des Diables rouges et des Congolais de la diaspora en Europe (Belgique, Croatie, G\u00e9orgie et Lettonie)\" \/>\n<meta property=\"og:description\" content=\"Belgique, 2e journe\u0301e, 1re division Titulaire en de\u0301fense, Mark Mampassi offre la premie\u0300re victoire de la saiso ...\" \/>\n<meta property=\"og:url\" content=\"https:\/\/www.africa-press.net\/congo-brazzaville\/sports\/football-le-week-end-des-diables-rouges-et-des-congolais-de-la-diaspora-en-europe-belgique-croatie-georgie-et-lettonie\" \/>\n<meta property=\"og:site_name\" content=\"Congo Brazzaville\" \/>\n<meta property=\"article:published_time\" content=\"2024-08-05T00:58:51+00:00\" \/>\n<meta property=\"article:modified_time\" content=\"2024-08-05T01:08:38+00:00\" \/>\n<meta property=\"og:image\" content=\"https:\/\/static.africa-press.net\/congo-brazzaville\/sites\/51\/2024\/08\/sm_1722807478.348794.jpg\" \/>\n\t<meta property=\"og:image:width\" content=\"1728\" \/>\n\t<meta property=\"og:image:height\" content=\"1152\" \/>\n\t<meta property=\"og:image:type\" content=\"image\/jpeg\" \/>\n<meta name=\"author\" content=\"cfeditorfr\" \/>\n<meta name=\"twitter:card\" content=\"summary_large_image\" \/>\n<meta name=\"twitter:label1\" content=\"\u00c9crit par\" \/>\n\t<meta name=\"twitter:data1\" content=\"cfeditorfr\" \/>\n\t<meta name=\"twitter:label2\" content=\"Dur\u00e9e de lecture estim\u00e9e\" \/>\n\t<meta name=\"twitter:data2\" content=\"1 minute\" \/>\n<script type=\"application\/ld+json\" class=\"yoast-schema-graph\">{\"@context\":\"https:\/\/schema.org\",\"@graph\":[{\"@type\":\"Article\",\"@id\":\"https:\/\/www.africa-press.net\/congo-brazzaville\/sports\/football-le-week-end-des-diables-rouges-et-des-congolais-de-la-diaspora-en-europe-belgique-croatie-georgie-et-lettonie#article\",\"isPartOf\":{\"@id\":\"https:\/\/www.africa-press.net\/congo-brazzaville\/sports\/football-le-week-end-des-diables-rouges-et-des-congolais-de-la-diaspora-en-europe-belgique-croatie-georgie-et-lettonie\"},\"author\":{\"name\":\"cfeditorfr\",\"@id\":\"https:\/\/www.africa-press.net\/congo-brazzaville\/#\/schema\/person\/2b1cf3cd81a31e3cd26889ca66d677f1\"},\"headline\":\"Football, le week-end des Diables rouges et des Congolais de la diaspora en Europe (Belgique, Croatie, G\u00e9orgie et Lettonie)\",\"datePublished\":\"2024-08-05T00:58:51+00:00\",\"dateModified\":\"2024-08-05T01:08:38+00:00\",\"mainEntityOfPage\":{\"@id\":\"https:\/\/www.africa-press.net\/congo-brazzaville\/sports\/football-le-week-end-des-diables-rouges-et-des-congolais-de-la-diaspora-en-europe-belgique-croatie-georgie-et-lettonie\"},\"wordCount\":256,\"commentCount\":0,\"image\":{\"@id\":\"https:\/\/www.africa-press.net\/congo-brazzaville\/sports\/football-le-week-end-des-diables-rouges-et-des-congolais-de-la-diaspora-en-europe-belgique-croatie-georgie-et-lettonie#primaryimage\"},\"thumbnailUrl\":\"https:\/\/static.africa-press.net\/congo-brazzaville\/sites\/51\/2024\/08\/sm_1722807478.348794.jpg\",\"keywords\":[\"Congo Brazzaville\"],\"articleSection\":[\"Sports\",\"Toutes les actualit\u00e9s\"],\"inLanguage\":\"fr-FR\",\"potentialAction\":[{\"@type\":\"CommentAction\",\"name\":\"Comment\",\"target\":[\"https:\/\/www.africa-press.net\/congo-brazzaville\/sports\/football-le-week-end-des-diables-rouges-et-des-congolais-de-la-diaspora-en-europe-belgique-croatie-georgie-et-lettonie#respond\"]}]},{\"@type\":\"WebPage\",\"@id\":\"https:\/\/www.africa-press.net\/congo-brazzaville\/sports\/football-le-week-end-des-diables-rouges-et-des-congolais-de-la-diaspora-en-europe-belgique-croatie-georgie-et-lettonie\",\"url\":\"https:\/\/www.africa-press.net\/congo-brazzaville\/sports\/football-le-week-end-des-diables-rouges-et-des-congolais-de-la-diaspora-en-europe-belgique-croatie-georgie-et-lettonie\",\"name\":\"Football, le week-end des Diables rouges et des Congolais de la diaspora en Europe (Belgique, Croatie, G\u00e9orgie et Lettonie) - Congo Brazzaville\",\"isPartOf\":{\"@id\":\"https:\/\/www.africa-press.net\/congo-brazzaville\/#website\"},\"primaryImageOfPage\":{\"@id\":\"https:\/\/www.africa-press.net\/congo-brazzaville\/sports\/football-le-week-end-des-diables-rouges-et-des-congolais-de-la-diaspora-en-europe-belgique-croatie-georgie-et-lettonie#primaryimage\"},\"image\":{\"@id\":\"https:\/\/www.africa-press.net\/congo-brazzaville\/sports\/football-le-week-end-des-diables-rouges-et-des-congolais-de-la-diaspora-en-europe-belgique-croatie-georgie-et-lettonie#primaryimage\"},\"thumbnailUrl\":\"https:\/\/static.africa-press.net\/congo-brazzaville\/sites\/51\/2024\/08\/sm_1722807478.348794.jpg\",\"datePublished\":\"2024-08-05T00:58:51+00:00\",\"dateModified\":\"2024-08-05T01:08:38+00:00\",\"author\":{\"@id\":\"https:\/\/www.africa-press.net\/congo-brazzaville\/#\/schema\/person\/2b1cf3cd81a31e3cd26889ca66d677f1\"},\"description\":\"Belgique, 2e journe\u0301e, 1re division Titulaire en de\u0301fense, Mark Mampassi offre la premie\u0300re victoire de la saiso ...\",\"breadcrumb\":{\"@id\":\"https:\/\/www.africa-press.net\/congo-brazzaville\/sports\/football-le-week-end-des-diables-rouges-et-des-congolais-de-la-diaspora-en-europe-belgique-croatie-georgie-et-lettonie#breadcrumb\"},\"inLanguage\":\"fr-FR\",\"potentialAction\":[{\"@type\":\"ReadAction\",\"target\":[\"https:\/\/www.africa-press.net\/congo-brazzaville\/sports\/football-le-week-end-des-diables-rouges-et-des-congolais-de-la-diaspora-en-europe-belgique-croatie-georgie-et-lettonie\"]}]},{\"@type\":\"ImageObject\",\"inLanguage\":\"fr-FR\",\"@id\":\"https:\/\/www.africa-press.net\/congo-brazzaville\/sports\/football-le-week-end-des-diables-rouges-et-des-congolais-de-la-diaspora-en-europe-belgique-croatie-georgie-et-lettonie#primaryimage\",\"url\":\"https:\/\/static.africa-press.net\/congo-brazzaville\/sites\/51\/2024\/08\/sm_1722807478.348794.jpg\",\"contentUrl\":\"https:\/\/static.africa-press.net\/congo-brazzaville\/sites\/51\/2024\/08\/sm_1722807478.348794.jpg\",\"width\":1728,\"height\":1152,\"caption\":\"Football, le week-end des Diables rouges et des Congolais de la diaspora en Europe (Belgique, Croatie, G\u00e9orgie et Lettonie)\"},{\"@type\":\"BreadcrumbList\",\"@id\":\"https:\/\/www.africa-press.net\/congo-brazzaville\/sports\/football-le-week-end-des-diables-rouges-et-des-congolais-de-la-diaspora-en-europe-belgique-croatie-georgie-et-lettonie#breadcrumb\",\"itemListElement\":[{\"@type\":\"ListItem\",\"position\":1,\"name\":\"Accueil\",\"item\":\"https:\/\/www.africa-press.net\/congo-brazzaville\/\"},{\"@type\":\"ListItem\",\"position\":2,\"name\":\"Football, le week-end des Diables rouges et des Congolais de la diaspora en Europe (Belgique, Croatie, G\u00e9orgie et Lettonie)\"}]},{\"@type\":\"WebSite\",\"@id\":\"https:\/\/www.africa-press.net\/congo-brazzaville\/#website\",\"url\":\"https:\/\/www.africa-press.net\/congo-brazzaville\/\",\"name\":\"Congo Brazzaville\",\"description\":\"Just another Africa News Agency Sites site\",\"potentialAction\":[{\"@type\":\"SearchAction\",\"target\":{\"@type\":\"EntryPoint\",\"urlTemplate\":\"https:\/\/www.africa-press.net\/congo-brazzaville\/?s={search_term_string}\"},\"query-input\":{\"@type\":\"PropertyValueSpecification\",\"valueRequired\":true,\"valueName\":\"search_term_string\"}}],\"inLanguage\":\"fr-FR\"},{\"@type\":\"Person\",\"@id\":\"https:\/\/www.africa-press.net\/congo-brazzaville\/#\/schema\/person\/2b1cf3cd81a31e3cd26889ca66d677f1\",\"name\":\"cfeditorfr\"}]}<\/script>\n<!-- \/ Yoast SEO Premium plugin. -->","yoast_head_json":{"title":"Football, le week-end des Diables rouges et des Congolais de la diaspora en Europe (Belgique, Croatie, G\u00e9orgie et Lettonie) - Congo Brazzaville","description":"Belgique, 2e journe\u0301e, 1re division Titulaire en de\u0301fense, Mark Mampassi offre la premie\u0300re victoire de la saiso ...","robots":{"index":"index","follow":"follow","max-snippet":"max-snippet:-1","max-image-preview":"max-image-preview:large","max-video-preview":"max-video-preview:-1"},"canonical":"https:\/\/www.africa-press.net\/congo-brazzaville\/sports\/football-le-week-end-des-diables-rouges-et-des-congolais-de-la-diaspora-en-europe-belgique-croatie-georgie-et-lettonie","og_locale":"fr_FR","og_type":"article","og_title":"Football, le week-end des Diables rouges et des Congolais de la diaspora en Europe (Belgique, Croatie, G\u00e9orgie et Lettonie)","og_description":"Belgique, 2e journe\u0301e, 1re division Titulaire en de\u0301fense, Mark Mampassi offre la premie\u0300re victoire de la saiso ...","og_url":"https:\/\/www.africa-press.net\/congo-brazzaville\/sports\/football-le-week-end-des-diables-rouges-et-des-congolais-de-la-diaspora-en-europe-belgique-croatie-georgie-et-lettonie","og_site_name":"Congo Brazzaville","article_published_time":"2024-08-05T00:58:51+00:00","article_modified_time":"2024-08-05T01:08:38+00:00","og_image":[{"width":1728,"height":1152,"url":"https:\/\/static.africa-press.net\/congo-brazzaville\/sites\/51\/2024\/08\/sm_1722807478.348794.jpg","type":"image\/jpeg"}],"author":"cfeditorfr","twitter_card":"summary_large_image","twitter_misc":{"\u00c9crit par":"cfeditorfr","Dur\u00e9e de lecture estim\u00e9e":"1 minute"},"schema":{"@context":"https:\/\/schema.org","@graph":[{"@type":"Article","@id":"https:\/\/www.africa-press.net\/congo-brazzaville\/sports\/football-le-week-end-des-diables-rouges-et-des-congolais-de-la-diaspora-en-europe-belgique-croatie-georgie-et-lettonie#article","isPartOf":{"@id":"https:\/\/www.africa-press.net\/congo-brazzaville\/sports\/football-le-week-end-des-diables-rouges-et-des-congolais-de-la-diaspora-en-europe-belgique-croatie-georgie-et-lettonie"},"author":{"name":"cfeditorfr","@id":"https:\/\/www.africa-press.net\/congo-brazzaville\/#\/schema\/person\/2b1cf3cd81a31e3cd26889ca66d677f1"},"headline":"Football, le week-end des Diables rouges et des Congolais de la diaspora en Europe (Belgique, Croatie, G\u00e9orgie et Lettonie)","datePublished":"2024-08-05T00:58:51+00:00","dateModified":"2024-08-05T01:08:38+00:00","mainEntityOfPage":{"@id":"https:\/\/www.africa-press.net\/congo-brazzaville\/sports\/football-le-week-end-des-diables-rouges-et-des-congolais-de-la-diaspora-en-europe-belgique-croatie-georgie-et-lettonie"},"wordCount":256,"commentCount":0,"image":{"@id":"https:\/\/www.africa-press.net\/congo-brazzaville\/sports\/football-le-week-end-des-diables-rouges-et-des-congolais-de-la-diaspora-en-europe-belgique-croatie-georgie-et-lettonie#primaryimage"},"thumbnailUrl":"https:\/\/static.africa-press.net\/congo-brazzaville\/sites\/51\/2024\/08\/sm_1722807478.348794.jpg","keywords":["Congo Brazzaville"],"articleSection":["Sports","Toutes les actualit\u00e9s"],"inLanguage":"fr-FR","potentialAction":[{"@type":"CommentAction","name":"Comment","target":["https:\/\/www.africa-press.net\/congo-brazzaville\/sports\/football-le-week-end-des-diables-rouges-et-des-congolais-de-la-diaspora-en-europe-belgique-croatie-georgie-et-lettonie#respond"]}]},{"@type":"WebPage","@id":"https:\/\/www.africa-press.net\/congo-brazzaville\/sports\/football-le-week-end-des-diables-rouges-et-des-congolais-de-la-diaspora-en-europe-belgique-croatie-georgie-et-lettonie","url":"https:\/\/www.africa-press.net\/congo-brazzaville\/sports\/football-le-week-end-des-diables-rouges-et-des-congolais-de-la-diaspora-en-europe-belgique-croatie-georgie-et-lettonie","name":"Football, le week-end des Diables rouges et des Congolais de la diaspora en Europe (Belgique, Croatie, G\u00e9orgie et Lettonie) - Congo Brazzaville","isPartOf":{"@id":"https:\/\/www.africa-press.net\/congo-brazzaville\/#website"},"primaryImageOfPage":{"@id":"https:\/\/www.africa-press.net\/congo-brazzaville\/sports\/football-le-week-end-des-diables-rouges-et-des-congolais-de-la-diaspora-en-europe-belgique-croatie-georgie-et-lettonie#primaryimage"},"image":{"@id":"https:\/\/www.africa-press.net\/congo-brazzaville\/sports\/football-le-week-end-des-diables-rouges-et-des-congolais-de-la-diaspora-en-europe-belgique-croatie-georgie-et-lettonie#primaryimage"},"thumbnailUrl":"https:\/\/static.africa-press.net\/congo-brazzaville\/sites\/51\/2024\/08\/sm_1722807478.348794.jpg","datePublished":"2024-08-05T00:58:51+00:00","dateModified":"2024-08-05T01:08:38+00:00","author":{"@id":"https:\/\/www.africa-press.net\/congo-brazzaville\/#\/schema\/person\/2b1cf3cd81a31e3cd26889ca66d677f1"},"description":"Belgique, 2e journe\u0301e, 1re division Titulaire en de\u0301fense, Mark Mampassi offre la premie\u0300re victoire de la saiso ...","breadcrumb":{"@id":"https:\/\/www.africa-press.net\/congo-brazzaville\/sports\/football-le-week-end-des-diables-rouges-et-des-congolais-de-la-diaspora-en-europe-belgique-croatie-georgie-et-lettonie#breadcrumb"},"inLanguage":"fr-FR","potentialAction":[{"@type":"ReadAction","target":["https:\/\/www.africa-press.net\/congo-brazzaville\/sports\/football-le-week-end-des-diables-rouges-et-des-congolais-de-la-diaspora-en-europe-belgique-croatie-georgie-et-lettonie"]}]},{"@type":"ImageObject","inLanguage":"fr-FR","@id":"https:\/\/www.africa-press.net\/congo-brazzaville\/sports\/football-le-week-end-des-diables-rouges-et-des-congolais-de-la-diaspora-en-europe-belgique-croatie-georgie-et-lettonie#primaryimage","url":"https:\/\/static.africa-press.net\/congo-brazzaville\/sites\/51\/2024\/08\/sm_1722807478.348794.jpg","contentUrl":"https:\/\/static.africa-press.net\/congo-brazzaville\/sites\/51\/2024\/08\/sm_1722807478.348794.jpg","width":1728,"height":1152,"caption":"Football, le week-end des Diables rouges et des Congolais de la diaspora en Europe (Belgique, Croatie, G\u00e9orgie et Lettonie)"},{"@type":"BreadcrumbList","@id":"https:\/\/www.africa-press.net\/congo-brazzaville\/sports\/football-le-week-end-des-diables-rouges-et-des-congolais-de-la-diaspora-en-europe-belgique-croatie-georgie-et-lettonie#breadcrumb","itemListElement":[{"@type":"ListItem","position":1,"name":"Accueil","item":"https:\/\/www.africa-press.net\/congo-brazzaville\/"},{"@type":"ListItem","position":2,"name":"Football, le week-end des Diables rouges et des Congolais de la diaspora en Europe (Belgique, Croatie, G\u00e9orgie et Lettonie)"}]},{"@type":"WebSite","@id":"https:\/\/www.africa-press.net\/congo-brazzaville\/#website","url":"https:\/\/www.africa-press.net\/congo-brazzaville\/","name":"Congo Brazzaville","description":"Just another Africa News Agency Sites site","potentialAction":[{"@type":"SearchAction","target":{"@type":"EntryPoint","urlTemplate":"https:\/\/www.africa-press.net\/congo-brazzaville\/?s={search_term_string}"},"query-input":{"@type":"PropertyValueSpecification","valueRequired":true,"valueName":"search_term_string"}}],"inLanguage":"fr-FR"},{"@type":"Person","@id":"https:\/\/www.africa-press.net\/congo-brazzaville\/#\/schema\/person\/2b1cf3cd81a31e3cd26889ca66d677f1","name":"cfeditorfr"}]}},"_links":{"self":[{"href":"https:\/\/www.africa-press.net\/congo-brazzaville\/wp-json\/wp\/v2\/posts\/33416","targetHints":{"allow":["GET"]}}],"collection":[{"href":"https:\/\/www.africa-press.net\/congo-brazzaville\/wp-json\/wp\/v2\/posts"}],"about":[{"href":"https:\/\/www.africa-press.net\/congo-brazzaville\/wp-json\/wp\/v2\/types\/post"}],"author":[{"embeddable":true,"href":"https:\/\/www.africa-press.net\/congo-brazzaville\/wp-json\/wp\/v2\/users\/82"}],"replies":[{"embeddable":true,"href":"https:\/\/www.africa-press.net\/congo-brazzaville\/wp-json\/wp\/v2\/comments?post=33416"}],"version-history":[{"count":0,"href":"https:\/\/www.africa-press.net\/congo-brazzaville\/wp-json\/wp\/v2\/posts\/33416\/revisions"}],"wp:featuredmedia":[{"embeddable":true,"href":"https:\/\/www.africa-press.net\/congo-brazzaville\/wp-json\/wp\/v2\/media\/33415"}],"wp:attachment":[{"href":"https:\/\/www.africa-press.net\/congo-brazzaville\/wp-json\/wp\/v2\/media?parent=33416"}],"wp:term":[{"taxonomy":"category","embeddable":true,"href":"https:\/\/www.africa-press.net\/congo-brazzaville\/wp-json\/wp\/v2\/categories?post=33416"},{"taxonomy":"post_tag","embeddable":true,"href":"https:\/\/www.africa-press.net\/congo-brazzaville\/wp-json\/wp\/v2\/tags?post=33416"}],"curies":[{"name":"wp","href":"https:\/\/api.w.org\/{rel}","templated":true}]}}