{"id":36894,"date":"2024-11-01T23:49:33","date_gmt":"2024-11-01T23:49:33","guid":{"rendered":"https:\/\/www.africa-press.net\/congo-brazzaville\/politique\/disparition-jean-jacques-ndomba-inhume-a-brazzaville"},"modified":"2024-11-02T00:14:58","modified_gmt":"2024-11-02T00:14:58","slug":"disparition-jean-jacques-ndomba-inhume-a-brazzaville","status":"publish","type":"post","link":"https:\/\/www.africa-press.net\/congo-brazzaville\/sports\/disparition-jean-jacques-ndomba-inhume-a-brazzaville","title":{"rendered":"Disparition : Jean-Jacques Ndomba inhum\u00e9 \u00e0 Brazzaville"},"content":{"rendered":"<p><span style=\"color: #ff6600\"><strong>Africa-Press &#8211; Congo Brazzaville. <\/strong><\/span><b>De\u0301ce\u0301de\u0301 le 15 octobre a\u0300 Troyes, en France, a\u0300 l\u2019a\u0302ge de 70 ans, l\u2019ancien international congolais, Jean-Jacques Ndomba\u200b \u00a0\u00bb Le Ge\u0301ome\u0300tre\u00a0\u00bb, a e\u0301te\u0301 inhume\u0301 le 30 octobre a\u0300 Brazzaville. La nation lui a rendu un dernier hommage au stade Alphonse-Massamba-De\u0301bat, installations sur lesquelles il a marque\u0301 de son empreinte le football national.<\/b><\/p>\n<p>Le ministre des Sports, Hugues Ngoue\u0301londe\u0301le\u0301, a de\u0301core\u0301 Jean-Jacques Ndomba a\u0300 titre posthume. Les anciens Diables-rouges et ceux de l\u2019Etoile du Congo ont te\u0301moigne\u0301 leur reconnaissance a\u0300 ce joueur au talent exceptionnel, tre\u0300s remarque\u0301 par sa vision de jeu instantane\u0301e, a\u0300 travers un match d\u2019exhibition qui les a oppose\u0301s pendant 30 minutes<\/p>\n<p>Jonas Bahamboula \u00ab Tostao \u00bb, avec lequel il de\u0301veloppait une certaine complicite\u0301 sur et en dehors du terrain, a te\u0301moigne\u0301. \u00ab Je l\u2019ai connu parce qu\u2019il e\u0301tait un grand footballeur. A cette e\u0301poque, tous les joueurs de ce pays sont passe\u0301s par le mwana foot. Avec Ge\u0301ome\u0300tre, nous avons fait des choses extraordinaires au stade de la Re\u0301volution devenu aujourd\u2019hui stade Alphonse- Massamba-De\u0301bat. Je le conside\u0301rais comme mon jumeau \u00bb, a-t-il pre\u0301cise\u0301. Et d\u2019ajouter: \u00ab Nous avons gagne\u0301 ensemble et on a perdu ensemble. Il n\u2019e\u0301tait pas Yaounde\u0301 72 mais il avait fait la campagne de Yaounde\u0301 72. Tellement qu\u2019il e\u0301tait trop jeune, il n\u2019e\u0301tait pas retenu. On lui avait dit, tu es trop jeune, tu attends ton heure. Voila\u0300 pourquoi il e\u0301tait avec nous en Egypte, en 1974 \u00bb.<\/p>\n<p>Dans l\u2019oraison fune\u0300bre, le directeur ge\u0301ne\u0301ral des Sports a reconnu que Jean-Jacques Ndomba fut un joueur au talent incommensurable dont la technicite\u0301 avait e\u0301clate\u0301 tre\u0300s to\u0302t. \u00ab Nous retiendrons que Jean-Jacques Ndomba a e\u0301te\u0301 un joueur mode\u0300le par son talent, son ge\u0301nie et ses prestations \u00bb, a commente\u0301 Jean Robert Bindele\u0301.<\/p>\n<p>L\u2019illustre disparu a respectivement porte\u0301 les couleurs de l\u2019Etoile du Congo (197 buts en 203 matches), puis de l\u2019Olympique de Marseille en France (27 buts en 53 matches), Le Puy (19 buts en 28 matches), l\u2019Olympique Lyonnais (21 buts en 65 matches), Niort et Poitevin. Dans la se\u0301lection nationale, les Diables rouges, il marqua son passage de 1973 a\u0300 1992.<\/p>\n<p>\u00ab La Re\u0301publique du Congo tout entie\u0300re est reconnaissante car nous nous souviendrons de ce que Jean-Jacques Ndomba, le\u0301gende du football congolais, a e\u0301te\u0301 de\u0301core\u0301 a\u0300 titre exceptionnel par son excellence monsieur le pre\u0301sident de la Re\u0301publique, Grand mai\u0302tre des Ordres nationaux, au grade de Commandeur dans l\u2019ordre de me\u0301rite sportif a\u0300 l\u2019occasion de la fe\u0302te de la Re\u0301publique, le 28 novembre 2018. Cette distinction repre\u0301sente le plus haut grade dans l\u2019ordre du me\u0301rite sportif. Elle lui a e\u0301te\u0301 de\u0301cerne\u0301e pour de nombreux services rendus dans le domaine sportif et pour son implication pour le rayonnement de la nation a\u0300 travers ses exploits de footballeur international \u00bb, a de\u0301clare\u0301 le directeur ge\u0301ne\u0301ral des Sports.<\/p>\n<p>Jean Jacques Ndomba a dispute\u0301 les demi-finales de la Coupe d\u2019Afrique des nations en 1974 et a e\u0301te\u0301 quart-finaliste de celle de 1992 au Se\u0301ne\u0301gal, au cours de laquelle il a e\u0301te\u0301 passeur de\u0301cisif dans l\u2019e\u0301galisation congolaise contre le Ghana. Inoubliable, puisque les grands joueurs ne meurent jamais. Les dribbles, les passes et le sens de buts de Jean-Jacques Ndomba restent e\u0301ternels.<\/p>\n\r\n                <style type=\"text\/css\">\r\n                    \r\n                    #td_uid_1_69efc9e236a45  .td-doubleSlider-2 .td-item1 {\r\n                        background: url(https:\/\/static.africa-press.net\/congo-brazzaville\/sites\/51\/2024\/11\/sm_1730493663.721799-80x60.jpg) 0 0 no-repeat;\r\n                    }\r\n                    #td_uid_1_69efc9e236a45  .td-doubleSlider-2 .td-item2 {\r\n                        background: url(https:\/\/static.africa-press.net\/congo-brazzaville\/sites\/51\/2024\/11\/sm_1730493667.941461-80x60.jpg) 0 0 no-repeat;\r\n                    }\r\n                <\/style>\r\n\r\n                <div id=\"td_uid_1_69efc9e236a45\" class=\"td-gallery td-slide-on-2-columns\">\r\n                    <div class=\"post_td_gallery\">\r\n                        <div class=\"td-gallery-slide-top\">\r\n                           <div class=\"td-gallery-title\"><\/div>\r\n\r\n                            <div class=\"td-gallery-controls-wrapper\">\r\n                                <div class=\"td-gallery-slide-count\"><span class=\"td-gallery-slide-item-focus\">1<\/span> de 2<\/div>\r\n                                <div class=\"td-gallery-slide-prev-next-but\">\r\n                                    <i class = \"td-icon-left doubleSliderPrevButton\"><\/i>\r\n                                    <i class = \"td-icon-right doubleSliderNextButton\"><\/i>\r\n                                <\/div>\r\n                            <\/div>\r\n                        <\/div>\r\n\r\n                        <div class = \"td-doubleSlider-1 \">\r\n                            <div class = \"td-slider\">\r\n                                \r\n                    <div class = \"td-slide-item td-item1\">\r\n                        <figure class=\"td-slide-galery-figure td-slide-popup-gallery\">\r\n                            <a class=\"slide-gallery-image-link\" href=\"https:\/\/static.africa-press.net\/congo-brazzaville\/sites\/51\/2024\/11\/sm_1730493663.721799.jpg\" title=\"sm_1730493663.721799\"  data-caption=\"\"  data-description=\"\">\r\n                                <img decoding=\"async\" src=\"https:\/\/static.africa-press.net\/congo-brazzaville\/sites\/51\/2024\/11\/sm_1730493663.721799.jpg\" srcset=\"https:\/\/static.africa-press.net\/congo-brazzaville\/sites\/51\/2024\/11\/sm_1730493663.721799.jpg 1155w, https:\/\/static.africa-press.net\/congo-brazzaville\/sites\/51\/2024\/11\/sm_1730493663.721799-300x199.jpg 300w, https:\/\/static.africa-press.net\/congo-brazzaville\/sites\/51\/2024\/11\/sm_1730493663.721799-1024x681.jpg 1024w, https:\/\/static.africa-press.net\/congo-brazzaville\/sites\/51\/2024\/11\/sm_1730493663.721799-768x511.jpg 768w\" sizes=\"(max-width: 1155px) 100vw, 1155px\" alt=\"\">\r\n                            <\/a>\r\n                            \r\n                        <\/figure>\r\n                    <\/div>\r\n                    <div class = \"td-slide-item td-item2\">\r\n                        <figure class=\"td-slide-galery-figure td-slide-popup-gallery\">\r\n                            <a class=\"slide-gallery-image-link\" href=\"https:\/\/static.africa-press.net\/congo-brazzaville\/sites\/51\/2024\/11\/sm_1730493667.941461.jpg\" title=\"sm_1730493667.941461\"  data-caption=\"\"  data-description=\"\">\r\n                                <img decoding=\"async\" src=\"https:\/\/static.africa-press.net\/congo-brazzaville\/sites\/51\/2024\/11\/sm_1730493667.941461.jpg\" srcset=\"https:\/\/static.africa-press.net\/congo-brazzaville\/sites\/51\/2024\/11\/sm_1730493667.941461.jpg 1155w, https:\/\/static.africa-press.net\/congo-brazzaville\/sites\/51\/2024\/11\/sm_1730493667.941461-300x199.jpg 300w, https:\/\/static.africa-press.net\/congo-brazzaville\/sites\/51\/2024\/11\/sm_1730493667.941461-1024x681.jpg 1024w, https:\/\/static.africa-press.net\/congo-brazzaville\/sites\/51\/2024\/11\/sm_1730493667.941461-768x511.jpg 768w\" sizes=\"(max-width: 1155px) 100vw, 1155px\" alt=\"\">\r\n                            <\/a>\r\n                            \r\n                        <\/figure>\r\n                    <\/div>\r\n                            <\/div>\r\n                        <\/div>\r\n\r\n                        <div class = \"td-doubleSlider-2\">\r\n                            <div class = \"td-slider\">\r\n                                \r\n                    <div class = \"td-button td-item1\">\r\n                        <div class = \"td-border\"><\/div>\r\n                    <\/div>\r\n                    <div class = \"td-button td-item2\">\r\n                        <div class = \"td-border\"><\/div>\r\n                    <\/div>\r\n                            <\/div>\r\n                        <\/div>\r\n\r\n                    <\/div>\r\n\r\n                <\/div>\r\n                \n<p><strong>Pour plus d&rsquo;informations et d&rsquo;analyses sur la <span style=\"color: #ff6600\">Congo Brazzaville<\/span>, suivez <span style=\"color: #ff6600\">Africa-Press<\/span><\/strong><\/p>\n","protected":false},"excerpt":{"rendered":"<p>Africa-Press &#8211; Congo Brazzaville. De\u0301ce\u0301de\u0301 le 15 octobre a\u0300 Troyes, en France, a\u0300 l\u2019a\u0302ge de 70 ans, l\u2019ancien international congolais, Jean-Jacques Ndomba\u200b \u00a0\u00bb Le Ge\u0301ome\u0300tre\u00a0\u00bb, a e\u0301te\u0301 inhume\u0301 le 30 octobre a\u0300 Brazzaville. La nation lui a rendu un dernier hommage au stade Alphonse-Massamba-De\u0301bat, installations sur lesquelles il a marque\u0301 de son empreinte le football [&hellip;]<\/p>\n","protected":false},"author":82,"featured_media":36893,"comment_status":"open","ping_status":"closed","sticky":false,"template":"","format":"standard","meta":{"footnotes":""},"categories":[8,6,49,10],"tags":[46],"class_list":["post-36894","post","type-post","status-publish","format-standard","has-post-thumbnail","hentry","category-photo","category-sports","category-to-homepage","category-toutes-les-actualites","tag-congo-brazzaville"],"yoast_head":"<!-- This site is optimized with the Yoast SEO Premium plugin v26.1 (Yoast SEO v27.0) - https:\/\/yoast.com\/product\/yoast-seo-premium-wordpress\/ -->\n<title>Disparition : Jean-Jacques Ndomba inhum\u00e9 \u00e0 Brazzaville - Congo Brazzaville<\/title>\n<meta name=\"description\" content=\"De\u0301ce\u0301de\u0301 le 15 octobre a\u0300 Troyes, en France, a\u0300 l\u2019a\u0302ge de 70 ans, l\u2019ancien international congolais, Jean-Jacques Ndo ...\" \/>\n<meta name=\"robots\" content=\"index, follow, max-snippet:-1, max-image-preview:large, max-video-preview:-1\" \/>\n<link rel=\"canonical\" href=\"https:\/\/www.africa-press.net\/congo-brazzaville\/sports\/disparition-jean-jacques-ndomba-inhume-a-brazzaville\" \/>\n<meta property=\"og:locale\" content=\"fr_FR\" \/>\n<meta property=\"og:type\" content=\"article\" \/>\n<meta property=\"og:title\" content=\"Disparition : Jean-Jacques Ndomba inhum\u00e9 \u00e0 Brazzaville\" \/>\n<meta property=\"og:description\" content=\"De\u0301ce\u0301de\u0301 le 15 octobre a\u0300 Troyes, en France, a\u0300 l\u2019a\u0302ge de 70 ans, l\u2019ancien international congolais, Jean-Jacques Ndo ...\" \/>\n<meta property=\"og:url\" content=\"https:\/\/www.africa-press.net\/congo-brazzaville\/sports\/disparition-jean-jacques-ndomba-inhume-a-brazzaville\" \/>\n<meta property=\"og:site_name\" content=\"Congo Brazzaville\" \/>\n<meta property=\"article:published_time\" content=\"2024-11-01T23:49:33+00:00\" \/>\n<meta property=\"article:modified_time\" content=\"2024-11-02T00:14:58+00:00\" \/>\n<meta property=\"og:image\" content=\"https:\/\/static.africa-press.net\/congo-brazzaville\/sites\/51\/2024\/11\/sm_1730493672.016309.jpg\" \/>\n\t<meta property=\"og:image:width\" content=\"1155\" \/>\n\t<meta property=\"og:image:height\" content=\"768\" \/>\n\t<meta property=\"og:image:type\" content=\"image\/jpeg\" \/>\n<meta name=\"author\" content=\"cfeditorfr\" \/>\n<meta name=\"twitter:card\" content=\"summary_large_image\" \/>\n<meta name=\"twitter:label1\" content=\"\u00c9crit par\" \/>\n\t<meta name=\"twitter:data1\" content=\"cfeditorfr\" \/>\n\t<meta name=\"twitter:label2\" content=\"Dur\u00e9e de lecture estim\u00e9e\" \/>\n\t<meta name=\"twitter:data2\" content=\"3 minutes\" \/>\n<script type=\"application\/ld+json\" class=\"yoast-schema-graph\">{\"@context\":\"https:\/\/schema.org\",\"@graph\":[{\"@type\":\"Article\",\"@id\":\"https:\/\/www.africa-press.net\/congo-brazzaville\/sports\/disparition-jean-jacques-ndomba-inhume-a-brazzaville#article\",\"isPartOf\":{\"@id\":\"https:\/\/www.africa-press.net\/congo-brazzaville\/sports\/disparition-jean-jacques-ndomba-inhume-a-brazzaville\"},\"author\":{\"name\":\"cfeditorfr\",\"@id\":\"https:\/\/www.africa-press.net\/congo-brazzaville\/#\/schema\/person\/2b1cf3cd81a31e3cd26889ca66d677f1\"},\"headline\":\"Disparition : Jean-Jacques Ndomba inhum\u00e9 \u00e0 Brazzaville\",\"datePublished\":\"2024-11-01T23:49:33+00:00\",\"dateModified\":\"2024-11-02T00:14:58+00:00\",\"mainEntityOfPage\":{\"@id\":\"https:\/\/www.africa-press.net\/congo-brazzaville\/sports\/disparition-jean-jacques-ndomba-inhume-a-brazzaville\"},\"wordCount\":607,\"commentCount\":0,\"image\":{\"@id\":\"https:\/\/www.africa-press.net\/congo-brazzaville\/sports\/disparition-jean-jacques-ndomba-inhume-a-brazzaville#primaryimage\"},\"thumbnailUrl\":\"https:\/\/static.africa-press.net\/congo-brazzaville\/sites\/51\/2024\/11\/sm_1730493672.016309.jpg\",\"keywords\":[\"Congo Brazzaville\"],\"articleSection\":[\"Photo\",\"Sports\",\"to-homepage\",\"Toutes les actualit\u00e9s\"],\"inLanguage\":\"fr-FR\",\"potentialAction\":[{\"@type\":\"CommentAction\",\"name\":\"Comment\",\"target\":[\"https:\/\/www.africa-press.net\/congo-brazzaville\/sports\/disparition-jean-jacques-ndomba-inhume-a-brazzaville#respond\"]}]},{\"@type\":\"WebPage\",\"@id\":\"https:\/\/www.africa-press.net\/congo-brazzaville\/sports\/disparition-jean-jacques-ndomba-inhume-a-brazzaville\",\"url\":\"https:\/\/www.africa-press.net\/congo-brazzaville\/sports\/disparition-jean-jacques-ndomba-inhume-a-brazzaville\",\"name\":\"Disparition : Jean-Jacques Ndomba inhum\u00e9 \u00e0 Brazzaville - Congo Brazzaville\",\"isPartOf\":{\"@id\":\"https:\/\/www.africa-press.net\/congo-brazzaville\/#website\"},\"primaryImageOfPage\":{\"@id\":\"https:\/\/www.africa-press.net\/congo-brazzaville\/sports\/disparition-jean-jacques-ndomba-inhume-a-brazzaville#primaryimage\"},\"image\":{\"@id\":\"https:\/\/www.africa-press.net\/congo-brazzaville\/sports\/disparition-jean-jacques-ndomba-inhume-a-brazzaville#primaryimage\"},\"thumbnailUrl\":\"https:\/\/static.africa-press.net\/congo-brazzaville\/sites\/51\/2024\/11\/sm_1730493672.016309.jpg\",\"datePublished\":\"2024-11-01T23:49:33+00:00\",\"dateModified\":\"2024-11-02T00:14:58+00:00\",\"author\":{\"@id\":\"https:\/\/www.africa-press.net\/congo-brazzaville\/#\/schema\/person\/2b1cf3cd81a31e3cd26889ca66d677f1\"},\"description\":\"De\u0301ce\u0301de\u0301 le 15 octobre a\u0300 Troyes, en France, a\u0300 l\u2019a\u0302ge de 70 ans, l\u2019ancien international congolais, Jean-Jacques Ndo ...\",\"breadcrumb\":{\"@id\":\"https:\/\/www.africa-press.net\/congo-brazzaville\/sports\/disparition-jean-jacques-ndomba-inhume-a-brazzaville#breadcrumb\"},\"inLanguage\":\"fr-FR\",\"potentialAction\":[{\"@type\":\"ReadAction\",\"target\":[\"https:\/\/www.africa-press.net\/congo-brazzaville\/sports\/disparition-jean-jacques-ndomba-inhume-a-brazzaville\"]}]},{\"@type\":\"ImageObject\",\"inLanguage\":\"fr-FR\",\"@id\":\"https:\/\/www.africa-press.net\/congo-brazzaville\/sports\/disparition-jean-jacques-ndomba-inhume-a-brazzaville#primaryimage\",\"url\":\"https:\/\/static.africa-press.net\/congo-brazzaville\/sites\/51\/2024\/11\/sm_1730493672.016309.jpg\",\"contentUrl\":\"https:\/\/static.africa-press.net\/congo-brazzaville\/sites\/51\/2024\/11\/sm_1730493672.016309.jpg\",\"width\":1155,\"height\":768,\"caption\":\"Disparition : Jean-Jacques Ndomba inhum\u00e9 \u00e0 Brazzaville\"},{\"@type\":\"BreadcrumbList\",\"@id\":\"https:\/\/www.africa-press.net\/congo-brazzaville\/sports\/disparition-jean-jacques-ndomba-inhume-a-brazzaville#breadcrumb\",\"itemListElement\":[{\"@type\":\"ListItem\",\"position\":1,\"name\":\"Accueil\",\"item\":\"https:\/\/www.africa-press.net\/congo-brazzaville\/\"},{\"@type\":\"ListItem\",\"position\":2,\"name\":\"Disparition : Jean-Jacques Ndomba inhum\u00e9 \u00e0 Brazzaville\"}]},{\"@type\":\"WebSite\",\"@id\":\"https:\/\/www.africa-press.net\/congo-brazzaville\/#website\",\"url\":\"https:\/\/www.africa-press.net\/congo-brazzaville\/\",\"name\":\"Congo Brazzaville\",\"description\":\"Just another Africa News Agency Sites site\",\"potentialAction\":[{\"@type\":\"SearchAction\",\"target\":{\"@type\":\"EntryPoint\",\"urlTemplate\":\"https:\/\/www.africa-press.net\/congo-brazzaville\/?s={search_term_string}\"},\"query-input\":{\"@type\":\"PropertyValueSpecification\",\"valueRequired\":true,\"valueName\":\"search_term_string\"}}],\"inLanguage\":\"fr-FR\"},{\"@type\":\"Person\",\"@id\":\"https:\/\/www.africa-press.net\/congo-brazzaville\/#\/schema\/person\/2b1cf3cd81a31e3cd26889ca66d677f1\",\"name\":\"cfeditorfr\"}]}<\/script>\n<!-- \/ Yoast SEO Premium plugin. -->","yoast_head_json":{"title":"Disparition : Jean-Jacques Ndomba inhum\u00e9 \u00e0 Brazzaville - Congo Brazzaville","description":"De\u0301ce\u0301de\u0301 le 15 octobre a\u0300 Troyes, en France, a\u0300 l\u2019a\u0302ge de 70 ans, l\u2019ancien international congolais, Jean-Jacques Ndo ...","robots":{"index":"index","follow":"follow","max-snippet":"max-snippet:-1","max-image-preview":"max-image-preview:large","max-video-preview":"max-video-preview:-1"},"canonical":"https:\/\/www.africa-press.net\/congo-brazzaville\/sports\/disparition-jean-jacques-ndomba-inhume-a-brazzaville","og_locale":"fr_FR","og_type":"article","og_title":"Disparition : Jean-Jacques Ndomba inhum\u00e9 \u00e0 Brazzaville","og_description":"De\u0301ce\u0301de\u0301 le 15 octobre a\u0300 Troyes, en France, a\u0300 l\u2019a\u0302ge de 70 ans, l\u2019ancien international congolais, Jean-Jacques Ndo ...","og_url":"https:\/\/www.africa-press.net\/congo-brazzaville\/sports\/disparition-jean-jacques-ndomba-inhume-a-brazzaville","og_site_name":"Congo Brazzaville","article_published_time":"2024-11-01T23:49:33+00:00","article_modified_time":"2024-11-02T00:14:58+00:00","og_image":[{"width":1155,"height":768,"url":"https:\/\/static.africa-press.net\/congo-brazzaville\/sites\/51\/2024\/11\/sm_1730493672.016309.jpg","type":"image\/jpeg"}],"author":"cfeditorfr","twitter_card":"summary_large_image","twitter_misc":{"\u00c9crit par":"cfeditorfr","Dur\u00e9e de lecture estim\u00e9e":"3 minutes"},"schema":{"@context":"https:\/\/schema.org","@graph":[{"@type":"Article","@id":"https:\/\/www.africa-press.net\/congo-brazzaville\/sports\/disparition-jean-jacques-ndomba-inhume-a-brazzaville#article","isPartOf":{"@id":"https:\/\/www.africa-press.net\/congo-brazzaville\/sports\/disparition-jean-jacques-ndomba-inhume-a-brazzaville"},"author":{"name":"cfeditorfr","@id":"https:\/\/www.africa-press.net\/congo-brazzaville\/#\/schema\/person\/2b1cf3cd81a31e3cd26889ca66d677f1"},"headline":"Disparition : Jean-Jacques Ndomba inhum\u00e9 \u00e0 Brazzaville","datePublished":"2024-11-01T23:49:33+00:00","dateModified":"2024-11-02T00:14:58+00:00","mainEntityOfPage":{"@id":"https:\/\/www.africa-press.net\/congo-brazzaville\/sports\/disparition-jean-jacques-ndomba-inhume-a-brazzaville"},"wordCount":607,"commentCount":0,"image":{"@id":"https:\/\/www.africa-press.net\/congo-brazzaville\/sports\/disparition-jean-jacques-ndomba-inhume-a-brazzaville#primaryimage"},"thumbnailUrl":"https:\/\/static.africa-press.net\/congo-brazzaville\/sites\/51\/2024\/11\/sm_1730493672.016309.jpg","keywords":["Congo Brazzaville"],"articleSection":["Photo","Sports","to-homepage","Toutes les actualit\u00e9s"],"inLanguage":"fr-FR","potentialAction":[{"@type":"CommentAction","name":"Comment","target":["https:\/\/www.africa-press.net\/congo-brazzaville\/sports\/disparition-jean-jacques-ndomba-inhume-a-brazzaville#respond"]}]},{"@type":"WebPage","@id":"https:\/\/www.africa-press.net\/congo-brazzaville\/sports\/disparition-jean-jacques-ndomba-inhume-a-brazzaville","url":"https:\/\/www.africa-press.net\/congo-brazzaville\/sports\/disparition-jean-jacques-ndomba-inhume-a-brazzaville","name":"Disparition : Jean-Jacques Ndomba inhum\u00e9 \u00e0 Brazzaville - Congo Brazzaville","isPartOf":{"@id":"https:\/\/www.africa-press.net\/congo-brazzaville\/#website"},"primaryImageOfPage":{"@id":"https:\/\/www.africa-press.net\/congo-brazzaville\/sports\/disparition-jean-jacques-ndomba-inhume-a-brazzaville#primaryimage"},"image":{"@id":"https:\/\/www.africa-press.net\/congo-brazzaville\/sports\/disparition-jean-jacques-ndomba-inhume-a-brazzaville#primaryimage"},"thumbnailUrl":"https:\/\/static.africa-press.net\/congo-brazzaville\/sites\/51\/2024\/11\/sm_1730493672.016309.jpg","datePublished":"2024-11-01T23:49:33+00:00","dateModified":"2024-11-02T00:14:58+00:00","author":{"@id":"https:\/\/www.africa-press.net\/congo-brazzaville\/#\/schema\/person\/2b1cf3cd81a31e3cd26889ca66d677f1"},"description":"De\u0301ce\u0301de\u0301 le 15 octobre a\u0300 Troyes, en France, a\u0300 l\u2019a\u0302ge de 70 ans, l\u2019ancien international congolais, Jean-Jacques Ndo ...","breadcrumb":{"@id":"https:\/\/www.africa-press.net\/congo-brazzaville\/sports\/disparition-jean-jacques-ndomba-inhume-a-brazzaville#breadcrumb"},"inLanguage":"fr-FR","potentialAction":[{"@type":"ReadAction","target":["https:\/\/www.africa-press.net\/congo-brazzaville\/sports\/disparition-jean-jacques-ndomba-inhume-a-brazzaville"]}]},{"@type":"ImageObject","inLanguage":"fr-FR","@id":"https:\/\/www.africa-press.net\/congo-brazzaville\/sports\/disparition-jean-jacques-ndomba-inhume-a-brazzaville#primaryimage","url":"https:\/\/static.africa-press.net\/congo-brazzaville\/sites\/51\/2024\/11\/sm_1730493672.016309.jpg","contentUrl":"https:\/\/static.africa-press.net\/congo-brazzaville\/sites\/51\/2024\/11\/sm_1730493672.016309.jpg","width":1155,"height":768,"caption":"Disparition : Jean-Jacques Ndomba inhum\u00e9 \u00e0 Brazzaville"},{"@type":"BreadcrumbList","@id":"https:\/\/www.africa-press.net\/congo-brazzaville\/sports\/disparition-jean-jacques-ndomba-inhume-a-brazzaville#breadcrumb","itemListElement":[{"@type":"ListItem","position":1,"name":"Accueil","item":"https:\/\/www.africa-press.net\/congo-brazzaville\/"},{"@type":"ListItem","position":2,"name":"Disparition : Jean-Jacques Ndomba inhum\u00e9 \u00e0 Brazzaville"}]},{"@type":"WebSite","@id":"https:\/\/www.africa-press.net\/congo-brazzaville\/#website","url":"https:\/\/www.africa-press.net\/congo-brazzaville\/","name":"Congo Brazzaville","description":"Just another Africa News Agency Sites site","potentialAction":[{"@type":"SearchAction","target":{"@type":"EntryPoint","urlTemplate":"https:\/\/www.africa-press.net\/congo-brazzaville\/?s={search_term_string}"},"query-input":{"@type":"PropertyValueSpecification","valueRequired":true,"valueName":"search_term_string"}}],"inLanguage":"fr-FR"},{"@type":"Person","@id":"https:\/\/www.africa-press.net\/congo-brazzaville\/#\/schema\/person\/2b1cf3cd81a31e3cd26889ca66d677f1","name":"cfeditorfr"}]}},"_links":{"self":[{"href":"https:\/\/www.africa-press.net\/congo-brazzaville\/wp-json\/wp\/v2\/posts\/36894","targetHints":{"allow":["GET"]}}],"collection":[{"href":"https:\/\/www.africa-press.net\/congo-brazzaville\/wp-json\/wp\/v2\/posts"}],"about":[{"href":"https:\/\/www.africa-press.net\/congo-brazzaville\/wp-json\/wp\/v2\/types\/post"}],"author":[{"embeddable":true,"href":"https:\/\/www.africa-press.net\/congo-brazzaville\/wp-json\/wp\/v2\/users\/82"}],"replies":[{"embeddable":true,"href":"https:\/\/www.africa-press.net\/congo-brazzaville\/wp-json\/wp\/v2\/comments?post=36894"}],"version-history":[{"count":0,"href":"https:\/\/www.africa-press.net\/congo-brazzaville\/wp-json\/wp\/v2\/posts\/36894\/revisions"}],"wp:featuredmedia":[{"embeddable":true,"href":"https:\/\/www.africa-press.net\/congo-brazzaville\/wp-json\/wp\/v2\/media\/36893"}],"wp:attachment":[{"href":"https:\/\/www.africa-press.net\/congo-brazzaville\/wp-json\/wp\/v2\/media?parent=36894"}],"wp:term":[{"taxonomy":"category","embeddable":true,"href":"https:\/\/www.africa-press.net\/congo-brazzaville\/wp-json\/wp\/v2\/categories?post=36894"},{"taxonomy":"post_tag","embeddable":true,"href":"https:\/\/www.africa-press.net\/congo-brazzaville\/wp-json\/wp\/v2\/tags?post=36894"}],"curies":[{"name":"wp","href":"https:\/\/api.w.org\/{rel}","templated":true}]}}