{"id":39322,"date":"2024-12-28T12:29:03","date_gmt":"2024-12-28T12:29:03","guid":{"rendered":"https:\/\/www.africa-press.net\/congo-brazzaville\/politique\/energie-solaire-il-est-temps-que-le-secteur-prive-africain-prenne-les-devants"},"modified":"2024-12-28T12:45:50","modified_gmt":"2024-12-28T12:45:50","slug":"energie-solaire-il-est-temps-que-le-secteur-prive-africain-prenne-les-devants","status":"publish","type":"post","link":"https:\/\/www.africa-press.net\/congo-brazzaville\/economie\/energie-solaire-il-est-temps-que-le-secteur-prive-africain-prenne-les-devants","title":{"rendered":"\u00c9nergie solaire : il est temps que le secteur priv\u00e9 africain prenne les devants"},"content":{"rendered":"<p><b>Olivier de Souza<\/b><\/p>\n<p><span style=\"color: #ff6600\"><strong>Africa-Press &#8211; Congo Brazzaville. <\/strong><\/span>L\u2019Afrique dispose de 40 % du potentiel mondial en matie\u0300re d\u2019irradiation solaire, une richesse inexploite\u0301e qui pourrait transformer le continent. Malgre\u0301 cette ressource abondante, l\u2019Afrique reste a\u0300 la trai\u0302ne en matie\u0300re de capacite\u0301s photovoltai\u0308ques, repre\u0301sentant seulement 1 % des installations mondiales. Cette situation est en grande partie due a\u0300 la de\u0301pendance historique du continent aux financements externes, notamment les dons et les pre\u0302ts concessionnels, qui freinent l\u2019e\u0301mergence d\u2019un secteur prive\u0301 local capable de de\u0301velopper des solutions durables et de long terme.<\/p>\n<p>Si des initiatives comme le parc solaire de Benban en E\u0301gypte, soutenu par des financements internationaux, ont permis des avance\u0301es, elles re\u0301ve\u0300lent aussi les limites de ce mode\u0300le. Entre 2016 et 2022, la Banque Africaine de De\u0301veloppement (BAD) a approuve\u0301 pre\u0300s de 8,3 milliards de dollars pour des projets e\u0301nerge\u0301tiques, dont 87 % destine\u0301s aux e\u0301nergies renouvelables. La Banque Mondiale a quant a\u0300 elle engage\u0301 5 milliards de dollars, avec l\u2019ambition de lever 10 milliards supple\u0301mentaires. Pourtant, ces chiffres, bien qu\u2019impressionnants, ne suffisent pas a\u0300 occulter une re\u0301alite\u0301 alarmante: 600 millions d\u2019Africains vivent toujours sans e\u0301lectricite\u0301, soit 83 % de la population mondiale sans acce\u0300s a\u0300 l\u2019e\u0301nergie.<\/p>\n<p>Le ve\u0301ritable de\u0301fi re\u0301side dans l\u2019incapacite\u0301 de ce mode\u0300le a\u0300 soutenir la cre\u0301ation d\u2019un e\u0301cosyste\u0300me e\u0301nerge\u0301tique africain compe\u0301titif. En limitant l\u2019implication du secteur prive\u0301, ces financements faussent la concurrence. Comme l\u2019indique Hans Olav Kvalvaag, PDG de Release by Scatec, \u00ab les projets gratuits finance\u0301s par des donations faussent la concurrence et empe\u0302chent les entreprises locales de se positionner sur un marche\u0301 compe\u0301titif \u00bb. Cela cre\u0301e un cercle vicieux ou\u0300 l\u2019Afrique de\u0301pend continuellement d\u2019acteurs e\u0301trangers pour financer des solutions qui ne sont pas force\u0301ment adapte\u0301es aux besoins et aux spe\u0301cificite\u0301s locales. Le secteur prive\u0301 africain, en particulier, ne parvient pas a\u0300 s\u2019impliquer pleinement dans ce secteur vital, ce qui compromet les efforts pour un de\u0301veloppement durable.<\/p>\n<p>Il faut ne\u0301anmoins remarquer que le mode\u0300le de de\u0301pendance commence a\u0300 changer. Des initiatives comme Mission 300, lance\u0301e en 2024 par la Banque mondiale, illustrent le potentiel de renforcement de l\u2019autonomie e\u0301nerge\u0301tique en Afrique. Soutenue par des partenaires tels que la Global Energy Alliance for People and Planet (GEAPP) et la Fondation Rockefeller, cette mission repose sur des investissements publics et prive\u0301s dans la transmission, la distribution et le commerce transfrontalier de l\u2019e\u0301nergie. Elle veut mobiliser 90 milliards de dollars et vise a\u0300 re\u0301duire de moitie\u0301 le nombre d\u2019Africains sans e\u0301lectricite\u0301 d\u2019ici 2030. Elle a de\u0301ja\u0300 cible\u0301 des pays comme le Burkina Faso, la RDC, le Se\u0301ne\u0301gal, le Mozambique, et le Nigeria pour lesquels des compacts e\u0301nerge\u0301tiques nationaux adapte\u0301s seront mis en place au cours des prochaines anne\u0301es.<\/p>\n<p>Des institutions comme la MIGA (Agence multilate\u0301rale de garantie des investissements) ont e\u0301galement un ro\u0302le essentiel a\u0300 jouer. En juin 2024, celle-ci a accorde\u0301 une garantie de 50,3 millions de dollars pour renforcer un projet de construction de re\u0301seaux e\u0301lectriques dans trois villes dans l\u2019est de la Re\u0301publique de\u0301mocratique du Congo (RDC), en faveur du de\u0301veloppeur Nuru. Il faut noter que la Socie\u0301te\u0301 financie\u0300re internationale (SFI), Proparco et l\u2019Agence franc\u0327aise de de\u0301veloppement (AFD) ont participe\u0301 a\u0300 la mobilisation des fonds pour le projet. En juillet 2024, elle a accorde\u0301 23,5 millions de dollars pour soutenir un projet solaire en Tunisie, prote\u0301geant les investisseurs contre les risques politiques et e\u0301conomiques.<\/p>\n<p>Ces garanties jouent un ro\u0302le crucial en se\u0301curisant les investissements, permettant au secteur prive\u0301 de participer pleinement a\u0300 l\u2019expansion de l\u2019e\u0301nergie solaire en Afrique.<\/p>\n<p>De plus, des projets comme l\u2019initiative Desert to Power de la BAD, qui vise a\u0300 ge\u0301ne\u0301rer 10 GW d\u2019e\u0301nergie solaire pour e\u0301lectrifier 11 pays sahe\u0301liens d\u2019ici 2030, pourraient devenir un mode\u0300le de re\u0301seau e\u0301nerge\u0301tique interconnecte\u0301 et autonome. Mais pour re\u0301ussir, il est impe\u0301ratif d\u2019inte\u0301grer les entreprises africaines dans la chai\u0302ne de valeur, leur permettant ainsi de de\u0301velopper des compe\u0301tences locales et de renforcer leur compe\u0301titivite\u0301 sur le marche\u0301 international.<\/p>\n<p>Jusque-la\u0300, le mode\u0300le a\u0300 suivre se trouve dans d\u2019autres pays en de\u0301veloppement. En Inde, par exemple, des partenariats public-prive\u0301 ont permis d\u2019acce\u0301le\u0301rer le de\u0301ploiement des infrastructures solaires tout en soutenant les entreprises locales. Le Bre\u0301sil, pour sa part, a utilise\u0301 des incitations fiscales pour stimuler l\u2019investissement dans les infrastructures renouvelables, tout en soutenant la production locale d\u2019e\u0301quipements solaires. Ces exemples prouvent qu\u2019il est possible d\u2019encourager l\u2019e\u0301mergence d\u2019un secteur prive\u0301 dynamique, a\u0300 condition que les politiques publiques facilitent l\u2019acce\u0300s aux investissements et soutiennent la cre\u0301ation de capacite\u0301s locales.<\/p>\n<p>Les gouvernements africains ont un ro\u0302le cle\u0301 a\u0300 jouer dans cette transformation. Ils doivent cre\u0301er un environnement propice a\u0300 l\u2019investissement en adoptant des politiques claires, attractives et stables. Cela inclut la simplification des processus d\u2019approbation des projets, la re\u0301duction des risques lie\u0301s aux accords d\u2019achat d\u2019e\u0301nergie et la mise en place d\u2019incitations fiscales pour encourager la production locale d\u2019e\u0301quipements solaires. Un cadre re\u0301glementaire solide et transparent est e\u0301galement crucial pour renforcer la confiance des investisseurs prive\u0301s.<\/p>\n<p><strong>Pour plus d&rsquo;informations et d&rsquo;analyses sur la <span style=\"color: #ff6600\">Congo Brazzaville<\/span>, suivez <span style=\"color: #ff6600\">Africa-Press<\/span><\/strong><\/p>\n","protected":false},"excerpt":{"rendered":"<p>Olivier de Souza Africa-Press &#8211; Congo Brazzaville. L\u2019Afrique dispose de 40 % du potentiel mondial en matie\u0300re d\u2019irradiation solaire, une richesse inexploite\u0301e qui pourrait transformer le continent. Malgre\u0301 cette ressource abondante, l\u2019Afrique reste a\u0300 la trai\u0302ne en matie\u0300re de capacite\u0301s photovoltai\u0308ques, repre\u0301sentant seulement 1 % des installations mondiales. Cette situation est en grande partie due [&hellip;]<\/p>\n","protected":false},"author":82,"featured_media":39321,"comment_status":"open","ping_status":"closed","sticky":false,"template":"","format":"standard","meta":{"footnotes":""},"categories":[3,10],"tags":[46],"class_list":["post-39322","post","type-post","status-publish","format-standard","has-post-thumbnail","hentry","category-economie","category-toutes-les-actualites","tag-congo-brazzaville"],"yoast_head":"<!-- This site is optimized with the Yoast SEO Premium plugin v26.1 (Yoast SEO v27.0) - https:\/\/yoast.com\/product\/yoast-seo-premium-wordpress\/ -->\n<title>\u00c9nergie solaire : il est temps que le secteur priv\u00e9 africain prenne les devants - Congo Brazzaville<\/title>\n<meta name=\"description\" content=\"L\u2019Afrique dispose de 40 % du potentiel mondial en matie\u0300re d\u2019irradiation solaire, une richesse inexploite\u0301e qui pourrait ...\" \/>\n<meta name=\"robots\" content=\"index, follow, max-snippet:-1, max-image-preview:large, max-video-preview:-1\" \/>\n<link rel=\"canonical\" href=\"https:\/\/www.africa-press.net\/congo-brazzaville\/economie\/energie-solaire-il-est-temps-que-le-secteur-prive-africain-prenne-les-devants\" \/>\n<meta property=\"og:locale\" content=\"fr_FR\" \/>\n<meta property=\"og:type\" content=\"article\" \/>\n<meta property=\"og:title\" content=\"\u00c9nergie solaire : il est temps que le secteur priv\u00e9 africain prenne les devants\" \/>\n<meta property=\"og:description\" content=\"L\u2019Afrique dispose de 40 % du potentiel mondial en matie\u0300re d\u2019irradiation solaire, une richesse inexploite\u0301e qui pourrait ...\" \/>\n<meta property=\"og:url\" content=\"https:\/\/www.africa-press.net\/congo-brazzaville\/economie\/energie-solaire-il-est-temps-que-le-secteur-prive-africain-prenne-les-devants\" \/>\n<meta property=\"og:site_name\" content=\"Congo Brazzaville\" \/>\n<meta property=\"article:published_time\" content=\"2024-12-28T12:29:03+00:00\" \/>\n<meta property=\"article:modified_time\" content=\"2024-12-28T12:45:50+00:00\" \/>\n<meta property=\"og:image\" content=\"https:\/\/static.africa-press.net\/congo-brazzaville\/sites\/51\/2024\/12\/sm_1735377102.561398.jpg\" \/>\n\t<meta property=\"og:image:width\" content=\"720\" \/>\n\t<meta property=\"og:image:height\" content=\"438\" \/>\n\t<meta property=\"og:image:type\" content=\"image\/jpeg\" \/>\n<meta name=\"author\" content=\"cfeditorfr\" \/>\n<meta name=\"twitter:card\" content=\"summary_large_image\" \/>\n<meta name=\"twitter:label1\" content=\"\u00c9crit par\" \/>\n\t<meta name=\"twitter:data1\" content=\"cfeditorfr\" \/>\n\t<meta name=\"twitter:label2\" content=\"Dur\u00e9e de lecture estim\u00e9e\" \/>\n\t<meta name=\"twitter:data2\" content=\"5 minutes\" \/>\n<script type=\"application\/ld+json\" class=\"yoast-schema-graph\">{\"@context\":\"https:\/\/schema.org\",\"@graph\":[{\"@type\":\"Article\",\"@id\":\"https:\/\/www.africa-press.net\/congo-brazzaville\/economie\/energie-solaire-il-est-temps-que-le-secteur-prive-africain-prenne-les-devants#article\",\"isPartOf\":{\"@id\":\"https:\/\/www.africa-press.net\/congo-brazzaville\/economie\/energie-solaire-il-est-temps-que-le-secteur-prive-africain-prenne-les-devants\"},\"author\":{\"name\":\"cfeditorfr\",\"@id\":\"https:\/\/www.africa-press.net\/congo-brazzaville\/#\/schema\/person\/2b1cf3cd81a31e3cd26889ca66d677f1\"},\"headline\":\"\u00c9nergie solaire : il est temps que le secteur priv\u00e9 africain prenne les devants\",\"datePublished\":\"2024-12-28T12:29:03+00:00\",\"dateModified\":\"2024-12-28T12:45:50+00:00\",\"mainEntityOfPage\":{\"@id\":\"https:\/\/www.africa-press.net\/congo-brazzaville\/economie\/energie-solaire-il-est-temps-que-le-secteur-prive-africain-prenne-les-devants\"},\"wordCount\":963,\"commentCount\":0,\"image\":{\"@id\":\"https:\/\/www.africa-press.net\/congo-brazzaville\/economie\/energie-solaire-il-est-temps-que-le-secteur-prive-africain-prenne-les-devants#primaryimage\"},\"thumbnailUrl\":\"https:\/\/static.africa-press.net\/congo-brazzaville\/sites\/51\/2024\/12\/sm_1735377102.561398.jpg\",\"keywords\":[\"Congo Brazzaville\"],\"articleSection\":[\"\u00c9conomie\",\"Toutes les actualit\u00e9s\"],\"inLanguage\":\"fr-FR\",\"potentialAction\":[{\"@type\":\"CommentAction\",\"name\":\"Comment\",\"target\":[\"https:\/\/www.africa-press.net\/congo-brazzaville\/economie\/energie-solaire-il-est-temps-que-le-secteur-prive-africain-prenne-les-devants#respond\"]}]},{\"@type\":\"WebPage\",\"@id\":\"https:\/\/www.africa-press.net\/congo-brazzaville\/economie\/energie-solaire-il-est-temps-que-le-secteur-prive-africain-prenne-les-devants\",\"url\":\"https:\/\/www.africa-press.net\/congo-brazzaville\/economie\/energie-solaire-il-est-temps-que-le-secteur-prive-africain-prenne-les-devants\",\"name\":\"\u00c9nergie solaire : il est temps que le secteur priv\u00e9 africain prenne les devants - Congo Brazzaville\",\"isPartOf\":{\"@id\":\"https:\/\/www.africa-press.net\/congo-brazzaville\/#website\"},\"primaryImageOfPage\":{\"@id\":\"https:\/\/www.africa-press.net\/congo-brazzaville\/economie\/energie-solaire-il-est-temps-que-le-secteur-prive-africain-prenne-les-devants#primaryimage\"},\"image\":{\"@id\":\"https:\/\/www.africa-press.net\/congo-brazzaville\/economie\/energie-solaire-il-est-temps-que-le-secteur-prive-africain-prenne-les-devants#primaryimage\"},\"thumbnailUrl\":\"https:\/\/static.africa-press.net\/congo-brazzaville\/sites\/51\/2024\/12\/sm_1735377102.561398.jpg\",\"datePublished\":\"2024-12-28T12:29:03+00:00\",\"dateModified\":\"2024-12-28T12:45:50+00:00\",\"author\":{\"@id\":\"https:\/\/www.africa-press.net\/congo-brazzaville\/#\/schema\/person\/2b1cf3cd81a31e3cd26889ca66d677f1\"},\"description\":\"L\u2019Afrique dispose de 40 % du potentiel mondial en matie\u0300re d\u2019irradiation solaire, une richesse inexploite\u0301e qui pourrait ...\",\"breadcrumb\":{\"@id\":\"https:\/\/www.africa-press.net\/congo-brazzaville\/economie\/energie-solaire-il-est-temps-que-le-secteur-prive-africain-prenne-les-devants#breadcrumb\"},\"inLanguage\":\"fr-FR\",\"potentialAction\":[{\"@type\":\"ReadAction\",\"target\":[\"https:\/\/www.africa-press.net\/congo-brazzaville\/economie\/energie-solaire-il-est-temps-que-le-secteur-prive-africain-prenne-les-devants\"]}]},{\"@type\":\"ImageObject\",\"inLanguage\":\"fr-FR\",\"@id\":\"https:\/\/www.africa-press.net\/congo-brazzaville\/economie\/energie-solaire-il-est-temps-que-le-secteur-prive-africain-prenne-les-devants#primaryimage\",\"url\":\"https:\/\/static.africa-press.net\/congo-brazzaville\/sites\/51\/2024\/12\/sm_1735377102.561398.jpg\",\"contentUrl\":\"https:\/\/static.africa-press.net\/congo-brazzaville\/sites\/51\/2024\/12\/sm_1735377102.561398.jpg\",\"width\":720,\"height\":438,\"caption\":\"\u00c9nergie solaire : il est temps que le secteur priv\u00e9 africain prenne les devants\"},{\"@type\":\"BreadcrumbList\",\"@id\":\"https:\/\/www.africa-press.net\/congo-brazzaville\/economie\/energie-solaire-il-est-temps-que-le-secteur-prive-africain-prenne-les-devants#breadcrumb\",\"itemListElement\":[{\"@type\":\"ListItem\",\"position\":1,\"name\":\"Accueil\",\"item\":\"https:\/\/www.africa-press.net\/congo-brazzaville\/\"},{\"@type\":\"ListItem\",\"position\":2,\"name\":\"\u00c9nergie solaire : il est temps que le secteur priv\u00e9 africain prenne les devants\"}]},{\"@type\":\"WebSite\",\"@id\":\"https:\/\/www.africa-press.net\/congo-brazzaville\/#website\",\"url\":\"https:\/\/www.africa-press.net\/congo-brazzaville\/\",\"name\":\"Congo Brazzaville\",\"description\":\"Just another Africa News Agency Sites site\",\"potentialAction\":[{\"@type\":\"SearchAction\",\"target\":{\"@type\":\"EntryPoint\",\"urlTemplate\":\"https:\/\/www.africa-press.net\/congo-brazzaville\/?s={search_term_string}\"},\"query-input\":{\"@type\":\"PropertyValueSpecification\",\"valueRequired\":true,\"valueName\":\"search_term_string\"}}],\"inLanguage\":\"fr-FR\"},{\"@type\":\"Person\",\"@id\":\"https:\/\/www.africa-press.net\/congo-brazzaville\/#\/schema\/person\/2b1cf3cd81a31e3cd26889ca66d677f1\",\"name\":\"cfeditorfr\"}]}<\/script>\n<!-- \/ Yoast SEO Premium plugin. -->","yoast_head_json":{"title":"\u00c9nergie solaire : il est temps que le secteur priv\u00e9 africain prenne les devants - Congo Brazzaville","description":"L\u2019Afrique dispose de 40 % du potentiel mondial en matie\u0300re d\u2019irradiation solaire, une richesse inexploite\u0301e qui pourrait ...","robots":{"index":"index","follow":"follow","max-snippet":"max-snippet:-1","max-image-preview":"max-image-preview:large","max-video-preview":"max-video-preview:-1"},"canonical":"https:\/\/www.africa-press.net\/congo-brazzaville\/economie\/energie-solaire-il-est-temps-que-le-secteur-prive-africain-prenne-les-devants","og_locale":"fr_FR","og_type":"article","og_title":"\u00c9nergie solaire : il est temps que le secteur priv\u00e9 africain prenne les devants","og_description":"L\u2019Afrique dispose de 40 % du potentiel mondial en matie\u0300re d\u2019irradiation solaire, une richesse inexploite\u0301e qui pourrait ...","og_url":"https:\/\/www.africa-press.net\/congo-brazzaville\/economie\/energie-solaire-il-est-temps-que-le-secteur-prive-africain-prenne-les-devants","og_site_name":"Congo Brazzaville","article_published_time":"2024-12-28T12:29:03+00:00","article_modified_time":"2024-12-28T12:45:50+00:00","og_image":[{"width":720,"height":438,"url":"https:\/\/static.africa-press.net\/congo-brazzaville\/sites\/51\/2024\/12\/sm_1735377102.561398.jpg","type":"image\/jpeg"}],"author":"cfeditorfr","twitter_card":"summary_large_image","twitter_misc":{"\u00c9crit par":"cfeditorfr","Dur\u00e9e de lecture estim\u00e9e":"5 minutes"},"schema":{"@context":"https:\/\/schema.org","@graph":[{"@type":"Article","@id":"https:\/\/www.africa-press.net\/congo-brazzaville\/economie\/energie-solaire-il-est-temps-que-le-secteur-prive-africain-prenne-les-devants#article","isPartOf":{"@id":"https:\/\/www.africa-press.net\/congo-brazzaville\/economie\/energie-solaire-il-est-temps-que-le-secteur-prive-africain-prenne-les-devants"},"author":{"name":"cfeditorfr","@id":"https:\/\/www.africa-press.net\/congo-brazzaville\/#\/schema\/person\/2b1cf3cd81a31e3cd26889ca66d677f1"},"headline":"\u00c9nergie solaire : il est temps que le secteur priv\u00e9 africain prenne les devants","datePublished":"2024-12-28T12:29:03+00:00","dateModified":"2024-12-28T12:45:50+00:00","mainEntityOfPage":{"@id":"https:\/\/www.africa-press.net\/congo-brazzaville\/economie\/energie-solaire-il-est-temps-que-le-secteur-prive-africain-prenne-les-devants"},"wordCount":963,"commentCount":0,"image":{"@id":"https:\/\/www.africa-press.net\/congo-brazzaville\/economie\/energie-solaire-il-est-temps-que-le-secteur-prive-africain-prenne-les-devants#primaryimage"},"thumbnailUrl":"https:\/\/static.africa-press.net\/congo-brazzaville\/sites\/51\/2024\/12\/sm_1735377102.561398.jpg","keywords":["Congo Brazzaville"],"articleSection":["\u00c9conomie","Toutes les actualit\u00e9s"],"inLanguage":"fr-FR","potentialAction":[{"@type":"CommentAction","name":"Comment","target":["https:\/\/www.africa-press.net\/congo-brazzaville\/economie\/energie-solaire-il-est-temps-que-le-secteur-prive-africain-prenne-les-devants#respond"]}]},{"@type":"WebPage","@id":"https:\/\/www.africa-press.net\/congo-brazzaville\/economie\/energie-solaire-il-est-temps-que-le-secteur-prive-africain-prenne-les-devants","url":"https:\/\/www.africa-press.net\/congo-brazzaville\/economie\/energie-solaire-il-est-temps-que-le-secteur-prive-africain-prenne-les-devants","name":"\u00c9nergie solaire : il est temps que le secteur priv\u00e9 africain prenne les devants - Congo Brazzaville","isPartOf":{"@id":"https:\/\/www.africa-press.net\/congo-brazzaville\/#website"},"primaryImageOfPage":{"@id":"https:\/\/www.africa-press.net\/congo-brazzaville\/economie\/energie-solaire-il-est-temps-que-le-secteur-prive-africain-prenne-les-devants#primaryimage"},"image":{"@id":"https:\/\/www.africa-press.net\/congo-brazzaville\/economie\/energie-solaire-il-est-temps-que-le-secteur-prive-africain-prenne-les-devants#primaryimage"},"thumbnailUrl":"https:\/\/static.africa-press.net\/congo-brazzaville\/sites\/51\/2024\/12\/sm_1735377102.561398.jpg","datePublished":"2024-12-28T12:29:03+00:00","dateModified":"2024-12-28T12:45:50+00:00","author":{"@id":"https:\/\/www.africa-press.net\/congo-brazzaville\/#\/schema\/person\/2b1cf3cd81a31e3cd26889ca66d677f1"},"description":"L\u2019Afrique dispose de 40 % du potentiel mondial en matie\u0300re d\u2019irradiation solaire, une richesse inexploite\u0301e qui pourrait ...","breadcrumb":{"@id":"https:\/\/www.africa-press.net\/congo-brazzaville\/economie\/energie-solaire-il-est-temps-que-le-secteur-prive-africain-prenne-les-devants#breadcrumb"},"inLanguage":"fr-FR","potentialAction":[{"@type":"ReadAction","target":["https:\/\/www.africa-press.net\/congo-brazzaville\/economie\/energie-solaire-il-est-temps-que-le-secteur-prive-africain-prenne-les-devants"]}]},{"@type":"ImageObject","inLanguage":"fr-FR","@id":"https:\/\/www.africa-press.net\/congo-brazzaville\/economie\/energie-solaire-il-est-temps-que-le-secteur-prive-africain-prenne-les-devants#primaryimage","url":"https:\/\/static.africa-press.net\/congo-brazzaville\/sites\/51\/2024\/12\/sm_1735377102.561398.jpg","contentUrl":"https:\/\/static.africa-press.net\/congo-brazzaville\/sites\/51\/2024\/12\/sm_1735377102.561398.jpg","width":720,"height":438,"caption":"\u00c9nergie solaire : il est temps que le secteur priv\u00e9 africain prenne les devants"},{"@type":"BreadcrumbList","@id":"https:\/\/www.africa-press.net\/congo-brazzaville\/economie\/energie-solaire-il-est-temps-que-le-secteur-prive-africain-prenne-les-devants#breadcrumb","itemListElement":[{"@type":"ListItem","position":1,"name":"Accueil","item":"https:\/\/www.africa-press.net\/congo-brazzaville\/"},{"@type":"ListItem","position":2,"name":"\u00c9nergie solaire : il est temps que le secteur priv\u00e9 africain prenne les devants"}]},{"@type":"WebSite","@id":"https:\/\/www.africa-press.net\/congo-brazzaville\/#website","url":"https:\/\/www.africa-press.net\/congo-brazzaville\/","name":"Congo Brazzaville","description":"Just another Africa News Agency Sites site","potentialAction":[{"@type":"SearchAction","target":{"@type":"EntryPoint","urlTemplate":"https:\/\/www.africa-press.net\/congo-brazzaville\/?s={search_term_string}"},"query-input":{"@type":"PropertyValueSpecification","valueRequired":true,"valueName":"search_term_string"}}],"inLanguage":"fr-FR"},{"@type":"Person","@id":"https:\/\/www.africa-press.net\/congo-brazzaville\/#\/schema\/person\/2b1cf3cd81a31e3cd26889ca66d677f1","name":"cfeditorfr"}]}},"_links":{"self":[{"href":"https:\/\/www.africa-press.net\/congo-brazzaville\/wp-json\/wp\/v2\/posts\/39322","targetHints":{"allow":["GET"]}}],"collection":[{"href":"https:\/\/www.africa-press.net\/congo-brazzaville\/wp-json\/wp\/v2\/posts"}],"about":[{"href":"https:\/\/www.africa-press.net\/congo-brazzaville\/wp-json\/wp\/v2\/types\/post"}],"author":[{"embeddable":true,"href":"https:\/\/www.africa-press.net\/congo-brazzaville\/wp-json\/wp\/v2\/users\/82"}],"replies":[{"embeddable":true,"href":"https:\/\/www.africa-press.net\/congo-brazzaville\/wp-json\/wp\/v2\/comments?post=39322"}],"version-history":[{"count":0,"href":"https:\/\/www.africa-press.net\/congo-brazzaville\/wp-json\/wp\/v2\/posts\/39322\/revisions"}],"wp:featuredmedia":[{"embeddable":true,"href":"https:\/\/www.africa-press.net\/congo-brazzaville\/wp-json\/wp\/v2\/media\/39321"}],"wp:attachment":[{"href":"https:\/\/www.africa-press.net\/congo-brazzaville\/wp-json\/wp\/v2\/media?parent=39322"}],"wp:term":[{"taxonomy":"category","embeddable":true,"href":"https:\/\/www.africa-press.net\/congo-brazzaville\/wp-json\/wp\/v2\/categories?post=39322"},{"taxonomy":"post_tag","embeddable":true,"href":"https:\/\/www.africa-press.net\/congo-brazzaville\/wp-json\/wp\/v2\/tags?post=39322"}],"curies":[{"name":"wp","href":"https:\/\/api.w.org\/{rel}","templated":true}]}}