{"id":41406,"date":"2025-03-05T22:09:16","date_gmt":"2025-03-05T22:09:16","guid":{"rendered":"https:\/\/www.africa-press.net\/congo-brazzaville\/politique\/pointe-noire-kouilou-la-population-appelee-a-faire-bon-usage-du-numero-durgence-118"},"modified":"2025-04-04T04:38:35","modified_gmt":"2025-04-04T04:38:35","slug":"pointe-noire-kouilou-la-population-appelee-a-faire-bon-usage-du-numero-durgence-118","status":"publish","type":"post","link":"https:\/\/www.africa-press.net\/congo-brazzaville\/toutes-les-actualites\/pointe-noire-kouilou-la-population-appelee-a-faire-bon-usage-du-numero-durgence-118","title":{"rendered":"Pointe-Noire\/ Kouilou: la Population Appele\u0301e A\u0300 Faire Bon Usage du Nume\u0301ro D\u2019Urgence \u00ab 118 \u00bb"},"content":{"rendered":"<p><span style=\"color: #ff6600\"><strong>Africa-Press &#8211; Congo Brazzaville. <\/strong><\/span><b>L\u2019appel a e\u0301te\u0301 lance\u0301 le 5 mars par le commandant de police, Janet wolfang Nsomi, commandant territorial de la se\u0301curite\u0301 civile dans les de\u0301partements de Pointe-Noire et du Kouilou, lors d\u2019un point de presse anime\u0301 en vue de la ce\u0301le\u0301bration en diffe\u0301re\u0301 de la Journe\u0301e mondiale de la protection civile sur le the\u0300me \u00ab La protection civile, gage de se\u0301curite\u0301 pour la population \u00bb.<\/b><\/p>\n<p>Le commandant de police Janet wolfang Nsomi a rappele\u0301 a\u0300 la population des de\u0301partements de Pointe-Noire et du Kouilou que le nume\u0301ro d\u2019urgence gratuit \u00ab118 \u00bb est le lien privile\u0301gie\u0301 se\u0301curite\u0301 civile-population. Cette population devrait profiter de la gamme de services offerts par l\u2019Etat, notamment en secours a\u0300 victime et assistance a\u0300 personne a\u0300 travers ce nume\u0301ro. \u00ab En plus du point de presse, quelques autres activite\u0301s ont e\u0301te\u0301 organise\u0301es a\u0300 Pointe-Noire dans le cadre de la ce\u0301le\u0301bration de ladite journe\u0301e, a\u0300 savoir un match de football de cohe\u0301sion des services entre les pompiers de Servtec et ceux du commandement territorial de la se\u0301curite\u0301 civile de Pointe-Noire\/Kouilou ; la marche dite \u00ab\u00a0du sapeur-pompier\u00a0\u00bb sur 15 km. Sont pre\u0301vus aussi une visite de conformite\u0301 des installations de lutte contre l\u2019incendie et le de\u0301pistage gratuit du diabe\u0300te et de l\u2019hypertension arte\u0301rielle, correspondant au lancement d\u2019une campagne qui se poursuivra tout le mois de mars avec la re\u0301ception des populations au sie\u0300ge du commandement territorial de la se\u0301curite\u0301 civile de Pointe-Noire\/Kouilou \u00bb, a-t-il de\u0301clare\u0301.<\/p>\n<p>Pour le Dr David Missiribassi, directeur de\u0301partemental de la population a\u0300 Pointe-Noire, en plus des incendies, la population peut aussi appeler le nume\u0301ro d\u2019urgence \u00ab 118 \u00bb en vue d\u2019intervenir pour certaines urgences de sante\u0301. \u00abLes services de se\u0301curite\u0301 civile de\u0301tiennent des ambulances me\u0301dicalise\u0301es, ceux-ci ont un personnel de sante\u0301 qualifie\u0301 compose\u0301 des sages-femmes, des me\u0301decins, des infirmiers \u00bb, a-t-il de\u0301clare\u0301.<\/p>\n<p>Notons que c\u2019est par une re\u0301solution adopte\u0301e le 18 de\u0301cembre 1990 que la 9e assemble\u0301e ge\u0301ne\u0301rale de l\u2019Organisation internationale de la protection civile (OIPC) a de\u0301signe\u0301, le 1er mars de chaque anne\u0301e, la Journe\u0301e mondiale de la protection civile. Cette date est celle de l\u2019entre\u0301e en vigueur de la constitution de l\u2019OIPC en tant qu\u2019organisation intergouvernementale, le 1er mars 1972. Le but poursuivi par l\u2019assemble\u0301e ge\u0301ne\u0301rale de l\u2019OIPC en constituant cette journe\u0301e mondiale e\u0301tait de sensibiliser les personnes aux ta\u0302ches des services nationaux de se\u0301curite\u0301 civile et de gestion des situations d\u2019urgence: la sauvegarde de la vie, des biens, de l\u2019e\u0301conomie et de l\u2019environnement.<\/p>\n<p><strong>Pour plus d&rsquo;informations et d&rsquo;analyses sur la <span style=\"color: #ff6600\">Congo Brazzaville<\/span>, suivez <span style=\"color: #ff6600\">Africa-Press<\/span><\/strong><\/p>\n","protected":false},"excerpt":{"rendered":"<p>Africa-Press &#8211; Congo Brazzaville. L\u2019appel a e\u0301te\u0301 lance\u0301 le 5 mars par le commandant de police, Janet wolfang Nsomi, commandant territorial de la se\u0301curite\u0301 civile dans les de\u0301partements de Pointe-Noire et du Kouilou, lors d\u2019un point de presse anime\u0301 en vue de la ce\u0301le\u0301bration en diffe\u0301re\u0301 de la Journe\u0301e mondiale de la protection civile sur [&hellip;]<\/p>\n","protected":false},"author":82,"featured_media":41405,"comment_status":"open","ping_status":"closed","sticky":false,"template":"","format":"standard","meta":{"footnotes":""},"categories":[21,10],"tags":[46],"class_list":["post-41406","post","type-post","status-publish","format-standard","has-post-thumbnail","hentry","category-communaute","category-toutes-les-actualites","tag-congo-brazzaville"],"yoast_head":"<!-- This site is optimized with the Yoast SEO Premium plugin v26.1 (Yoast SEO v27.0) - https:\/\/yoast.com\/product\/yoast-seo-premium-wordpress\/ -->\n<title>Pointe-Noire\/ Kouilou: la Population Appele\u0301e A\u0300 Faire Bon Usage du Nume\u0301ro D\u2019Urgence \u00ab 118 \u00bb - Congo Brazzaville<\/title>\n<meta name=\"description\" content=\"L\u2019appel a e\u0301te\u0301 lance\u0301 le 5 mars par le commandant de police, Janet wolfang Nsomi, commandant territorial de la se\u0301cu ...\" \/>\n<meta name=\"robots\" content=\"index, follow, max-snippet:-1, max-image-preview:large, max-video-preview:-1\" \/>\n<link rel=\"canonical\" href=\"https:\/\/www.africa-press.net\/congo-brazzaville\/toutes-les-actualites\/pointe-noire-kouilou-la-population-appelee-a-faire-bon-usage-du-numero-durgence-118\" \/>\n<meta property=\"og:locale\" content=\"fr_FR\" \/>\n<meta property=\"og:type\" content=\"article\" \/>\n<meta property=\"og:title\" content=\"Pointe-Noire\/ Kouilou: la Population Appele\u0301e A\u0300 Faire Bon Usage du Nume\u0301ro D\u2019Urgence \u00ab 118 \u00bb\" \/>\n<meta property=\"og:description\" content=\"L\u2019appel a e\u0301te\u0301 lance\u0301 le 5 mars par le commandant de police, Janet wolfang Nsomi, commandant territorial de la se\u0301cu ...\" \/>\n<meta property=\"og:url\" content=\"https:\/\/www.africa-press.net\/congo-brazzaville\/toutes-les-actualites\/pointe-noire-kouilou-la-population-appelee-a-faire-bon-usage-du-numero-durgence-118\" \/>\n<meta property=\"og:site_name\" content=\"Congo Brazzaville\" \/>\n<meta property=\"article:published_time\" content=\"2025-03-05T22:09:16+00:00\" \/>\n<meta property=\"article:modified_time\" content=\"2025-04-04T04:38:35+00:00\" \/>\n<meta property=\"og:image\" content=\"https:\/\/static.africa-press.net\/congo-brazzaville\/sites\/51\/2025\/03\/sm_1741201687.162034.jpg\" \/>\n\t<meta property=\"og:image:width\" content=\"1280\" \/>\n\t<meta property=\"og:image:height\" content=\"720\" \/>\n\t<meta property=\"og:image:type\" content=\"image\/jpeg\" \/>\n<meta name=\"author\" content=\"cfeditorfr\" \/>\n<meta name=\"twitter:card\" content=\"summary_large_image\" \/>\n<meta name=\"twitter:label1\" content=\"\u00c9crit par\" \/>\n\t<meta name=\"twitter:data1\" content=\"cfeditorfr\" \/>\n\t<meta name=\"twitter:label2\" content=\"Dur\u00e9e de lecture estim\u00e9e\" \/>\n\t<meta name=\"twitter:data2\" content=\"2 minutes\" \/>\n<script type=\"application\/ld+json\" class=\"yoast-schema-graph\">{\"@context\":\"https:\/\/schema.org\",\"@graph\":[{\"@type\":\"Article\",\"@id\":\"https:\/\/www.africa-press.net\/congo-brazzaville\/toutes-les-actualites\/pointe-noire-kouilou-la-population-appelee-a-faire-bon-usage-du-numero-durgence-118#article\",\"isPartOf\":{\"@id\":\"https:\/\/www.africa-press.net\/congo-brazzaville\/toutes-les-actualites\/pointe-noire-kouilou-la-population-appelee-a-faire-bon-usage-du-numero-durgence-118\"},\"author\":{\"name\":\"cfeditorfr\",\"@id\":\"https:\/\/www.africa-press.net\/congo-brazzaville\/#\/schema\/person\/2b1cf3cd81a31e3cd26889ca66d677f1\"},\"headline\":\"Pointe-Noire\/ Kouilou: la Population Appele\u0301e A\u0300 Faire Bon Usage du Nume\u0301ro D\u2019Urgence \u00ab 118 \u00bb\",\"datePublished\":\"2025-03-05T22:09:16+00:00\",\"dateModified\":\"2025-04-04T04:38:35+00:00\",\"mainEntityOfPage\":{\"@id\":\"https:\/\/www.africa-press.net\/congo-brazzaville\/toutes-les-actualites\/pointe-noire-kouilou-la-population-appelee-a-faire-bon-usage-du-numero-durgence-118\"},\"wordCount\":493,\"commentCount\":0,\"image\":{\"@id\":\"https:\/\/www.africa-press.net\/congo-brazzaville\/toutes-les-actualites\/pointe-noire-kouilou-la-population-appelee-a-faire-bon-usage-du-numero-durgence-118#primaryimage\"},\"thumbnailUrl\":\"https:\/\/static.africa-press.net\/congo-brazzaville\/sites\/51\/2025\/03\/sm_1741201687.162034.jpg\",\"keywords\":[\"Congo Brazzaville\"],\"articleSection\":[\"Communaut\u00e9\",\"Toutes les actualit\u00e9s\"],\"inLanguage\":\"fr-FR\",\"potentialAction\":[{\"@type\":\"CommentAction\",\"name\":\"Comment\",\"target\":[\"https:\/\/www.africa-press.net\/congo-brazzaville\/toutes-les-actualites\/pointe-noire-kouilou-la-population-appelee-a-faire-bon-usage-du-numero-durgence-118#respond\"]}]},{\"@type\":\"WebPage\",\"@id\":\"https:\/\/www.africa-press.net\/congo-brazzaville\/toutes-les-actualites\/pointe-noire-kouilou-la-population-appelee-a-faire-bon-usage-du-numero-durgence-118\",\"url\":\"https:\/\/www.africa-press.net\/congo-brazzaville\/toutes-les-actualites\/pointe-noire-kouilou-la-population-appelee-a-faire-bon-usage-du-numero-durgence-118\",\"name\":\"Pointe-Noire\/ Kouilou: la Population Appele\u0301e A\u0300 Faire Bon Usage du Nume\u0301ro D\u2019Urgence \u00ab 118 \u00bb - Congo Brazzaville\",\"isPartOf\":{\"@id\":\"https:\/\/www.africa-press.net\/congo-brazzaville\/#website\"},\"primaryImageOfPage\":{\"@id\":\"https:\/\/www.africa-press.net\/congo-brazzaville\/toutes-les-actualites\/pointe-noire-kouilou-la-population-appelee-a-faire-bon-usage-du-numero-durgence-118#primaryimage\"},\"image\":{\"@id\":\"https:\/\/www.africa-press.net\/congo-brazzaville\/toutes-les-actualites\/pointe-noire-kouilou-la-population-appelee-a-faire-bon-usage-du-numero-durgence-118#primaryimage\"},\"thumbnailUrl\":\"https:\/\/static.africa-press.net\/congo-brazzaville\/sites\/51\/2025\/03\/sm_1741201687.162034.jpg\",\"datePublished\":\"2025-03-05T22:09:16+00:00\",\"dateModified\":\"2025-04-04T04:38:35+00:00\",\"author\":{\"@id\":\"https:\/\/www.africa-press.net\/congo-brazzaville\/#\/schema\/person\/2b1cf3cd81a31e3cd26889ca66d677f1\"},\"description\":\"L\u2019appel a e\u0301te\u0301 lance\u0301 le 5 mars par le commandant de police, Janet wolfang Nsomi, commandant territorial de la se\u0301cu ...\",\"breadcrumb\":{\"@id\":\"https:\/\/www.africa-press.net\/congo-brazzaville\/toutes-les-actualites\/pointe-noire-kouilou-la-population-appelee-a-faire-bon-usage-du-numero-durgence-118#breadcrumb\"},\"inLanguage\":\"fr-FR\",\"potentialAction\":[{\"@type\":\"ReadAction\",\"target\":[\"https:\/\/www.africa-press.net\/congo-brazzaville\/toutes-les-actualites\/pointe-noire-kouilou-la-population-appelee-a-faire-bon-usage-du-numero-durgence-118\"]}]},{\"@type\":\"ImageObject\",\"inLanguage\":\"fr-FR\",\"@id\":\"https:\/\/www.africa-press.net\/congo-brazzaville\/toutes-les-actualites\/pointe-noire-kouilou-la-population-appelee-a-faire-bon-usage-du-numero-durgence-118#primaryimage\",\"url\":\"https:\/\/static.africa-press.net\/congo-brazzaville\/sites\/51\/2025\/03\/sm_1741201687.162034.jpg\",\"contentUrl\":\"https:\/\/static.africa-press.net\/congo-brazzaville\/sites\/51\/2025\/03\/sm_1741201687.162034.jpg\",\"width\":1280,\"height\":720,\"caption\":\"Pointe-Noire\/ Kouilou: la Population Appele\u0301e A\u0300 Faire Bon Usage du Nume\u0301ro D\u2019Urgence \u00ab 118 \u00bb\"},{\"@type\":\"BreadcrumbList\",\"@id\":\"https:\/\/www.africa-press.net\/congo-brazzaville\/toutes-les-actualites\/pointe-noire-kouilou-la-population-appelee-a-faire-bon-usage-du-numero-durgence-118#breadcrumb\",\"itemListElement\":[{\"@type\":\"ListItem\",\"position\":1,\"name\":\"Accueil\",\"item\":\"https:\/\/www.africa-press.net\/congo-brazzaville\/\"},{\"@type\":\"ListItem\",\"position\":2,\"name\":\"Pointe-Noire\/ Kouilou: la Population Appele\u0301e A\u0300 Faire Bon Usage du Nume\u0301ro D\u2019Urgence \u00ab 118 \u00bb\"}]},{\"@type\":\"WebSite\",\"@id\":\"https:\/\/www.africa-press.net\/congo-brazzaville\/#website\",\"url\":\"https:\/\/www.africa-press.net\/congo-brazzaville\/\",\"name\":\"Congo Brazzaville\",\"description\":\"Just another Africa News Agency Sites site\",\"potentialAction\":[{\"@type\":\"SearchAction\",\"target\":{\"@type\":\"EntryPoint\",\"urlTemplate\":\"https:\/\/www.africa-press.net\/congo-brazzaville\/?s={search_term_string}\"},\"query-input\":{\"@type\":\"PropertyValueSpecification\",\"valueRequired\":true,\"valueName\":\"search_term_string\"}}],\"inLanguage\":\"fr-FR\"},{\"@type\":\"Person\",\"@id\":\"https:\/\/www.africa-press.net\/congo-brazzaville\/#\/schema\/person\/2b1cf3cd81a31e3cd26889ca66d677f1\",\"name\":\"cfeditorfr\"}]}<\/script>\n<!-- \/ Yoast SEO Premium plugin. -->","yoast_head_json":{"title":"Pointe-Noire\/ Kouilou: la Population Appele\u0301e A\u0300 Faire Bon Usage du Nume\u0301ro D\u2019Urgence \u00ab 118 \u00bb - Congo Brazzaville","description":"L\u2019appel a e\u0301te\u0301 lance\u0301 le 5 mars par le commandant de police, Janet wolfang Nsomi, commandant territorial de la se\u0301cu ...","robots":{"index":"index","follow":"follow","max-snippet":"max-snippet:-1","max-image-preview":"max-image-preview:large","max-video-preview":"max-video-preview:-1"},"canonical":"https:\/\/www.africa-press.net\/congo-brazzaville\/toutes-les-actualites\/pointe-noire-kouilou-la-population-appelee-a-faire-bon-usage-du-numero-durgence-118","og_locale":"fr_FR","og_type":"article","og_title":"Pointe-Noire\/ Kouilou: la Population Appele\u0301e A\u0300 Faire Bon Usage du Nume\u0301ro D\u2019Urgence \u00ab 118 \u00bb","og_description":"L\u2019appel a e\u0301te\u0301 lance\u0301 le 5 mars par le commandant de police, Janet wolfang Nsomi, commandant territorial de la se\u0301cu ...","og_url":"https:\/\/www.africa-press.net\/congo-brazzaville\/toutes-les-actualites\/pointe-noire-kouilou-la-population-appelee-a-faire-bon-usage-du-numero-durgence-118","og_site_name":"Congo Brazzaville","article_published_time":"2025-03-05T22:09:16+00:00","article_modified_time":"2025-04-04T04:38:35+00:00","og_image":[{"width":1280,"height":720,"url":"https:\/\/static.africa-press.net\/congo-brazzaville\/sites\/51\/2025\/03\/sm_1741201687.162034.jpg","type":"image\/jpeg"}],"author":"cfeditorfr","twitter_card":"summary_large_image","twitter_misc":{"\u00c9crit par":"cfeditorfr","Dur\u00e9e de lecture estim\u00e9e":"2 minutes"},"schema":{"@context":"https:\/\/schema.org","@graph":[{"@type":"Article","@id":"https:\/\/www.africa-press.net\/congo-brazzaville\/toutes-les-actualites\/pointe-noire-kouilou-la-population-appelee-a-faire-bon-usage-du-numero-durgence-118#article","isPartOf":{"@id":"https:\/\/www.africa-press.net\/congo-brazzaville\/toutes-les-actualites\/pointe-noire-kouilou-la-population-appelee-a-faire-bon-usage-du-numero-durgence-118"},"author":{"name":"cfeditorfr","@id":"https:\/\/www.africa-press.net\/congo-brazzaville\/#\/schema\/person\/2b1cf3cd81a31e3cd26889ca66d677f1"},"headline":"Pointe-Noire\/ Kouilou: la Population Appele\u0301e A\u0300 Faire Bon Usage du Nume\u0301ro D\u2019Urgence \u00ab 118 \u00bb","datePublished":"2025-03-05T22:09:16+00:00","dateModified":"2025-04-04T04:38:35+00:00","mainEntityOfPage":{"@id":"https:\/\/www.africa-press.net\/congo-brazzaville\/toutes-les-actualites\/pointe-noire-kouilou-la-population-appelee-a-faire-bon-usage-du-numero-durgence-118"},"wordCount":493,"commentCount":0,"image":{"@id":"https:\/\/www.africa-press.net\/congo-brazzaville\/toutes-les-actualites\/pointe-noire-kouilou-la-population-appelee-a-faire-bon-usage-du-numero-durgence-118#primaryimage"},"thumbnailUrl":"https:\/\/static.africa-press.net\/congo-brazzaville\/sites\/51\/2025\/03\/sm_1741201687.162034.jpg","keywords":["Congo Brazzaville"],"articleSection":["Communaut\u00e9","Toutes les actualit\u00e9s"],"inLanguage":"fr-FR","potentialAction":[{"@type":"CommentAction","name":"Comment","target":["https:\/\/www.africa-press.net\/congo-brazzaville\/toutes-les-actualites\/pointe-noire-kouilou-la-population-appelee-a-faire-bon-usage-du-numero-durgence-118#respond"]}]},{"@type":"WebPage","@id":"https:\/\/www.africa-press.net\/congo-brazzaville\/toutes-les-actualites\/pointe-noire-kouilou-la-population-appelee-a-faire-bon-usage-du-numero-durgence-118","url":"https:\/\/www.africa-press.net\/congo-brazzaville\/toutes-les-actualites\/pointe-noire-kouilou-la-population-appelee-a-faire-bon-usage-du-numero-durgence-118","name":"Pointe-Noire\/ Kouilou: la Population Appele\u0301e A\u0300 Faire Bon Usage du Nume\u0301ro D\u2019Urgence \u00ab 118 \u00bb - Congo Brazzaville","isPartOf":{"@id":"https:\/\/www.africa-press.net\/congo-brazzaville\/#website"},"primaryImageOfPage":{"@id":"https:\/\/www.africa-press.net\/congo-brazzaville\/toutes-les-actualites\/pointe-noire-kouilou-la-population-appelee-a-faire-bon-usage-du-numero-durgence-118#primaryimage"},"image":{"@id":"https:\/\/www.africa-press.net\/congo-brazzaville\/toutes-les-actualites\/pointe-noire-kouilou-la-population-appelee-a-faire-bon-usage-du-numero-durgence-118#primaryimage"},"thumbnailUrl":"https:\/\/static.africa-press.net\/congo-brazzaville\/sites\/51\/2025\/03\/sm_1741201687.162034.jpg","datePublished":"2025-03-05T22:09:16+00:00","dateModified":"2025-04-04T04:38:35+00:00","author":{"@id":"https:\/\/www.africa-press.net\/congo-brazzaville\/#\/schema\/person\/2b1cf3cd81a31e3cd26889ca66d677f1"},"description":"L\u2019appel a e\u0301te\u0301 lance\u0301 le 5 mars par le commandant de police, Janet wolfang Nsomi, commandant territorial de la se\u0301cu ...","breadcrumb":{"@id":"https:\/\/www.africa-press.net\/congo-brazzaville\/toutes-les-actualites\/pointe-noire-kouilou-la-population-appelee-a-faire-bon-usage-du-numero-durgence-118#breadcrumb"},"inLanguage":"fr-FR","potentialAction":[{"@type":"ReadAction","target":["https:\/\/www.africa-press.net\/congo-brazzaville\/toutes-les-actualites\/pointe-noire-kouilou-la-population-appelee-a-faire-bon-usage-du-numero-durgence-118"]}]},{"@type":"ImageObject","inLanguage":"fr-FR","@id":"https:\/\/www.africa-press.net\/congo-brazzaville\/toutes-les-actualites\/pointe-noire-kouilou-la-population-appelee-a-faire-bon-usage-du-numero-durgence-118#primaryimage","url":"https:\/\/static.africa-press.net\/congo-brazzaville\/sites\/51\/2025\/03\/sm_1741201687.162034.jpg","contentUrl":"https:\/\/static.africa-press.net\/congo-brazzaville\/sites\/51\/2025\/03\/sm_1741201687.162034.jpg","width":1280,"height":720,"caption":"Pointe-Noire\/ Kouilou: la Population Appele\u0301e A\u0300 Faire Bon Usage du Nume\u0301ro D\u2019Urgence \u00ab 118 \u00bb"},{"@type":"BreadcrumbList","@id":"https:\/\/www.africa-press.net\/congo-brazzaville\/toutes-les-actualites\/pointe-noire-kouilou-la-population-appelee-a-faire-bon-usage-du-numero-durgence-118#breadcrumb","itemListElement":[{"@type":"ListItem","position":1,"name":"Accueil","item":"https:\/\/www.africa-press.net\/congo-brazzaville\/"},{"@type":"ListItem","position":2,"name":"Pointe-Noire\/ Kouilou: la Population Appele\u0301e A\u0300 Faire Bon Usage du Nume\u0301ro D\u2019Urgence \u00ab 118 \u00bb"}]},{"@type":"WebSite","@id":"https:\/\/www.africa-press.net\/congo-brazzaville\/#website","url":"https:\/\/www.africa-press.net\/congo-brazzaville\/","name":"Congo Brazzaville","description":"Just another Africa News Agency Sites site","potentialAction":[{"@type":"SearchAction","target":{"@type":"EntryPoint","urlTemplate":"https:\/\/www.africa-press.net\/congo-brazzaville\/?s={search_term_string}"},"query-input":{"@type":"PropertyValueSpecification","valueRequired":true,"valueName":"search_term_string"}}],"inLanguage":"fr-FR"},{"@type":"Person","@id":"https:\/\/www.africa-press.net\/congo-brazzaville\/#\/schema\/person\/2b1cf3cd81a31e3cd26889ca66d677f1","name":"cfeditorfr"}]}},"_links":{"self":[{"href":"https:\/\/www.africa-press.net\/congo-brazzaville\/wp-json\/wp\/v2\/posts\/41406","targetHints":{"allow":["GET"]}}],"collection":[{"href":"https:\/\/www.africa-press.net\/congo-brazzaville\/wp-json\/wp\/v2\/posts"}],"about":[{"href":"https:\/\/www.africa-press.net\/congo-brazzaville\/wp-json\/wp\/v2\/types\/post"}],"author":[{"embeddable":true,"href":"https:\/\/www.africa-press.net\/congo-brazzaville\/wp-json\/wp\/v2\/users\/82"}],"replies":[{"embeddable":true,"href":"https:\/\/www.africa-press.net\/congo-brazzaville\/wp-json\/wp\/v2\/comments?post=41406"}],"version-history":[{"count":0,"href":"https:\/\/www.africa-press.net\/congo-brazzaville\/wp-json\/wp\/v2\/posts\/41406\/revisions"}],"wp:featuredmedia":[{"embeddable":true,"href":"https:\/\/www.africa-press.net\/congo-brazzaville\/wp-json\/wp\/v2\/media\/41405"}],"wp:attachment":[{"href":"https:\/\/www.africa-press.net\/congo-brazzaville\/wp-json\/wp\/v2\/media?parent=41406"}],"wp:term":[{"taxonomy":"category","embeddable":true,"href":"https:\/\/www.africa-press.net\/congo-brazzaville\/wp-json\/wp\/v2\/categories?post=41406"},{"taxonomy":"post_tag","embeddable":true,"href":"https:\/\/www.africa-press.net\/congo-brazzaville\/wp-json\/wp\/v2\/tags?post=41406"}],"curies":[{"name":"wp","href":"https:\/\/api.w.org\/{rel}","templated":true}]}}