{"id":44160,"date":"2025-04-27T18:16:21","date_gmt":"2025-04-27T18:16:21","guid":{"rendered":"https:\/\/www.africa-press.net\/congo-brazzaville\/politique\/prevention-des-risques-professionnels-a-pointe-noire"},"modified":"2025-04-27T18:52:36","modified_gmt":"2025-04-27T18:52:36","slug":"prevention-des-risques-professionnels-a-pointe-noire","status":"publish","type":"post","link":"https:\/\/www.africa-press.net\/congo-brazzaville\/toutes-les-actualites\/prevention-des-risques-professionnels-a-pointe-noire","title":{"rendered":"Pr\u00e9vention des Risques Professionnels \u00e0 Pointe-Noire"},"content":{"rendered":"<p><span style=\"color: #ff6600\"><strong>Africa-Press &#8211; Congo Brazzaville. <\/strong><\/span><b>La direction ge\u0301ne\u0301rale du Travail a organise\u0301, le 25 avril dans la ville oce\u0301ane, a\u0300 la faveur de la Journe\u0301e mondiale de la se\u0301curite\u0301 au travail, un atelier spe\u0301cial pour e\u0301difier les travailleurs dans les secteurs public et prive\u0301, sur la pre\u0301vention des risques professionnels au sein de l\u2019entreprise.<\/b><\/p>\n<p>La formation pre\u0301side\u0301e par le directeur du travail, Joseph Akondzo Nguiambo, s\u2019est tenue sur le the\u0300me \u00ab Pre\u0301venir les risques professionnels dans l\u2019entreprise \u00bb. Plusieurs participants, essentiellement des repre\u0301sentants des socie\u0301te\u0301s publiques et prive\u0301es, ont participe\u0301 a\u0300 l&rsquo;atelier de formation anime\u0301 par des experts en la matie\u0300re.<\/p>\n<p>Les participants ont ainsi renforce\u0301 leurs compe\u0301tences professionnelles en matie\u0300re de pre\u0301vention des risques dans leurs entreprises respectives. Ils ont e\u0301te\u0301 notamment e\u0301difie\u0301s sur l&rsquo;ensemble des dispositions professionnelles a\u0300 mettre en \u0153uvre au sein de leurs structures. L\u2019objectif de la formation ayant e\u0301te\u0301 de garantir la se\u0301curite\u0301 des salarie\u0301s, de pre\u0301server leur sante\u0301, de re\u0301duire les risques dans leur milieux professionnels en ame\u0301liorant les conditions de travail, conforme\u0301ment a\u0300 la loi en la matie\u0300re.<\/p>\n<p>Unanimement satisfaits de la tenue de cette formation, les participants ont exprime\u0301 leur gratitude au directeur ge\u0301ne\u0301ral du Travail pour l&rsquo;avoir organise\u0301e et souhaite\u0301 que l\u2019initiative soit pe\u0301renne afin de permettre aux travailleurs d\u2019acque\u0301rir des connaissances basiques leur permettant de garantir leur propre se\u0301curite\u0301 dans leurs milieux professionnels.<\/p>\n<p>Apre\u0300s avoir recueilli les attentes des participants, le directeur ge\u0301ne\u0301ral du Travail, Joseph Akondzo Nguiambo, les a exhorte\u0301s a\u0300 mettre en pratique les connaissances acquises.<\/p>\n<p><strong>Pour plus d&rsquo;informations et d&rsquo;analyses sur la <span style=\"color: #ff6600\">Congo Brazzaville<\/span>, suivez <span style=\"color: #ff6600\">Africa-Press<\/span><\/strong><\/p>\n","protected":false},"excerpt":{"rendered":"<p>Africa-Press &#8211; Congo Brazzaville. La direction ge\u0301ne\u0301rale du Travail a organise\u0301, le 25 avril dans la ville oce\u0301ane, a\u0300 la faveur de la Journe\u0301e mondiale de la se\u0301curite\u0301 au travail, un atelier spe\u0301cial pour e\u0301difier les travailleurs dans les secteurs public et prive\u0301, sur la pre\u0301vention des risques professionnels au sein de l\u2019entreprise. La formation [&hellip;]<\/p>\n","protected":false},"author":82,"featured_media":44159,"comment_status":"open","ping_status":"closed","sticky":false,"template":"","format":"standard","meta":{"footnotes":""},"categories":[21,10],"tags":[46],"class_list":["post-44160","post","type-post","status-publish","format-standard","has-post-thumbnail","hentry","category-communaute","category-toutes-les-actualites","tag-congo-brazzaville"],"yoast_head":"<!-- This site is optimized with the Yoast SEO Premium plugin v26.1 (Yoast SEO v27.0) - https:\/\/yoast.com\/product\/yoast-seo-premium-wordpress\/ -->\n<title>Pr\u00e9vention des Risques Professionnels \u00e0 Pointe-Noire - Congo Brazzaville<\/title>\n<meta name=\"description\" content=\"La direction ge\u0301ne\u0301rale du Travail a organise\u0301, le 25 avril dans la ville oce\u0301ane, a\u0300 la faveur de la Journe\u0301e mondia ...\" \/>\n<meta name=\"robots\" content=\"index, follow, max-snippet:-1, max-image-preview:large, max-video-preview:-1\" \/>\n<link rel=\"canonical\" href=\"https:\/\/www.africa-press.net\/congo-brazzaville\/toutes-les-actualites\/prevention-des-risques-professionnels-a-pointe-noire\" \/>\n<meta property=\"og:locale\" content=\"fr_FR\" \/>\n<meta property=\"og:type\" content=\"article\" \/>\n<meta property=\"og:title\" content=\"Pr\u00e9vention des Risques Professionnels \u00e0 Pointe-Noire\" \/>\n<meta property=\"og:description\" content=\"La direction ge\u0301ne\u0301rale du Travail a organise\u0301, le 25 avril dans la ville oce\u0301ane, a\u0300 la faveur de la Journe\u0301e mondia ...\" \/>\n<meta property=\"og:url\" content=\"https:\/\/www.africa-press.net\/congo-brazzaville\/toutes-les-actualites\/prevention-des-risques-professionnels-a-pointe-noire\" \/>\n<meta property=\"og:site_name\" content=\"Congo Brazzaville\" \/>\n<meta property=\"article:published_time\" content=\"2025-04-27T18:16:21+00:00\" \/>\n<meta property=\"article:modified_time\" content=\"2025-04-27T18:52:36+00:00\" \/>\n<meta property=\"og:image\" content=\"https:\/\/static.africa-press.net\/congo-brazzaville\/sites\/51\/2025\/04\/sm_1745767164.446054.jpg\" \/>\n\t<meta property=\"og:image:width\" content=\"1365\" \/>\n\t<meta property=\"og:image:height\" content=\"768\" \/>\n\t<meta property=\"og:image:type\" content=\"image\/jpeg\" \/>\n<meta name=\"author\" content=\"cfeditorfr\" \/>\n<meta name=\"twitter:card\" content=\"summary_large_image\" \/>\n<meta name=\"twitter:label1\" content=\"\u00c9crit par\" \/>\n\t<meta name=\"twitter:data1\" content=\"cfeditorfr\" \/>\n\t<meta name=\"twitter:label2\" content=\"Dur\u00e9e de lecture estim\u00e9e\" \/>\n\t<meta name=\"twitter:data2\" content=\"2 minutes\" \/>\n<script type=\"application\/ld+json\" class=\"yoast-schema-graph\">{\"@context\":\"https:\/\/schema.org\",\"@graph\":[{\"@type\":\"Article\",\"@id\":\"https:\/\/www.africa-press.net\/congo-brazzaville\/toutes-les-actualites\/prevention-des-risques-professionnels-a-pointe-noire#article\",\"isPartOf\":{\"@id\":\"https:\/\/www.africa-press.net\/congo-brazzaville\/toutes-les-actualites\/prevention-des-risques-professionnels-a-pointe-noire\"},\"author\":{\"name\":\"cfeditorfr\",\"@id\":\"https:\/\/www.africa-press.net\/congo-brazzaville\/#\/schema\/person\/2b1cf3cd81a31e3cd26889ca66d677f1\"},\"headline\":\"Pr\u00e9vention des Risques Professionnels \u00e0 Pointe-Noire\",\"datePublished\":\"2025-04-27T18:16:21+00:00\",\"dateModified\":\"2025-04-27T18:52:36+00:00\",\"mainEntityOfPage\":{\"@id\":\"https:\/\/www.africa-press.net\/congo-brazzaville\/toutes-les-actualites\/prevention-des-risques-professionnels-a-pointe-noire\"},\"wordCount\":313,\"commentCount\":0,\"image\":{\"@id\":\"https:\/\/www.africa-press.net\/congo-brazzaville\/toutes-les-actualites\/prevention-des-risques-professionnels-a-pointe-noire#primaryimage\"},\"thumbnailUrl\":\"https:\/\/static.africa-press.net\/congo-brazzaville\/sites\/51\/2025\/04\/sm_1745767164.446054.jpg\",\"keywords\":[\"Congo Brazzaville\"],\"articleSection\":[\"Communaut\u00e9\",\"Toutes les actualit\u00e9s\"],\"inLanguage\":\"fr-FR\",\"potentialAction\":[{\"@type\":\"CommentAction\",\"name\":\"Comment\",\"target\":[\"https:\/\/www.africa-press.net\/congo-brazzaville\/toutes-les-actualites\/prevention-des-risques-professionnels-a-pointe-noire#respond\"]}]},{\"@type\":\"WebPage\",\"@id\":\"https:\/\/www.africa-press.net\/congo-brazzaville\/toutes-les-actualites\/prevention-des-risques-professionnels-a-pointe-noire\",\"url\":\"https:\/\/www.africa-press.net\/congo-brazzaville\/toutes-les-actualites\/prevention-des-risques-professionnels-a-pointe-noire\",\"name\":\"Pr\u00e9vention des Risques Professionnels \u00e0 Pointe-Noire - Congo Brazzaville\",\"isPartOf\":{\"@id\":\"https:\/\/www.africa-press.net\/congo-brazzaville\/#website\"},\"primaryImageOfPage\":{\"@id\":\"https:\/\/www.africa-press.net\/congo-brazzaville\/toutes-les-actualites\/prevention-des-risques-professionnels-a-pointe-noire#primaryimage\"},\"image\":{\"@id\":\"https:\/\/www.africa-press.net\/congo-brazzaville\/toutes-les-actualites\/prevention-des-risques-professionnels-a-pointe-noire#primaryimage\"},\"thumbnailUrl\":\"https:\/\/static.africa-press.net\/congo-brazzaville\/sites\/51\/2025\/04\/sm_1745767164.446054.jpg\",\"datePublished\":\"2025-04-27T18:16:21+00:00\",\"dateModified\":\"2025-04-27T18:52:36+00:00\",\"author\":{\"@id\":\"https:\/\/www.africa-press.net\/congo-brazzaville\/#\/schema\/person\/2b1cf3cd81a31e3cd26889ca66d677f1\"},\"description\":\"La direction ge\u0301ne\u0301rale du Travail a organise\u0301, le 25 avril dans la ville oce\u0301ane, a\u0300 la faveur de la Journe\u0301e mondia ...\",\"breadcrumb\":{\"@id\":\"https:\/\/www.africa-press.net\/congo-brazzaville\/toutes-les-actualites\/prevention-des-risques-professionnels-a-pointe-noire#breadcrumb\"},\"inLanguage\":\"fr-FR\",\"potentialAction\":[{\"@type\":\"ReadAction\",\"target\":[\"https:\/\/www.africa-press.net\/congo-brazzaville\/toutes-les-actualites\/prevention-des-risques-professionnels-a-pointe-noire\"]}]},{\"@type\":\"ImageObject\",\"inLanguage\":\"fr-FR\",\"@id\":\"https:\/\/www.africa-press.net\/congo-brazzaville\/toutes-les-actualites\/prevention-des-risques-professionnels-a-pointe-noire#primaryimage\",\"url\":\"https:\/\/static.africa-press.net\/congo-brazzaville\/sites\/51\/2025\/04\/sm_1745767164.446054.jpg\",\"contentUrl\":\"https:\/\/static.africa-press.net\/congo-brazzaville\/sites\/51\/2025\/04\/sm_1745767164.446054.jpg\",\"width\":1365,\"height\":768,\"caption\":\"Pr\u00e9vention des Risques Professionnels \u00e0 Pointe-Noire\"},{\"@type\":\"BreadcrumbList\",\"@id\":\"https:\/\/www.africa-press.net\/congo-brazzaville\/toutes-les-actualites\/prevention-des-risques-professionnels-a-pointe-noire#breadcrumb\",\"itemListElement\":[{\"@type\":\"ListItem\",\"position\":1,\"name\":\"Accueil\",\"item\":\"https:\/\/www.africa-press.net\/congo-brazzaville\/\"},{\"@type\":\"ListItem\",\"position\":2,\"name\":\"Pr\u00e9vention des Risques Professionnels \u00e0 Pointe-Noire\"}]},{\"@type\":\"WebSite\",\"@id\":\"https:\/\/www.africa-press.net\/congo-brazzaville\/#website\",\"url\":\"https:\/\/www.africa-press.net\/congo-brazzaville\/\",\"name\":\"Congo Brazzaville\",\"description\":\"Just another Africa News Agency Sites site\",\"potentialAction\":[{\"@type\":\"SearchAction\",\"target\":{\"@type\":\"EntryPoint\",\"urlTemplate\":\"https:\/\/www.africa-press.net\/congo-brazzaville\/?s={search_term_string}\"},\"query-input\":{\"@type\":\"PropertyValueSpecification\",\"valueRequired\":true,\"valueName\":\"search_term_string\"}}],\"inLanguage\":\"fr-FR\"},{\"@type\":\"Person\",\"@id\":\"https:\/\/www.africa-press.net\/congo-brazzaville\/#\/schema\/person\/2b1cf3cd81a31e3cd26889ca66d677f1\",\"name\":\"cfeditorfr\"}]}<\/script>\n<!-- \/ Yoast SEO Premium plugin. -->","yoast_head_json":{"title":"Pr\u00e9vention des Risques Professionnels \u00e0 Pointe-Noire - Congo Brazzaville","description":"La direction ge\u0301ne\u0301rale du Travail a organise\u0301, le 25 avril dans la ville oce\u0301ane, a\u0300 la faveur de la Journe\u0301e mondia ...","robots":{"index":"index","follow":"follow","max-snippet":"max-snippet:-1","max-image-preview":"max-image-preview:large","max-video-preview":"max-video-preview:-1"},"canonical":"https:\/\/www.africa-press.net\/congo-brazzaville\/toutes-les-actualites\/prevention-des-risques-professionnels-a-pointe-noire","og_locale":"fr_FR","og_type":"article","og_title":"Pr\u00e9vention des Risques Professionnels \u00e0 Pointe-Noire","og_description":"La direction ge\u0301ne\u0301rale du Travail a organise\u0301, le 25 avril dans la ville oce\u0301ane, a\u0300 la faveur de la Journe\u0301e mondia ...","og_url":"https:\/\/www.africa-press.net\/congo-brazzaville\/toutes-les-actualites\/prevention-des-risques-professionnels-a-pointe-noire","og_site_name":"Congo Brazzaville","article_published_time":"2025-04-27T18:16:21+00:00","article_modified_time":"2025-04-27T18:52:36+00:00","og_image":[{"width":1365,"height":768,"url":"https:\/\/static.africa-press.net\/congo-brazzaville\/sites\/51\/2025\/04\/sm_1745767164.446054.jpg","type":"image\/jpeg"}],"author":"cfeditorfr","twitter_card":"summary_large_image","twitter_misc":{"\u00c9crit par":"cfeditorfr","Dur\u00e9e de lecture estim\u00e9e":"2 minutes"},"schema":{"@context":"https:\/\/schema.org","@graph":[{"@type":"Article","@id":"https:\/\/www.africa-press.net\/congo-brazzaville\/toutes-les-actualites\/prevention-des-risques-professionnels-a-pointe-noire#article","isPartOf":{"@id":"https:\/\/www.africa-press.net\/congo-brazzaville\/toutes-les-actualites\/prevention-des-risques-professionnels-a-pointe-noire"},"author":{"name":"cfeditorfr","@id":"https:\/\/www.africa-press.net\/congo-brazzaville\/#\/schema\/person\/2b1cf3cd81a31e3cd26889ca66d677f1"},"headline":"Pr\u00e9vention des Risques Professionnels \u00e0 Pointe-Noire","datePublished":"2025-04-27T18:16:21+00:00","dateModified":"2025-04-27T18:52:36+00:00","mainEntityOfPage":{"@id":"https:\/\/www.africa-press.net\/congo-brazzaville\/toutes-les-actualites\/prevention-des-risques-professionnels-a-pointe-noire"},"wordCount":313,"commentCount":0,"image":{"@id":"https:\/\/www.africa-press.net\/congo-brazzaville\/toutes-les-actualites\/prevention-des-risques-professionnels-a-pointe-noire#primaryimage"},"thumbnailUrl":"https:\/\/static.africa-press.net\/congo-brazzaville\/sites\/51\/2025\/04\/sm_1745767164.446054.jpg","keywords":["Congo Brazzaville"],"articleSection":["Communaut\u00e9","Toutes les actualit\u00e9s"],"inLanguage":"fr-FR","potentialAction":[{"@type":"CommentAction","name":"Comment","target":["https:\/\/www.africa-press.net\/congo-brazzaville\/toutes-les-actualites\/prevention-des-risques-professionnels-a-pointe-noire#respond"]}]},{"@type":"WebPage","@id":"https:\/\/www.africa-press.net\/congo-brazzaville\/toutes-les-actualites\/prevention-des-risques-professionnels-a-pointe-noire","url":"https:\/\/www.africa-press.net\/congo-brazzaville\/toutes-les-actualites\/prevention-des-risques-professionnels-a-pointe-noire","name":"Pr\u00e9vention des Risques Professionnels \u00e0 Pointe-Noire - Congo Brazzaville","isPartOf":{"@id":"https:\/\/www.africa-press.net\/congo-brazzaville\/#website"},"primaryImageOfPage":{"@id":"https:\/\/www.africa-press.net\/congo-brazzaville\/toutes-les-actualites\/prevention-des-risques-professionnels-a-pointe-noire#primaryimage"},"image":{"@id":"https:\/\/www.africa-press.net\/congo-brazzaville\/toutes-les-actualites\/prevention-des-risques-professionnels-a-pointe-noire#primaryimage"},"thumbnailUrl":"https:\/\/static.africa-press.net\/congo-brazzaville\/sites\/51\/2025\/04\/sm_1745767164.446054.jpg","datePublished":"2025-04-27T18:16:21+00:00","dateModified":"2025-04-27T18:52:36+00:00","author":{"@id":"https:\/\/www.africa-press.net\/congo-brazzaville\/#\/schema\/person\/2b1cf3cd81a31e3cd26889ca66d677f1"},"description":"La direction ge\u0301ne\u0301rale du Travail a organise\u0301, le 25 avril dans la ville oce\u0301ane, a\u0300 la faveur de la Journe\u0301e mondia ...","breadcrumb":{"@id":"https:\/\/www.africa-press.net\/congo-brazzaville\/toutes-les-actualites\/prevention-des-risques-professionnels-a-pointe-noire#breadcrumb"},"inLanguage":"fr-FR","potentialAction":[{"@type":"ReadAction","target":["https:\/\/www.africa-press.net\/congo-brazzaville\/toutes-les-actualites\/prevention-des-risques-professionnels-a-pointe-noire"]}]},{"@type":"ImageObject","inLanguage":"fr-FR","@id":"https:\/\/www.africa-press.net\/congo-brazzaville\/toutes-les-actualites\/prevention-des-risques-professionnels-a-pointe-noire#primaryimage","url":"https:\/\/static.africa-press.net\/congo-brazzaville\/sites\/51\/2025\/04\/sm_1745767164.446054.jpg","contentUrl":"https:\/\/static.africa-press.net\/congo-brazzaville\/sites\/51\/2025\/04\/sm_1745767164.446054.jpg","width":1365,"height":768,"caption":"Pr\u00e9vention des Risques Professionnels \u00e0 Pointe-Noire"},{"@type":"BreadcrumbList","@id":"https:\/\/www.africa-press.net\/congo-brazzaville\/toutes-les-actualites\/prevention-des-risques-professionnels-a-pointe-noire#breadcrumb","itemListElement":[{"@type":"ListItem","position":1,"name":"Accueil","item":"https:\/\/www.africa-press.net\/congo-brazzaville\/"},{"@type":"ListItem","position":2,"name":"Pr\u00e9vention des Risques Professionnels \u00e0 Pointe-Noire"}]},{"@type":"WebSite","@id":"https:\/\/www.africa-press.net\/congo-brazzaville\/#website","url":"https:\/\/www.africa-press.net\/congo-brazzaville\/","name":"Congo Brazzaville","description":"Just another Africa News Agency Sites site","potentialAction":[{"@type":"SearchAction","target":{"@type":"EntryPoint","urlTemplate":"https:\/\/www.africa-press.net\/congo-brazzaville\/?s={search_term_string}"},"query-input":{"@type":"PropertyValueSpecification","valueRequired":true,"valueName":"search_term_string"}}],"inLanguage":"fr-FR"},{"@type":"Person","@id":"https:\/\/www.africa-press.net\/congo-brazzaville\/#\/schema\/person\/2b1cf3cd81a31e3cd26889ca66d677f1","name":"cfeditorfr"}]}},"_links":{"self":[{"href":"https:\/\/www.africa-press.net\/congo-brazzaville\/wp-json\/wp\/v2\/posts\/44160","targetHints":{"allow":["GET"]}}],"collection":[{"href":"https:\/\/www.africa-press.net\/congo-brazzaville\/wp-json\/wp\/v2\/posts"}],"about":[{"href":"https:\/\/www.africa-press.net\/congo-brazzaville\/wp-json\/wp\/v2\/types\/post"}],"author":[{"embeddable":true,"href":"https:\/\/www.africa-press.net\/congo-brazzaville\/wp-json\/wp\/v2\/users\/82"}],"replies":[{"embeddable":true,"href":"https:\/\/www.africa-press.net\/congo-brazzaville\/wp-json\/wp\/v2\/comments?post=44160"}],"version-history":[{"count":0,"href":"https:\/\/www.africa-press.net\/congo-brazzaville\/wp-json\/wp\/v2\/posts\/44160\/revisions"}],"wp:featuredmedia":[{"embeddable":true,"href":"https:\/\/www.africa-press.net\/congo-brazzaville\/wp-json\/wp\/v2\/media\/44159"}],"wp:attachment":[{"href":"https:\/\/www.africa-press.net\/congo-brazzaville\/wp-json\/wp\/v2\/media?parent=44160"}],"wp:term":[{"taxonomy":"category","embeddable":true,"href":"https:\/\/www.africa-press.net\/congo-brazzaville\/wp-json\/wp\/v2\/categories?post=44160"},{"taxonomy":"post_tag","embeddable":true,"href":"https:\/\/www.africa-press.net\/congo-brazzaville\/wp-json\/wp\/v2\/tags?post=44160"}],"curies":[{"name":"wp","href":"https:\/\/api.w.org\/{rel}","templated":true}]}}