{"id":4791,"date":"2022-05-25T17:08:06","date_gmt":"2022-05-25T17:08:06","guid":{"rendered":"https:\/\/www.africa-press.net\/congo-brazzaville\/politique\/rdc-le-gouvernement-a-lance-loperation-didentification-biometrique-des-agents-du-secteur-public"},"modified":"2022-05-25T17:39:52","modified_gmt":"2022-05-25T17:39:52","slug":"rdc-le-gouvernement-a-lance-loperation-didentification-biometrique-des-agents-du-secteur-public","status":"publish","type":"post","link":"https:\/\/www.africa-press.net\/congo-brazzaville\/politique\/rdc-le-gouvernement-a-lance-loperation-didentification-biometrique-des-agents-du-secteur-public","title":{"rendered":"RDC : le Gouvernement a lanc\u00e9 l\u2019op\u00e9ration d\u2019identification biom\u00e9trique des agents du secteur public"},"content":{"rendered":"<p><span style=\"color: #ff6600\"><strong>Africa-Press &#8211; Congo Brazzaville. <\/strong><\/span>Le Premier Ministre congolais, Jean-Michel Sama Lukonde, a proc\u00e9d\u00e9, le lundi 24 mai 2022, au lancement, \u00e0 Kinshasa, de l\u2019op\u00e9ration d\u2019identification biom\u00e9trique des agents certifi\u00e9s r\u00e9guliers des services centraux dans le Fichier de r\u00e9f\u00e9rence de l\u2019Administration publique (FAP).Pour le Premier Ministre congolais, la modernisation de la Fonction publique de la R\u00e9publique D\u00e9mocratique du Congo passe n\u00e9cessairement par la num\u00e9risation de tous les agents du secteur public.<\/p>\n<p>D\u2019apr\u00e8s le Premier Ministre Sama Lukonde, ce travail qui s\u2019effectuera sur l\u2019ensemble du territoire national va favoriser une meilleure gestion de l\u2019Administration publique et accro\u00eetre aussi ainsi les recettes publiques.<\/p>\n<p>\u00ab Toute la structure de l\u2019Etat repose sur la Fonction publique. Comme vous le savez, dans tout le processus de num\u00e9risation et de digitalisation, il y aura au bout du compte ce num\u00e9ro unique, cet identifiant unique, cette mutualisation que nous voulons afin de faire des \u00e9conomies au pays afin de maximiser des recettes. \u00bb, a-t-il conclu.<\/p>\n<p>A titre symbolique, le Premier Ministre, Jean-Michel Sama Lukonde, a remis la carte d\u2019identification \u00e0 deux Secr\u00e9taires g\u00e9n\u00e9raux de l\u2019Administration publique avant de proc\u00e9der \u00e0 la visite des bureaux qui abritent les services d\u2019identification biom\u00e9trique des agents.<\/p>\n<p>Le Vice-Premier Ministre, Ministre de la Fonction publique, modernisation de l\u2019administration et innovation du service public, Jean-Pierre Lihau, a, au cours d\u2019un briefing organis\u00e9 par le Ministre de la Communication et M\u00e9dias, Patrick Muyaya, avait fait savoir que la RDC compte plus de 1 450 000 fonctionnaires de l\u2019Etat, avec un nombre important des agents fictifs.<\/p>\n<p>A l\u2019en croire, 350 000 agents de l\u2019Administration publique sont \u00e9ligibles \u00e0 la retraite.<\/p>\n<p>Ainsi, la modernisation de l\u2019Administration publique passe aussi et surtout par le rajeunissement de son personnel pour un rendement meilleur.<\/p>\n<p>Mitterrand MASAMUNA<\/p>\n<p><strong>Pour plus d&rsquo;informations et d&rsquo;analyses sur la <a href=\"https:\/\/www.africa-press.net\/congo-brazzaville\">Congo Brazzaville<\/a>, suivez <a href=\"https:\/\/www.africa-press.net\/\">Africa-Press<\/a><\/strong><\/p>\n","protected":false},"excerpt":{"rendered":"<p>Africa-Press &#8211; Congo Brazzaville. Le Premier Ministre congolais, Jean-Michel Sama Lukonde, a proc\u00e9d\u00e9, le lundi 24 mai 2022, au lancement, \u00e0 Kinshasa, de l\u2019op\u00e9ration d\u2019identification biom\u00e9trique des agents certifi\u00e9s r\u00e9guliers des services centraux dans le Fichier de r\u00e9f\u00e9rence de l\u2019Administration publique (FAP).Pour le Premier Ministre congolais, la modernisation de la Fonction publique de la R\u00e9publique [&hellip;]<\/p>\n","protected":false},"author":82,"featured_media":4790,"comment_status":"open","ping_status":"closed","sticky":false,"template":"","format":"standard","meta":{"footnotes":""},"categories":[11,2,10],"tags":[36,47,46],"class_list":["post-4791","post","type-post","status-publish","format-standard","has-post-thumbnail","hentry","category-homepage-french","category-politique","category-toutes-les-actualites","tag-africa-press","tag-africa-press-congo-brazzaville","tag-congo-brazzaville"],"yoast_head":"<!-- This site is optimized with the Yoast SEO Premium plugin v26.1 (Yoast SEO v27.0) - https:\/\/yoast.com\/product\/yoast-seo-premium-wordpress\/ -->\n<title>RDC : le Gouvernement a lanc\u00e9 l\u2019op\u00e9ration d\u2019identification biom\u00e9trique des agents du secteur public - Congo Brazzaville<\/title>\n<meta name=\"description\" content=\"Le Premier Ministre congolais, Jean-Michel Sama Lukonde, a proc\u00e9d\u00e9, le lundi 24 mai 2022, au lancement, \u00e0 Kinshasa, de l ...\" \/>\n<meta name=\"robots\" content=\"index, follow, max-snippet:-1, max-image-preview:large, max-video-preview:-1\" \/>\n<link rel=\"canonical\" href=\"https:\/\/www.africa-press.net\/congo-brazzaville\/politique\/rdc-le-gouvernement-a-lance-loperation-didentification-biometrique-des-agents-du-secteur-public\" \/>\n<meta property=\"og:locale\" content=\"fr_FR\" \/>\n<meta property=\"og:type\" content=\"article\" \/>\n<meta property=\"og:title\" content=\"RDC : le Gouvernement a lanc\u00e9 l\u2019op\u00e9ration d\u2019identification biom\u00e9trique des agents du secteur public\" \/>\n<meta property=\"og:description\" content=\"Le Premier Ministre congolais, Jean-Michel Sama Lukonde, a proc\u00e9d\u00e9, le lundi 24 mai 2022, au lancement, \u00e0 Kinshasa, de l ...\" \/>\n<meta property=\"og:url\" content=\"https:\/\/www.africa-press.net\/congo-brazzaville\/politique\/rdc-le-gouvernement-a-lance-loperation-didentification-biometrique-des-agents-du-secteur-public\" \/>\n<meta property=\"og:site_name\" content=\"Congo Brazzaville\" \/>\n<meta property=\"article:published_time\" content=\"2022-05-25T17:08:06+00:00\" \/>\n<meta property=\"article:modified_time\" content=\"2022-05-25T17:39:52+00:00\" \/>\n<meta property=\"og:image\" content=\"https:\/\/static.africa-press.net\/congo-brazzaville\/sites\/51\/2022\/05\/postQueueImg_31-628e69cf36d64.jpg\" \/>\n\t<meta property=\"og:image:width\" content=\"885\" \/>\n\t<meta property=\"og:image:height\" content=\"600\" \/>\n\t<meta property=\"og:image:type\" content=\"image\/jpeg\" \/>\n<meta name=\"author\" content=\"cfeditorfr\" \/>\n<meta name=\"twitter:card\" content=\"summary_large_image\" \/>\n<meta name=\"twitter:label1\" content=\"\u00c9crit par\" \/>\n\t<meta name=\"twitter:data1\" content=\"cfeditorfr\" \/>\n\t<meta name=\"twitter:label2\" content=\"Dur\u00e9e de lecture estim\u00e9e\" \/>\n\t<meta name=\"twitter:data2\" content=\"2 minutes\" \/>\n<script type=\"application\/ld+json\" class=\"yoast-schema-graph\">{\"@context\":\"https:\/\/schema.org\",\"@graph\":[{\"@type\":\"Article\",\"@id\":\"https:\/\/www.africa-press.net\/congo-brazzaville\/politique\/rdc-le-gouvernement-a-lance-loperation-didentification-biometrique-des-agents-du-secteur-public#article\",\"isPartOf\":{\"@id\":\"https:\/\/www.africa-press.net\/congo-brazzaville\/politique\/rdc-le-gouvernement-a-lance-loperation-didentification-biometrique-des-agents-du-secteur-public\"},\"author\":{\"name\":\"cfeditorfr\",\"@id\":\"https:\/\/www.africa-press.net\/congo-brazzaville\/#\/schema\/person\/2b1cf3cd81a31e3cd26889ca66d677f1\"},\"headline\":\"RDC : le Gouvernement a lanc\u00e9 l\u2019op\u00e9ration d\u2019identification biom\u00e9trique des agents du secteur public\",\"datePublished\":\"2022-05-25T17:08:06+00:00\",\"dateModified\":\"2022-05-25T17:39:52+00:00\",\"mainEntityOfPage\":{\"@id\":\"https:\/\/www.africa-press.net\/congo-brazzaville\/politique\/rdc-le-gouvernement-a-lance-loperation-didentification-biometrique-des-agents-du-secteur-public\"},\"wordCount\":342,\"commentCount\":0,\"image\":{\"@id\":\"https:\/\/www.africa-press.net\/congo-brazzaville\/politique\/rdc-le-gouvernement-a-lance-loperation-didentification-biometrique-des-agents-du-secteur-public#primaryimage\"},\"thumbnailUrl\":\"https:\/\/static.africa-press.net\/congo-brazzaville\/sites\/51\/2022\/05\/postQueueImg_31-628e69cf36d64.jpg\",\"keywords\":[\"Africa Press\",\"Africa Press-Congo Brazzaville\",\"Congo Brazzaville\"],\"articleSection\":[\"homepage-french\",\"Politique\",\"Toutes les actualit\u00e9s\"],\"inLanguage\":\"fr-FR\",\"potentialAction\":[{\"@type\":\"CommentAction\",\"name\":\"Comment\",\"target\":[\"https:\/\/www.africa-press.net\/congo-brazzaville\/politique\/rdc-le-gouvernement-a-lance-loperation-didentification-biometrique-des-agents-du-secteur-public#respond\"]}]},{\"@type\":\"WebPage\",\"@id\":\"https:\/\/www.africa-press.net\/congo-brazzaville\/politique\/rdc-le-gouvernement-a-lance-loperation-didentification-biometrique-des-agents-du-secteur-public\",\"url\":\"https:\/\/www.africa-press.net\/congo-brazzaville\/politique\/rdc-le-gouvernement-a-lance-loperation-didentification-biometrique-des-agents-du-secteur-public\",\"name\":\"RDC : le Gouvernement a lanc\u00e9 l\u2019op\u00e9ration d\u2019identification biom\u00e9trique des agents du secteur public - Congo Brazzaville\",\"isPartOf\":{\"@id\":\"https:\/\/www.africa-press.net\/congo-brazzaville\/#website\"},\"primaryImageOfPage\":{\"@id\":\"https:\/\/www.africa-press.net\/congo-brazzaville\/politique\/rdc-le-gouvernement-a-lance-loperation-didentification-biometrique-des-agents-du-secteur-public#primaryimage\"},\"image\":{\"@id\":\"https:\/\/www.africa-press.net\/congo-brazzaville\/politique\/rdc-le-gouvernement-a-lance-loperation-didentification-biometrique-des-agents-du-secteur-public#primaryimage\"},\"thumbnailUrl\":\"https:\/\/static.africa-press.net\/congo-brazzaville\/sites\/51\/2022\/05\/postQueueImg_31-628e69cf36d64.jpg\",\"datePublished\":\"2022-05-25T17:08:06+00:00\",\"dateModified\":\"2022-05-25T17:39:52+00:00\",\"author\":{\"@id\":\"https:\/\/www.africa-press.net\/congo-brazzaville\/#\/schema\/person\/2b1cf3cd81a31e3cd26889ca66d677f1\"},\"description\":\"Le Premier Ministre congolais, Jean-Michel Sama Lukonde, a proc\u00e9d\u00e9, le lundi 24 mai 2022, au lancement, \u00e0 Kinshasa, de l ...\",\"breadcrumb\":{\"@id\":\"https:\/\/www.africa-press.net\/congo-brazzaville\/politique\/rdc-le-gouvernement-a-lance-loperation-didentification-biometrique-des-agents-du-secteur-public#breadcrumb\"},\"inLanguage\":\"fr-FR\",\"potentialAction\":[{\"@type\":\"ReadAction\",\"target\":[\"https:\/\/www.africa-press.net\/congo-brazzaville\/politique\/rdc-le-gouvernement-a-lance-loperation-didentification-biometrique-des-agents-du-secteur-public\"]}]},{\"@type\":\"ImageObject\",\"inLanguage\":\"fr-FR\",\"@id\":\"https:\/\/www.africa-press.net\/congo-brazzaville\/politique\/rdc-le-gouvernement-a-lance-loperation-didentification-biometrique-des-agents-du-secteur-public#primaryimage\",\"url\":\"https:\/\/static.africa-press.net\/congo-brazzaville\/sites\/51\/2022\/05\/postQueueImg_31-628e69cf36d64.jpg\",\"contentUrl\":\"https:\/\/static.africa-press.net\/congo-brazzaville\/sites\/51\/2022\/05\/postQueueImg_31-628e69cf36d64.jpg\",\"width\":885,\"height\":600,\"caption\":\"RDC : le Gouvernement a lanc\u00e9 l\u2019op\u00e9ration d\u2019identification biom\u00e9trique des agents du secteur public\"},{\"@type\":\"BreadcrumbList\",\"@id\":\"https:\/\/www.africa-press.net\/congo-brazzaville\/politique\/rdc-le-gouvernement-a-lance-loperation-didentification-biometrique-des-agents-du-secteur-public#breadcrumb\",\"itemListElement\":[{\"@type\":\"ListItem\",\"position\":1,\"name\":\"Accueil\",\"item\":\"https:\/\/www.africa-press.net\/congo-brazzaville\/\"},{\"@type\":\"ListItem\",\"position\":2,\"name\":\"RDC : le Gouvernement a lanc\u00e9 l\u2019op\u00e9ration d\u2019identification biom\u00e9trique des agents du secteur public\"}]},{\"@type\":\"WebSite\",\"@id\":\"https:\/\/www.africa-press.net\/congo-brazzaville\/#website\",\"url\":\"https:\/\/www.africa-press.net\/congo-brazzaville\/\",\"name\":\"Congo Brazzaville\",\"description\":\"Just another Africa News Agency Sites site\",\"potentialAction\":[{\"@type\":\"SearchAction\",\"target\":{\"@type\":\"EntryPoint\",\"urlTemplate\":\"https:\/\/www.africa-press.net\/congo-brazzaville\/?s={search_term_string}\"},\"query-input\":{\"@type\":\"PropertyValueSpecification\",\"valueRequired\":true,\"valueName\":\"search_term_string\"}}],\"inLanguage\":\"fr-FR\"},{\"@type\":\"Person\",\"@id\":\"https:\/\/www.africa-press.net\/congo-brazzaville\/#\/schema\/person\/2b1cf3cd81a31e3cd26889ca66d677f1\",\"name\":\"cfeditorfr\"}]}<\/script>\n<!-- \/ Yoast SEO Premium plugin. -->","yoast_head_json":{"title":"RDC : le Gouvernement a lanc\u00e9 l\u2019op\u00e9ration d\u2019identification biom\u00e9trique des agents du secteur public - Congo Brazzaville","description":"Le Premier Ministre congolais, Jean-Michel Sama Lukonde, a proc\u00e9d\u00e9, le lundi 24 mai 2022, au lancement, \u00e0 Kinshasa, de l ...","robots":{"index":"index","follow":"follow","max-snippet":"max-snippet:-1","max-image-preview":"max-image-preview:large","max-video-preview":"max-video-preview:-1"},"canonical":"https:\/\/www.africa-press.net\/congo-brazzaville\/politique\/rdc-le-gouvernement-a-lance-loperation-didentification-biometrique-des-agents-du-secteur-public","og_locale":"fr_FR","og_type":"article","og_title":"RDC : le Gouvernement a lanc\u00e9 l\u2019op\u00e9ration d\u2019identification biom\u00e9trique des agents du secteur public","og_description":"Le Premier Ministre congolais, Jean-Michel Sama Lukonde, a proc\u00e9d\u00e9, le lundi 24 mai 2022, au lancement, \u00e0 Kinshasa, de l ...","og_url":"https:\/\/www.africa-press.net\/congo-brazzaville\/politique\/rdc-le-gouvernement-a-lance-loperation-didentification-biometrique-des-agents-du-secteur-public","og_site_name":"Congo Brazzaville","article_published_time":"2022-05-25T17:08:06+00:00","article_modified_time":"2022-05-25T17:39:52+00:00","og_image":[{"width":885,"height":600,"url":"https:\/\/static.africa-press.net\/congo-brazzaville\/sites\/51\/2022\/05\/postQueueImg_31-628e69cf36d64.jpg","type":"image\/jpeg"}],"author":"cfeditorfr","twitter_card":"summary_large_image","twitter_misc":{"\u00c9crit par":"cfeditorfr","Dur\u00e9e de lecture estim\u00e9e":"2 minutes"},"schema":{"@context":"https:\/\/schema.org","@graph":[{"@type":"Article","@id":"https:\/\/www.africa-press.net\/congo-brazzaville\/politique\/rdc-le-gouvernement-a-lance-loperation-didentification-biometrique-des-agents-du-secteur-public#article","isPartOf":{"@id":"https:\/\/www.africa-press.net\/congo-brazzaville\/politique\/rdc-le-gouvernement-a-lance-loperation-didentification-biometrique-des-agents-du-secteur-public"},"author":{"name":"cfeditorfr","@id":"https:\/\/www.africa-press.net\/congo-brazzaville\/#\/schema\/person\/2b1cf3cd81a31e3cd26889ca66d677f1"},"headline":"RDC : le Gouvernement a lanc\u00e9 l\u2019op\u00e9ration d\u2019identification biom\u00e9trique des agents du secteur public","datePublished":"2022-05-25T17:08:06+00:00","dateModified":"2022-05-25T17:39:52+00:00","mainEntityOfPage":{"@id":"https:\/\/www.africa-press.net\/congo-brazzaville\/politique\/rdc-le-gouvernement-a-lance-loperation-didentification-biometrique-des-agents-du-secteur-public"},"wordCount":342,"commentCount":0,"image":{"@id":"https:\/\/www.africa-press.net\/congo-brazzaville\/politique\/rdc-le-gouvernement-a-lance-loperation-didentification-biometrique-des-agents-du-secteur-public#primaryimage"},"thumbnailUrl":"https:\/\/static.africa-press.net\/congo-brazzaville\/sites\/51\/2022\/05\/postQueueImg_31-628e69cf36d64.jpg","keywords":["Africa Press","Africa Press-Congo Brazzaville","Congo Brazzaville"],"articleSection":["homepage-french","Politique","Toutes les actualit\u00e9s"],"inLanguage":"fr-FR","potentialAction":[{"@type":"CommentAction","name":"Comment","target":["https:\/\/www.africa-press.net\/congo-brazzaville\/politique\/rdc-le-gouvernement-a-lance-loperation-didentification-biometrique-des-agents-du-secteur-public#respond"]}]},{"@type":"WebPage","@id":"https:\/\/www.africa-press.net\/congo-brazzaville\/politique\/rdc-le-gouvernement-a-lance-loperation-didentification-biometrique-des-agents-du-secteur-public","url":"https:\/\/www.africa-press.net\/congo-brazzaville\/politique\/rdc-le-gouvernement-a-lance-loperation-didentification-biometrique-des-agents-du-secteur-public","name":"RDC : le Gouvernement a lanc\u00e9 l\u2019op\u00e9ration d\u2019identification biom\u00e9trique des agents du secteur public - Congo Brazzaville","isPartOf":{"@id":"https:\/\/www.africa-press.net\/congo-brazzaville\/#website"},"primaryImageOfPage":{"@id":"https:\/\/www.africa-press.net\/congo-brazzaville\/politique\/rdc-le-gouvernement-a-lance-loperation-didentification-biometrique-des-agents-du-secteur-public#primaryimage"},"image":{"@id":"https:\/\/www.africa-press.net\/congo-brazzaville\/politique\/rdc-le-gouvernement-a-lance-loperation-didentification-biometrique-des-agents-du-secteur-public#primaryimage"},"thumbnailUrl":"https:\/\/static.africa-press.net\/congo-brazzaville\/sites\/51\/2022\/05\/postQueueImg_31-628e69cf36d64.jpg","datePublished":"2022-05-25T17:08:06+00:00","dateModified":"2022-05-25T17:39:52+00:00","author":{"@id":"https:\/\/www.africa-press.net\/congo-brazzaville\/#\/schema\/person\/2b1cf3cd81a31e3cd26889ca66d677f1"},"description":"Le Premier Ministre congolais, Jean-Michel Sama Lukonde, a proc\u00e9d\u00e9, le lundi 24 mai 2022, au lancement, \u00e0 Kinshasa, de l ...","breadcrumb":{"@id":"https:\/\/www.africa-press.net\/congo-brazzaville\/politique\/rdc-le-gouvernement-a-lance-loperation-didentification-biometrique-des-agents-du-secteur-public#breadcrumb"},"inLanguage":"fr-FR","potentialAction":[{"@type":"ReadAction","target":["https:\/\/www.africa-press.net\/congo-brazzaville\/politique\/rdc-le-gouvernement-a-lance-loperation-didentification-biometrique-des-agents-du-secteur-public"]}]},{"@type":"ImageObject","inLanguage":"fr-FR","@id":"https:\/\/www.africa-press.net\/congo-brazzaville\/politique\/rdc-le-gouvernement-a-lance-loperation-didentification-biometrique-des-agents-du-secteur-public#primaryimage","url":"https:\/\/static.africa-press.net\/congo-brazzaville\/sites\/51\/2022\/05\/postQueueImg_31-628e69cf36d64.jpg","contentUrl":"https:\/\/static.africa-press.net\/congo-brazzaville\/sites\/51\/2022\/05\/postQueueImg_31-628e69cf36d64.jpg","width":885,"height":600,"caption":"RDC : le Gouvernement a lanc\u00e9 l\u2019op\u00e9ration d\u2019identification biom\u00e9trique des agents du secteur public"},{"@type":"BreadcrumbList","@id":"https:\/\/www.africa-press.net\/congo-brazzaville\/politique\/rdc-le-gouvernement-a-lance-loperation-didentification-biometrique-des-agents-du-secteur-public#breadcrumb","itemListElement":[{"@type":"ListItem","position":1,"name":"Accueil","item":"https:\/\/www.africa-press.net\/congo-brazzaville\/"},{"@type":"ListItem","position":2,"name":"RDC : le Gouvernement a lanc\u00e9 l\u2019op\u00e9ration d\u2019identification biom\u00e9trique des agents du secteur public"}]},{"@type":"WebSite","@id":"https:\/\/www.africa-press.net\/congo-brazzaville\/#website","url":"https:\/\/www.africa-press.net\/congo-brazzaville\/","name":"Congo Brazzaville","description":"Just another Africa News Agency Sites site","potentialAction":[{"@type":"SearchAction","target":{"@type":"EntryPoint","urlTemplate":"https:\/\/www.africa-press.net\/congo-brazzaville\/?s={search_term_string}"},"query-input":{"@type":"PropertyValueSpecification","valueRequired":true,"valueName":"search_term_string"}}],"inLanguage":"fr-FR"},{"@type":"Person","@id":"https:\/\/www.africa-press.net\/congo-brazzaville\/#\/schema\/person\/2b1cf3cd81a31e3cd26889ca66d677f1","name":"cfeditorfr"}]}},"_links":{"self":[{"href":"https:\/\/www.africa-press.net\/congo-brazzaville\/wp-json\/wp\/v2\/posts\/4791","targetHints":{"allow":["GET"]}}],"collection":[{"href":"https:\/\/www.africa-press.net\/congo-brazzaville\/wp-json\/wp\/v2\/posts"}],"about":[{"href":"https:\/\/www.africa-press.net\/congo-brazzaville\/wp-json\/wp\/v2\/types\/post"}],"author":[{"embeddable":true,"href":"https:\/\/www.africa-press.net\/congo-brazzaville\/wp-json\/wp\/v2\/users\/82"}],"replies":[{"embeddable":true,"href":"https:\/\/www.africa-press.net\/congo-brazzaville\/wp-json\/wp\/v2\/comments?post=4791"}],"version-history":[{"count":0,"href":"https:\/\/www.africa-press.net\/congo-brazzaville\/wp-json\/wp\/v2\/posts\/4791\/revisions"}],"wp:featuredmedia":[{"embeddable":true,"href":"https:\/\/www.africa-press.net\/congo-brazzaville\/wp-json\/wp\/v2\/media\/4790"}],"wp:attachment":[{"href":"https:\/\/www.africa-press.net\/congo-brazzaville\/wp-json\/wp\/v2\/media?parent=4791"}],"wp:term":[{"taxonomy":"category","embeddable":true,"href":"https:\/\/www.africa-press.net\/congo-brazzaville\/wp-json\/wp\/v2\/categories?post=4791"},{"taxonomy":"post_tag","embeddable":true,"href":"https:\/\/www.africa-press.net\/congo-brazzaville\/wp-json\/wp\/v2\/tags?post=4791"}],"curies":[{"name":"wp","href":"https:\/\/api.w.org\/{rel}","templated":true}]}}