{"id":48306,"date":"2025-08-08T18:32:32","date_gmt":"2025-08-08T18:32:32","guid":{"rendered":"https:\/\/www.africa-press.net\/congo-brazzaville\/politique\/lancement-des-travaux-preparatoires-du-6e-congres"},"modified":"2025-08-08T19:12:10","modified_gmt":"2025-08-08T19:12:10","slug":"lancement-des-travaux-preparatoires-du-6e-congres","status":"publish","type":"post","link":"https:\/\/www.africa-press.net\/congo-brazzaville\/politique\/lancement-des-travaux-preparatoires-du-6e-congres","title":{"rendered":"Lancement des Travaux Pr\u00e9paratoires du 6E Congr\u00e8s"},"content":{"rendered":"<p><span style=\"color: #ff6600\"><strong>Africa-Press &#8211; Congo Brazzaville. <\/strong><\/span><b>Le secre\u0301taire ge\u0301ne\u0301ral du Parti congolais du travail (PCT), Pierre Moussa, a proce\u0301de\u0301 le 7 aou\u0302t au Palais des congre\u0300s de Brazzaville au lancement officiel des travaux pre\u0301paratoires du 6e congre\u0300s ordinaire, couple\u0301s a\u0300 la cotisation spe\u0301ciale pour son financement.<\/b><\/p>\n<p>La ce\u0301re\u0301monie, qui a connu la participation de nombreux cadres, militants et sympathisants du PCT venus des diffe\u0301rents arrondissements de Brazzaville, s\u2019est de\u0301roule\u0301e en pre\u0301sence de nombreux invite\u0301s et allie\u0301s du parti socle de la majorite\u0301 pre\u0301sidentielle. Le pre\u0301sident du comite\u0301 pre\u0301paratoire et d\u2019organisation, Pierre Moussa, a, dans son discours d\u2019orientation, rappele\u0301 que cette ce\u0301re\u0301monie marque le de\u0301but des diffe\u0301rentes e\u0301tapes pre\u0301paratoires menant au 6e congre\u0300s ordinaire. Il s\u2019agit, a-t-il de\u0301clare\u0301, d\u2019un moment de\u0301cisif qui engage une dynamique collective de re\u0301flexion, de concertation et d\u2019action en vue de renforcer l\u2019organisation du parti, de renouveler sa vision et de consolider son engagement au service du peuple congolais. \u00ab Le 6e congre\u0300s ordinaire, un e\u0301ve\u0301nement majeur de la vie de notre parti, constitue un moment de haute intensite\u0301 politique pour faire le bilan de notre action commune, analyser les mutations de notre socie\u0301te\u0301 et de\u0301finir de nouvelles orientations strate\u0301giques pour soutenir avec efficacite\u0301 la re\u0301ponse institutionnelle aux aspirations profondes du peuple congolais \u00bb, a rappele\u0301 Pierre Moussa.<\/p>\n<p>Le 6e congre\u0300s devra renforcer, a-t-il indique\u0301, l\u2019ancrage du PCT dans la population et son leadership sur l\u2019e\u0301chiquier politique national. \u00ab En effet, face a\u0300 l\u2019e\u0301lection pre\u0301sidentielle de 2026, il nous faut consolider les fondements d\u2019une mobilisation optimale des militants en vue d\u2019assurer a\u0300 notre candidat une victoire sans appel. Le 6e congre\u0300s ordinaire ne sera donc pas un congre\u0300s de routine. Il devra e\u0302tre un congre\u0300s de relance et d\u2019approfondissement de la ligne politique de notre parti. Il interviendra dans un contexte national et international exigeant, marque\u0301 par des de\u0301fis e\u0301conomiques, sociaux, climatiques et se\u0301curitaires auxquels notre pays n\u2019e\u0301chappe pas \u00bb, a poursuivi le secre\u0301taire ge\u0301ne\u0301ral du PCT, appelant les membres a\u0300 faire preuve de lucidite\u0301, d\u2019audace et d\u2019engagement total pour garantir a\u0300 cet e\u0301ve\u0301nement un succe\u0300s retentissant, dans cet environnement particulie\u0300rement difficile.<\/p>\n<p><b>Se mobiliser autour de la cotisation spe\u0301ciale<\/b><\/p>\n<p>D\u2019apre\u0300s lui, les travaux pre\u0301paratoires de ce congre\u0300s sont un chantier collectif dont le lancement constitue la premie\u0300re phase d\u2019un processus rigoureux, inclusif et de\u0301mocratique. \u00ab Il nous appartient de veiller a\u0300 ce que ces pre\u0301paratifs se me\u0300nent dans un esprit d\u2019ouverture et de discipline militante. Le succe\u0300s de ce congre\u0300s est tributaire du travail optimal que nous aurons accompli en amont. Il revient au comite\u0301 pre\u0301paratoire et d\u2019organisation la responsabilite\u0301 de produire des re\u0301flexions et de re\u0301unir toutes les conditions mate\u0301rielles ne\u0301cessaires a\u0300 la tenue des assises du congre\u0300s. Ce comite\u0301 a donc un challenge a\u0300 relever et notre confiance lui est totalement acquise pour l\u2019e\u0301criture de cette nouvelle page de l\u2019histoire du parti \u00bb, a dit Pierre Moussa, exhortant les membres du comite\u0301 pre\u0301paratoire et d\u2019organisation a\u0300 faire preuve de plus d\u2019engagement, de de\u0301termination, de responsabilite\u0301 et de rigueur dans la re\u0301alisation des ta\u0302ches qui leur incombent.<\/p>\n<p>En effet, pour la re\u0301ussite de son prochain congre\u0300s, le PCT compte sur la mobilisation au niveau des cellules, des sections, des comite\u0301s, fe\u0301de\u0301rations et des unions cate\u0301gorielles. Ainsi, pour la direction politique, les bons re\u0301sultats attendus ne seront pas seulement le fait du comite\u0301 pre\u0301paratoire et d\u2019organisation. C\u2019est ainsi que chacun devra apporter sa pierre a\u0300 l\u2019e\u0301difice, au niveau ou\u0300 il se trouve, notamment lors des consultations qui seront mene\u0301es a\u0300 travers les assemble\u0301es ge\u0301ne\u0301rales des comite\u0301s et des congre\u0300s fe\u0301de\u0301raux. \u00ab Chaque militant devra ainsi se sentir implique\u0301, e\u0301coute\u0301 et acteur de cette dynamique. La re\u0301ussite du 6e congre\u0300s ordinaire de\u0301pendra aussi de notre capacite\u0301 collective a\u0300 assumer pleinement nos responsabilite\u0301s financie\u0300res. La cotisation spe\u0301ciale pour le financement de ce congre\u0300s n\u2019est pas une simple ope\u0301ration financie\u0300re; elle est un acte militant, une expression concre\u0300te de notre attachement au parti et a\u0300 ses ide\u0301aux. Notre soutien financier est donc essentiel pour la re\u0301ussite de ce congre\u0300s. Je sais pouvoir compter sur l\u2019engagement, la fide\u0301lite\u0301 et la ge\u0301ne\u0301rosite\u0301 de tous pour re\u0301unir les moyens requis. Nous sommes tenus de le faire, car c\u2019est un devoir de tout militant \u00bb, a conclu Pierre Moussa, invitant les animateurs du parti a\u0300 tous les niveaux a\u0300 s\u2019employer a\u0300 la sensibilisation des militants pour que la campagne de cotisation spe\u0301ciale soit largement fructueuse.<\/p>\n\r\n                <style type=\"text\/css\">\r\n                    \r\n                    #td_uid_1_69f5cbbb17d07  .td-doubleSlider-2 .td-item1 {\r\n                        background: url(https:\/\/static.africa-press.net\/congo-brazzaville\/sites\/51\/2025\/08\/sm_1754667380.255292-80x60.jpg) 0 0 no-repeat;\r\n                    }\r\n                    #td_uid_1_69f5cbbb17d07  .td-doubleSlider-2 .td-item2 {\r\n                        background: url(https:\/\/static.africa-press.net\/congo-brazzaville\/sites\/51\/2025\/08\/sm_1754667383.77768-80x60.jpg) 0 0 no-repeat;\r\n                    }\r\n                <\/style>\r\n\r\n                <div id=\"td_uid_1_69f5cbbb17d07\" class=\"td-gallery td-slide-on-2-columns\">\r\n                    <div class=\"post_td_gallery\">\r\n                        <div class=\"td-gallery-slide-top\">\r\n                           <div class=\"td-gallery-title\"><\/div>\r\n\r\n                            <div class=\"td-gallery-controls-wrapper\">\r\n                                <div class=\"td-gallery-slide-count\"><span class=\"td-gallery-slide-item-focus\">1<\/span> de 2<\/div>\r\n                                <div class=\"td-gallery-slide-prev-next-but\">\r\n                                    <i class = \"td-icon-left doubleSliderPrevButton\"><\/i>\r\n                                    <i class = \"td-icon-right doubleSliderNextButton\"><\/i>\r\n                                <\/div>\r\n                            <\/div>\r\n                        <\/div>\r\n\r\n                        <div class = \"td-doubleSlider-1 \">\r\n                            <div class = \"td-slider\">\r\n                                \r\n                    <div class = \"td-slide-item td-item1\">\r\n                        <figure class=\"td-slide-galery-figure td-slide-popup-gallery\">\r\n                            <a class=\"slide-gallery-image-link\" href=\"https:\/\/static.africa-press.net\/congo-brazzaville\/sites\/51\/2025\/08\/sm_1754667380.255292.jpg\" title=\"sm_1754667380.255292\"  data-caption=\"\"  data-description=\"\">\r\n                                <img decoding=\"async\" src=\"https:\/\/static.africa-press.net\/congo-brazzaville\/sites\/51\/2025\/08\/sm_1754667380.255292.jpg\" srcset=\"https:\/\/static.africa-press.net\/congo-brazzaville\/sites\/51\/2025\/08\/sm_1754667380.255292.jpg 960w, https:\/\/static.africa-press.net\/congo-brazzaville\/sites\/51\/2025\/08\/sm_1754667380.255292-300x135.jpg 300w, https:\/\/static.africa-press.net\/congo-brazzaville\/sites\/51\/2025\/08\/sm_1754667380.255292-768x346.jpg 768w\" sizes=\"(max-width: 960px) 100vw, 960px\" alt=\"\">\r\n                            <\/a>\r\n                            \r\n                        <\/figure>\r\n                    <\/div>\r\n                    <div class = \"td-slide-item td-item2\">\r\n                        <figure class=\"td-slide-galery-figure td-slide-popup-gallery\">\r\n                            <a class=\"slide-gallery-image-link\" href=\"https:\/\/static.africa-press.net\/congo-brazzaville\/sites\/51\/2025\/08\/sm_1754667383.77768.jpg\" title=\"sm_1754667383.77768\"  data-caption=\"\"  data-description=\"\">\r\n                                <img decoding=\"async\" src=\"https:\/\/static.africa-press.net\/congo-brazzaville\/sites\/51\/2025\/08\/sm_1754667383.77768.jpg\" srcset=\"https:\/\/static.africa-press.net\/congo-brazzaville\/sites\/51\/2025\/08\/sm_1754667383.77768.jpg 1040w, https:\/\/static.africa-press.net\/congo-brazzaville\/sites\/51\/2025\/08\/sm_1754667383.77768-300x135.jpg 300w, https:\/\/static.africa-press.net\/congo-brazzaville\/sites\/51\/2025\/08\/sm_1754667383.77768-1024x461.jpg 1024w, https:\/\/static.africa-press.net\/congo-brazzaville\/sites\/51\/2025\/08\/sm_1754667383.77768-768x346.jpg 768w\" sizes=\"(max-width: 1040px) 100vw, 1040px\" alt=\"\">\r\n                            <\/a>\r\n                            \r\n                        <\/figure>\r\n                    <\/div>\r\n                            <\/div>\r\n                        <\/div>\r\n\r\n                        <div class = \"td-doubleSlider-2\">\r\n                            <div class = \"td-slider\">\r\n                                \r\n                    <div class = \"td-button td-item1\">\r\n                        <div class = \"td-border\"><\/div>\r\n                    <\/div>\r\n                    <div class = \"td-button td-item2\">\r\n                        <div class = \"td-border\"><\/div>\r\n                    <\/div>\r\n                            <\/div>\r\n                        <\/div>\r\n\r\n                    <\/div>\r\n\r\n                <\/div>\r\n                \n<p><strong>Pour plus d&rsquo;informations et d&rsquo;analyses sur la <span style=\"color: #ff6600\">Congo Brazzaville<\/span>, suivez <span style=\"color: #ff6600\">Africa-Press<\/span><\/strong><\/p>\n","protected":false},"excerpt":{"rendered":"<p>Africa-Press &#8211; Congo Brazzaville. Le secre\u0301taire ge\u0301ne\u0301ral du Parti congolais du travail (PCT), Pierre Moussa, a proce\u0301de\u0301 le 7 aou\u0302t au Palais des congre\u0300s de Brazzaville au lancement officiel des travaux pre\u0301paratoires du 6e congre\u0300s ordinaire, couple\u0301s a\u0300 la cotisation spe\u0301ciale pour son financement. La ce\u0301re\u0301monie, qui a connu la participation de nombreux cadres, militants [&hellip;]<\/p>\n","protected":false},"author":82,"featured_media":48305,"comment_status":"open","ping_status":"closed","sticky":false,"template":"","format":"standard","meta":{"footnotes":""},"categories":[4,8,2,20,10],"tags":[46],"class_list":["post-48306","post","type-post","status-publish","format-standard","has-post-thumbnail","hentry","category-parties","category-photo","category-politique","category-top-nouvelles","category-toutes-les-actualites","tag-congo-brazzaville"],"yoast_head":"<!-- This site is optimized with the Yoast SEO Premium plugin v26.1 (Yoast SEO v27.0) - https:\/\/yoast.com\/product\/yoast-seo-premium-wordpress\/ -->\n<title>Lancement des Travaux Pr\u00e9paratoires du 6E Congr\u00e8s - Congo Brazzaville<\/title>\n<meta name=\"description\" content=\"Le secre\u0301taire ge\u0301ne\u0301ral du Parti congolais du travail (PCT), Pierre Moussa, a proce\u0301de\u0301 le 7 aou\u0302t au Palais des con ...\" \/>\n<meta name=\"robots\" content=\"index, follow, max-snippet:-1, max-image-preview:large, max-video-preview:-1\" \/>\n<link rel=\"canonical\" href=\"https:\/\/www.africa-press.net\/congo-brazzaville\/politique\/lancement-des-travaux-preparatoires-du-6e-congres\" \/>\n<meta property=\"og:locale\" content=\"fr_FR\" \/>\n<meta property=\"og:type\" content=\"article\" \/>\n<meta property=\"og:title\" content=\"Lancement des Travaux Pr\u00e9paratoires du 6E Congr\u00e8s\" \/>\n<meta property=\"og:description\" content=\"Le secre\u0301taire ge\u0301ne\u0301ral du Parti congolais du travail (PCT), Pierre Moussa, a proce\u0301de\u0301 le 7 aou\u0302t au Palais des con ...\" \/>\n<meta property=\"og:url\" content=\"https:\/\/www.africa-press.net\/congo-brazzaville\/politique\/lancement-des-travaux-preparatoires-du-6e-congres\" \/>\n<meta property=\"og:site_name\" content=\"Congo Brazzaville\" \/>\n<meta property=\"article:published_time\" content=\"2025-08-08T18:32:32+00:00\" \/>\n<meta property=\"article:modified_time\" content=\"2025-08-08T19:12:10+00:00\" \/>\n<meta property=\"og:image\" content=\"https:\/\/static.africa-press.net\/congo-brazzaville\/sites\/51\/2025\/08\/sm_1754667387.464821.jpg\" \/>\n\t<meta property=\"og:image:width\" content=\"960\" \/>\n\t<meta property=\"og:image:height\" content=\"432\" \/>\n\t<meta property=\"og:image:type\" content=\"image\/jpeg\" \/>\n<meta name=\"author\" content=\"cfeditorfr\" \/>\n<meta name=\"twitter:card\" content=\"summary_large_image\" \/>\n<meta name=\"twitter:label1\" content=\"\u00c9crit par\" \/>\n\t<meta name=\"twitter:data1\" content=\"cfeditorfr\" \/>\n\t<meta name=\"twitter:label2\" content=\"Dur\u00e9e de lecture estim\u00e9e\" \/>\n\t<meta name=\"twitter:data2\" content=\"4 minutes\" \/>\n<script type=\"application\/ld+json\" class=\"yoast-schema-graph\">{\"@context\":\"https:\/\/schema.org\",\"@graph\":[{\"@type\":\"Article\",\"@id\":\"https:\/\/www.africa-press.net\/congo-brazzaville\/politique\/lancement-des-travaux-preparatoires-du-6e-congres#article\",\"isPartOf\":{\"@id\":\"https:\/\/www.africa-press.net\/congo-brazzaville\/politique\/lancement-des-travaux-preparatoires-du-6e-congres\"},\"author\":{\"name\":\"cfeditorfr\",\"@id\":\"https:\/\/www.africa-press.net\/congo-brazzaville\/#\/schema\/person\/2b1cf3cd81a31e3cd26889ca66d677f1\"},\"headline\":\"Lancement des Travaux Pr\u00e9paratoires du 6E Congr\u00e8s\",\"datePublished\":\"2025-08-08T18:32:32+00:00\",\"dateModified\":\"2025-08-08T19:12:10+00:00\",\"mainEntityOfPage\":{\"@id\":\"https:\/\/www.africa-press.net\/congo-brazzaville\/politique\/lancement-des-travaux-preparatoires-du-6e-congres\"},\"wordCount\":886,\"commentCount\":0,\"image\":{\"@id\":\"https:\/\/www.africa-press.net\/congo-brazzaville\/politique\/lancement-des-travaux-preparatoires-du-6e-congres#primaryimage\"},\"thumbnailUrl\":\"https:\/\/static.africa-press.net\/congo-brazzaville\/sites\/51\/2025\/08\/sm_1754667387.464821.jpg\",\"keywords\":[\"Congo Brazzaville\"],\"articleSection\":[\"Parties\",\"Photo\",\"Politique\",\"Top Nouvelles\",\"Toutes les actualit\u00e9s\"],\"inLanguage\":\"fr-FR\",\"potentialAction\":[{\"@type\":\"CommentAction\",\"name\":\"Comment\",\"target\":[\"https:\/\/www.africa-press.net\/congo-brazzaville\/politique\/lancement-des-travaux-preparatoires-du-6e-congres#respond\"]}]},{\"@type\":\"WebPage\",\"@id\":\"https:\/\/www.africa-press.net\/congo-brazzaville\/politique\/lancement-des-travaux-preparatoires-du-6e-congres\",\"url\":\"https:\/\/www.africa-press.net\/congo-brazzaville\/politique\/lancement-des-travaux-preparatoires-du-6e-congres\",\"name\":\"Lancement des Travaux Pr\u00e9paratoires du 6E Congr\u00e8s - Congo Brazzaville\",\"isPartOf\":{\"@id\":\"https:\/\/www.africa-press.net\/congo-brazzaville\/#website\"},\"primaryImageOfPage\":{\"@id\":\"https:\/\/www.africa-press.net\/congo-brazzaville\/politique\/lancement-des-travaux-preparatoires-du-6e-congres#primaryimage\"},\"image\":{\"@id\":\"https:\/\/www.africa-press.net\/congo-brazzaville\/politique\/lancement-des-travaux-preparatoires-du-6e-congres#primaryimage\"},\"thumbnailUrl\":\"https:\/\/static.africa-press.net\/congo-brazzaville\/sites\/51\/2025\/08\/sm_1754667387.464821.jpg\",\"datePublished\":\"2025-08-08T18:32:32+00:00\",\"dateModified\":\"2025-08-08T19:12:10+00:00\",\"author\":{\"@id\":\"https:\/\/www.africa-press.net\/congo-brazzaville\/#\/schema\/person\/2b1cf3cd81a31e3cd26889ca66d677f1\"},\"description\":\"Le secre\u0301taire ge\u0301ne\u0301ral du Parti congolais du travail (PCT), Pierre Moussa, a proce\u0301de\u0301 le 7 aou\u0302t au Palais des con ...\",\"breadcrumb\":{\"@id\":\"https:\/\/www.africa-press.net\/congo-brazzaville\/politique\/lancement-des-travaux-preparatoires-du-6e-congres#breadcrumb\"},\"inLanguage\":\"fr-FR\",\"potentialAction\":[{\"@type\":\"ReadAction\",\"target\":[\"https:\/\/www.africa-press.net\/congo-brazzaville\/politique\/lancement-des-travaux-preparatoires-du-6e-congres\"]}]},{\"@type\":\"ImageObject\",\"inLanguage\":\"fr-FR\",\"@id\":\"https:\/\/www.africa-press.net\/congo-brazzaville\/politique\/lancement-des-travaux-preparatoires-du-6e-congres#primaryimage\",\"url\":\"https:\/\/static.africa-press.net\/congo-brazzaville\/sites\/51\/2025\/08\/sm_1754667387.464821.jpg\",\"contentUrl\":\"https:\/\/static.africa-press.net\/congo-brazzaville\/sites\/51\/2025\/08\/sm_1754667387.464821.jpg\",\"width\":960,\"height\":432,\"caption\":\"Lancement des Travaux Pr\u00e9paratoires du 6E Congr\u00e8s\"},{\"@type\":\"BreadcrumbList\",\"@id\":\"https:\/\/www.africa-press.net\/congo-brazzaville\/politique\/lancement-des-travaux-preparatoires-du-6e-congres#breadcrumb\",\"itemListElement\":[{\"@type\":\"ListItem\",\"position\":1,\"name\":\"Accueil\",\"item\":\"https:\/\/www.africa-press.net\/congo-brazzaville\/\"},{\"@type\":\"ListItem\",\"position\":2,\"name\":\"Lancement des Travaux Pr\u00e9paratoires du 6E Congr\u00e8s\"}]},{\"@type\":\"WebSite\",\"@id\":\"https:\/\/www.africa-press.net\/congo-brazzaville\/#website\",\"url\":\"https:\/\/www.africa-press.net\/congo-brazzaville\/\",\"name\":\"Congo Brazzaville\",\"description\":\"Just another Africa News Agency Sites site\",\"potentialAction\":[{\"@type\":\"SearchAction\",\"target\":{\"@type\":\"EntryPoint\",\"urlTemplate\":\"https:\/\/www.africa-press.net\/congo-brazzaville\/?s={search_term_string}\"},\"query-input\":{\"@type\":\"PropertyValueSpecification\",\"valueRequired\":true,\"valueName\":\"search_term_string\"}}],\"inLanguage\":\"fr-FR\"},{\"@type\":\"Person\",\"@id\":\"https:\/\/www.africa-press.net\/congo-brazzaville\/#\/schema\/person\/2b1cf3cd81a31e3cd26889ca66d677f1\",\"name\":\"cfeditorfr\"}]}<\/script>\n<!-- \/ Yoast SEO Premium plugin. -->","yoast_head_json":{"title":"Lancement des Travaux Pr\u00e9paratoires du 6E Congr\u00e8s - Congo Brazzaville","description":"Le secre\u0301taire ge\u0301ne\u0301ral du Parti congolais du travail (PCT), Pierre Moussa, a proce\u0301de\u0301 le 7 aou\u0302t au Palais des con ...","robots":{"index":"index","follow":"follow","max-snippet":"max-snippet:-1","max-image-preview":"max-image-preview:large","max-video-preview":"max-video-preview:-1"},"canonical":"https:\/\/www.africa-press.net\/congo-brazzaville\/politique\/lancement-des-travaux-preparatoires-du-6e-congres","og_locale":"fr_FR","og_type":"article","og_title":"Lancement des Travaux Pr\u00e9paratoires du 6E Congr\u00e8s","og_description":"Le secre\u0301taire ge\u0301ne\u0301ral du Parti congolais du travail (PCT), Pierre Moussa, a proce\u0301de\u0301 le 7 aou\u0302t au Palais des con ...","og_url":"https:\/\/www.africa-press.net\/congo-brazzaville\/politique\/lancement-des-travaux-preparatoires-du-6e-congres","og_site_name":"Congo Brazzaville","article_published_time":"2025-08-08T18:32:32+00:00","article_modified_time":"2025-08-08T19:12:10+00:00","og_image":[{"width":960,"height":432,"url":"https:\/\/static.africa-press.net\/congo-brazzaville\/sites\/51\/2025\/08\/sm_1754667387.464821.jpg","type":"image\/jpeg"}],"author":"cfeditorfr","twitter_card":"summary_large_image","twitter_misc":{"\u00c9crit par":"cfeditorfr","Dur\u00e9e de lecture estim\u00e9e":"4 minutes"},"schema":{"@context":"https:\/\/schema.org","@graph":[{"@type":"Article","@id":"https:\/\/www.africa-press.net\/congo-brazzaville\/politique\/lancement-des-travaux-preparatoires-du-6e-congres#article","isPartOf":{"@id":"https:\/\/www.africa-press.net\/congo-brazzaville\/politique\/lancement-des-travaux-preparatoires-du-6e-congres"},"author":{"name":"cfeditorfr","@id":"https:\/\/www.africa-press.net\/congo-brazzaville\/#\/schema\/person\/2b1cf3cd81a31e3cd26889ca66d677f1"},"headline":"Lancement des Travaux Pr\u00e9paratoires du 6E Congr\u00e8s","datePublished":"2025-08-08T18:32:32+00:00","dateModified":"2025-08-08T19:12:10+00:00","mainEntityOfPage":{"@id":"https:\/\/www.africa-press.net\/congo-brazzaville\/politique\/lancement-des-travaux-preparatoires-du-6e-congres"},"wordCount":886,"commentCount":0,"image":{"@id":"https:\/\/www.africa-press.net\/congo-brazzaville\/politique\/lancement-des-travaux-preparatoires-du-6e-congres#primaryimage"},"thumbnailUrl":"https:\/\/static.africa-press.net\/congo-brazzaville\/sites\/51\/2025\/08\/sm_1754667387.464821.jpg","keywords":["Congo Brazzaville"],"articleSection":["Parties","Photo","Politique","Top Nouvelles","Toutes les actualit\u00e9s"],"inLanguage":"fr-FR","potentialAction":[{"@type":"CommentAction","name":"Comment","target":["https:\/\/www.africa-press.net\/congo-brazzaville\/politique\/lancement-des-travaux-preparatoires-du-6e-congres#respond"]}]},{"@type":"WebPage","@id":"https:\/\/www.africa-press.net\/congo-brazzaville\/politique\/lancement-des-travaux-preparatoires-du-6e-congres","url":"https:\/\/www.africa-press.net\/congo-brazzaville\/politique\/lancement-des-travaux-preparatoires-du-6e-congres","name":"Lancement des Travaux Pr\u00e9paratoires du 6E Congr\u00e8s - Congo Brazzaville","isPartOf":{"@id":"https:\/\/www.africa-press.net\/congo-brazzaville\/#website"},"primaryImageOfPage":{"@id":"https:\/\/www.africa-press.net\/congo-brazzaville\/politique\/lancement-des-travaux-preparatoires-du-6e-congres#primaryimage"},"image":{"@id":"https:\/\/www.africa-press.net\/congo-brazzaville\/politique\/lancement-des-travaux-preparatoires-du-6e-congres#primaryimage"},"thumbnailUrl":"https:\/\/static.africa-press.net\/congo-brazzaville\/sites\/51\/2025\/08\/sm_1754667387.464821.jpg","datePublished":"2025-08-08T18:32:32+00:00","dateModified":"2025-08-08T19:12:10+00:00","author":{"@id":"https:\/\/www.africa-press.net\/congo-brazzaville\/#\/schema\/person\/2b1cf3cd81a31e3cd26889ca66d677f1"},"description":"Le secre\u0301taire ge\u0301ne\u0301ral du Parti congolais du travail (PCT), Pierre Moussa, a proce\u0301de\u0301 le 7 aou\u0302t au Palais des con ...","breadcrumb":{"@id":"https:\/\/www.africa-press.net\/congo-brazzaville\/politique\/lancement-des-travaux-preparatoires-du-6e-congres#breadcrumb"},"inLanguage":"fr-FR","potentialAction":[{"@type":"ReadAction","target":["https:\/\/www.africa-press.net\/congo-brazzaville\/politique\/lancement-des-travaux-preparatoires-du-6e-congres"]}]},{"@type":"ImageObject","inLanguage":"fr-FR","@id":"https:\/\/www.africa-press.net\/congo-brazzaville\/politique\/lancement-des-travaux-preparatoires-du-6e-congres#primaryimage","url":"https:\/\/static.africa-press.net\/congo-brazzaville\/sites\/51\/2025\/08\/sm_1754667387.464821.jpg","contentUrl":"https:\/\/static.africa-press.net\/congo-brazzaville\/sites\/51\/2025\/08\/sm_1754667387.464821.jpg","width":960,"height":432,"caption":"Lancement des Travaux Pr\u00e9paratoires du 6E Congr\u00e8s"},{"@type":"BreadcrumbList","@id":"https:\/\/www.africa-press.net\/congo-brazzaville\/politique\/lancement-des-travaux-preparatoires-du-6e-congres#breadcrumb","itemListElement":[{"@type":"ListItem","position":1,"name":"Accueil","item":"https:\/\/www.africa-press.net\/congo-brazzaville\/"},{"@type":"ListItem","position":2,"name":"Lancement des Travaux Pr\u00e9paratoires du 6E Congr\u00e8s"}]},{"@type":"WebSite","@id":"https:\/\/www.africa-press.net\/congo-brazzaville\/#website","url":"https:\/\/www.africa-press.net\/congo-brazzaville\/","name":"Congo Brazzaville","description":"Just another Africa News Agency Sites site","potentialAction":[{"@type":"SearchAction","target":{"@type":"EntryPoint","urlTemplate":"https:\/\/www.africa-press.net\/congo-brazzaville\/?s={search_term_string}"},"query-input":{"@type":"PropertyValueSpecification","valueRequired":true,"valueName":"search_term_string"}}],"inLanguage":"fr-FR"},{"@type":"Person","@id":"https:\/\/www.africa-press.net\/congo-brazzaville\/#\/schema\/person\/2b1cf3cd81a31e3cd26889ca66d677f1","name":"cfeditorfr"}]}},"_links":{"self":[{"href":"https:\/\/www.africa-press.net\/congo-brazzaville\/wp-json\/wp\/v2\/posts\/48306","targetHints":{"allow":["GET"]}}],"collection":[{"href":"https:\/\/www.africa-press.net\/congo-brazzaville\/wp-json\/wp\/v2\/posts"}],"about":[{"href":"https:\/\/www.africa-press.net\/congo-brazzaville\/wp-json\/wp\/v2\/types\/post"}],"author":[{"embeddable":true,"href":"https:\/\/www.africa-press.net\/congo-brazzaville\/wp-json\/wp\/v2\/users\/82"}],"replies":[{"embeddable":true,"href":"https:\/\/www.africa-press.net\/congo-brazzaville\/wp-json\/wp\/v2\/comments?post=48306"}],"version-history":[{"count":0,"href":"https:\/\/www.africa-press.net\/congo-brazzaville\/wp-json\/wp\/v2\/posts\/48306\/revisions"}],"wp:featuredmedia":[{"embeddable":true,"href":"https:\/\/www.africa-press.net\/congo-brazzaville\/wp-json\/wp\/v2\/media\/48305"}],"wp:attachment":[{"href":"https:\/\/www.africa-press.net\/congo-brazzaville\/wp-json\/wp\/v2\/media?parent=48306"}],"wp:term":[{"taxonomy":"category","embeddable":true,"href":"https:\/\/www.africa-press.net\/congo-brazzaville\/wp-json\/wp\/v2\/categories?post=48306"},{"taxonomy":"post_tag","embeddable":true,"href":"https:\/\/www.africa-press.net\/congo-brazzaville\/wp-json\/wp\/v2\/tags?post=48306"}],"curies":[{"name":"wp","href":"https:\/\/api.w.org\/{rel}","templated":true}]}}