{"id":5065,"date":"2022-05-30T17:38:46","date_gmt":"2022-05-30T17:38:46","guid":{"rendered":"https:\/\/www.africa-press.net\/congo-brazzaville\/politique\/rdc-au-dela-de-laffaire-gertler-la-societe-civile-est-elle-consciente-de-la-remise-en-cause-de-la-souverainete-de-la-rdc-tribune"},"modified":"2022-05-30T18:31:17","modified_gmt":"2022-05-30T18:31:17","slug":"rdc-au-dela-de-laffaire-gertler-la-societe-civile-est-elle-consciente-de-la-remise-en-cause-de-la-souverainete-de-la-rdc-tribune","status":"publish","type":"post","link":"https:\/\/www.africa-press.net\/congo-brazzaville\/dossiers\/rdc-au-dela-de-laffaire-gertler-la-societe-civile-est-elle-consciente-de-la-remise-en-cause-de-la-souverainete-de-la-rdc-tribune","title":{"rendered":"RDC: Au-del\u00e0 de l\u2019Affaire Gertler, la Soci\u00e9t\u00e9 civile est-elle consciente de la remise en cause de la souverainet\u00e9 de la RDC ? (Tribune)"},"content":{"rendered":"<p><span style=\"color: #ff6600\"><strong>Africa-Press &#8211; Congo Brazzaville. <\/strong><\/span>Premi\u00e8re cons\u00e9quence \u00e0 tirer : l\u2019article 9 de la Constitution sur l\u2019autorit\u00e9 de l\u2019Etat sur les ressources naturelles ne vaudrait plus la peine d\u2019\u00eatre brandieDeuxi\u00e8me cons\u00e9quence : les investisseurs congolais et \u00e9trangers se savent d\u00e9sormais oblig\u00e9s d\u2019obtenir l\u2019aval de Washington avant d\u2019op\u00e9rer sur le territoire congolais<\/p>\n<p>Depuis la table ronde organis\u00e9e dans les intentions nobles par le cabinet du chef de l\u2019Etat les 13 et 14 avril dernier \u00e0 Pullman hotel de Kinshasa, \u00e0 l\u2019attention de la soci\u00e9t\u00e9 civile, les violons semblent ne plus s\u2019accorder au sein de cette plateforme, pr\u00e9cis\u00e9ment sa composante \u00ab Le Congo n\u2019est pas \u00e0 vendre \u00bb.<\/p>\n<p>Dans les m\u00e9dias, c\u2019est le branle-bas de combat entre ses membres dont les uns sont pour et les autres contre la publication int\u00e9grale de l\u2019accord conclu entre la R\u00e9publique D\u00e9mocratique du Congo et le Groupe Ventora de l\u2019homme d\u2019affaires isra\u00e9lien Dan Gertler en vue de la restitution \u00e0 la RDC des actifs p\u00e9troliers et miniers d\u00e9tenus par ce dernier\u2026<\/p>\n<p>Dans la \u00ab D\u00e9claration des participants de la Soci\u00e9t\u00e9 civile \u00e0 la Table ronde Pr\u00e9sidence de la R\u00e9publique-Soci\u00e9t\u00e9 civile sign\u00e9e entre la RDC et le Groupe Ventora \u00bb rendue publique le 15 avril 2022 \u00e0 Rotana h\u00f4tel \u00e0 Kinshasa, cette plateforme souligne \u00ab la volont\u00e9 du Pr\u00e9sident de la R\u00e9publique d\u2019int\u00e9grer l\u2019obligation de transparence, de r\u00e9devabilit\u00e9 et de la participation citoyenne \u00e0 la gouvernance du secteur des ressources naturelles, en associant d\u00e9sormais des organisations de la Soci\u00e9t\u00e9 Civile \u00e0 toutes les \u00e9tapes \u00bb, ce qui n\u2019a rien d\u2019anormal.<\/p>\n<p>L\u2019anormal commence cependant lorsque, tenant compte de ce qu\u2019elle consid\u00e8re comme \u00ab l\u2019imp\u00e9rieuse n\u00e9cessit\u00e9 de revisiter tous les contrats et transactions \u00e9conomiques du secteur extractif du pays en vue de assurer qu\u2019ils ont \u00e9t\u00e9 conclus dans l\u2019int\u00e9r\u00eat de la RDC \u00bb, la Soci\u00e9t\u00e9 civile invit\u00e9e fait des recommandations au Pr\u00e9sident de la R\u00e9publique et au Gouvernement en avouant ne pas disposer de tous les \u00e9l\u00e9ments de l\u2019Accord sign\u00e9 avec le Groupe Ventura de Dan Gertler.<\/p>\n<p>En effet, par la phrase \u00ab Ayant pris connaissance de l\u2019Accord, sans en disposer en dur ou en \u00e9lectronique \u00e0 cause de la clause de confidentialit\u00e9 convenue par les deux parties \u00bb, la Soci\u00e9t\u00e9 civile signataire de la D\u00e9claration pense que \u00ab son application effective permettra \u00e0 la population congolaise de r\u00e9cup\u00e9rer ses droits \u00bb.<\/p>\n<p>Comme si cela ne suffisait pas, elle se f\u00e9licite du fait que \u00ab la Pr\u00e9sidence de la R\u00e9publique a reconnu que les sanctions am\u00e9ricaines et les actions des Organisations de la Soci\u00e9t\u00e9 civile (OSC) ont constitu\u00e9 le ferment de sa d\u00e9marche \u00bb, laissant entendre par-l\u00e0 que c\u2019est Washington qui a fait pression sur le chef de l\u2019Etat congolais pour en arriver \u00e0 ce r\u00e9sultat.<\/p>\n<p>Une telle affirmation a pour cons\u00e9quence un pr\u00e9c\u00e9dent f\u00e2cheux dans l\u2019exploitation des ressources extractives en RDC, car elle viole l\u2019article 9 de la Constitution, lequel dispose que \u00abl\u2019Etat exerce une souverainet\u00e9 permanente notamment sur le sol, le sous-sol, les eaux et les for\u00eats, sur les espaces a\u00e9rien, fluvial, lacustre et maritime congolais ainsi que sur la mer territoriale congolaise et sur le plateau continental. Les modalit\u00e9s de gestion et de concession du domaine de l\u2019Etat vis\u00e9 \u00e0 l\u2019alin\u00e9a pr\u00e9c\u00e9dent sont d\u00e9termin\u00e9es par la loi \u201d.<\/p>\n<p>\u200bEn suggestionnant cette hypoth\u00e8se, la Soci\u00e9t\u00e9 civile est appel\u00e9e \u00e0 prendre conscience du fait que, d\u00e9sormais, tout op\u00e9rateur \u00e9conomique congolais ou \u00e9tranger voulant investir dans l\u2019exploitation des ressources extractives doit s\u2019assurer de l\u2019aval de Washington !<\/p>\n<p>TENTATIVE D\u2019ARRACHER AU CHEF DE L\u2019ETAT SON BRAS<\/p>\n<p>\u200bComme pour l\u2019affirmer, la Soci\u00e9t\u00e9 civile congolaise, dans sa D\u00e9claration du 15 avril 2022, s\u2019\u00e9gare dans la confusion en m\u00ealant dans ses recommandations au pr\u00e9sident de la R\u00e9publique des entreprises congolaises, \u00e9trang\u00e8res et congolo-\u00e9trang\u00e8res ayant conclu des contrats en bonne et due forme, l\u2019exhortant, comme le fait Peter Pham (tr\u00e8s silencieux sur la proposition de Boris Johnson d\u2019exp\u00e9dier au Rwanda les \u00e9trangers en immigration clandestine) \u00e0 \u201c la relecture et ou le r\u00e9\u00e9quilibrage des contrats, avant de recourir \u00e0 l\u2019action en justice \u201d.<\/p>\n<p>\u200bElle sait tr\u00e8s bien qu\u2019\u00e0 la diff\u00e9rence des actifs miniers et p\u00e9troliers du Groupe Ventora qui n\u2019ont pas \u00e9t\u00e9 mis en valeur, les autres contrats sont d\u00e9j\u00e0 op\u00e9rationnels et profitent \u00e0 la population congolaise via des taxes, des imp\u00f4ts et des lib\u00e9ralit\u00e9s..<\/p>\n<p>\u200bDans tous les cas, cette tentative de vouloir arracher au chef de l\u2019Etat son bras alors qu\u2019il leur a tendu sa main prouve \u00e0 suffisance que cette partie de soci\u00e9t\u00e9 civile congolaise roule pour l\u2019Occident. Elle lui est redevable.<\/p>\n<p>\u200bQuoi de plus normal qu\u2019elle se croit autoris\u00e9e de forcer la main \u00e0 F\u00e9lix Tshisekedi, peu importe que cela se fasse au d\u00e9triment du peuple congolais qui, elle, ne le voit pas c\u00e9der \u00e0 des pressions sur procuration.<\/p>\n<p>CLUB VIGILANCE CONGO,<\/p>\n<p>Kinshasa, le 10 mai 2022<\/p>\n<p><strong>Pour plus d&rsquo;informations et d&rsquo;analyses sur la <a href=\"https:\/\/www.africa-press.net\/congo-brazzaville\">Congo Brazzaville<\/a>, suivez <a href=\"https:\/\/www.africa-press.net\/\">Africa-Press<\/a><\/strong><\/p>\n","protected":false},"excerpt":{"rendered":"<p>Africa-Press &#8211; Congo Brazzaville. Premi\u00e8re cons\u00e9quence \u00e0 tirer : l\u2019article 9 de la Constitution sur l\u2019autorit\u00e9 de l\u2019Etat sur les ressources naturelles ne vaudrait plus la peine d\u2019\u00eatre brandieDeuxi\u00e8me cons\u00e9quence : les investisseurs congolais et \u00e9trangers se savent d\u00e9sormais oblig\u00e9s d\u2019obtenir l\u2019aval de Washington avant d\u2019op\u00e9rer sur le territoire congolais Depuis la table ronde organis\u00e9e [&hellip;]<\/p>\n","protected":false},"author":82,"featured_media":5064,"comment_status":"open","ping_status":"closed","sticky":false,"template":"","format":"standard","meta":{"footnotes":""},"categories":[7,11,20,10],"tags":[36,47,46],"class_list":["post-5065","post","type-post","status-publish","format-standard","has-post-thumbnail","hentry","category-dossiers","category-homepage-french","category-top-nouvelles","category-toutes-les-actualites","tag-africa-press","tag-africa-press-congo-brazzaville","tag-congo-brazzaville"],"yoast_head":"<!-- This site is optimized with the Yoast SEO Premium plugin v26.1 (Yoast SEO v27.0) - https:\/\/yoast.com\/product\/yoast-seo-premium-wordpress\/ -->\n<title>RDC: Au-del\u00e0 de l\u2019Affaire Gertler, la Soci\u00e9t\u00e9 civile est-elle consciente de la remise en cause de la souverainet\u00e9 de la RDC ? (Tribune) - Congo Brazzaville<\/title>\n<meta name=\"description\" content=\"Premi\u00e8re cons\u00e9quence \u00e0 tirer : l\u2019article 9 de la Constitution sur l\u2019autorit\u00e9 de l\u2019Etat sur les ressources naturelles ne ...\" \/>\n<meta name=\"robots\" content=\"index, follow, max-snippet:-1, max-image-preview:large, max-video-preview:-1\" \/>\n<link rel=\"canonical\" href=\"https:\/\/www.africa-press.net\/congo-brazzaville\/dossiers\/rdc-au-dela-de-laffaire-gertler-la-societe-civile-est-elle-consciente-de-la-remise-en-cause-de-la-souverainete-de-la-rdc-tribune\" \/>\n<meta property=\"og:locale\" content=\"fr_FR\" \/>\n<meta property=\"og:type\" content=\"article\" \/>\n<meta property=\"og:title\" content=\"RDC: Au-del\u00e0 de l\u2019Affaire Gertler, la Soci\u00e9t\u00e9 civile est-elle consciente de la remise en cause de la souverainet\u00e9 de la RDC ? (Tribune)\" \/>\n<meta property=\"og:description\" content=\"Premi\u00e8re cons\u00e9quence \u00e0 tirer : l\u2019article 9 de la Constitution sur l\u2019autorit\u00e9 de l\u2019Etat sur les ressources naturelles ne ...\" \/>\n<meta property=\"og:url\" content=\"https:\/\/www.africa-press.net\/congo-brazzaville\/dossiers\/rdc-au-dela-de-laffaire-gertler-la-societe-civile-est-elle-consciente-de-la-remise-en-cause-de-la-souverainete-de-la-rdc-tribune\" \/>\n<meta property=\"og:site_name\" content=\"Congo Brazzaville\" \/>\n<meta property=\"article:published_time\" content=\"2022-05-30T17:38:46+00:00\" \/>\n<meta property=\"article:modified_time\" content=\"2022-05-30T18:31:17+00:00\" \/>\n<meta property=\"og:image\" content=\"https:\/\/static.africa-press.net\/congo-brazzaville\/sites\/51\/2022\/05\/postQueueImg_68.jpg\" \/>\n\t<meta property=\"og:image:width\" content=\"972\" \/>\n\t<meta property=\"og:image:height\" content=\"691\" \/>\n\t<meta property=\"og:image:type\" content=\"image\/jpeg\" \/>\n<meta name=\"author\" content=\"cfeditorfr\" \/>\n<meta name=\"twitter:card\" content=\"summary_large_image\" \/>\n<meta name=\"twitter:label1\" content=\"\u00c9crit par\" \/>\n\t<meta name=\"twitter:data1\" content=\"cfeditorfr\" \/>\n\t<meta name=\"twitter:label2\" content=\"Dur\u00e9e de lecture estim\u00e9e\" \/>\n\t<meta name=\"twitter:data2\" content=\"4 minutes\" \/>\n<script type=\"application\/ld+json\" class=\"yoast-schema-graph\">{\"@context\":\"https:\/\/schema.org\",\"@graph\":[{\"@type\":\"Article\",\"@id\":\"https:\/\/www.africa-press.net\/congo-brazzaville\/dossiers\/rdc-au-dela-de-laffaire-gertler-la-societe-civile-est-elle-consciente-de-la-remise-en-cause-de-la-souverainete-de-la-rdc-tribune#article\",\"isPartOf\":{\"@id\":\"https:\/\/www.africa-press.net\/congo-brazzaville\/dossiers\/rdc-au-dela-de-laffaire-gertler-la-societe-civile-est-elle-consciente-de-la-remise-en-cause-de-la-souverainete-de-la-rdc-tribune\"},\"author\":{\"name\":\"cfeditorfr\",\"@id\":\"https:\/\/www.africa-press.net\/congo-brazzaville\/#\/schema\/person\/2b1cf3cd81a31e3cd26889ca66d677f1\"},\"headline\":\"RDC: Au-del\u00e0 de l\u2019Affaire Gertler, la Soci\u00e9t\u00e9 civile est-elle consciente de la remise en cause de la souverainet\u00e9 de la RDC ? (Tribune)\",\"datePublished\":\"2022-05-30T17:38:46+00:00\",\"dateModified\":\"2022-05-30T18:31:17+00:00\",\"mainEntityOfPage\":{\"@id\":\"https:\/\/www.africa-press.net\/congo-brazzaville\/dossiers\/rdc-au-dela-de-laffaire-gertler-la-societe-civile-est-elle-consciente-de-la-remise-en-cause-de-la-souverainete-de-la-rdc-tribune\"},\"wordCount\":912,\"commentCount\":0,\"image\":{\"@id\":\"https:\/\/www.africa-press.net\/congo-brazzaville\/dossiers\/rdc-au-dela-de-laffaire-gertler-la-societe-civile-est-elle-consciente-de-la-remise-en-cause-de-la-souverainete-de-la-rdc-tribune#primaryimage\"},\"thumbnailUrl\":\"https:\/\/static.africa-press.net\/congo-brazzaville\/sites\/51\/2022\/05\/postQueueImg_68.jpg\",\"keywords\":[\"Africa Press\",\"Africa Press-Congo Brazzaville\",\"Congo Brazzaville\"],\"articleSection\":[\"Dossiers\",\"homepage-french\",\"Top Nouvelles\",\"Toutes les actualit\u00e9s\"],\"inLanguage\":\"fr-FR\",\"potentialAction\":[{\"@type\":\"CommentAction\",\"name\":\"Comment\",\"target\":[\"https:\/\/www.africa-press.net\/congo-brazzaville\/dossiers\/rdc-au-dela-de-laffaire-gertler-la-societe-civile-est-elle-consciente-de-la-remise-en-cause-de-la-souverainete-de-la-rdc-tribune#respond\"]}]},{\"@type\":\"WebPage\",\"@id\":\"https:\/\/www.africa-press.net\/congo-brazzaville\/dossiers\/rdc-au-dela-de-laffaire-gertler-la-societe-civile-est-elle-consciente-de-la-remise-en-cause-de-la-souverainete-de-la-rdc-tribune\",\"url\":\"https:\/\/www.africa-press.net\/congo-brazzaville\/dossiers\/rdc-au-dela-de-laffaire-gertler-la-societe-civile-est-elle-consciente-de-la-remise-en-cause-de-la-souverainete-de-la-rdc-tribune\",\"name\":\"RDC: Au-del\u00e0 de l\u2019Affaire Gertler, la Soci\u00e9t\u00e9 civile est-elle consciente de la remise en cause de la souverainet\u00e9 de la RDC ? (Tribune) - Congo Brazzaville\",\"isPartOf\":{\"@id\":\"https:\/\/www.africa-press.net\/congo-brazzaville\/#website\"},\"primaryImageOfPage\":{\"@id\":\"https:\/\/www.africa-press.net\/congo-brazzaville\/dossiers\/rdc-au-dela-de-laffaire-gertler-la-societe-civile-est-elle-consciente-de-la-remise-en-cause-de-la-souverainete-de-la-rdc-tribune#primaryimage\"},\"image\":{\"@id\":\"https:\/\/www.africa-press.net\/congo-brazzaville\/dossiers\/rdc-au-dela-de-laffaire-gertler-la-societe-civile-est-elle-consciente-de-la-remise-en-cause-de-la-souverainete-de-la-rdc-tribune#primaryimage\"},\"thumbnailUrl\":\"https:\/\/static.africa-press.net\/congo-brazzaville\/sites\/51\/2022\/05\/postQueueImg_68.jpg\",\"datePublished\":\"2022-05-30T17:38:46+00:00\",\"dateModified\":\"2022-05-30T18:31:17+00:00\",\"author\":{\"@id\":\"https:\/\/www.africa-press.net\/congo-brazzaville\/#\/schema\/person\/2b1cf3cd81a31e3cd26889ca66d677f1\"},\"description\":\"Premi\u00e8re cons\u00e9quence \u00e0 tirer : l\u2019article 9 de la Constitution sur l\u2019autorit\u00e9 de l\u2019Etat sur les ressources naturelles ne ...\",\"breadcrumb\":{\"@id\":\"https:\/\/www.africa-press.net\/congo-brazzaville\/dossiers\/rdc-au-dela-de-laffaire-gertler-la-societe-civile-est-elle-consciente-de-la-remise-en-cause-de-la-souverainete-de-la-rdc-tribune#breadcrumb\"},\"inLanguage\":\"fr-FR\",\"potentialAction\":[{\"@type\":\"ReadAction\",\"target\":[\"https:\/\/www.africa-press.net\/congo-brazzaville\/dossiers\/rdc-au-dela-de-laffaire-gertler-la-societe-civile-est-elle-consciente-de-la-remise-en-cause-de-la-souverainete-de-la-rdc-tribune\"]}]},{\"@type\":\"ImageObject\",\"inLanguage\":\"fr-FR\",\"@id\":\"https:\/\/www.africa-press.net\/congo-brazzaville\/dossiers\/rdc-au-dela-de-laffaire-gertler-la-societe-civile-est-elle-consciente-de-la-remise-en-cause-de-la-souverainete-de-la-rdc-tribune#primaryimage\",\"url\":\"https:\/\/static.africa-press.net\/congo-brazzaville\/sites\/51\/2022\/05\/postQueueImg_68.jpg\",\"contentUrl\":\"https:\/\/static.africa-press.net\/congo-brazzaville\/sites\/51\/2022\/05\/postQueueImg_68.jpg\",\"width\":972,\"height\":691,\"caption\":\"RDC: Au-del\u00e0 de l\u2019Affaire Gertler, la Soci\u00e9t\u00e9 civile est-elle consciente de la remise en cause de la souverainet\u00e9 de la RDC ? (Tribune)\"},{\"@type\":\"BreadcrumbList\",\"@id\":\"https:\/\/www.africa-press.net\/congo-brazzaville\/dossiers\/rdc-au-dela-de-laffaire-gertler-la-societe-civile-est-elle-consciente-de-la-remise-en-cause-de-la-souverainete-de-la-rdc-tribune#breadcrumb\",\"itemListElement\":[{\"@type\":\"ListItem\",\"position\":1,\"name\":\"Accueil\",\"item\":\"https:\/\/www.africa-press.net\/congo-brazzaville\/\"},{\"@type\":\"ListItem\",\"position\":2,\"name\":\"RDC: Au-del\u00e0 de l\u2019Affaire Gertler, la Soci\u00e9t\u00e9 civile est-elle consciente de la remise en cause de la souverainet\u00e9 de la RDC ? (Tribune)\"}]},{\"@type\":\"WebSite\",\"@id\":\"https:\/\/www.africa-press.net\/congo-brazzaville\/#website\",\"url\":\"https:\/\/www.africa-press.net\/congo-brazzaville\/\",\"name\":\"Congo Brazzaville\",\"description\":\"Just another Africa News Agency Sites site\",\"potentialAction\":[{\"@type\":\"SearchAction\",\"target\":{\"@type\":\"EntryPoint\",\"urlTemplate\":\"https:\/\/www.africa-press.net\/congo-brazzaville\/?s={search_term_string}\"},\"query-input\":{\"@type\":\"PropertyValueSpecification\",\"valueRequired\":true,\"valueName\":\"search_term_string\"}}],\"inLanguage\":\"fr-FR\"},{\"@type\":\"Person\",\"@id\":\"https:\/\/www.africa-press.net\/congo-brazzaville\/#\/schema\/person\/2b1cf3cd81a31e3cd26889ca66d677f1\",\"name\":\"cfeditorfr\"}]}<\/script>\n<!-- \/ Yoast SEO Premium plugin. -->","yoast_head_json":{"title":"RDC: Au-del\u00e0 de l\u2019Affaire Gertler, la Soci\u00e9t\u00e9 civile est-elle consciente de la remise en cause de la souverainet\u00e9 de la RDC ? (Tribune) - Congo Brazzaville","description":"Premi\u00e8re cons\u00e9quence \u00e0 tirer : l\u2019article 9 de la Constitution sur l\u2019autorit\u00e9 de l\u2019Etat sur les ressources naturelles ne ...","robots":{"index":"index","follow":"follow","max-snippet":"max-snippet:-1","max-image-preview":"max-image-preview:large","max-video-preview":"max-video-preview:-1"},"canonical":"https:\/\/www.africa-press.net\/congo-brazzaville\/dossiers\/rdc-au-dela-de-laffaire-gertler-la-societe-civile-est-elle-consciente-de-la-remise-en-cause-de-la-souverainete-de-la-rdc-tribune","og_locale":"fr_FR","og_type":"article","og_title":"RDC: Au-del\u00e0 de l\u2019Affaire Gertler, la Soci\u00e9t\u00e9 civile est-elle consciente de la remise en cause de la souverainet\u00e9 de la RDC ? (Tribune)","og_description":"Premi\u00e8re cons\u00e9quence \u00e0 tirer : l\u2019article 9 de la Constitution sur l\u2019autorit\u00e9 de l\u2019Etat sur les ressources naturelles ne ...","og_url":"https:\/\/www.africa-press.net\/congo-brazzaville\/dossiers\/rdc-au-dela-de-laffaire-gertler-la-societe-civile-est-elle-consciente-de-la-remise-en-cause-de-la-souverainete-de-la-rdc-tribune","og_site_name":"Congo Brazzaville","article_published_time":"2022-05-30T17:38:46+00:00","article_modified_time":"2022-05-30T18:31:17+00:00","og_image":[{"width":972,"height":691,"url":"https:\/\/static.africa-press.net\/congo-brazzaville\/sites\/51\/2022\/05\/postQueueImg_68.jpg","type":"image\/jpeg"}],"author":"cfeditorfr","twitter_card":"summary_large_image","twitter_misc":{"\u00c9crit par":"cfeditorfr","Dur\u00e9e de lecture estim\u00e9e":"4 minutes"},"schema":{"@context":"https:\/\/schema.org","@graph":[{"@type":"Article","@id":"https:\/\/www.africa-press.net\/congo-brazzaville\/dossiers\/rdc-au-dela-de-laffaire-gertler-la-societe-civile-est-elle-consciente-de-la-remise-en-cause-de-la-souverainete-de-la-rdc-tribune#article","isPartOf":{"@id":"https:\/\/www.africa-press.net\/congo-brazzaville\/dossiers\/rdc-au-dela-de-laffaire-gertler-la-societe-civile-est-elle-consciente-de-la-remise-en-cause-de-la-souverainete-de-la-rdc-tribune"},"author":{"name":"cfeditorfr","@id":"https:\/\/www.africa-press.net\/congo-brazzaville\/#\/schema\/person\/2b1cf3cd81a31e3cd26889ca66d677f1"},"headline":"RDC: Au-del\u00e0 de l\u2019Affaire Gertler, la Soci\u00e9t\u00e9 civile est-elle consciente de la remise en cause de la souverainet\u00e9 de la RDC ? (Tribune)","datePublished":"2022-05-30T17:38:46+00:00","dateModified":"2022-05-30T18:31:17+00:00","mainEntityOfPage":{"@id":"https:\/\/www.africa-press.net\/congo-brazzaville\/dossiers\/rdc-au-dela-de-laffaire-gertler-la-societe-civile-est-elle-consciente-de-la-remise-en-cause-de-la-souverainete-de-la-rdc-tribune"},"wordCount":912,"commentCount":0,"image":{"@id":"https:\/\/www.africa-press.net\/congo-brazzaville\/dossiers\/rdc-au-dela-de-laffaire-gertler-la-societe-civile-est-elle-consciente-de-la-remise-en-cause-de-la-souverainete-de-la-rdc-tribune#primaryimage"},"thumbnailUrl":"https:\/\/static.africa-press.net\/congo-brazzaville\/sites\/51\/2022\/05\/postQueueImg_68.jpg","keywords":["Africa Press","Africa Press-Congo Brazzaville","Congo Brazzaville"],"articleSection":["Dossiers","homepage-french","Top Nouvelles","Toutes les actualit\u00e9s"],"inLanguage":"fr-FR","potentialAction":[{"@type":"CommentAction","name":"Comment","target":["https:\/\/www.africa-press.net\/congo-brazzaville\/dossiers\/rdc-au-dela-de-laffaire-gertler-la-societe-civile-est-elle-consciente-de-la-remise-en-cause-de-la-souverainete-de-la-rdc-tribune#respond"]}]},{"@type":"WebPage","@id":"https:\/\/www.africa-press.net\/congo-brazzaville\/dossiers\/rdc-au-dela-de-laffaire-gertler-la-societe-civile-est-elle-consciente-de-la-remise-en-cause-de-la-souverainete-de-la-rdc-tribune","url":"https:\/\/www.africa-press.net\/congo-brazzaville\/dossiers\/rdc-au-dela-de-laffaire-gertler-la-societe-civile-est-elle-consciente-de-la-remise-en-cause-de-la-souverainete-de-la-rdc-tribune","name":"RDC: Au-del\u00e0 de l\u2019Affaire Gertler, la Soci\u00e9t\u00e9 civile est-elle consciente de la remise en cause de la souverainet\u00e9 de la RDC ? (Tribune) - Congo Brazzaville","isPartOf":{"@id":"https:\/\/www.africa-press.net\/congo-brazzaville\/#website"},"primaryImageOfPage":{"@id":"https:\/\/www.africa-press.net\/congo-brazzaville\/dossiers\/rdc-au-dela-de-laffaire-gertler-la-societe-civile-est-elle-consciente-de-la-remise-en-cause-de-la-souverainete-de-la-rdc-tribune#primaryimage"},"image":{"@id":"https:\/\/www.africa-press.net\/congo-brazzaville\/dossiers\/rdc-au-dela-de-laffaire-gertler-la-societe-civile-est-elle-consciente-de-la-remise-en-cause-de-la-souverainete-de-la-rdc-tribune#primaryimage"},"thumbnailUrl":"https:\/\/static.africa-press.net\/congo-brazzaville\/sites\/51\/2022\/05\/postQueueImg_68.jpg","datePublished":"2022-05-30T17:38:46+00:00","dateModified":"2022-05-30T18:31:17+00:00","author":{"@id":"https:\/\/www.africa-press.net\/congo-brazzaville\/#\/schema\/person\/2b1cf3cd81a31e3cd26889ca66d677f1"},"description":"Premi\u00e8re cons\u00e9quence \u00e0 tirer : l\u2019article 9 de la Constitution sur l\u2019autorit\u00e9 de l\u2019Etat sur les ressources naturelles ne ...","breadcrumb":{"@id":"https:\/\/www.africa-press.net\/congo-brazzaville\/dossiers\/rdc-au-dela-de-laffaire-gertler-la-societe-civile-est-elle-consciente-de-la-remise-en-cause-de-la-souverainete-de-la-rdc-tribune#breadcrumb"},"inLanguage":"fr-FR","potentialAction":[{"@type":"ReadAction","target":["https:\/\/www.africa-press.net\/congo-brazzaville\/dossiers\/rdc-au-dela-de-laffaire-gertler-la-societe-civile-est-elle-consciente-de-la-remise-en-cause-de-la-souverainete-de-la-rdc-tribune"]}]},{"@type":"ImageObject","inLanguage":"fr-FR","@id":"https:\/\/www.africa-press.net\/congo-brazzaville\/dossiers\/rdc-au-dela-de-laffaire-gertler-la-societe-civile-est-elle-consciente-de-la-remise-en-cause-de-la-souverainete-de-la-rdc-tribune#primaryimage","url":"https:\/\/static.africa-press.net\/congo-brazzaville\/sites\/51\/2022\/05\/postQueueImg_68.jpg","contentUrl":"https:\/\/static.africa-press.net\/congo-brazzaville\/sites\/51\/2022\/05\/postQueueImg_68.jpg","width":972,"height":691,"caption":"RDC: Au-del\u00e0 de l\u2019Affaire Gertler, la Soci\u00e9t\u00e9 civile est-elle consciente de la remise en cause de la souverainet\u00e9 de la RDC ? (Tribune)"},{"@type":"BreadcrumbList","@id":"https:\/\/www.africa-press.net\/congo-brazzaville\/dossiers\/rdc-au-dela-de-laffaire-gertler-la-societe-civile-est-elle-consciente-de-la-remise-en-cause-de-la-souverainete-de-la-rdc-tribune#breadcrumb","itemListElement":[{"@type":"ListItem","position":1,"name":"Accueil","item":"https:\/\/www.africa-press.net\/congo-brazzaville\/"},{"@type":"ListItem","position":2,"name":"RDC: Au-del\u00e0 de l\u2019Affaire Gertler, la Soci\u00e9t\u00e9 civile est-elle consciente de la remise en cause de la souverainet\u00e9 de la RDC ? (Tribune)"}]},{"@type":"WebSite","@id":"https:\/\/www.africa-press.net\/congo-brazzaville\/#website","url":"https:\/\/www.africa-press.net\/congo-brazzaville\/","name":"Congo Brazzaville","description":"Just another Africa News Agency Sites site","potentialAction":[{"@type":"SearchAction","target":{"@type":"EntryPoint","urlTemplate":"https:\/\/www.africa-press.net\/congo-brazzaville\/?s={search_term_string}"},"query-input":{"@type":"PropertyValueSpecification","valueRequired":true,"valueName":"search_term_string"}}],"inLanguage":"fr-FR"},{"@type":"Person","@id":"https:\/\/www.africa-press.net\/congo-brazzaville\/#\/schema\/person\/2b1cf3cd81a31e3cd26889ca66d677f1","name":"cfeditorfr"}]}},"_links":{"self":[{"href":"https:\/\/www.africa-press.net\/congo-brazzaville\/wp-json\/wp\/v2\/posts\/5065","targetHints":{"allow":["GET"]}}],"collection":[{"href":"https:\/\/www.africa-press.net\/congo-brazzaville\/wp-json\/wp\/v2\/posts"}],"about":[{"href":"https:\/\/www.africa-press.net\/congo-brazzaville\/wp-json\/wp\/v2\/types\/post"}],"author":[{"embeddable":true,"href":"https:\/\/www.africa-press.net\/congo-brazzaville\/wp-json\/wp\/v2\/users\/82"}],"replies":[{"embeddable":true,"href":"https:\/\/www.africa-press.net\/congo-brazzaville\/wp-json\/wp\/v2\/comments?post=5065"}],"version-history":[{"count":0,"href":"https:\/\/www.africa-press.net\/congo-brazzaville\/wp-json\/wp\/v2\/posts\/5065\/revisions"}],"wp:featuredmedia":[{"embeddable":true,"href":"https:\/\/www.africa-press.net\/congo-brazzaville\/wp-json\/wp\/v2\/media\/5064"}],"wp:attachment":[{"href":"https:\/\/www.africa-press.net\/congo-brazzaville\/wp-json\/wp\/v2\/media?parent=5065"}],"wp:term":[{"taxonomy":"category","embeddable":true,"href":"https:\/\/www.africa-press.net\/congo-brazzaville\/wp-json\/wp\/v2\/categories?post=5065"},{"taxonomy":"post_tag","embeddable":true,"href":"https:\/\/www.africa-press.net\/congo-brazzaville\/wp-json\/wp\/v2\/tags?post=5065"}],"curies":[{"name":"wp","href":"https:\/\/api.w.org\/{rel}","templated":true}]}}