{"id":51509,"date":"2025-10-24T16:54:58","date_gmt":"2025-10-24T16:54:58","guid":{"rendered":"https:\/\/www.africa-press.net\/congo-brazzaville\/politique\/recompense-gims-en-lice-pour-les-grammy-awards"},"modified":"2025-10-24T20:46:14","modified_gmt":"2025-10-24T20:46:14","slug":"recompense-gims-en-lice-pour-les-grammy-awards","status":"publish","type":"post","link":"https:\/\/www.africa-press.net\/congo-brazzaville\/culture-et-art\/recompense-gims-en-lice-pour-les-grammy-awards","title":{"rendered":"Re\u0301compense: Gims en Lice pour les Grammy Awards"},"content":{"rendered":"<p><span style=\"color: #ff6600\"><strong>Africa-Press &#8211; Congo Brazzaville. <\/strong><\/span><b>Le chanteur congolais Gims franchit une e\u0301tape de\u0301cisive dans sa trajectoire artistique. Son dernier album, Le Nord se souvient, et son single, Ninao, ont e\u0301te\u0301 place\u0301s en \u201cGrammy consideration\u201d, premie\u0300re phase du processus de se\u0301lection des Grammy Awards. Cette reconnaissance, bien que pre\u0301liminaire, confirme son rayonnement mondial et consacre la porte\u0301e internationale de la musique congolaise francophone.<\/b><\/p>\n<p>Dans le de\u0301tail, Le Nord se souvient est propose\u0301 dans la cate\u0301gorie Best Global Music Album<b>,<\/b> tandis que Ninao concourt pour Best Global Music Performance. Ces deux \u0153uvres sont de\u0301sormais soumises a\u0300 l\u2019examen des membres de la Recording Academy, qui de\u0301termineront les nominations officielles dans les semaines a\u0300 venir. Ce passage en \u201cconsideration\u201d ne constitue pas encore une nomination, mais repre\u0301sente un jalon strate\u0301gique vers une e\u0301ventuelle conse\u0301cration.<\/p>\n<p>Gims a partage\u0301 les visuels officiels de sa campagne sur ses re\u0301seaux sociaux, mobilisant ainsi sa communaute\u0301 internationale. Cette de\u0301marche s\u2019inscrit dans une strate\u0301gie de communication cible\u0301e, visant a\u0300 renforcer sa visibilite\u0301 aupre\u0300s des votants et a\u0300 affirmer son positionnement dans les cate\u0301gories mondiales. Elle te\u0301moigne e\u0301galement d\u2019une volonte\u0301 de structuration professionnelle, rare chez les artistes francophones issus du continent.<\/p>\n<p>Pour Gims, cette conside\u0301ration aux Grammy Awards repre\u0301sente bien plus qu\u2019une reconnaissance personnelle. C\u2019est une opportunite\u0301 historique pour la Re\u0301publique de\u0301mocratique du Congo qui voit l\u2019un de ses artistes porter haut les couleurs du pays sur la sce\u0300ne internationale. A\u0300 travers cette de\u0301marche, il affirme que la musique congolaise francophone peut rivaliser avec les plus grandes productions mondiales, en termes de qualite\u0301, de narration et d\u2019impact e\u0301motionnel.<\/p>\n<p>Les nominations officielles seront de\u0301voile\u0301es prochainement. En attendant, Gims poursuit sa campagne avec rigueur et de\u0301termination, porte\u0301 par une vision artistique re\u0301solument tourne\u0301e vers l\u2019universel. Son parcours, entre enracinement et ouverture, incarne une nouvelle ge\u0301ne\u0301ration d\u2019artistes africains capables de dialoguer avec le monde sans renier leurs origines.<\/p>\n<p>Ne\u0301 a\u0300 Kinshasa, Gims s\u2019est re\u0301ve\u0301le\u0301 au de\u0301but des anne\u0301es 2010 avec le groupe Sexion d\u2019Assaut, avant de s\u2019imposer comme une figure incontournable de la sce\u0300ne francophone. Son premier album solo Subliminal (2013) a marque\u0301 le de\u0301but d\u2019une trajectoire fulgurante, ponctue\u0301e de succe\u0300s commerciaux, de collaborations prestigieuses et d\u2019une pre\u0301sence constante dans les charts europe\u0301ens. Il a su construire un re\u0301pertoire e\u0301clectique me\u0302lant rap, pop, influences africaines et refrains fe\u0301de\u0301rateurs, qui touche un public de toutes ge\u0301ne\u0301rations.<\/p>\n<p>Au fil des anne\u0301es, il a multiplie\u0301 les featurings internationaux, notamment avec Sting, Maluma, Dadju<b> <\/b>et bien d\u2019autres. Ces collaborations ont contribue\u0301 a\u0300 e\u0301largir son audience et a\u0300 renforcer son image d\u2019artiste global. Plusieurs distinctions majeures jalonnent son parcours, dont des NRJ Music Awards, des disques de diamant, des nominations aux MTV Europe Music Awards, et une reconnaissance croissante dans les sphe\u0300res anglophones.<\/p>\n<p><strong>Pour plus d&rsquo;informations et d&rsquo;analyses sur la <span style=\"color: #ff6600\">Congo Brazzaville<\/span>, suivez <span style=\"color: #ff6600\">Africa-Press<\/span><\/strong><\/p>\n","protected":false},"excerpt":{"rendered":"<p>Africa-Press &#8211; Congo Brazzaville. Le chanteur congolais Gims franchit une e\u0301tape de\u0301cisive dans sa trajectoire artistique. Son dernier album, Le Nord se souvient, et son single, Ninao, ont e\u0301te\u0301 place\u0301s en \u201cGrammy consideration\u201d, premie\u0300re phase du processus de se\u0301lection des Grammy Awards. Cette reconnaissance, bien que pre\u0301liminaire, confirme son rayonnement mondial et consacre la porte\u0301e [&hellip;]<\/p>\n","protected":false},"author":82,"featured_media":51508,"comment_status":"open","ping_status":"closed","sticky":false,"template":"","format":"standard","meta":{"footnotes":""},"categories":[5,10],"tags":[46],"class_list":["post-51509","post","type-post","status-publish","format-standard","has-post-thumbnail","hentry","category-culture-et-art","category-toutes-les-actualites","tag-congo-brazzaville"],"yoast_head":"<!-- This site is optimized with the Yoast SEO Premium plugin v26.1 (Yoast SEO v27.0) - https:\/\/yoast.com\/product\/yoast-seo-premium-wordpress\/ -->\n<title>Re\u0301compense: Gims en Lice pour les Grammy Awards - Congo Brazzaville<\/title>\n<meta name=\"description\" content=\"Le chanteur congolais Gims franchit une e\u0301tape de\u0301cisive dans sa trajectoire artistique. Son dernier album, Le Nord s ...\" \/>\n<meta name=\"robots\" content=\"index, follow, max-snippet:-1, max-image-preview:large, max-video-preview:-1\" \/>\n<link rel=\"canonical\" href=\"https:\/\/www.africa-press.net\/congo-brazzaville\/culture-et-art\/recompense-gims-en-lice-pour-les-grammy-awards\" \/>\n<meta property=\"og:locale\" content=\"fr_FR\" \/>\n<meta property=\"og:type\" content=\"article\" \/>\n<meta property=\"og:title\" content=\"Re\u0301compense: Gims en Lice pour les Grammy Awards\" \/>\n<meta property=\"og:description\" content=\"Le chanteur congolais Gims franchit une e\u0301tape de\u0301cisive dans sa trajectoire artistique. Son dernier album, Le Nord s ...\" \/>\n<meta property=\"og:url\" content=\"https:\/\/www.africa-press.net\/congo-brazzaville\/culture-et-art\/recompense-gims-en-lice-pour-les-grammy-awards\" \/>\n<meta property=\"og:site_name\" content=\"Congo Brazzaville\" \/>\n<meta property=\"article:published_time\" content=\"2025-10-24T16:54:58+00:00\" \/>\n<meta property=\"article:modified_time\" content=\"2025-10-24T20:46:14+00:00\" \/>\n<meta property=\"og:image\" content=\"https:\/\/static.africa-press.net\/congo-brazzaville\/sites\/51\/2025\/10\/sm_1761325354.52492.jpg\" \/>\n\t<meta property=\"og:image:width\" content=\"744\" \/>\n\t<meta property=\"og:image:height\" content=\"446\" \/>\n\t<meta property=\"og:image:type\" content=\"image\/jpeg\" \/>\n<meta name=\"author\" content=\"cfeditorfr\" \/>\n<meta name=\"twitter:card\" content=\"summary_large_image\" \/>\n<meta name=\"twitter:label1\" content=\"\u00c9crit par\" \/>\n\t<meta name=\"twitter:data1\" content=\"cfeditorfr\" \/>\n\t<meta name=\"twitter:label2\" content=\"Dur\u00e9e de lecture estim\u00e9e\" \/>\n\t<meta name=\"twitter:data2\" content=\"3 minutes\" \/>\n<script type=\"application\/ld+json\" class=\"yoast-schema-graph\">{\"@context\":\"https:\/\/schema.org\",\"@graph\":[{\"@type\":\"Article\",\"@id\":\"https:\/\/www.africa-press.net\/congo-brazzaville\/culture-et-art\/recompense-gims-en-lice-pour-les-grammy-awards#article\",\"isPartOf\":{\"@id\":\"https:\/\/www.africa-press.net\/congo-brazzaville\/culture-et-art\/recompense-gims-en-lice-pour-les-grammy-awards\"},\"author\":{\"name\":\"cfeditorfr\",\"@id\":\"https:\/\/www.africa-press.net\/congo-brazzaville\/#\/schema\/person\/2b1cf3cd81a31e3cd26889ca66d677f1\"},\"headline\":\"Re\u0301compense: Gims en Lice pour les Grammy Awards\",\"datePublished\":\"2025-10-24T16:54:58+00:00\",\"dateModified\":\"2025-10-24T20:46:14+00:00\",\"mainEntityOfPage\":{\"@id\":\"https:\/\/www.africa-press.net\/congo-brazzaville\/culture-et-art\/recompense-gims-en-lice-pour-les-grammy-awards\"},\"wordCount\":537,\"commentCount\":0,\"image\":{\"@id\":\"https:\/\/www.africa-press.net\/congo-brazzaville\/culture-et-art\/recompense-gims-en-lice-pour-les-grammy-awards#primaryimage\"},\"thumbnailUrl\":\"https:\/\/static.africa-press.net\/congo-brazzaville\/sites\/51\/2025\/10\/sm_1761325354.52492.jpg\",\"keywords\":[\"Congo Brazzaville\"],\"articleSection\":[\"Culture et Art\",\"Toutes les actualit\u00e9s\"],\"inLanguage\":\"fr-FR\",\"potentialAction\":[{\"@type\":\"CommentAction\",\"name\":\"Comment\",\"target\":[\"https:\/\/www.africa-press.net\/congo-brazzaville\/culture-et-art\/recompense-gims-en-lice-pour-les-grammy-awards#respond\"]}]},{\"@type\":\"WebPage\",\"@id\":\"https:\/\/www.africa-press.net\/congo-brazzaville\/culture-et-art\/recompense-gims-en-lice-pour-les-grammy-awards\",\"url\":\"https:\/\/www.africa-press.net\/congo-brazzaville\/culture-et-art\/recompense-gims-en-lice-pour-les-grammy-awards\",\"name\":\"Re\u0301compense: Gims en Lice pour les Grammy Awards - Congo Brazzaville\",\"isPartOf\":{\"@id\":\"https:\/\/www.africa-press.net\/congo-brazzaville\/#website\"},\"primaryImageOfPage\":{\"@id\":\"https:\/\/www.africa-press.net\/congo-brazzaville\/culture-et-art\/recompense-gims-en-lice-pour-les-grammy-awards#primaryimage\"},\"image\":{\"@id\":\"https:\/\/www.africa-press.net\/congo-brazzaville\/culture-et-art\/recompense-gims-en-lice-pour-les-grammy-awards#primaryimage\"},\"thumbnailUrl\":\"https:\/\/static.africa-press.net\/congo-brazzaville\/sites\/51\/2025\/10\/sm_1761325354.52492.jpg\",\"datePublished\":\"2025-10-24T16:54:58+00:00\",\"dateModified\":\"2025-10-24T20:46:14+00:00\",\"author\":{\"@id\":\"https:\/\/www.africa-press.net\/congo-brazzaville\/#\/schema\/person\/2b1cf3cd81a31e3cd26889ca66d677f1\"},\"description\":\"Le chanteur congolais Gims franchit une e\u0301tape de\u0301cisive dans sa trajectoire artistique. Son dernier album, Le Nord s ...\",\"breadcrumb\":{\"@id\":\"https:\/\/www.africa-press.net\/congo-brazzaville\/culture-et-art\/recompense-gims-en-lice-pour-les-grammy-awards#breadcrumb\"},\"inLanguage\":\"fr-FR\",\"potentialAction\":[{\"@type\":\"ReadAction\",\"target\":[\"https:\/\/www.africa-press.net\/congo-brazzaville\/culture-et-art\/recompense-gims-en-lice-pour-les-grammy-awards\"]}]},{\"@type\":\"ImageObject\",\"inLanguage\":\"fr-FR\",\"@id\":\"https:\/\/www.africa-press.net\/congo-brazzaville\/culture-et-art\/recompense-gims-en-lice-pour-les-grammy-awards#primaryimage\",\"url\":\"https:\/\/static.africa-press.net\/congo-brazzaville\/sites\/51\/2025\/10\/sm_1761325354.52492.jpg\",\"contentUrl\":\"https:\/\/static.africa-press.net\/congo-brazzaville\/sites\/51\/2025\/10\/sm_1761325354.52492.jpg\",\"width\":744,\"height\":446,\"caption\":\"Re\u0301compense: Gims en Lice pour les Grammy Awards\"},{\"@type\":\"BreadcrumbList\",\"@id\":\"https:\/\/www.africa-press.net\/congo-brazzaville\/culture-et-art\/recompense-gims-en-lice-pour-les-grammy-awards#breadcrumb\",\"itemListElement\":[{\"@type\":\"ListItem\",\"position\":1,\"name\":\"Accueil\",\"item\":\"https:\/\/www.africa-press.net\/congo-brazzaville\/\"},{\"@type\":\"ListItem\",\"position\":2,\"name\":\"Re\u0301compense: Gims en Lice pour les Grammy Awards\"}]},{\"@type\":\"WebSite\",\"@id\":\"https:\/\/www.africa-press.net\/congo-brazzaville\/#website\",\"url\":\"https:\/\/www.africa-press.net\/congo-brazzaville\/\",\"name\":\"Congo Brazzaville\",\"description\":\"Just another Africa News Agency Sites site\",\"potentialAction\":[{\"@type\":\"SearchAction\",\"target\":{\"@type\":\"EntryPoint\",\"urlTemplate\":\"https:\/\/www.africa-press.net\/congo-brazzaville\/?s={search_term_string}\"},\"query-input\":{\"@type\":\"PropertyValueSpecification\",\"valueRequired\":true,\"valueName\":\"search_term_string\"}}],\"inLanguage\":\"fr-FR\"},{\"@type\":\"Person\",\"@id\":\"https:\/\/www.africa-press.net\/congo-brazzaville\/#\/schema\/person\/2b1cf3cd81a31e3cd26889ca66d677f1\",\"name\":\"cfeditorfr\"}]}<\/script>\n<!-- \/ Yoast SEO Premium plugin. -->","yoast_head_json":{"title":"Re\u0301compense: Gims en Lice pour les Grammy Awards - Congo Brazzaville","description":"Le chanteur congolais Gims franchit une e\u0301tape de\u0301cisive dans sa trajectoire artistique. Son dernier album, Le Nord s ...","robots":{"index":"index","follow":"follow","max-snippet":"max-snippet:-1","max-image-preview":"max-image-preview:large","max-video-preview":"max-video-preview:-1"},"canonical":"https:\/\/www.africa-press.net\/congo-brazzaville\/culture-et-art\/recompense-gims-en-lice-pour-les-grammy-awards","og_locale":"fr_FR","og_type":"article","og_title":"Re\u0301compense: Gims en Lice pour les Grammy Awards","og_description":"Le chanteur congolais Gims franchit une e\u0301tape de\u0301cisive dans sa trajectoire artistique. Son dernier album, Le Nord s ...","og_url":"https:\/\/www.africa-press.net\/congo-brazzaville\/culture-et-art\/recompense-gims-en-lice-pour-les-grammy-awards","og_site_name":"Congo Brazzaville","article_published_time":"2025-10-24T16:54:58+00:00","article_modified_time":"2025-10-24T20:46:14+00:00","og_image":[{"width":744,"height":446,"url":"https:\/\/static.africa-press.net\/congo-brazzaville\/sites\/51\/2025\/10\/sm_1761325354.52492.jpg","type":"image\/jpeg"}],"author":"cfeditorfr","twitter_card":"summary_large_image","twitter_misc":{"\u00c9crit par":"cfeditorfr","Dur\u00e9e de lecture estim\u00e9e":"3 minutes"},"schema":{"@context":"https:\/\/schema.org","@graph":[{"@type":"Article","@id":"https:\/\/www.africa-press.net\/congo-brazzaville\/culture-et-art\/recompense-gims-en-lice-pour-les-grammy-awards#article","isPartOf":{"@id":"https:\/\/www.africa-press.net\/congo-brazzaville\/culture-et-art\/recompense-gims-en-lice-pour-les-grammy-awards"},"author":{"name":"cfeditorfr","@id":"https:\/\/www.africa-press.net\/congo-brazzaville\/#\/schema\/person\/2b1cf3cd81a31e3cd26889ca66d677f1"},"headline":"Re\u0301compense: Gims en Lice pour les Grammy Awards","datePublished":"2025-10-24T16:54:58+00:00","dateModified":"2025-10-24T20:46:14+00:00","mainEntityOfPage":{"@id":"https:\/\/www.africa-press.net\/congo-brazzaville\/culture-et-art\/recompense-gims-en-lice-pour-les-grammy-awards"},"wordCount":537,"commentCount":0,"image":{"@id":"https:\/\/www.africa-press.net\/congo-brazzaville\/culture-et-art\/recompense-gims-en-lice-pour-les-grammy-awards#primaryimage"},"thumbnailUrl":"https:\/\/static.africa-press.net\/congo-brazzaville\/sites\/51\/2025\/10\/sm_1761325354.52492.jpg","keywords":["Congo Brazzaville"],"articleSection":["Culture et Art","Toutes les actualit\u00e9s"],"inLanguage":"fr-FR","potentialAction":[{"@type":"CommentAction","name":"Comment","target":["https:\/\/www.africa-press.net\/congo-brazzaville\/culture-et-art\/recompense-gims-en-lice-pour-les-grammy-awards#respond"]}]},{"@type":"WebPage","@id":"https:\/\/www.africa-press.net\/congo-brazzaville\/culture-et-art\/recompense-gims-en-lice-pour-les-grammy-awards","url":"https:\/\/www.africa-press.net\/congo-brazzaville\/culture-et-art\/recompense-gims-en-lice-pour-les-grammy-awards","name":"Re\u0301compense: Gims en Lice pour les Grammy Awards - Congo Brazzaville","isPartOf":{"@id":"https:\/\/www.africa-press.net\/congo-brazzaville\/#website"},"primaryImageOfPage":{"@id":"https:\/\/www.africa-press.net\/congo-brazzaville\/culture-et-art\/recompense-gims-en-lice-pour-les-grammy-awards#primaryimage"},"image":{"@id":"https:\/\/www.africa-press.net\/congo-brazzaville\/culture-et-art\/recompense-gims-en-lice-pour-les-grammy-awards#primaryimage"},"thumbnailUrl":"https:\/\/static.africa-press.net\/congo-brazzaville\/sites\/51\/2025\/10\/sm_1761325354.52492.jpg","datePublished":"2025-10-24T16:54:58+00:00","dateModified":"2025-10-24T20:46:14+00:00","author":{"@id":"https:\/\/www.africa-press.net\/congo-brazzaville\/#\/schema\/person\/2b1cf3cd81a31e3cd26889ca66d677f1"},"description":"Le chanteur congolais Gims franchit une e\u0301tape de\u0301cisive dans sa trajectoire artistique. Son dernier album, Le Nord s ...","breadcrumb":{"@id":"https:\/\/www.africa-press.net\/congo-brazzaville\/culture-et-art\/recompense-gims-en-lice-pour-les-grammy-awards#breadcrumb"},"inLanguage":"fr-FR","potentialAction":[{"@type":"ReadAction","target":["https:\/\/www.africa-press.net\/congo-brazzaville\/culture-et-art\/recompense-gims-en-lice-pour-les-grammy-awards"]}]},{"@type":"ImageObject","inLanguage":"fr-FR","@id":"https:\/\/www.africa-press.net\/congo-brazzaville\/culture-et-art\/recompense-gims-en-lice-pour-les-grammy-awards#primaryimage","url":"https:\/\/static.africa-press.net\/congo-brazzaville\/sites\/51\/2025\/10\/sm_1761325354.52492.jpg","contentUrl":"https:\/\/static.africa-press.net\/congo-brazzaville\/sites\/51\/2025\/10\/sm_1761325354.52492.jpg","width":744,"height":446,"caption":"Re\u0301compense: Gims en Lice pour les Grammy Awards"},{"@type":"BreadcrumbList","@id":"https:\/\/www.africa-press.net\/congo-brazzaville\/culture-et-art\/recompense-gims-en-lice-pour-les-grammy-awards#breadcrumb","itemListElement":[{"@type":"ListItem","position":1,"name":"Accueil","item":"https:\/\/www.africa-press.net\/congo-brazzaville\/"},{"@type":"ListItem","position":2,"name":"Re\u0301compense: Gims en Lice pour les Grammy Awards"}]},{"@type":"WebSite","@id":"https:\/\/www.africa-press.net\/congo-brazzaville\/#website","url":"https:\/\/www.africa-press.net\/congo-brazzaville\/","name":"Congo Brazzaville","description":"Just another Africa News Agency Sites site","potentialAction":[{"@type":"SearchAction","target":{"@type":"EntryPoint","urlTemplate":"https:\/\/www.africa-press.net\/congo-brazzaville\/?s={search_term_string}"},"query-input":{"@type":"PropertyValueSpecification","valueRequired":true,"valueName":"search_term_string"}}],"inLanguage":"fr-FR"},{"@type":"Person","@id":"https:\/\/www.africa-press.net\/congo-brazzaville\/#\/schema\/person\/2b1cf3cd81a31e3cd26889ca66d677f1","name":"cfeditorfr"}]}},"_links":{"self":[{"href":"https:\/\/www.africa-press.net\/congo-brazzaville\/wp-json\/wp\/v2\/posts\/51509","targetHints":{"allow":["GET"]}}],"collection":[{"href":"https:\/\/www.africa-press.net\/congo-brazzaville\/wp-json\/wp\/v2\/posts"}],"about":[{"href":"https:\/\/www.africa-press.net\/congo-brazzaville\/wp-json\/wp\/v2\/types\/post"}],"author":[{"embeddable":true,"href":"https:\/\/www.africa-press.net\/congo-brazzaville\/wp-json\/wp\/v2\/users\/82"}],"replies":[{"embeddable":true,"href":"https:\/\/www.africa-press.net\/congo-brazzaville\/wp-json\/wp\/v2\/comments?post=51509"}],"version-history":[{"count":0,"href":"https:\/\/www.africa-press.net\/congo-brazzaville\/wp-json\/wp\/v2\/posts\/51509\/revisions"}],"wp:featuredmedia":[{"embeddable":true,"href":"https:\/\/www.africa-press.net\/congo-brazzaville\/wp-json\/wp\/v2\/media\/51508"}],"wp:attachment":[{"href":"https:\/\/www.africa-press.net\/congo-brazzaville\/wp-json\/wp\/v2\/media?parent=51509"}],"wp:term":[{"taxonomy":"category","embeddable":true,"href":"https:\/\/www.africa-press.net\/congo-brazzaville\/wp-json\/wp\/v2\/categories?post=51509"},{"taxonomy":"post_tag","embeddable":true,"href":"https:\/\/www.africa-press.net\/congo-brazzaville\/wp-json\/wp\/v2\/tags?post=51509"}],"curies":[{"name":"wp","href":"https:\/\/api.w.org\/{rel}","templated":true}]}}