{"id":51557,"date":"2025-10-25T17:07:06","date_gmt":"2025-10-25T17:07:06","guid":{"rendered":"https:\/\/www.africa-press.net\/congo-brazzaville\/politique\/infrastructures-sassou-nguesso-inaugure-complexe-scolaire"},"modified":"2025-10-25T17:40:04","modified_gmt":"2025-10-25T17:40:04","slug":"infrastructures-sassou-nguesso-inaugure-complexe-scolaire","status":"publish","type":"post","link":"https:\/\/www.africa-press.net\/congo-brazzaville\/photo\/infrastructures-sassou-nguesso-inaugure-complexe-scolaire","title":{"rendered":"Infrastructures: Sassou N\u2019Guesso Inaugure Complexe Scolaire"},"content":{"rendered":"<p><span style=\"color: #ff6600\"><strong>Africa-Press &#8211; Congo Brazzaville. <\/strong><\/span><b>Le chef de l\u2019Etat, Denis Sassou N\u2019Guesso, a inaugure\u0301 le 24 octobre le complexe scolaire de la Liberte\u0301, situe\u0301 dans le sixie\u0300me arrondissement de Brazzaville, Talangai\u0308.<\/b><\/p>\n<p>Don de la Socie\u0301te\u0301 nationale des pe\u0301troles du Congo (SNPC), le complexe de la Liberte\u0301 est implante\u0301 sur une superficie de 30 000 m2, soit trois hectares. Il comprend en son sein deux e\u0301coles pre\u0301scolaires, six e\u0301coles primaires, deux colle\u0300ges d\u2019enseignement ge\u0301ne\u0301ral et un lyce\u0301e moderne dont la premie\u0300re anne\u0301e est re\u0301serve\u0301e aux e\u0301le\u0300ves de la seconde. Le tout pour une capacite\u0301 d\u2019accueil de dix mille e\u0301le\u0300ves. Selon le directeur ge\u0301ne\u0301ral de la SNPC, Maixent Raoul Ominga, qui a pre\u0301sente\u0301 la fiche technique, cette infrastructure scolaire compte vingt-quatre ba\u0302timents dont douze de type R+1 et 85 salles de classe.<\/p>\n<p>Construit au quartier 607 Liberte\u0301, cet e\u0301tablissement scolaire a connu depuis sa cre\u0301ation en 1966 sous l\u2019appellation de l\u2019e\u0301cole de Talangai\u0308 plusieurs mutations et innovations. Repre\u0301sente\u0301 par deux ba\u0302timents de\u0300s sa cre\u0301ation, cet e\u0301tablissement avait e\u0301te\u0301 de\u0301baptise\u0301 E\u0301cole primaire de la Liberte\u0301 en 1970 par le pre\u0301sident Marien Ngouabi apre\u0300s la construction de deux nouveaux ba\u0302timents. En 1980, il a connu une re\u0301organisation structurelle ayant abouti a\u0300 la cre\u0301ation de deux e\u0301tablissements issus d&rsquo;une me\u0302me entite\u0301, notamment Liberte\u0301 primaire 1, et Liberte\u0301 primaire 2.<\/p>\n<p>C\u2019est en 1985 que le CEG de la Liberte\u0301 a e\u0301te\u0301 cre\u0301e\u0301 et subdivise\u0301 en quatre e\u0301tablissements, a\u0300 savoir Liberte\u0301 A1, Liberte\u0301 A2, Liberte\u0301 B1, Liberte\u0301 B2. Le pre\u0301scolaire de la Liberte\u0301, quant a\u0300 lui, a e\u0301te\u0301 cre\u0301e\u0301 en 2007. Aujourd\u2019hui, l\u2019E\u0301cole de la Liberte\u0301 est devenue Complexe scolaire de la Liberte\u0301 avec en son sein les cycles pre\u0301scolaire, primaire, secondaire du 1er et second degre\u0301 de l\u2019enseignement ge\u0301ne\u0301ral.<\/p>\n<p>Le ministre de l\u2019Enseignement pre\u0301scolaire, primaire, secondaire et de l\u2019Alphabe\u0301tisation, Jean Luc Mouthou, a rappele\u0301 que l\u2019inauguration du complexe scolaire de la Liberte\u0301 confirme la volonte\u0301 du chef de l&rsquo;Etat, Denis Sassou N\u2019Guesso, d\u2019ame\u0301liorer les conditions d\u2019e\u0301tudes dans les e\u0301tablissements scolaires. Il s\u2019agit e\u0301galement d\u2019une occasion \u00ab de rapprocher l\u2019e\u0301cole du domicile des apprenants, de renforcer l\u2019encadrement des enseignants et de rehausser la qualite\u0301 des apprentissages. Cette de\u0301marche conforte la politique gouvernementale d\u2019e\u0301galite\u0301 des chances et d\u2019investissement dans le capital humain dans notre pays \u00bb, a-t-il soutenu.<\/p>\n<p><b>Un bain de foule aux allures des joutes e\u0301lectorales <\/b><\/p>\n<p>Apre\u0300s la coupure de ruban marquant la mise en service du complexe scolaire de la Liberte\u0301 et la visite de quelques compartiments de ce joyau architectural, le pre\u0301sident de la Re\u0301publique a re\u0301pondu aux questions de la presse. Sur les actes inciviques souvent constate\u0301s au niveau des infrastructures concernant l\u2019entretien, Denis Sassou N\u2019Guesso a de\u0301plore\u0301 le manque de patriotisme de certains Congolais, tout en instruisant le gouvernement a\u0300 prendre le taureau par les cornes. \u00ab Il y a l&rsquo;e\u0301ducation aussi. L&rsquo;e\u0301ducation en question, ce n&rsquo;est pas seulement pour les enfants, les e\u0301coles. L&rsquo;e\u0301ducation civique, il y a me\u0302me un de\u0301partement ministe\u0301riel qui en a la charge. C&rsquo;est pour e\u0301duquer les adultes aussi \u00bb, a lance\u0301 Denis Sassou N\u2019Guesso.<\/p>\n<p>Tout au long de son passage, le chef de l\u2019Etat, a\u0300 bord de sa Nissan Patrol a\u0300 toit ouvert, a eu droit a\u0300 un ve\u0301ritable bain de foule. En effet, des milliers de Congolais se sont entasse\u0301s du rond-point Ebina jusqu\u2019aux environs du complexe de la Liberte\u0301 pour saluer non seulement l\u2019ouvrage e\u0301rige\u0301 mais aussi le retour de Denis Sassou N\u2019Guesso dans le 6e arrondissement, conside\u0301re\u0301 a\u0300 tort ou a\u0300 raison comme le sie\u0300ge du Parti congolais du travail (PCT). Interroge\u0301 sur cette effervescence de la population qui rappelle son accueil le 5 juin 2000, lors de l&rsquo;inauguration de l&rsquo;avenue Marien-Ngouabi, le pre\u0301sident de la Re\u0301publique n\u2019a pas he\u0301site\u0301 de re\u0301pondre.<\/p>\n<p>\u00ab Vous ne vous trompez certainement pas. C&rsquo;est cet arrondissement qui m&rsquo;a accueilli le 5 juin 1997, lorsque j&rsquo;avais e\u0301te\u0301 chasse\u0301 de mon arrondissement. Mais en re\u0301alite\u0301, tous les de\u0301partements du Congo sont les fiefs du Parti congolais du travail. Je crois que vous pouvez relire les re\u0301sultats, toutes les e\u0301lections. Oui, cet arrondissement m&rsquo;accueille toujours avec ferveur, comme les autres. Il n&rsquo;y a pas longtemps, j&rsquo;e\u0301tais a\u0300 Madingou, il y avait a\u0300 Madingou la me\u0302me fie\u0300vre qu&rsquo;aujourd&rsquo;hui. Parce que la\u0300-bas, j&rsquo;allais lancer des activite\u0301s agricoles. Je souhaite pluto\u0302t qu&rsquo;il y ait toujours cet enthousiasme partout, cette mobilisation parce que nous sommes dans une phase de construction du pays. Il faut que les forces vives soient toujours mobilise\u0301es \u00bb, a re\u0301pondu le chef l\u2019Etat.<\/p>\n<p>Au centre de cette grande mobilisation, des e\u0301lus, des partis politiques de la majorite\u0301 pre\u0301sidentielle ainsi que des associations et dynamiques qui soutiennent l\u2019action du pre\u0301sident de la Re\u0301publique. En te\u0302te d\u2019affiche, on a pu voir la Ge\u0301ne\u0301ration auto-entrepreneur d\u2019Elvis Digne Tsalissan Okombi avec sa dynamique le \u00ab Patriarche \u00bb qui en a monte\u0301 tout un podium ; le PCT et ses unions cate\u0301gorielles avec leur \u00ab Timonier \u00bb, l\u2019Association Mpila sans frontie\u0300re, l&rsquo;Initiative populaire pour le renouveau citoyen, le Mouvement des jeunes pre\u0301sidentiels de Donald Mobobola et bien d\u2019autres.<\/p>\n\r\n                <style type=\"text\/css\">\r\n                    \r\n                    #td_uid_1_69f201732a04b  .td-doubleSlider-2 .td-item1 {\r\n                        background: url(https:\/\/static.africa-press.net\/congo-brazzaville\/sites\/51\/2025\/10\/sm_1761401256.543366-80x60.jpg) 0 0 no-repeat;\r\n                    }\r\n                    #td_uid_1_69f201732a04b  .td-doubleSlider-2 .td-item2 {\r\n                        background: url(https:\/\/static.africa-press.net\/congo-brazzaville\/sites\/51\/2025\/10\/sm_1761401260.936789-80x60.jpg) 0 0 no-repeat;\r\n                    }\r\n                    #td_uid_1_69f201732a04b  .td-doubleSlider-2 .td-item3 {\r\n                        background: url(https:\/\/static.africa-press.net\/congo-brazzaville\/sites\/51\/2025\/10\/sm_1761401264.408549-80x60.jpg) 0 0 no-repeat;\r\n                    }\r\n                <\/style>\r\n\r\n                <div id=\"td_uid_1_69f201732a04b\" class=\"td-gallery td-slide-on-2-columns\">\r\n                    <div class=\"post_td_gallery\">\r\n                        <div class=\"td-gallery-slide-top\">\r\n                           <div class=\"td-gallery-title\"><\/div>\r\n\r\n                            <div class=\"td-gallery-controls-wrapper\">\r\n                                <div class=\"td-gallery-slide-count\"><span class=\"td-gallery-slide-item-focus\">1<\/span> de 3<\/div>\r\n                                <div class=\"td-gallery-slide-prev-next-but\">\r\n                                    <i class = \"td-icon-left doubleSliderPrevButton\"><\/i>\r\n                                    <i class = \"td-icon-right doubleSliderNextButton\"><\/i>\r\n                                <\/div>\r\n                            <\/div>\r\n                        <\/div>\r\n\r\n                        <div class = \"td-doubleSlider-1 \">\r\n                            <div class = \"td-slider\">\r\n                                \r\n                    <div class = \"td-slide-item td-item1\">\r\n                        <figure class=\"td-slide-galery-figure td-slide-popup-gallery\">\r\n                            <a class=\"slide-gallery-image-link\" href=\"https:\/\/static.africa-press.net\/congo-brazzaville\/sites\/51\/2025\/10\/sm_1761401256.543366.jpg\" title=\"sm_1761401256.543366\"  data-caption=\"\"  data-description=\"\">\r\n                                <img decoding=\"async\" src=\"https:\/\/static.africa-press.net\/congo-brazzaville\/sites\/51\/2025\/10\/sm_1761401256.543366.jpg\" srcset=\"https:\/\/static.africa-press.net\/congo-brazzaville\/sites\/51\/2025\/10\/sm_1761401256.543366.jpg 1024w, https:\/\/static.africa-press.net\/congo-brazzaville\/sites\/51\/2025\/10\/sm_1761401256.543366-300x200.jpg 300w, https:\/\/static.africa-press.net\/congo-brazzaville\/sites\/51\/2025\/10\/sm_1761401256.543366-768x512.jpg 768w\" sizes=\"(max-width: 1024px) 100vw, 1024px\" alt=\"\">\r\n                            <\/a>\r\n                            \r\n                        <\/figure>\r\n                    <\/div>\r\n                    <div class = \"td-slide-item td-item2\">\r\n                        <figure class=\"td-slide-galery-figure td-slide-popup-gallery\">\r\n                            <a class=\"slide-gallery-image-link\" href=\"https:\/\/static.africa-press.net\/congo-brazzaville\/sites\/51\/2025\/10\/sm_1761401260.936789.jpg\" title=\"sm_1761401260.936789\"  data-caption=\"\"  data-description=\"\">\r\n                                <img decoding=\"async\" src=\"https:\/\/static.africa-press.net\/congo-brazzaville\/sites\/51\/2025\/10\/sm_1761401260.936789.jpg\" srcset=\"https:\/\/static.africa-press.net\/congo-brazzaville\/sites\/51\/2025\/10\/sm_1761401260.936789.jpg 720w, https:\/\/static.africa-press.net\/congo-brazzaville\/sites\/51\/2025\/10\/sm_1761401260.936789-300x202.jpg 300w\" sizes=\"(max-width: 720px) 100vw, 720px\" alt=\"\">\r\n                            <\/a>\r\n                            \r\n                        <\/figure>\r\n                    <\/div>\r\n                    <div class = \"td-slide-item td-item3\">\r\n                        <figure class=\"td-slide-galery-figure td-slide-popup-gallery\">\r\n                            <a class=\"slide-gallery-image-link\" href=\"https:\/\/static.africa-press.net\/congo-brazzaville\/sites\/51\/2025\/10\/sm_1761401264.408549.jpg\" title=\"sm_1761401264.408549\"  data-caption=\"\"  data-description=\"\">\r\n                                <img decoding=\"async\" src=\"https:\/\/static.africa-press.net\/congo-brazzaville\/sites\/51\/2025\/10\/sm_1761401264.408549.jpg\" srcset=\"https:\/\/static.africa-press.net\/congo-brazzaville\/sites\/51\/2025\/10\/sm_1761401264.408549.jpg 2560w, https:\/\/static.africa-press.net\/congo-brazzaville\/sites\/51\/2025\/10\/sm_1761401264.408549-300x225.jpg 300w, https:\/\/static.africa-press.net\/congo-brazzaville\/sites\/51\/2025\/10\/sm_1761401264.408549-1024x768.jpg 1024w, https:\/\/static.africa-press.net\/congo-brazzaville\/sites\/51\/2025\/10\/sm_1761401264.408549-768x576.jpg 768w, https:\/\/static.africa-press.net\/congo-brazzaville\/sites\/51\/2025\/10\/sm_1761401264.408549-1536x1152.jpg 1536w, https:\/\/static.africa-press.net\/congo-brazzaville\/sites\/51\/2025\/10\/sm_1761401264.408549-2048x1536.jpg 2048w, https:\/\/static.africa-press.net\/congo-brazzaville\/sites\/51\/2025\/10\/sm_1761401264.408549-80x60.jpg 80w\" sizes=\"(max-width: 2560px) 100vw, 2560px\" alt=\"\">\r\n                            <\/a>\r\n                            \r\n                        <\/figure>\r\n                    <\/div>\r\n                            <\/div>\r\n                        <\/div>\r\n\r\n                        <div class = \"td-doubleSlider-2\">\r\n                            <div class = \"td-slider\">\r\n                                \r\n                    <div class = \"td-button td-item1\">\r\n                        <div class = \"td-border\"><\/div>\r\n                    <\/div>\r\n                    <div class = \"td-button td-item2\">\r\n                        <div class = \"td-border\"><\/div>\r\n                    <\/div>\r\n                    <div class = \"td-button td-item3\">\r\n                        <div class = \"td-border\"><\/div>\r\n                    <\/div>\r\n                            <\/div>\r\n                        <\/div>\r\n\r\n                    <\/div>\r\n\r\n                <\/div>\r\n                \n<p><strong>Pour plus d&rsquo;informations et d&rsquo;analyses sur la <span style=\"color: #ff6600\">Congo Brazzaville<\/span>, suivez <span style=\"color: #ff6600\">Africa-Press<\/span><\/strong><\/p>\n","protected":false},"excerpt":{"rendered":"<p>Africa-Press &#8211; Congo Brazzaville. Le chef de l\u2019Etat, Denis Sassou N\u2019Guesso, a inaugure\u0301 le 24 octobre le complexe scolaire de la Liberte\u0301, situe\u0301 dans le sixie\u0300me arrondissement de Brazzaville, Talangai\u0308. Don de la Socie\u0301te\u0301 nationale des pe\u0301troles du Congo (SNPC), le complexe de la Liberte\u0301 est implante\u0301 sur une superficie de 30 000 m2, soit [&hellip;]<\/p>\n","protected":false},"author":82,"featured_media":51556,"comment_status":"open","ping_status":"closed","sticky":false,"template":"","format":"standard","meta":{"footnotes":""},"categories":[21,8,10],"tags":[46],"class_list":["post-51557","post","type-post","status-publish","format-standard","has-post-thumbnail","hentry","category-communaute","category-photo","category-toutes-les-actualites","tag-congo-brazzaville"],"yoast_head":"<!-- This site is optimized with the Yoast SEO Premium plugin v26.1 (Yoast SEO v27.0) - https:\/\/yoast.com\/product\/yoast-seo-premium-wordpress\/ -->\n<title>Infrastructures: Sassou N\u2019Guesso Inaugure Complexe Scolaire - Congo Brazzaville<\/title>\n<meta name=\"description\" content=\"Le chef de l\u2019Etat, Denis Sassou N\u2019Guesso, a inaugure\u0301 le 24 octobre le complexe scolaire de la Liberte\u0301, situe\u0301 dans ...\" \/>\n<meta name=\"robots\" content=\"index, follow, max-snippet:-1, max-image-preview:large, max-video-preview:-1\" \/>\n<link rel=\"canonical\" href=\"https:\/\/www.africa-press.net\/congo-brazzaville\/photo\/infrastructures-sassou-nguesso-inaugure-complexe-scolaire\" \/>\n<meta property=\"og:locale\" content=\"fr_FR\" \/>\n<meta property=\"og:type\" content=\"article\" \/>\n<meta property=\"og:title\" content=\"Infrastructures: Sassou N\u2019Guesso Inaugure Complexe Scolaire\" \/>\n<meta property=\"og:description\" content=\"Le chef de l\u2019Etat, Denis Sassou N\u2019Guesso, a inaugure\u0301 le 24 octobre le complexe scolaire de la Liberte\u0301, situe\u0301 dans ...\" \/>\n<meta property=\"og:url\" content=\"https:\/\/www.africa-press.net\/congo-brazzaville\/photo\/infrastructures-sassou-nguesso-inaugure-complexe-scolaire\" \/>\n<meta property=\"og:site_name\" content=\"Congo Brazzaville\" \/>\n<meta property=\"article:published_time\" content=\"2025-10-25T17:07:06+00:00\" \/>\n<meta property=\"article:modified_time\" content=\"2025-10-25T17:40:04+00:00\" \/>\n<meta property=\"og:image\" content=\"https:\/\/static.africa-press.net\/congo-brazzaville\/sites\/51\/2025\/10\/sm_1761401270.935008.jpg\" \/>\n\t<meta property=\"og:image:width\" content=\"1024\" \/>\n\t<meta property=\"og:image:height\" content=\"683\" \/>\n\t<meta property=\"og:image:type\" content=\"image\/jpeg\" \/>\n<meta name=\"author\" content=\"cfeditorfr\" \/>\n<meta name=\"twitter:card\" content=\"summary_large_image\" \/>\n<meta name=\"twitter:label1\" content=\"\u00c9crit par\" \/>\n\t<meta name=\"twitter:data1\" content=\"cfeditorfr\" \/>\n\t<meta name=\"twitter:label2\" content=\"Dur\u00e9e de lecture estim\u00e9e\" \/>\n\t<meta name=\"twitter:data2\" content=\"5 minutes\" \/>\n<script type=\"application\/ld+json\" class=\"yoast-schema-graph\">{\"@context\":\"https:\/\/schema.org\",\"@graph\":[{\"@type\":\"Article\",\"@id\":\"https:\/\/www.africa-press.net\/congo-brazzaville\/photo\/infrastructures-sassou-nguesso-inaugure-complexe-scolaire#article\",\"isPartOf\":{\"@id\":\"https:\/\/www.africa-press.net\/congo-brazzaville\/photo\/infrastructures-sassou-nguesso-inaugure-complexe-scolaire\"},\"author\":{\"name\":\"cfeditorfr\",\"@id\":\"https:\/\/www.africa-press.net\/congo-brazzaville\/#\/schema\/person\/2b1cf3cd81a31e3cd26889ca66d677f1\"},\"headline\":\"Infrastructures: Sassou N\u2019Guesso Inaugure Complexe Scolaire\",\"datePublished\":\"2025-10-25T17:07:06+00:00\",\"dateModified\":\"2025-10-25T17:40:04+00:00\",\"mainEntityOfPage\":{\"@id\":\"https:\/\/www.africa-press.net\/congo-brazzaville\/photo\/infrastructures-sassou-nguesso-inaugure-complexe-scolaire\"},\"wordCount\":986,\"commentCount\":0,\"image\":{\"@id\":\"https:\/\/www.africa-press.net\/congo-brazzaville\/photo\/infrastructures-sassou-nguesso-inaugure-complexe-scolaire#primaryimage\"},\"thumbnailUrl\":\"https:\/\/static.africa-press.net\/congo-brazzaville\/sites\/51\/2025\/10\/sm_1761401270.935008.jpg\",\"keywords\":[\"Congo Brazzaville\"],\"articleSection\":[\"Communaut\u00e9\",\"Photo\",\"Toutes les actualit\u00e9s\"],\"inLanguage\":\"fr-FR\",\"potentialAction\":[{\"@type\":\"CommentAction\",\"name\":\"Comment\",\"target\":[\"https:\/\/www.africa-press.net\/congo-brazzaville\/photo\/infrastructures-sassou-nguesso-inaugure-complexe-scolaire#respond\"]}]},{\"@type\":\"WebPage\",\"@id\":\"https:\/\/www.africa-press.net\/congo-brazzaville\/photo\/infrastructures-sassou-nguesso-inaugure-complexe-scolaire\",\"url\":\"https:\/\/www.africa-press.net\/congo-brazzaville\/photo\/infrastructures-sassou-nguesso-inaugure-complexe-scolaire\",\"name\":\"Infrastructures: Sassou N\u2019Guesso Inaugure Complexe Scolaire - Congo Brazzaville\",\"isPartOf\":{\"@id\":\"https:\/\/www.africa-press.net\/congo-brazzaville\/#website\"},\"primaryImageOfPage\":{\"@id\":\"https:\/\/www.africa-press.net\/congo-brazzaville\/photo\/infrastructures-sassou-nguesso-inaugure-complexe-scolaire#primaryimage\"},\"image\":{\"@id\":\"https:\/\/www.africa-press.net\/congo-brazzaville\/photo\/infrastructures-sassou-nguesso-inaugure-complexe-scolaire#primaryimage\"},\"thumbnailUrl\":\"https:\/\/static.africa-press.net\/congo-brazzaville\/sites\/51\/2025\/10\/sm_1761401270.935008.jpg\",\"datePublished\":\"2025-10-25T17:07:06+00:00\",\"dateModified\":\"2025-10-25T17:40:04+00:00\",\"author\":{\"@id\":\"https:\/\/www.africa-press.net\/congo-brazzaville\/#\/schema\/person\/2b1cf3cd81a31e3cd26889ca66d677f1\"},\"description\":\"Le chef de l\u2019Etat, Denis Sassou N\u2019Guesso, a inaugure\u0301 le 24 octobre le complexe scolaire de la Liberte\u0301, situe\u0301 dans ...\",\"breadcrumb\":{\"@id\":\"https:\/\/www.africa-press.net\/congo-brazzaville\/photo\/infrastructures-sassou-nguesso-inaugure-complexe-scolaire#breadcrumb\"},\"inLanguage\":\"fr-FR\",\"potentialAction\":[{\"@type\":\"ReadAction\",\"target\":[\"https:\/\/www.africa-press.net\/congo-brazzaville\/photo\/infrastructures-sassou-nguesso-inaugure-complexe-scolaire\"]}]},{\"@type\":\"ImageObject\",\"inLanguage\":\"fr-FR\",\"@id\":\"https:\/\/www.africa-press.net\/congo-brazzaville\/photo\/infrastructures-sassou-nguesso-inaugure-complexe-scolaire#primaryimage\",\"url\":\"https:\/\/static.africa-press.net\/congo-brazzaville\/sites\/51\/2025\/10\/sm_1761401270.935008.jpg\",\"contentUrl\":\"https:\/\/static.africa-press.net\/congo-brazzaville\/sites\/51\/2025\/10\/sm_1761401270.935008.jpg\",\"width\":1024,\"height\":683,\"caption\":\"Infrastructures: Sassou N\u2019Guesso Inaugure Complexe Scolaire\"},{\"@type\":\"BreadcrumbList\",\"@id\":\"https:\/\/www.africa-press.net\/congo-brazzaville\/photo\/infrastructures-sassou-nguesso-inaugure-complexe-scolaire#breadcrumb\",\"itemListElement\":[{\"@type\":\"ListItem\",\"position\":1,\"name\":\"Accueil\",\"item\":\"https:\/\/www.africa-press.net\/congo-brazzaville\/\"},{\"@type\":\"ListItem\",\"position\":2,\"name\":\"Infrastructures: Sassou N\u2019Guesso Inaugure Complexe Scolaire\"}]},{\"@type\":\"WebSite\",\"@id\":\"https:\/\/www.africa-press.net\/congo-brazzaville\/#website\",\"url\":\"https:\/\/www.africa-press.net\/congo-brazzaville\/\",\"name\":\"Congo Brazzaville\",\"description\":\"Just another Africa News Agency Sites site\",\"potentialAction\":[{\"@type\":\"SearchAction\",\"target\":{\"@type\":\"EntryPoint\",\"urlTemplate\":\"https:\/\/www.africa-press.net\/congo-brazzaville\/?s={search_term_string}\"},\"query-input\":{\"@type\":\"PropertyValueSpecification\",\"valueRequired\":true,\"valueName\":\"search_term_string\"}}],\"inLanguage\":\"fr-FR\"},{\"@type\":\"Person\",\"@id\":\"https:\/\/www.africa-press.net\/congo-brazzaville\/#\/schema\/person\/2b1cf3cd81a31e3cd26889ca66d677f1\",\"name\":\"cfeditorfr\"}]}<\/script>\n<!-- \/ Yoast SEO Premium plugin. -->","yoast_head_json":{"title":"Infrastructures: Sassou N\u2019Guesso Inaugure Complexe Scolaire - Congo Brazzaville","description":"Le chef de l\u2019Etat, Denis Sassou N\u2019Guesso, a inaugure\u0301 le 24 octobre le complexe scolaire de la Liberte\u0301, situe\u0301 dans ...","robots":{"index":"index","follow":"follow","max-snippet":"max-snippet:-1","max-image-preview":"max-image-preview:large","max-video-preview":"max-video-preview:-1"},"canonical":"https:\/\/www.africa-press.net\/congo-brazzaville\/photo\/infrastructures-sassou-nguesso-inaugure-complexe-scolaire","og_locale":"fr_FR","og_type":"article","og_title":"Infrastructures: Sassou N\u2019Guesso Inaugure Complexe Scolaire","og_description":"Le chef de l\u2019Etat, Denis Sassou N\u2019Guesso, a inaugure\u0301 le 24 octobre le complexe scolaire de la Liberte\u0301, situe\u0301 dans ...","og_url":"https:\/\/www.africa-press.net\/congo-brazzaville\/photo\/infrastructures-sassou-nguesso-inaugure-complexe-scolaire","og_site_name":"Congo Brazzaville","article_published_time":"2025-10-25T17:07:06+00:00","article_modified_time":"2025-10-25T17:40:04+00:00","og_image":[{"width":1024,"height":683,"url":"https:\/\/static.africa-press.net\/congo-brazzaville\/sites\/51\/2025\/10\/sm_1761401270.935008.jpg","type":"image\/jpeg"}],"author":"cfeditorfr","twitter_card":"summary_large_image","twitter_misc":{"\u00c9crit par":"cfeditorfr","Dur\u00e9e de lecture estim\u00e9e":"5 minutes"},"schema":{"@context":"https:\/\/schema.org","@graph":[{"@type":"Article","@id":"https:\/\/www.africa-press.net\/congo-brazzaville\/photo\/infrastructures-sassou-nguesso-inaugure-complexe-scolaire#article","isPartOf":{"@id":"https:\/\/www.africa-press.net\/congo-brazzaville\/photo\/infrastructures-sassou-nguesso-inaugure-complexe-scolaire"},"author":{"name":"cfeditorfr","@id":"https:\/\/www.africa-press.net\/congo-brazzaville\/#\/schema\/person\/2b1cf3cd81a31e3cd26889ca66d677f1"},"headline":"Infrastructures: Sassou N\u2019Guesso Inaugure Complexe Scolaire","datePublished":"2025-10-25T17:07:06+00:00","dateModified":"2025-10-25T17:40:04+00:00","mainEntityOfPage":{"@id":"https:\/\/www.africa-press.net\/congo-brazzaville\/photo\/infrastructures-sassou-nguesso-inaugure-complexe-scolaire"},"wordCount":986,"commentCount":0,"image":{"@id":"https:\/\/www.africa-press.net\/congo-brazzaville\/photo\/infrastructures-sassou-nguesso-inaugure-complexe-scolaire#primaryimage"},"thumbnailUrl":"https:\/\/static.africa-press.net\/congo-brazzaville\/sites\/51\/2025\/10\/sm_1761401270.935008.jpg","keywords":["Congo Brazzaville"],"articleSection":["Communaut\u00e9","Photo","Toutes les actualit\u00e9s"],"inLanguage":"fr-FR","potentialAction":[{"@type":"CommentAction","name":"Comment","target":["https:\/\/www.africa-press.net\/congo-brazzaville\/photo\/infrastructures-sassou-nguesso-inaugure-complexe-scolaire#respond"]}]},{"@type":"WebPage","@id":"https:\/\/www.africa-press.net\/congo-brazzaville\/photo\/infrastructures-sassou-nguesso-inaugure-complexe-scolaire","url":"https:\/\/www.africa-press.net\/congo-brazzaville\/photo\/infrastructures-sassou-nguesso-inaugure-complexe-scolaire","name":"Infrastructures: Sassou N\u2019Guesso Inaugure Complexe Scolaire - Congo Brazzaville","isPartOf":{"@id":"https:\/\/www.africa-press.net\/congo-brazzaville\/#website"},"primaryImageOfPage":{"@id":"https:\/\/www.africa-press.net\/congo-brazzaville\/photo\/infrastructures-sassou-nguesso-inaugure-complexe-scolaire#primaryimage"},"image":{"@id":"https:\/\/www.africa-press.net\/congo-brazzaville\/photo\/infrastructures-sassou-nguesso-inaugure-complexe-scolaire#primaryimage"},"thumbnailUrl":"https:\/\/static.africa-press.net\/congo-brazzaville\/sites\/51\/2025\/10\/sm_1761401270.935008.jpg","datePublished":"2025-10-25T17:07:06+00:00","dateModified":"2025-10-25T17:40:04+00:00","author":{"@id":"https:\/\/www.africa-press.net\/congo-brazzaville\/#\/schema\/person\/2b1cf3cd81a31e3cd26889ca66d677f1"},"description":"Le chef de l\u2019Etat, Denis Sassou N\u2019Guesso, a inaugure\u0301 le 24 octobre le complexe scolaire de la Liberte\u0301, situe\u0301 dans ...","breadcrumb":{"@id":"https:\/\/www.africa-press.net\/congo-brazzaville\/photo\/infrastructures-sassou-nguesso-inaugure-complexe-scolaire#breadcrumb"},"inLanguage":"fr-FR","potentialAction":[{"@type":"ReadAction","target":["https:\/\/www.africa-press.net\/congo-brazzaville\/photo\/infrastructures-sassou-nguesso-inaugure-complexe-scolaire"]}]},{"@type":"ImageObject","inLanguage":"fr-FR","@id":"https:\/\/www.africa-press.net\/congo-brazzaville\/photo\/infrastructures-sassou-nguesso-inaugure-complexe-scolaire#primaryimage","url":"https:\/\/static.africa-press.net\/congo-brazzaville\/sites\/51\/2025\/10\/sm_1761401270.935008.jpg","contentUrl":"https:\/\/static.africa-press.net\/congo-brazzaville\/sites\/51\/2025\/10\/sm_1761401270.935008.jpg","width":1024,"height":683,"caption":"Infrastructures: Sassou N\u2019Guesso Inaugure Complexe Scolaire"},{"@type":"BreadcrumbList","@id":"https:\/\/www.africa-press.net\/congo-brazzaville\/photo\/infrastructures-sassou-nguesso-inaugure-complexe-scolaire#breadcrumb","itemListElement":[{"@type":"ListItem","position":1,"name":"Accueil","item":"https:\/\/www.africa-press.net\/congo-brazzaville\/"},{"@type":"ListItem","position":2,"name":"Infrastructures: Sassou N\u2019Guesso Inaugure Complexe Scolaire"}]},{"@type":"WebSite","@id":"https:\/\/www.africa-press.net\/congo-brazzaville\/#website","url":"https:\/\/www.africa-press.net\/congo-brazzaville\/","name":"Congo Brazzaville","description":"Just another Africa News Agency Sites site","potentialAction":[{"@type":"SearchAction","target":{"@type":"EntryPoint","urlTemplate":"https:\/\/www.africa-press.net\/congo-brazzaville\/?s={search_term_string}"},"query-input":{"@type":"PropertyValueSpecification","valueRequired":true,"valueName":"search_term_string"}}],"inLanguage":"fr-FR"},{"@type":"Person","@id":"https:\/\/www.africa-press.net\/congo-brazzaville\/#\/schema\/person\/2b1cf3cd81a31e3cd26889ca66d677f1","name":"cfeditorfr"}]}},"_links":{"self":[{"href":"https:\/\/www.africa-press.net\/congo-brazzaville\/wp-json\/wp\/v2\/posts\/51557","targetHints":{"allow":["GET"]}}],"collection":[{"href":"https:\/\/www.africa-press.net\/congo-brazzaville\/wp-json\/wp\/v2\/posts"}],"about":[{"href":"https:\/\/www.africa-press.net\/congo-brazzaville\/wp-json\/wp\/v2\/types\/post"}],"author":[{"embeddable":true,"href":"https:\/\/www.africa-press.net\/congo-brazzaville\/wp-json\/wp\/v2\/users\/82"}],"replies":[{"embeddable":true,"href":"https:\/\/www.africa-press.net\/congo-brazzaville\/wp-json\/wp\/v2\/comments?post=51557"}],"version-history":[{"count":0,"href":"https:\/\/www.africa-press.net\/congo-brazzaville\/wp-json\/wp\/v2\/posts\/51557\/revisions"}],"wp:featuredmedia":[{"embeddable":true,"href":"https:\/\/www.africa-press.net\/congo-brazzaville\/wp-json\/wp\/v2\/media\/51556"}],"wp:attachment":[{"href":"https:\/\/www.africa-press.net\/congo-brazzaville\/wp-json\/wp\/v2\/media?parent=51557"}],"wp:term":[{"taxonomy":"category","embeddable":true,"href":"https:\/\/www.africa-press.net\/congo-brazzaville\/wp-json\/wp\/v2\/categories?post=51557"},{"taxonomy":"post_tag","embeddable":true,"href":"https:\/\/www.africa-press.net\/congo-brazzaville\/wp-json\/wp\/v2\/tags?post=51557"}],"curies":[{"name":"wp","href":"https:\/\/api.w.org\/{rel}","templated":true}]}}