{"id":51564,"date":"2025-10-25T17:10:28","date_gmt":"2025-10-25T17:10:28","guid":{"rendered":"https:\/\/www.africa-press.net\/congo-brazzaville\/politique\/willy-gom-presente-mains-invisibles-en-dedicace"},"modified":"2025-10-25T17:40:34","modified_gmt":"2025-10-25T17:40:34","slug":"willy-gom-presente-mains-invisibles-en-dedicace","status":"publish","type":"post","link":"https:\/\/www.africa-press.net\/congo-brazzaville\/photo\/willy-gom-presente-mains-invisibles-en-dedicace","title":{"rendered":"Willy Gom Pr\u00e9sente \u00ab\u00a0Mains Invisibles\u00a0\u00bb en D\u00e9dicace"},"content":{"rendered":"<p><span style=\"color: #ff6600\"><strong>Africa-Press &#8211; Congo Brazzaville. <\/strong><\/span><b>Publie\u0301 aux e\u0301ditions Le Lys Bleu a\u0300 Paris, en France, le nouvel ouvrage de Willy Gom, \u00ab\u00a0Mains invisibles\u00a0\u00bb, compte 137 pages. A la fois contemporain et post-contemporain, a\u0300 forte porte\u0301e socioe\u0301conomique et politique, il s\u2019impose comme une plonge\u0301e saisissante dans les rouages occultes du pouvoir. Sa pre\u0301sentation et sa de\u0301dicace ont eu lieu re\u0301cemment a\u0300 l\u2019Institut franc\u0327ais du Congo de Brazzaville.<\/b><\/p>\n<p>E\u0301crivain fe\u0301cond et plurige\u0301ne\u0301rique, romancier, essayiste, dramaturge, nouvelliste, Willy Gom est auteur de quinze \u0153uvres litte\u0301raires de\u0301ja\u0300 parues et d\u2019un recueil de poe\u0300mes en attente de publication. Il inscrit \u00ab\u00a0Mains invisibles\u00a0\u00bb dans un contexte marque\u0301 par les de\u0301rives syste\u0301miques du continent. La fiction se de\u0301roule au IVe mille\u0301naire de l\u2019e\u0300re actuelle, dans une vision futuriste situe\u0301e aux premie\u0300res anne\u0301es de l\u2019an 3000. L\u2019intrigue s\u2019e\u0301tend ge\u0301ographiquement a\u0300 Yaounde\u0301, Bangui et Libreville, des villes devenues les the\u0301a\u0302tres d\u2019enque\u0302tes fines et strate\u0301giques.<\/p>\n<p>Pre\u0301sentant cet ouvrage, Dr Winner Franck Palmers, e\u0301crivain et critique litte\u0301raire, a fait savoir qu\u2019a\u0300 la page 18, l\u2019auteur e\u0301voque le mois d\u2019aou\u0302t 3005, soit dans 980 ans, ancrant son re\u0301cit dans une temporalite\u0301 audacieuse et vertigineuse. David Gomez Dimixson, dans son roman policier \u00ab\u00a0Tre\u0301sors livre\u0301s des secrets d\u2019Orient\u00a0\u00bb, publie\u0301 a\u0300 Casablanca aux e\u0301ditions Alliance Koongo en 2023, e\u0301voque quant a\u0300 lui l\u2019anne\u0301e 3007. Situe\u0301 en l\u2019an 3005, \u00ab\u00a0Mains invisibles\u00a0\u00bb de\u0301ploie un cadre spatio-temporel post-contemporain, profonde\u0301ment marque\u0301 par les crises et tensions sociales he\u0301rite\u0301es de l\u2019e\u0301poque actuelle. Ce de\u0301cor, a\u0300 la fois re\u0301aliste et me\u0301taphorique, s\u2019ancre dans une Afrique centrale futuriste du Cameroun a\u0300 Bangui, en passant par Libreville et immerge dans des lieux symboliques du pouvoir: bureaux, institutions, rues. Il sert de toile a\u0300 une me\u0301ditation sur la justice, la dignite\u0301 humaine et la me\u0301moire collective, dit-elle.<\/p>\n<p>Pour la pre\u0301sentatrice de cette \u0153uvre, le roman de Willy Gom ne se contente pas de narrer une histoire: il explore, interroge, de\u0301range. Il s\u2019inscrit dans une re\u0301flexion lucide sur les me\u0301canismes du pouvoir, les hold ups organise\u0301s, les enque\u0302tes e\u0301touffe\u0301es ou \u00ab enfonce\u0301es dans une sorte de bourbier \u00bb, a\u0300 la suite d\u2019un scandale bancaire ou\u0300 trente-et-un millions d\u2019euros sont extirpe\u0301s des caisses de la banque de la Communaute\u0301 e\u0301conomique et mone\u0301taire de l&rsquo;Afrique centrale (Ce\u0301mac) au Cameroun, par des personnes anonymes. Une re\u0301union se tient. Le pre\u0301sident de la commission de la Ce\u0301mac manque de professionnalisme, les ministres des Finances des E\u0301tats de la sous-re\u0301gion ne parviennent pas a\u0300 percer l\u2019e\u0301nigme. Un an plus tard, les instances sous re\u0301gionales sollicitent la cellule espionnage et contre-espionnage, qui mandate l\u2019agent spe\u0301cial Willianne Ndona pour mener l\u2019enque\u0302te. \u00ab Personnage principal surnomme\u0301 \u201cLa lionne\u201d, Willianne Ndona apparai\u0302t e\u0301galement dans un autre roman de l\u2019auteur, \u00ab\u00a0Qui a tue\u0301 Thomas Sankara?\u00a0\u00bb Ce pre\u0301nom, Willianne, re\u0301sonne avec celui de l\u2019auteur et de certains de ses enfants, confe\u0301rant a\u0300 la fiction une dimension intime et personnelle \u00bb, a confie\u0301 la pre\u0301sentatrice de l\u2019\u0153uvre, Dr Winner Franck Palmers.<\/p>\n<p><b>Un ouvrage qui entrai\u0302ne les lecteurs dans les engrenages d\u2019un syste\u0300me opaque<\/b><\/p>\n<p>A\u0300 travers une narration entrecroise\u0301e, Willy Gom entrai\u0302ne les lecteurs dans les trajectoires de personnages pris dans les engrenages d\u2019un syste\u0300me opaque, ou\u0300 les de\u0301cisions politiques et e\u0301conomiques fac\u0327onnent des vies sans visage. Dans une re\u0301gion du monde ou\u0300 les manipulations et les silences coupables re\u0300gnent avec acuite\u0301, gravitent les \u00ab mains invisibles \u00bb, anonymes mais de\u0301cisives: les gouverneurs de la BCA; Karl Ngunz, pre\u0301sident de la Commission de la Ce\u0301mac, et Doublure Nzoko Siessie (P. 121). Face a\u0300 eux, les victimes du syste\u0300me: trois pre\u0301sume\u0301s coupables, injustement incarce\u0301re\u0301s et re\u0301duits au ro\u0302le de boucs e\u0301missaires ; des agents de banque brutalement licencie\u0301s ; un peuple confronte\u0301 a\u0300 l\u2019absurde. Me\u0302me ceux qui de\u0301tiennent des comptes dans cette banque ne sont pas e\u0301pargne\u0301s: ils perdent, eux aussi, silencieusement, mais su\u0302rement.<\/p>\n<p>Dans ce roman, Willy Gom utilise une e\u0301criture fluide et descriptive, qui entretient le suspense tout en portant un engagement militant. Certains e\u0301le\u0301ments sont me\u0301taphoriques. La tonalite\u0301 est a\u0300 la fois le\u0301ge\u0300re et grave. \u00ab\u00a0Mains invisibles\u00a0\u00bb est une immersion dans les coulisses du pouvoir et de la sphe\u0300re bancaire. \u00ab \u00ab\u00a0Mains invisibles\u00a0\u00bb est donc un roman qui interroge notre rapport a\u0300 l\u2019action, a\u0300 la responsabilite\u0301, a\u0300 l\u2019oubli. Pourtant l\u2019\u0153uvre de Willy Gom est profonde\u0301ment humaine. Ce texte, qui interpelle davantage qu\u2019il ne se\u0301duit, te\u0301moigne de la persistance d\u2019une voix engage\u0301e dans le polar africain \u00bb, a indique\u0301 Dr Winner Franck Palmers.<\/p>\n<p>Lors de la pre\u0301sentation de cet ouvrage, une de\u0301clamation a e\u0301te\u0301 faite par Mme Kibangou, suivie de la critique du Pr Mukala Kadima Zuji, et d\u2019une intervention du directeur ge\u0301ne\u0301ral du Livre et de la Lecture, le Pr Bellarmin E\u0301tienne Iloki, repre\u0301sentant la ministre empe\u0302che\u0301e, sous la mode\u0301ration de Pierre Ntsemou. Notons que Willy Gom, de son vrai nom Willy Ngoma, ne\u0301 le 24 juin 1951 a\u0300 Mindouli, dans le de\u0301partement du Pool, au Congo, est professeur de philosophie a\u0300 la retraite. Il a e\u0301te\u0301 plusieurs fois conseiller dans les de\u0301partements ministe\u0301riels. Il est romancier, essayiste, nouvelliste, auteur de plusieurs publications.<\/p>\n\r\n                <style type=\"text\/css\">\r\n                    \r\n                    #td_uid_1_69f149edbb617  .td-doubleSlider-2 .td-item1 {\r\n                        background: url(https:\/\/static.africa-press.net\/congo-brazzaville\/sites\/51\/2025\/10\/sm_1761401292.899652-80x60.jpg) 0 0 no-repeat;\r\n                    }\r\n                    #td_uid_1_69f149edbb617  .td-doubleSlider-2 .td-item2 {\r\n                        background: url(https:\/\/static.africa-press.net\/congo-brazzaville\/sites\/51\/2025\/10\/sm_1761401296.734565-80x60.jpg) 0 0 no-repeat;\r\n                    }\r\n                <\/style>\r\n\r\n                <div id=\"td_uid_1_69f149edbb617\" class=\"td-gallery td-slide-on-2-columns\">\r\n                    <div class=\"post_td_gallery\">\r\n                        <div class=\"td-gallery-slide-top\">\r\n                           <div class=\"td-gallery-title\"><\/div>\r\n\r\n                            <div class=\"td-gallery-controls-wrapper\">\r\n                                <div class=\"td-gallery-slide-count\"><span class=\"td-gallery-slide-item-focus\">1<\/span> de 2<\/div>\r\n                                <div class=\"td-gallery-slide-prev-next-but\">\r\n                                    <i class = \"td-icon-left doubleSliderPrevButton\"><\/i>\r\n                                    <i class = \"td-icon-right doubleSliderNextButton\"><\/i>\r\n                                <\/div>\r\n                            <\/div>\r\n                        <\/div>\r\n\r\n                        <div class = \"td-doubleSlider-1 \">\r\n                            <div class = \"td-slider\">\r\n                                \r\n                    <div class = \"td-slide-item td-item1\">\r\n                        <figure class=\"td-slide-galery-figure td-slide-popup-gallery\">\r\n                            <a class=\"slide-gallery-image-link\" href=\"https:\/\/static.africa-press.net\/congo-brazzaville\/sites\/51\/2025\/10\/sm_1761401292.899652.jpg\" title=\"sm_1761401292.899652\"  data-caption=\"\"  data-description=\"\">\r\n                                <img decoding=\"async\" src=\"https:\/\/static.africa-press.net\/congo-brazzaville\/sites\/51\/2025\/10\/sm_1761401292.899652.jpg\" srcset=\"https:\/\/static.africa-press.net\/congo-brazzaville\/sites\/51\/2025\/10\/sm_1761401292.899652.jpg 1024w, https:\/\/static.africa-press.net\/congo-brazzaville\/sites\/51\/2025\/10\/sm_1761401292.899652-300x226.jpg 300w, https:\/\/static.africa-press.net\/congo-brazzaville\/sites\/51\/2025\/10\/sm_1761401292.899652-768x578.jpg 768w, https:\/\/static.africa-press.net\/congo-brazzaville\/sites\/51\/2025\/10\/sm_1761401292.899652-80x60.jpg 80w\" sizes=\"(max-width: 1024px) 100vw, 1024px\" alt=\"\">\r\n                            <\/a>\r\n                            \r\n                        <\/figure>\r\n                    <\/div>\r\n                    <div class = \"td-slide-item td-item2\">\r\n                        <figure class=\"td-slide-galery-figure td-slide-popup-gallery\">\r\n                            <a class=\"slide-gallery-image-link\" href=\"https:\/\/static.africa-press.net\/congo-brazzaville\/sites\/51\/2025\/10\/sm_1761401296.734565.jpg\" title=\"sm_1761401296.734565\"  data-caption=\"\"  data-description=\"\">\r\n                                <img decoding=\"async\" src=\"https:\/\/static.africa-press.net\/congo-brazzaville\/sites\/51\/2025\/10\/sm_1761401296.734565.jpg\" srcset=\"https:\/\/static.africa-press.net\/congo-brazzaville\/sites\/51\/2025\/10\/sm_1761401296.734565.jpg 1024w, https:\/\/static.africa-press.net\/congo-brazzaville\/sites\/51\/2025\/10\/sm_1761401296.734565-300x226.jpg 300w, https:\/\/static.africa-press.net\/congo-brazzaville\/sites\/51\/2025\/10\/sm_1761401296.734565-768x578.jpg 768w, https:\/\/static.africa-press.net\/congo-brazzaville\/sites\/51\/2025\/10\/sm_1761401296.734565-80x60.jpg 80w\" sizes=\"(max-width: 1024px) 100vw, 1024px\" alt=\"\">\r\n                            <\/a>\r\n                            \r\n                        <\/figure>\r\n                    <\/div>\r\n                            <\/div>\r\n                        <\/div>\r\n\r\n                        <div class = \"td-doubleSlider-2\">\r\n                            <div class = \"td-slider\">\r\n                                \r\n                    <div class = \"td-button td-item1\">\r\n                        <div class = \"td-border\"><\/div>\r\n                    <\/div>\r\n                    <div class = \"td-button td-item2\">\r\n                        <div class = \"td-border\"><\/div>\r\n                    <\/div>\r\n                            <\/div>\r\n                        <\/div>\r\n\r\n                    <\/div>\r\n\r\n                <\/div>\r\n                \n<p><strong>Pour plus d&rsquo;informations et d&rsquo;analyses sur la <span style=\"color: #ff6600\">Congo Brazzaville<\/span>, suivez <span style=\"color: #ff6600\">Africa-Press<\/span><\/strong><\/p>\n","protected":false},"excerpt":{"rendered":"<p>Africa-Press &#8211; Congo Brazzaville. Publie\u0301 aux e\u0301ditions Le Lys Bleu a\u0300 Paris, en France, le nouvel ouvrage de Willy Gom, \u00ab\u00a0Mains invisibles\u00a0\u00bb, compte 137 pages. A la fois contemporain et post-contemporain, a\u0300 forte porte\u0301e socioe\u0301conomique et politique, il s\u2019impose comme une plonge\u0301e saisissante dans les rouages occultes du pouvoir. Sa pre\u0301sentation et sa de\u0301dicace ont [&hellip;]<\/p>\n","protected":false},"author":82,"featured_media":51563,"comment_status":"open","ping_status":"closed","sticky":false,"template":"","format":"standard","meta":{"footnotes":""},"categories":[21,8,10],"tags":[46],"class_list":["post-51564","post","type-post","status-publish","format-standard","has-post-thumbnail","hentry","category-communaute","category-photo","category-toutes-les-actualites","tag-congo-brazzaville"],"yoast_head":"<!-- This site is optimized with the Yoast SEO Premium plugin v26.1 (Yoast SEO v27.0) - https:\/\/yoast.com\/product\/yoast-seo-premium-wordpress\/ -->\n<title>Willy Gom Pr\u00e9sente &quot;Mains Invisibles&quot; en D\u00e9dicace - Congo Brazzaville<\/title>\n<meta name=\"description\" content=\"Publie\u0301 aux e\u0301ditions Le Lys Bleu a\u0300 Paris, en France, le nouvel ouvrage de Willy Gom, &quot;Mains invisibles&quot;, compte 137 ...\" \/>\n<meta name=\"robots\" content=\"index, follow, max-snippet:-1, max-image-preview:large, max-video-preview:-1\" \/>\n<link rel=\"canonical\" href=\"https:\/\/www.africa-press.net\/congo-brazzaville\/photo\/willy-gom-presente-mains-invisibles-en-dedicace\" \/>\n<meta property=\"og:locale\" content=\"fr_FR\" \/>\n<meta property=\"og:type\" content=\"article\" \/>\n<meta property=\"og:title\" content=\"Willy Gom Pr\u00e9sente &quot;Mains Invisibles&quot; en D\u00e9dicace\" \/>\n<meta property=\"og:description\" content=\"Publie\u0301 aux e\u0301ditions Le Lys Bleu a\u0300 Paris, en France, le nouvel ouvrage de Willy Gom, &quot;Mains invisibles&quot;, compte 137 ...\" \/>\n<meta property=\"og:url\" content=\"https:\/\/www.africa-press.net\/congo-brazzaville\/photo\/willy-gom-presente-mains-invisibles-en-dedicace\" \/>\n<meta property=\"og:site_name\" content=\"Congo Brazzaville\" \/>\n<meta property=\"article:published_time\" content=\"2025-10-25T17:10:28+00:00\" \/>\n<meta property=\"article:modified_time\" content=\"2025-10-25T17:40:34+00:00\" \/>\n<meta property=\"og:image\" content=\"https:\/\/static.africa-press.net\/congo-brazzaville\/sites\/51\/2025\/10\/sm_1761401300.735868.jpg\" \/>\n\t<meta property=\"og:image:width\" content=\"1024\" \/>\n\t<meta property=\"og:image:height\" content=\"771\" \/>\n\t<meta property=\"og:image:type\" content=\"image\/jpeg\" \/>\n<meta name=\"author\" content=\"cfeditorfr\" \/>\n<meta name=\"twitter:card\" content=\"summary_large_image\" \/>\n<meta name=\"twitter:label1\" content=\"\u00c9crit par\" \/>\n\t<meta name=\"twitter:data1\" content=\"cfeditorfr\" \/>\n\t<meta name=\"twitter:label2\" content=\"Dur\u00e9e de lecture estim\u00e9e\" \/>\n\t<meta name=\"twitter:data2\" content=\"5 minutes\" \/>\n<script type=\"application\/ld+json\" class=\"yoast-schema-graph\">{\"@context\":\"https:\/\/schema.org\",\"@graph\":[{\"@type\":\"Article\",\"@id\":\"https:\/\/www.africa-press.net\/congo-brazzaville\/photo\/willy-gom-presente-mains-invisibles-en-dedicace#article\",\"isPartOf\":{\"@id\":\"https:\/\/www.africa-press.net\/congo-brazzaville\/photo\/willy-gom-presente-mains-invisibles-en-dedicace\"},\"author\":{\"name\":\"cfeditorfr\",\"@id\":\"https:\/\/www.africa-press.net\/congo-brazzaville\/#\/schema\/person\/2b1cf3cd81a31e3cd26889ca66d677f1\"},\"headline\":\"Willy Gom Pr\u00e9sente \u00ab\u00a0Mains Invisibles\u00a0\u00bb en D\u00e9dicace\",\"datePublished\":\"2025-10-25T17:10:28+00:00\",\"dateModified\":\"2025-10-25T17:40:34+00:00\",\"mainEntityOfPage\":{\"@id\":\"https:\/\/www.africa-press.net\/congo-brazzaville\/photo\/willy-gom-presente-mains-invisibles-en-dedicace\"},\"wordCount\":992,\"commentCount\":0,\"image\":{\"@id\":\"https:\/\/www.africa-press.net\/congo-brazzaville\/photo\/willy-gom-presente-mains-invisibles-en-dedicace#primaryimage\"},\"thumbnailUrl\":\"https:\/\/static.africa-press.net\/congo-brazzaville\/sites\/51\/2025\/10\/sm_1761401300.735868.jpg\",\"keywords\":[\"Congo Brazzaville\"],\"articleSection\":[\"Communaut\u00e9\",\"Photo\",\"Toutes les actualit\u00e9s\"],\"inLanguage\":\"fr-FR\",\"potentialAction\":[{\"@type\":\"CommentAction\",\"name\":\"Comment\",\"target\":[\"https:\/\/www.africa-press.net\/congo-brazzaville\/photo\/willy-gom-presente-mains-invisibles-en-dedicace#respond\"]}]},{\"@type\":\"WebPage\",\"@id\":\"https:\/\/www.africa-press.net\/congo-brazzaville\/photo\/willy-gom-presente-mains-invisibles-en-dedicace\",\"url\":\"https:\/\/www.africa-press.net\/congo-brazzaville\/photo\/willy-gom-presente-mains-invisibles-en-dedicace\",\"name\":\"Willy Gom Pr\u00e9sente \\\"Mains Invisibles\\\" en D\u00e9dicace - Congo Brazzaville\",\"isPartOf\":{\"@id\":\"https:\/\/www.africa-press.net\/congo-brazzaville\/#website\"},\"primaryImageOfPage\":{\"@id\":\"https:\/\/www.africa-press.net\/congo-brazzaville\/photo\/willy-gom-presente-mains-invisibles-en-dedicace#primaryimage\"},\"image\":{\"@id\":\"https:\/\/www.africa-press.net\/congo-brazzaville\/photo\/willy-gom-presente-mains-invisibles-en-dedicace#primaryimage\"},\"thumbnailUrl\":\"https:\/\/static.africa-press.net\/congo-brazzaville\/sites\/51\/2025\/10\/sm_1761401300.735868.jpg\",\"datePublished\":\"2025-10-25T17:10:28+00:00\",\"dateModified\":\"2025-10-25T17:40:34+00:00\",\"author\":{\"@id\":\"https:\/\/www.africa-press.net\/congo-brazzaville\/#\/schema\/person\/2b1cf3cd81a31e3cd26889ca66d677f1\"},\"description\":\"Publie\u0301 aux e\u0301ditions Le Lys Bleu a\u0300 Paris, en France, le nouvel ouvrage de Willy Gom, \\\"Mains invisibles\\\", compte 137 ...\",\"breadcrumb\":{\"@id\":\"https:\/\/www.africa-press.net\/congo-brazzaville\/photo\/willy-gom-presente-mains-invisibles-en-dedicace#breadcrumb\"},\"inLanguage\":\"fr-FR\",\"potentialAction\":[{\"@type\":\"ReadAction\",\"target\":[\"https:\/\/www.africa-press.net\/congo-brazzaville\/photo\/willy-gom-presente-mains-invisibles-en-dedicace\"]}]},{\"@type\":\"ImageObject\",\"inLanguage\":\"fr-FR\",\"@id\":\"https:\/\/www.africa-press.net\/congo-brazzaville\/photo\/willy-gom-presente-mains-invisibles-en-dedicace#primaryimage\",\"url\":\"https:\/\/static.africa-press.net\/congo-brazzaville\/sites\/51\/2025\/10\/sm_1761401300.735868.jpg\",\"contentUrl\":\"https:\/\/static.africa-press.net\/congo-brazzaville\/sites\/51\/2025\/10\/sm_1761401300.735868.jpg\",\"width\":1024,\"height\":771,\"caption\":\"Willy Gom Pr\u00e9sente \\\"Mains Invisibles\\\" en D\u00e9dicace\"},{\"@type\":\"BreadcrumbList\",\"@id\":\"https:\/\/www.africa-press.net\/congo-brazzaville\/photo\/willy-gom-presente-mains-invisibles-en-dedicace#breadcrumb\",\"itemListElement\":[{\"@type\":\"ListItem\",\"position\":1,\"name\":\"Accueil\",\"item\":\"https:\/\/www.africa-press.net\/congo-brazzaville\/\"},{\"@type\":\"ListItem\",\"position\":2,\"name\":\"Willy Gom Pr\u00e9sente &#8220;Mains Invisibles&#8221; en D\u00e9dicace\"}]},{\"@type\":\"WebSite\",\"@id\":\"https:\/\/www.africa-press.net\/congo-brazzaville\/#website\",\"url\":\"https:\/\/www.africa-press.net\/congo-brazzaville\/\",\"name\":\"Congo Brazzaville\",\"description\":\"Just another Africa News Agency Sites site\",\"potentialAction\":[{\"@type\":\"SearchAction\",\"target\":{\"@type\":\"EntryPoint\",\"urlTemplate\":\"https:\/\/www.africa-press.net\/congo-brazzaville\/?s={search_term_string}\"},\"query-input\":{\"@type\":\"PropertyValueSpecification\",\"valueRequired\":true,\"valueName\":\"search_term_string\"}}],\"inLanguage\":\"fr-FR\"},{\"@type\":\"Person\",\"@id\":\"https:\/\/www.africa-press.net\/congo-brazzaville\/#\/schema\/person\/2b1cf3cd81a31e3cd26889ca66d677f1\",\"name\":\"cfeditorfr\"}]}<\/script>\n<!-- \/ Yoast SEO Premium plugin. -->","yoast_head_json":{"title":"Willy Gom Pr\u00e9sente \"Mains Invisibles\" en D\u00e9dicace - Congo Brazzaville","description":"Publie\u0301 aux e\u0301ditions Le Lys Bleu a\u0300 Paris, en France, le nouvel ouvrage de Willy Gom, \"Mains invisibles\", compte 137 ...","robots":{"index":"index","follow":"follow","max-snippet":"max-snippet:-1","max-image-preview":"max-image-preview:large","max-video-preview":"max-video-preview:-1"},"canonical":"https:\/\/www.africa-press.net\/congo-brazzaville\/photo\/willy-gom-presente-mains-invisibles-en-dedicace","og_locale":"fr_FR","og_type":"article","og_title":"Willy Gom Pr\u00e9sente \"Mains Invisibles\" en D\u00e9dicace","og_description":"Publie\u0301 aux e\u0301ditions Le Lys Bleu a\u0300 Paris, en France, le nouvel ouvrage de Willy Gom, \"Mains invisibles\", compte 137 ...","og_url":"https:\/\/www.africa-press.net\/congo-brazzaville\/photo\/willy-gom-presente-mains-invisibles-en-dedicace","og_site_name":"Congo Brazzaville","article_published_time":"2025-10-25T17:10:28+00:00","article_modified_time":"2025-10-25T17:40:34+00:00","og_image":[{"width":1024,"height":771,"url":"https:\/\/static.africa-press.net\/congo-brazzaville\/sites\/51\/2025\/10\/sm_1761401300.735868.jpg","type":"image\/jpeg"}],"author":"cfeditorfr","twitter_card":"summary_large_image","twitter_misc":{"\u00c9crit par":"cfeditorfr","Dur\u00e9e de lecture estim\u00e9e":"5 minutes"},"schema":{"@context":"https:\/\/schema.org","@graph":[{"@type":"Article","@id":"https:\/\/www.africa-press.net\/congo-brazzaville\/photo\/willy-gom-presente-mains-invisibles-en-dedicace#article","isPartOf":{"@id":"https:\/\/www.africa-press.net\/congo-brazzaville\/photo\/willy-gom-presente-mains-invisibles-en-dedicace"},"author":{"name":"cfeditorfr","@id":"https:\/\/www.africa-press.net\/congo-brazzaville\/#\/schema\/person\/2b1cf3cd81a31e3cd26889ca66d677f1"},"headline":"Willy Gom Pr\u00e9sente \u00ab\u00a0Mains Invisibles\u00a0\u00bb en D\u00e9dicace","datePublished":"2025-10-25T17:10:28+00:00","dateModified":"2025-10-25T17:40:34+00:00","mainEntityOfPage":{"@id":"https:\/\/www.africa-press.net\/congo-brazzaville\/photo\/willy-gom-presente-mains-invisibles-en-dedicace"},"wordCount":992,"commentCount":0,"image":{"@id":"https:\/\/www.africa-press.net\/congo-brazzaville\/photo\/willy-gom-presente-mains-invisibles-en-dedicace#primaryimage"},"thumbnailUrl":"https:\/\/static.africa-press.net\/congo-brazzaville\/sites\/51\/2025\/10\/sm_1761401300.735868.jpg","keywords":["Congo Brazzaville"],"articleSection":["Communaut\u00e9","Photo","Toutes les actualit\u00e9s"],"inLanguage":"fr-FR","potentialAction":[{"@type":"CommentAction","name":"Comment","target":["https:\/\/www.africa-press.net\/congo-brazzaville\/photo\/willy-gom-presente-mains-invisibles-en-dedicace#respond"]}]},{"@type":"WebPage","@id":"https:\/\/www.africa-press.net\/congo-brazzaville\/photo\/willy-gom-presente-mains-invisibles-en-dedicace","url":"https:\/\/www.africa-press.net\/congo-brazzaville\/photo\/willy-gom-presente-mains-invisibles-en-dedicace","name":"Willy Gom Pr\u00e9sente \"Mains Invisibles\" en D\u00e9dicace - Congo Brazzaville","isPartOf":{"@id":"https:\/\/www.africa-press.net\/congo-brazzaville\/#website"},"primaryImageOfPage":{"@id":"https:\/\/www.africa-press.net\/congo-brazzaville\/photo\/willy-gom-presente-mains-invisibles-en-dedicace#primaryimage"},"image":{"@id":"https:\/\/www.africa-press.net\/congo-brazzaville\/photo\/willy-gom-presente-mains-invisibles-en-dedicace#primaryimage"},"thumbnailUrl":"https:\/\/static.africa-press.net\/congo-brazzaville\/sites\/51\/2025\/10\/sm_1761401300.735868.jpg","datePublished":"2025-10-25T17:10:28+00:00","dateModified":"2025-10-25T17:40:34+00:00","author":{"@id":"https:\/\/www.africa-press.net\/congo-brazzaville\/#\/schema\/person\/2b1cf3cd81a31e3cd26889ca66d677f1"},"description":"Publie\u0301 aux e\u0301ditions Le Lys Bleu a\u0300 Paris, en France, le nouvel ouvrage de Willy Gom, \"Mains invisibles\", compte 137 ...","breadcrumb":{"@id":"https:\/\/www.africa-press.net\/congo-brazzaville\/photo\/willy-gom-presente-mains-invisibles-en-dedicace#breadcrumb"},"inLanguage":"fr-FR","potentialAction":[{"@type":"ReadAction","target":["https:\/\/www.africa-press.net\/congo-brazzaville\/photo\/willy-gom-presente-mains-invisibles-en-dedicace"]}]},{"@type":"ImageObject","inLanguage":"fr-FR","@id":"https:\/\/www.africa-press.net\/congo-brazzaville\/photo\/willy-gom-presente-mains-invisibles-en-dedicace#primaryimage","url":"https:\/\/static.africa-press.net\/congo-brazzaville\/sites\/51\/2025\/10\/sm_1761401300.735868.jpg","contentUrl":"https:\/\/static.africa-press.net\/congo-brazzaville\/sites\/51\/2025\/10\/sm_1761401300.735868.jpg","width":1024,"height":771,"caption":"Willy Gom Pr\u00e9sente \"Mains Invisibles\" en D\u00e9dicace"},{"@type":"BreadcrumbList","@id":"https:\/\/www.africa-press.net\/congo-brazzaville\/photo\/willy-gom-presente-mains-invisibles-en-dedicace#breadcrumb","itemListElement":[{"@type":"ListItem","position":1,"name":"Accueil","item":"https:\/\/www.africa-press.net\/congo-brazzaville\/"},{"@type":"ListItem","position":2,"name":"Willy Gom Pr\u00e9sente &#8220;Mains Invisibles&#8221; en D\u00e9dicace"}]},{"@type":"WebSite","@id":"https:\/\/www.africa-press.net\/congo-brazzaville\/#website","url":"https:\/\/www.africa-press.net\/congo-brazzaville\/","name":"Congo Brazzaville","description":"Just another Africa News Agency Sites site","potentialAction":[{"@type":"SearchAction","target":{"@type":"EntryPoint","urlTemplate":"https:\/\/www.africa-press.net\/congo-brazzaville\/?s={search_term_string}"},"query-input":{"@type":"PropertyValueSpecification","valueRequired":true,"valueName":"search_term_string"}}],"inLanguage":"fr-FR"},{"@type":"Person","@id":"https:\/\/www.africa-press.net\/congo-brazzaville\/#\/schema\/person\/2b1cf3cd81a31e3cd26889ca66d677f1","name":"cfeditorfr"}]}},"_links":{"self":[{"href":"https:\/\/www.africa-press.net\/congo-brazzaville\/wp-json\/wp\/v2\/posts\/51564","targetHints":{"allow":["GET"]}}],"collection":[{"href":"https:\/\/www.africa-press.net\/congo-brazzaville\/wp-json\/wp\/v2\/posts"}],"about":[{"href":"https:\/\/www.africa-press.net\/congo-brazzaville\/wp-json\/wp\/v2\/types\/post"}],"author":[{"embeddable":true,"href":"https:\/\/www.africa-press.net\/congo-brazzaville\/wp-json\/wp\/v2\/users\/82"}],"replies":[{"embeddable":true,"href":"https:\/\/www.africa-press.net\/congo-brazzaville\/wp-json\/wp\/v2\/comments?post=51564"}],"version-history":[{"count":0,"href":"https:\/\/www.africa-press.net\/congo-brazzaville\/wp-json\/wp\/v2\/posts\/51564\/revisions"}],"wp:featuredmedia":[{"embeddable":true,"href":"https:\/\/www.africa-press.net\/congo-brazzaville\/wp-json\/wp\/v2\/media\/51563"}],"wp:attachment":[{"href":"https:\/\/www.africa-press.net\/congo-brazzaville\/wp-json\/wp\/v2\/media?parent=51564"}],"wp:term":[{"taxonomy":"category","embeddable":true,"href":"https:\/\/www.africa-press.net\/congo-brazzaville\/wp-json\/wp\/v2\/categories?post=51564"},{"taxonomy":"post_tag","embeddable":true,"href":"https:\/\/www.africa-press.net\/congo-brazzaville\/wp-json\/wp\/v2\/tags?post=51564"}],"curies":[{"name":"wp","href":"https:\/\/api.w.org\/{rel}","templated":true}]}}