{"id":51569,"date":"2025-10-25T17:10:47","date_gmt":"2025-10-25T17:10:47","guid":{"rendered":"https:\/\/www.africa-press.net\/congo-brazzaville\/politique\/kindamba-des-kits-scolaires-pour-les-eleves"},"modified":"2025-10-25T17:40:51","modified_gmt":"2025-10-25T17:40:51","slug":"kindamba-des-kits-scolaires-pour-les-eleves","status":"publish","type":"post","link":"https:\/\/www.africa-press.net\/congo-brazzaville\/photo\/kindamba-des-kits-scolaires-pour-les-eleves","title":{"rendered":"Kindamba: des Kits Scolaires pour les E\u0301le\u0300ves"},"content":{"rendered":"<p><span style=\"color: #ff6600\"><strong>Africa-Press &#8211; Congo Brazzaville. <\/strong><\/span><b>La tradition a e\u0301te\u0301 respecte\u0301e en ce de\u0301but d\u2019anne\u0301e scolaire par le de\u0301pute\u0301 de la circonscription e\u0301lectorale de Kindamba, dans le de\u0301partement du Pool, Isidore Mvouba. Il a offert, le 23 octobre, des kits scolaires<\/b> <b>aux e\u0301le\u0300ves des vingt-trois e\u0301coles primaires du district, des quatre colle\u0300ges, du Colle\u0300ge d\u2019enseignement technique agricole et du lyce\u0301e de cette communaute\u0301 urbaine.<\/b><\/p>\n<p>Pour l\u2019accomplissement du geste combien louable, le pre\u0301sident de l\u2019Assemble\u0301e nationale a de\u0301pe\u0302che\u0301 son conseiller spe\u0301cial en charge de l\u2019e\u0301cologie et de l\u2019e\u0301ducation, Nazaire Nkouka. Dans sa gibecie\u0300re, l\u2019envoye\u0301 spe\u0301cial d\u2019Isidore Mvouba avait, entre autres, des cahiers, sacs, ardoises, crayons, stylos, craies, re\u0300gles. En sus des kits scolaires, certaines e\u0301coles ont rec\u0327u des tables-bancs et d\u2019autres du mate\u0301riel informatique ainsi qu&rsquo;un groupe e\u0301lectroge\u0300ne. \u00ab Ces kits sont tout un symbole, parce que c\u2019est un cadeau et un cadeau a toujours un co\u0302te\u0301 affectif. C\u2019est ce qui prouve l\u2019attachement de l\u2019honorable de\u0301pute\u0301 a\u0300 sa population, a\u0300 ses fre\u0300res \u00bb, a de\u0301clare\u0301 en substance Nazaire Nkouka.<\/p>\n<p>Un geste pose\u0301 en pre\u0301sence des autorite\u0301s locales dont la sous-pre\u0301fe\u0300te de Kindamba, Vinny Nkenkela Madah, qui n\u2019a pas cache\u0301 sa satisfaction. \u00ab Le temps devenu dur, les parents de Kindamba e\u0301taient a\u0300 bout de souffle pour accomplir leur devoir d\u2019envoyer les enfants a\u0300 l\u2019e\u0301cole. Mais comme a\u0300 l\u2019habitude, le pre\u0301sident de l\u2019Assemble\u0301e nationale, l\u2019honorable Isidore Mvouva, notre de\u0301pute\u0301, a pense\u0301 une fois de plus a\u0300 essuyer les larmes et e\u0301teindre les inquie\u0301tudes de la population \u00bb, s\u2019est-elle re\u0301jouie.<\/p>\n<p>Directeur du CEG de Kindamba, Firmin Loukoubama a salue\u0301, au nom de la communaute\u0301 e\u0301ducative, ce cadeau qui arrive a\u0300 point nomme\u0301 et au bon moment. Principaux be\u0301ne\u0301ficiaires de cette e\u0301nie\u0300me action du pre\u0301sident de l\u2019Assemble\u0301e nationale, les e\u0301le\u0300ves n\u2019ont pas tari d\u2019e\u0301loge a\u0300 son endroit. \u00ab Les cours ont de\u0301ja\u0300 commence\u0301, nous sommes tre\u0300s reconnaissants d\u2019avoir rec\u0327u les kits scolaires de la part de notre de\u0301pute\u0301, Isidore Mvouba \u00bb, s\u2019est exprime\u0301e une e\u0301le\u0300ve.<\/p>\n<p>Te\u0301moignant de son engagement constant en faveur de l\u2019e\u0301ducation des jeunes, le de\u0301pute\u0301 de Kindamba a re\u0301compense\u0301 les efforts scolaires des e\u0301le\u0300ves qui se sont distingue\u0301s l\u2019anne\u0301e dernie\u0300re en leur remettant des cadeaux d\u2019encouragement afin qu\u2019ils perse\u0301ve\u0300rent dans cette dynamique.<\/p>\n\r\n                <style type=\"text\/css\">\r\n                    \r\n                    #td_uid_1_69f149edeffdc  .td-doubleSlider-2 .td-item1 {\r\n                        background: url(https:\/\/static.africa-press.net\/congo-brazzaville\/sites\/51\/2025\/10\/sm_1761401311.478441-80x60.jpg) 0 0 no-repeat;\r\n                    }\r\n                    #td_uid_1_69f149edeffdc  .td-doubleSlider-2 .td-item2 {\r\n                        background: url(https:\/\/static.africa-press.net\/congo-brazzaville\/sites\/51\/2025\/10\/sm_1761401315.162827-80x60.jpg) 0 0 no-repeat;\r\n                    }\r\n                <\/style>\r\n\r\n                <div id=\"td_uid_1_69f149edeffdc\" class=\"td-gallery td-slide-on-2-columns\">\r\n                    <div class=\"post_td_gallery\">\r\n                        <div class=\"td-gallery-slide-top\">\r\n                           <div class=\"td-gallery-title\"><\/div>\r\n\r\n                            <div class=\"td-gallery-controls-wrapper\">\r\n                                <div class=\"td-gallery-slide-count\"><span class=\"td-gallery-slide-item-focus\">1<\/span> de 2<\/div>\r\n                                <div class=\"td-gallery-slide-prev-next-but\">\r\n                                    <i class = \"td-icon-left doubleSliderPrevButton\"><\/i>\r\n                                    <i class = \"td-icon-right doubleSliderNextButton\"><\/i>\r\n                                <\/div>\r\n                            <\/div>\r\n                        <\/div>\r\n\r\n                        <div class = \"td-doubleSlider-1 \">\r\n                            <div class = \"td-slider\">\r\n                                \r\n                    <div class = \"td-slide-item td-item1\">\r\n                        <figure class=\"td-slide-galery-figure td-slide-popup-gallery\">\r\n                            <a class=\"slide-gallery-image-link\" href=\"https:\/\/static.africa-press.net\/congo-brazzaville\/sites\/51\/2025\/10\/sm_1761401311.478441.jpg\" title=\"sm_1761401311.478441\"  data-caption=\"\"  data-description=\"\">\r\n                                <img decoding=\"async\" src=\"https:\/\/static.africa-press.net\/congo-brazzaville\/sites\/51\/2025\/10\/sm_1761401311.478441.jpg\" srcset=\"https:\/\/static.africa-press.net\/congo-brazzaville\/sites\/51\/2025\/10\/sm_1761401311.478441.jpg 1080w, https:\/\/static.africa-press.net\/congo-brazzaville\/sites\/51\/2025\/10\/sm_1761401311.478441-300x143.jpg 300w, https:\/\/static.africa-press.net\/congo-brazzaville\/sites\/51\/2025\/10\/sm_1761401311.478441-1024x487.jpg 1024w, https:\/\/static.africa-press.net\/congo-brazzaville\/sites\/51\/2025\/10\/sm_1761401311.478441-768x366.jpg 768w\" sizes=\"(max-width: 1080px) 100vw, 1080px\" alt=\"\">\r\n                            <\/a>\r\n                            \r\n                        <\/figure>\r\n                    <\/div>\r\n                    <div class = \"td-slide-item td-item2\">\r\n                        <figure class=\"td-slide-galery-figure td-slide-popup-gallery\">\r\n                            <a class=\"slide-gallery-image-link\" href=\"https:\/\/static.africa-press.net\/congo-brazzaville\/sites\/51\/2025\/10\/sm_1761401315.162827.jpg\" title=\"sm_1761401315.162827\"  data-caption=\"\"  data-description=\"\">\r\n                                <img decoding=\"async\" src=\"https:\/\/static.africa-press.net\/congo-brazzaville\/sites\/51\/2025\/10\/sm_1761401315.162827.jpg\" srcset=\"https:\/\/static.africa-press.net\/congo-brazzaville\/sites\/51\/2025\/10\/sm_1761401315.162827.jpg 1080w, https:\/\/static.africa-press.net\/congo-brazzaville\/sites\/51\/2025\/10\/sm_1761401315.162827-300x142.jpg 300w, https:\/\/static.africa-press.net\/congo-brazzaville\/sites\/51\/2025\/10\/sm_1761401315.162827-1024x484.jpg 1024w, https:\/\/static.africa-press.net\/congo-brazzaville\/sites\/51\/2025\/10\/sm_1761401315.162827-768x363.jpg 768w\" sizes=\"(max-width: 1080px) 100vw, 1080px\" alt=\"\">\r\n                            <\/a>\r\n                            \r\n                        <\/figure>\r\n                    <\/div>\r\n                            <\/div>\r\n                        <\/div>\r\n\r\n                        <div class = \"td-doubleSlider-2\">\r\n                            <div class = \"td-slider\">\r\n                                \r\n                    <div class = \"td-button td-item1\">\r\n                        <div class = \"td-border\"><\/div>\r\n                    <\/div>\r\n                    <div class = \"td-button td-item2\">\r\n                        <div class = \"td-border\"><\/div>\r\n                    <\/div>\r\n                            <\/div>\r\n                        <\/div>\r\n\r\n                    <\/div>\r\n\r\n                <\/div>\r\n                \n<p><strong>Pour plus d&rsquo;informations et d&rsquo;analyses sur la <span style=\"color: #ff6600\">Congo Brazzaville<\/span>, suivez <span style=\"color: #ff6600\">Africa-Press<\/span><\/strong><\/p>\n","protected":false},"excerpt":{"rendered":"<p>Africa-Press &#8211; Congo Brazzaville. La tradition a e\u0301te\u0301 respecte\u0301e en ce de\u0301but d\u2019anne\u0301e scolaire par le de\u0301pute\u0301 de la circonscription e\u0301lectorale de Kindamba, dans le de\u0301partement du Pool, Isidore Mvouba. Il a offert, le 23 octobre, des kits scolaires aux e\u0301le\u0300ves des vingt-trois e\u0301coles primaires du district, des quatre colle\u0300ges, du Colle\u0300ge d\u2019enseignement technique agricole [&hellip;]<\/p>\n","protected":false},"author":82,"featured_media":51568,"comment_status":"open","ping_status":"closed","sticky":false,"template":"","format":"standard","meta":{"footnotes":""},"categories":[21,8,10],"tags":[46],"class_list":["post-51569","post","type-post","status-publish","format-standard","has-post-thumbnail","hentry","category-communaute","category-photo","category-toutes-les-actualites","tag-congo-brazzaville"],"yoast_head":"<!-- This site is optimized with the Yoast SEO Premium plugin v26.1 (Yoast SEO v27.0) - https:\/\/yoast.com\/product\/yoast-seo-premium-wordpress\/ -->\n<title>Kindamba: des Kits Scolaires pour les E\u0301le\u0300ves - Congo Brazzaville<\/title>\n<meta name=\"description\" content=\"La tradition a e\u0301te\u0301 respecte\u0301e en ce de\u0301but d\u2019anne\u0301e scolaire par le de\u0301pute\u0301 de la circonscription e\u0301lectorale de K ...\" \/>\n<meta name=\"robots\" content=\"index, follow, max-snippet:-1, max-image-preview:large, max-video-preview:-1\" \/>\n<link rel=\"canonical\" href=\"https:\/\/www.africa-press.net\/congo-brazzaville\/photo\/kindamba-des-kits-scolaires-pour-les-eleves\" \/>\n<meta property=\"og:locale\" content=\"fr_FR\" \/>\n<meta property=\"og:type\" content=\"article\" \/>\n<meta property=\"og:title\" content=\"Kindamba: des Kits Scolaires pour les E\u0301le\u0300ves\" \/>\n<meta property=\"og:description\" content=\"La tradition a e\u0301te\u0301 respecte\u0301e en ce de\u0301but d\u2019anne\u0301e scolaire par le de\u0301pute\u0301 de la circonscription e\u0301lectorale de K ...\" \/>\n<meta property=\"og:url\" content=\"https:\/\/www.africa-press.net\/congo-brazzaville\/photo\/kindamba-des-kits-scolaires-pour-les-eleves\" \/>\n<meta property=\"og:site_name\" content=\"Congo Brazzaville\" \/>\n<meta property=\"article:published_time\" content=\"2025-10-25T17:10:47+00:00\" \/>\n<meta property=\"article:modified_time\" content=\"2025-10-25T17:40:51+00:00\" \/>\n<meta property=\"og:image\" content=\"https:\/\/static.africa-press.net\/congo-brazzaville\/sites\/51\/2025\/10\/sm_1761401319.140508.jpg\" \/>\n\t<meta property=\"og:image:width\" content=\"1080\" \/>\n\t<meta property=\"og:image:height\" content=\"514\" \/>\n\t<meta property=\"og:image:type\" content=\"image\/jpeg\" \/>\n<meta name=\"author\" content=\"cfeditorfr\" \/>\n<meta name=\"twitter:card\" content=\"summary_large_image\" \/>\n<meta name=\"twitter:label1\" content=\"\u00c9crit par\" \/>\n\t<meta name=\"twitter:data1\" content=\"cfeditorfr\" \/>\n\t<meta name=\"twitter:label2\" content=\"Dur\u00e9e de lecture estim\u00e9e\" \/>\n\t<meta name=\"twitter:data2\" content=\"2 minutes\" \/>\n<script type=\"application\/ld+json\" class=\"yoast-schema-graph\">{\"@context\":\"https:\/\/schema.org\",\"@graph\":[{\"@type\":\"Article\",\"@id\":\"https:\/\/www.africa-press.net\/congo-brazzaville\/photo\/kindamba-des-kits-scolaires-pour-les-eleves#article\",\"isPartOf\":{\"@id\":\"https:\/\/www.africa-press.net\/congo-brazzaville\/photo\/kindamba-des-kits-scolaires-pour-les-eleves\"},\"author\":{\"name\":\"cfeditorfr\",\"@id\":\"https:\/\/www.africa-press.net\/congo-brazzaville\/#\/schema\/person\/2b1cf3cd81a31e3cd26889ca66d677f1\"},\"headline\":\"Kindamba: des Kits Scolaires pour les E\u0301le\u0300ves\",\"datePublished\":\"2025-10-25T17:10:47+00:00\",\"dateModified\":\"2025-10-25T17:40:51+00:00\",\"mainEntityOfPage\":{\"@id\":\"https:\/\/www.africa-press.net\/congo-brazzaville\/photo\/kindamba-des-kits-scolaires-pour-les-eleves\"},\"wordCount\":486,\"commentCount\":0,\"image\":{\"@id\":\"https:\/\/www.africa-press.net\/congo-brazzaville\/photo\/kindamba-des-kits-scolaires-pour-les-eleves#primaryimage\"},\"thumbnailUrl\":\"https:\/\/static.africa-press.net\/congo-brazzaville\/sites\/51\/2025\/10\/sm_1761401319.140508.jpg\",\"keywords\":[\"Congo Brazzaville\"],\"articleSection\":[\"Communaut\u00e9\",\"Photo\",\"Toutes les actualit\u00e9s\"],\"inLanguage\":\"fr-FR\",\"potentialAction\":[{\"@type\":\"CommentAction\",\"name\":\"Comment\",\"target\":[\"https:\/\/www.africa-press.net\/congo-brazzaville\/photo\/kindamba-des-kits-scolaires-pour-les-eleves#respond\"]}]},{\"@type\":\"WebPage\",\"@id\":\"https:\/\/www.africa-press.net\/congo-brazzaville\/photo\/kindamba-des-kits-scolaires-pour-les-eleves\",\"url\":\"https:\/\/www.africa-press.net\/congo-brazzaville\/photo\/kindamba-des-kits-scolaires-pour-les-eleves\",\"name\":\"Kindamba: des Kits Scolaires pour les E\u0301le\u0300ves - Congo Brazzaville\",\"isPartOf\":{\"@id\":\"https:\/\/www.africa-press.net\/congo-brazzaville\/#website\"},\"primaryImageOfPage\":{\"@id\":\"https:\/\/www.africa-press.net\/congo-brazzaville\/photo\/kindamba-des-kits-scolaires-pour-les-eleves#primaryimage\"},\"image\":{\"@id\":\"https:\/\/www.africa-press.net\/congo-brazzaville\/photo\/kindamba-des-kits-scolaires-pour-les-eleves#primaryimage\"},\"thumbnailUrl\":\"https:\/\/static.africa-press.net\/congo-brazzaville\/sites\/51\/2025\/10\/sm_1761401319.140508.jpg\",\"datePublished\":\"2025-10-25T17:10:47+00:00\",\"dateModified\":\"2025-10-25T17:40:51+00:00\",\"author\":{\"@id\":\"https:\/\/www.africa-press.net\/congo-brazzaville\/#\/schema\/person\/2b1cf3cd81a31e3cd26889ca66d677f1\"},\"description\":\"La tradition a e\u0301te\u0301 respecte\u0301e en ce de\u0301but d\u2019anne\u0301e scolaire par le de\u0301pute\u0301 de la circonscription e\u0301lectorale de K ...\",\"breadcrumb\":{\"@id\":\"https:\/\/www.africa-press.net\/congo-brazzaville\/photo\/kindamba-des-kits-scolaires-pour-les-eleves#breadcrumb\"},\"inLanguage\":\"fr-FR\",\"potentialAction\":[{\"@type\":\"ReadAction\",\"target\":[\"https:\/\/www.africa-press.net\/congo-brazzaville\/photo\/kindamba-des-kits-scolaires-pour-les-eleves\"]}]},{\"@type\":\"ImageObject\",\"inLanguage\":\"fr-FR\",\"@id\":\"https:\/\/www.africa-press.net\/congo-brazzaville\/photo\/kindamba-des-kits-scolaires-pour-les-eleves#primaryimage\",\"url\":\"https:\/\/static.africa-press.net\/congo-brazzaville\/sites\/51\/2025\/10\/sm_1761401319.140508.jpg\",\"contentUrl\":\"https:\/\/static.africa-press.net\/congo-brazzaville\/sites\/51\/2025\/10\/sm_1761401319.140508.jpg\",\"width\":1080,\"height\":514,\"caption\":\"Kindamba: des Kits Scolaires pour les E\u0301le\u0300ves\"},{\"@type\":\"BreadcrumbList\",\"@id\":\"https:\/\/www.africa-press.net\/congo-brazzaville\/photo\/kindamba-des-kits-scolaires-pour-les-eleves#breadcrumb\",\"itemListElement\":[{\"@type\":\"ListItem\",\"position\":1,\"name\":\"Accueil\",\"item\":\"https:\/\/www.africa-press.net\/congo-brazzaville\/\"},{\"@type\":\"ListItem\",\"position\":2,\"name\":\"Kindamba: des Kits Scolaires pour les E\u0301le\u0300ves\"}]},{\"@type\":\"WebSite\",\"@id\":\"https:\/\/www.africa-press.net\/congo-brazzaville\/#website\",\"url\":\"https:\/\/www.africa-press.net\/congo-brazzaville\/\",\"name\":\"Congo Brazzaville\",\"description\":\"Just another Africa News Agency Sites site\",\"potentialAction\":[{\"@type\":\"SearchAction\",\"target\":{\"@type\":\"EntryPoint\",\"urlTemplate\":\"https:\/\/www.africa-press.net\/congo-brazzaville\/?s={search_term_string}\"},\"query-input\":{\"@type\":\"PropertyValueSpecification\",\"valueRequired\":true,\"valueName\":\"search_term_string\"}}],\"inLanguage\":\"fr-FR\"},{\"@type\":\"Person\",\"@id\":\"https:\/\/www.africa-press.net\/congo-brazzaville\/#\/schema\/person\/2b1cf3cd81a31e3cd26889ca66d677f1\",\"name\":\"cfeditorfr\"}]}<\/script>\n<!-- \/ Yoast SEO Premium plugin. -->","yoast_head_json":{"title":"Kindamba: des Kits Scolaires pour les E\u0301le\u0300ves - Congo Brazzaville","description":"La tradition a e\u0301te\u0301 respecte\u0301e en ce de\u0301but d\u2019anne\u0301e scolaire par le de\u0301pute\u0301 de la circonscription e\u0301lectorale de K ...","robots":{"index":"index","follow":"follow","max-snippet":"max-snippet:-1","max-image-preview":"max-image-preview:large","max-video-preview":"max-video-preview:-1"},"canonical":"https:\/\/www.africa-press.net\/congo-brazzaville\/photo\/kindamba-des-kits-scolaires-pour-les-eleves","og_locale":"fr_FR","og_type":"article","og_title":"Kindamba: des Kits Scolaires pour les E\u0301le\u0300ves","og_description":"La tradition a e\u0301te\u0301 respecte\u0301e en ce de\u0301but d\u2019anne\u0301e scolaire par le de\u0301pute\u0301 de la circonscription e\u0301lectorale de K ...","og_url":"https:\/\/www.africa-press.net\/congo-brazzaville\/photo\/kindamba-des-kits-scolaires-pour-les-eleves","og_site_name":"Congo Brazzaville","article_published_time":"2025-10-25T17:10:47+00:00","article_modified_time":"2025-10-25T17:40:51+00:00","og_image":[{"width":1080,"height":514,"url":"https:\/\/static.africa-press.net\/congo-brazzaville\/sites\/51\/2025\/10\/sm_1761401319.140508.jpg","type":"image\/jpeg"}],"author":"cfeditorfr","twitter_card":"summary_large_image","twitter_misc":{"\u00c9crit par":"cfeditorfr","Dur\u00e9e de lecture estim\u00e9e":"2 minutes"},"schema":{"@context":"https:\/\/schema.org","@graph":[{"@type":"Article","@id":"https:\/\/www.africa-press.net\/congo-brazzaville\/photo\/kindamba-des-kits-scolaires-pour-les-eleves#article","isPartOf":{"@id":"https:\/\/www.africa-press.net\/congo-brazzaville\/photo\/kindamba-des-kits-scolaires-pour-les-eleves"},"author":{"name":"cfeditorfr","@id":"https:\/\/www.africa-press.net\/congo-brazzaville\/#\/schema\/person\/2b1cf3cd81a31e3cd26889ca66d677f1"},"headline":"Kindamba: des Kits Scolaires pour les E\u0301le\u0300ves","datePublished":"2025-10-25T17:10:47+00:00","dateModified":"2025-10-25T17:40:51+00:00","mainEntityOfPage":{"@id":"https:\/\/www.africa-press.net\/congo-brazzaville\/photo\/kindamba-des-kits-scolaires-pour-les-eleves"},"wordCount":486,"commentCount":0,"image":{"@id":"https:\/\/www.africa-press.net\/congo-brazzaville\/photo\/kindamba-des-kits-scolaires-pour-les-eleves#primaryimage"},"thumbnailUrl":"https:\/\/static.africa-press.net\/congo-brazzaville\/sites\/51\/2025\/10\/sm_1761401319.140508.jpg","keywords":["Congo Brazzaville"],"articleSection":["Communaut\u00e9","Photo","Toutes les actualit\u00e9s"],"inLanguage":"fr-FR","potentialAction":[{"@type":"CommentAction","name":"Comment","target":["https:\/\/www.africa-press.net\/congo-brazzaville\/photo\/kindamba-des-kits-scolaires-pour-les-eleves#respond"]}]},{"@type":"WebPage","@id":"https:\/\/www.africa-press.net\/congo-brazzaville\/photo\/kindamba-des-kits-scolaires-pour-les-eleves","url":"https:\/\/www.africa-press.net\/congo-brazzaville\/photo\/kindamba-des-kits-scolaires-pour-les-eleves","name":"Kindamba: des Kits Scolaires pour les E\u0301le\u0300ves - Congo Brazzaville","isPartOf":{"@id":"https:\/\/www.africa-press.net\/congo-brazzaville\/#website"},"primaryImageOfPage":{"@id":"https:\/\/www.africa-press.net\/congo-brazzaville\/photo\/kindamba-des-kits-scolaires-pour-les-eleves#primaryimage"},"image":{"@id":"https:\/\/www.africa-press.net\/congo-brazzaville\/photo\/kindamba-des-kits-scolaires-pour-les-eleves#primaryimage"},"thumbnailUrl":"https:\/\/static.africa-press.net\/congo-brazzaville\/sites\/51\/2025\/10\/sm_1761401319.140508.jpg","datePublished":"2025-10-25T17:10:47+00:00","dateModified":"2025-10-25T17:40:51+00:00","author":{"@id":"https:\/\/www.africa-press.net\/congo-brazzaville\/#\/schema\/person\/2b1cf3cd81a31e3cd26889ca66d677f1"},"description":"La tradition a e\u0301te\u0301 respecte\u0301e en ce de\u0301but d\u2019anne\u0301e scolaire par le de\u0301pute\u0301 de la circonscription e\u0301lectorale de K ...","breadcrumb":{"@id":"https:\/\/www.africa-press.net\/congo-brazzaville\/photo\/kindamba-des-kits-scolaires-pour-les-eleves#breadcrumb"},"inLanguage":"fr-FR","potentialAction":[{"@type":"ReadAction","target":["https:\/\/www.africa-press.net\/congo-brazzaville\/photo\/kindamba-des-kits-scolaires-pour-les-eleves"]}]},{"@type":"ImageObject","inLanguage":"fr-FR","@id":"https:\/\/www.africa-press.net\/congo-brazzaville\/photo\/kindamba-des-kits-scolaires-pour-les-eleves#primaryimage","url":"https:\/\/static.africa-press.net\/congo-brazzaville\/sites\/51\/2025\/10\/sm_1761401319.140508.jpg","contentUrl":"https:\/\/static.africa-press.net\/congo-brazzaville\/sites\/51\/2025\/10\/sm_1761401319.140508.jpg","width":1080,"height":514,"caption":"Kindamba: des Kits Scolaires pour les E\u0301le\u0300ves"},{"@type":"BreadcrumbList","@id":"https:\/\/www.africa-press.net\/congo-brazzaville\/photo\/kindamba-des-kits-scolaires-pour-les-eleves#breadcrumb","itemListElement":[{"@type":"ListItem","position":1,"name":"Accueil","item":"https:\/\/www.africa-press.net\/congo-brazzaville\/"},{"@type":"ListItem","position":2,"name":"Kindamba: des Kits Scolaires pour les E\u0301le\u0300ves"}]},{"@type":"WebSite","@id":"https:\/\/www.africa-press.net\/congo-brazzaville\/#website","url":"https:\/\/www.africa-press.net\/congo-brazzaville\/","name":"Congo Brazzaville","description":"Just another Africa News Agency Sites site","potentialAction":[{"@type":"SearchAction","target":{"@type":"EntryPoint","urlTemplate":"https:\/\/www.africa-press.net\/congo-brazzaville\/?s={search_term_string}"},"query-input":{"@type":"PropertyValueSpecification","valueRequired":true,"valueName":"search_term_string"}}],"inLanguage":"fr-FR"},{"@type":"Person","@id":"https:\/\/www.africa-press.net\/congo-brazzaville\/#\/schema\/person\/2b1cf3cd81a31e3cd26889ca66d677f1","name":"cfeditorfr"}]}},"_links":{"self":[{"href":"https:\/\/www.africa-press.net\/congo-brazzaville\/wp-json\/wp\/v2\/posts\/51569","targetHints":{"allow":["GET"]}}],"collection":[{"href":"https:\/\/www.africa-press.net\/congo-brazzaville\/wp-json\/wp\/v2\/posts"}],"about":[{"href":"https:\/\/www.africa-press.net\/congo-brazzaville\/wp-json\/wp\/v2\/types\/post"}],"author":[{"embeddable":true,"href":"https:\/\/www.africa-press.net\/congo-brazzaville\/wp-json\/wp\/v2\/users\/82"}],"replies":[{"embeddable":true,"href":"https:\/\/www.africa-press.net\/congo-brazzaville\/wp-json\/wp\/v2\/comments?post=51569"}],"version-history":[{"count":0,"href":"https:\/\/www.africa-press.net\/congo-brazzaville\/wp-json\/wp\/v2\/posts\/51569\/revisions"}],"wp:featuredmedia":[{"embeddable":true,"href":"https:\/\/www.africa-press.net\/congo-brazzaville\/wp-json\/wp\/v2\/media\/51568"}],"wp:attachment":[{"href":"https:\/\/www.africa-press.net\/congo-brazzaville\/wp-json\/wp\/v2\/media?parent=51569"}],"wp:term":[{"taxonomy":"category","embeddable":true,"href":"https:\/\/www.africa-press.net\/congo-brazzaville\/wp-json\/wp\/v2\/categories?post=51569"},{"taxonomy":"post_tag","embeddable":true,"href":"https:\/\/www.africa-press.net\/congo-brazzaville\/wp-json\/wp\/v2\/tags?post=51569"}],"curies":[{"name":"wp","href":"https:\/\/api.w.org\/{rel}","templated":true}]}}