{"id":51577,"date":"2025-10-25T17:11:05","date_gmt":"2025-10-25T17:11:05","guid":{"rendered":"https:\/\/www.africa-press.net\/congo-brazzaville\/politique\/bacongo-et-makelekele-auront-leur-complexe-scolaire"},"modified":"2025-10-25T17:41:05","modified_gmt":"2025-10-25T17:41:05","slug":"bacongo-et-makelekele-auront-leur-complexe-scolaire","status":"publish","type":"post","link":"https:\/\/www.africa-press.net\/congo-brazzaville\/photo\/bacongo-et-makelekele-auront-leur-complexe-scolaire","title":{"rendered":"Bacongo et Mak\u00e9l\u00e9k\u00e9l\u00e9 Auront leur Complexe Scolaire"},"content":{"rendered":"<p><span style=\"color: #ff6600\"><strong>Africa-Press &#8211; Congo Brazzaville. <\/strong><\/span><b>Le directeur ge\u0301ne\u0301ral de la Socie\u0301te\u0301 nationale des pe\u0301troles du Congo (SNPC), Maixent Raoul Ominga, a annonce\u0301 le 24 octobre, a\u0300 l\u2019occasion de l\u2019inauguration du complexe scolaire de la Liberte\u0301, a\u0300 Talangai\u0308, le sixie\u0300me arrondissement de Brazzaville, en pre\u0301sence du chef de l\u2019Etat, Denis Sassou N\u2019Guesso, que des infrastructures scolaires identiques seront construites a\u0300 Bacongo et Make\u0301le\u0301ke\u0301le\u0301. <\/b><\/p>\n<p>La reconstruction totale du CEG de la Liberte\u0301 s&rsquo;inscrit dans le cadre de la politique de responsabilite\u0301 socie\u0301tale de la SNPC et s&rsquo;inte\u0300gre dans une dynamique porte\u0301e par la vision du pre\u0301sident de la Re\u0301publique qui accorde une place centrale au de\u0301veloppement du capital humain et principalement a\u0300 celui de la jeunesse congolaise, a rappele\u0301 Maixent Raoul Ominga. \u00ab La SNPC s&rsquo;est engage\u0301e dans un partenariat fre\u0301quent avec notre nation a\u0300 construire ce complexe scolaire destine\u0301 a\u0300 devenir un haut lieu d&rsquo;excellence, du savoir et de la connaissance, du vivre-ensemble de notre jeunesse. Dans ce me\u0302me e\u0301lan, toujours sous vos tre\u0300s hautes instructions, le me\u0302me complexe et a\u0300 l&rsquo;identique sera construit dans les prochains jours, bien su\u0302r, en e\u0301troite collaboration avec le gouvernement, les autorite\u0301s pre\u0301fectorales, dans les quartiers suivants: Bacongo et Make\u0301le\u0301ke\u0301le\u0301 \u00bb, a-t-il annonce\u0301.<\/p>\n<p>D\u2019une capacite\u0301 actuelle de 10 000 e\u0301le\u0300ves, le complexe de la Liberte\u0301 est implante\u0301, en effet, sur une superficie de 30 000 m2, soit trois hectares. Il regroupe deux e\u0301coles pre\u0301scolaires ; six e\u0301coles primaires, deux colle\u0300ges d\u2019enseignement ge\u0301ne\u0301ral et un lyce\u0301e moderne dont la premie\u0300re anne\u0301e est re\u0301serve\u0301e aux e\u0301le\u0300ves de la seconde. Au total, il y a vingt-quatre ba\u0302timents dont douze de type R+1, comprenant 85 salles de classe. On y trouve e\u0301galement quatorze logements de fonction ; une zone sportive ame\u0301nage\u0301e ; deux postes, a\u0300 savoir un de la police et l\u2019autre de la gendarmerie, dote\u0301s chacun de deux moyens roulants pour assurer l&rsquo;intervention dans la se\u0301curite\u0301 de cette e\u0301cole.<\/p>\n<p>\u00ab A\u0300 l&rsquo;instar de la quasi-totalite\u0301 des e\u0301tablissements scolaires de l&rsquo;enseignement secondaire construits dans les anne\u0301es 1970 et 1980, le CEG de la Liberte\u0301 est l&rsquo;un des ferrants du syste\u0300me e\u0301ducatif de Brazzaville qui renai\u0302t aujourd&rsquo;hui de ses cendres. Il se dote de\u0301sormais d&rsquo;infrastructures modernes, adapte\u0301es et capables de rehausser la qualite\u0301 de l&rsquo;apprentissage et de favoriser un environnement propice a\u0300 l&rsquo;excellence scolaire pour nos enfants \u00bb, a pre\u0301sente\u0301 le directeur ge\u0301ne\u0301ral de la SNPC. Pour lui, l&rsquo;e\u0301cole reste un vecteur essentiel de l&rsquo;e\u0301ducation morale et intellectuelle des enfants, constituant non seulement une interpellation pour l&rsquo;ensemble des acteurs sociaux, mais e\u0301galement un atout inde\u0301niable pour le de\u0301veloppement durable et harmonieux du pays.<\/p>\n<p><b>Devenir les architectes de l&rsquo;avenir du Congo<\/b><\/p>\n<p>Re\u0301alisant ce projet, la SNPC a du\u0302 be\u0301ne\u0301ficier du soutien des autorite\u0301s locales, des services du ministe\u0300re de l&rsquo;Enseignement pre\u0301scolaire, primaire, secondaire, et de l&rsquo;Alphabe\u0301tisation; des entreprises partenaires et de ses services internes. Un engagement collectif qui a permis de transformer, d\u2019apre\u0300s Maixent Raoul Ominga, ce re\u0302ve en re\u0301alite\u0301, au be\u0301ne\u0301fice de la population de Talangai\u0308 et de ses environs. \u00ab Ce complexe scolaire est de\u0301sormais un symbole vivant de ce que nous pouvons accomplir ensemble au service de l&rsquo;e\u0301ducation et de l&rsquo;avenir de notre pays. A vous, chers e\u0301le\u0300ves, ce complexe est le vo\u0302tre, il vous appartient. E\u0301tudiez avec passion, re\u0302vez avec ambition et n&rsquo;oubliez jamais ceci: les connaissances, les valeurs, les compe\u0301tences que vous allez acque\u0301rir ici feront de vous les architectes de l&rsquo;avenir du Congo. Ainsi, se re\u0301alisera l&rsquo;esprit de liberte\u0301, liberte\u0301 dont votre complexe porte si fie\u0300rement le nom \u00bb, a-t-il conseille\u0301.<\/p>\n<p>Il a invite\u0301, par ailleurs, les enseignants, ve\u0301ritables artisans de cette ambition nationale, a\u0300 continuer a\u0300 transmettre avec passion le savoir aux apprenants. Aux parents, il leur appartient, en tant que premiers responsables de l&rsquo;e\u0301ducation des enfants, de veiller, aux co\u0302te\u0301s des enseignants, a\u0300 l\u2019encadrement des enfants. \u00ab Votre implication est essentielle pour garantir la re\u0301ussite et faire de l\u2019e\u0301cole un ve\u0301ritable prolongement des valeurs transmises au sein de la famille. Au nom de la SNPC, je vous formule le v\u0153u since\u0300re que ce complexe scolaire devienne un phare d&rsquo;expe\u0301rience pour notre de\u0301partement de Brazzaville, un sanctuaire de savoir et un tremplin vers un avenir meilleur pour nos enfants. Population de Talangai\u0308, veuillez trouver ici toute mon admiration pour votre bienveillante participation a\u0300 cette grande \u0153uvre de reconstruction de cet e\u0301tablissement, notre bien commun, faites-en un lieu de fierte\u0301 pour les ge\u0301ne\u0301rations pre\u0301sentes et futures \u00bb, a exhorte\u0301 Maixent Raoul Ominga.<\/p>\n<p><b>L\u2019e\u0301ducation civique des adultes<\/b><\/p>\n<p>L\u2019administrateur maire de Talangai\u0308, Privat Fre\u0301de\u0301ric Ndeke\u0301, et le ministre de l\u2019Enseignement pre\u0301scolaire, primaire, secondaire et de l\u2019Alphabe\u0301tisation, Jean Luc Mouthou, ont, quant a\u0300 eux, salue\u0301 cette e\u0301nie\u0300me action du pre\u0301sident de la Re\u0301publique mise en \u0153uvre a\u0300 travers la SNPC. Apre\u0300s avoir fait l\u2019historique de cet e\u0301tablissement devenu un complexe scolaire, l\u2019administrateur maire du sixie\u0300me arrondissement a re\u0301affirme\u0301 son engagement a\u0300 en assurer la bonne gestion et la pe\u0301rennite\u0301. \u00ab Chaque infrastructure inaugure\u0301e n&rsquo;est pas seulement un ba\u0302timent de plus, c&rsquo;est une source d&rsquo;espoir, de dignite\u0301 retrouve\u0301e et de fierte\u0301 citoyenne&#8230;A\u0300 pre\u0301sent que s&rsquo;ouvre une nouvelle e\u0300re pour ce complexe scolaire, j&rsquo;en appelle a\u0300 la responsabilite\u0301 collective, celle des anciens, des parents et des e\u0301le\u0300ves, afin que ce lieu d&rsquo;excellence demeure un moteur de discipline, de travail et de re\u0301ussite. J&rsquo;y veillerai personnellement \u00bb, a promis Privat Fre\u0301de\u0301ric Ndeke\u0301.<\/p>\n<p>Re\u0301pondant aux questions de la presse sur les actes inciviques souvent constate\u0301s au niveau des infrastructures concernant l\u2019entretien, le chef de l\u2019Etat a de\u0301plore\u0301 le manque de patriotisme de certains Congolais, tout en instruisant le gouvernement a\u0300 prendre le taureau par les cornes. \u00ab Il y a l&rsquo;e\u0301ducation aussi. L&rsquo;e\u0301ducation en question, ce n&rsquo;est pas seulement pour les enfants, les e\u0301coles. L&rsquo;e\u0301ducation civique, il y a me\u0302me un de\u0301partement ministe\u0301riel qui en a la charge. C&rsquo;est pour e\u0301duquer les adultes aussi \u00bb, a lance\u0301 Denis Sassou N\u2019Guesso.<\/p>\n\r\n                <style type=\"text\/css\">\r\n                    \r\n                    #td_uid_1_69f20174147d9  .td-doubleSlider-2 .td-item1 {\r\n                        background: url(https:\/\/static.africa-press.net\/congo-brazzaville\/sites\/51\/2025\/10\/sm_1761401330.257147-80x60.jpg) 0 0 no-repeat;\r\n                    }\r\n                    #td_uid_1_69f20174147d9  .td-doubleSlider-2 .td-item2 {\r\n                        background: url(https:\/\/static.africa-press.net\/congo-brazzaville\/sites\/51\/2025\/10\/sm_1761401334.183759-80x60.jpg) 0 0 no-repeat;\r\n                    }\r\n                    #td_uid_1_69f20174147d9  .td-doubleSlider-2 .td-item3 {\r\n                        background: url(https:\/\/static.africa-press.net\/congo-brazzaville\/sites\/51\/2025\/10\/sm_1761401338.175896-80x60.jpg) 0 0 no-repeat;\r\n                    }\r\n                    #td_uid_1_69f20174147d9  .td-doubleSlider-2 .td-item4 {\r\n                        background: url(https:\/\/static.africa-press.net\/congo-brazzaville\/sites\/51\/2025\/10\/sm_1761401342.484272-80x60.jpg) 0 0 no-repeat;\r\n                    }\r\n                <\/style>\r\n\r\n                <div id=\"td_uid_1_69f20174147d9\" class=\"td-gallery td-slide-on-2-columns\">\r\n                    <div class=\"post_td_gallery\">\r\n                        <div class=\"td-gallery-slide-top\">\r\n                           <div class=\"td-gallery-title\"><\/div>\r\n\r\n                            <div class=\"td-gallery-controls-wrapper\">\r\n                                <div class=\"td-gallery-slide-count\"><span class=\"td-gallery-slide-item-focus\">1<\/span> de 4<\/div>\r\n                                <div class=\"td-gallery-slide-prev-next-but\">\r\n                                    <i class = \"td-icon-left doubleSliderPrevButton\"><\/i>\r\n                                    <i class = \"td-icon-right doubleSliderNextButton\"><\/i>\r\n                                <\/div>\r\n                            <\/div>\r\n                        <\/div>\r\n\r\n                        <div class = \"td-doubleSlider-1 \">\r\n                            <div class = \"td-slider\">\r\n                                \r\n                    <div class = \"td-slide-item td-item1\">\r\n                        <figure class=\"td-slide-galery-figure td-slide-popup-gallery\">\r\n                            <a class=\"slide-gallery-image-link\" href=\"https:\/\/static.africa-press.net\/congo-brazzaville\/sites\/51\/2025\/10\/sm_1761401330.257147.jpg\" title=\"sm_1761401330.257147\"  data-caption=\"\"  data-description=\"\">\r\n                                <img decoding=\"async\" src=\"https:\/\/static.africa-press.net\/congo-brazzaville\/sites\/51\/2025\/10\/sm_1761401330.257147.jpg\" srcset=\"https:\/\/static.africa-press.net\/congo-brazzaville\/sites\/51\/2025\/10\/sm_1761401330.257147.jpg 1024w, https:\/\/static.africa-press.net\/congo-brazzaville\/sites\/51\/2025\/10\/sm_1761401330.257147-300x200.jpg 300w, https:\/\/static.africa-press.net\/congo-brazzaville\/sites\/51\/2025\/10\/sm_1761401330.257147-768x512.jpg 768w\" sizes=\"(max-width: 1024px) 100vw, 1024px\" alt=\"\">\r\n                            <\/a>\r\n                            \r\n                        <\/figure>\r\n                    <\/div>\r\n                    <div class = \"td-slide-item td-item2\">\r\n                        <figure class=\"td-slide-galery-figure td-slide-popup-gallery\">\r\n                            <a class=\"slide-gallery-image-link\" href=\"https:\/\/static.africa-press.net\/congo-brazzaville\/sites\/51\/2025\/10\/sm_1761401334.183759.jpg\" title=\"sm_1761401334.183759\"  data-caption=\"\"  data-description=\"\">\r\n                                <img decoding=\"async\" src=\"https:\/\/static.africa-press.net\/congo-brazzaville\/sites\/51\/2025\/10\/sm_1761401334.183759.jpg\" srcset=\"https:\/\/static.africa-press.net\/congo-brazzaville\/sites\/51\/2025\/10\/sm_1761401334.183759.jpg 1080w, https:\/\/static.africa-press.net\/congo-brazzaville\/sites\/51\/2025\/10\/sm_1761401334.183759-300x165.jpg 300w, https:\/\/static.africa-press.net\/congo-brazzaville\/sites\/51\/2025\/10\/sm_1761401334.183759-1024x563.jpg 1024w, https:\/\/static.africa-press.net\/congo-brazzaville\/sites\/51\/2025\/10\/sm_1761401334.183759-768x422.jpg 768w\" sizes=\"(max-width: 1080px) 100vw, 1080px\" alt=\"\">\r\n                            <\/a>\r\n                            \r\n                        <\/figure>\r\n                    <\/div>\r\n                    <div class = \"td-slide-item td-item3\">\r\n                        <figure class=\"td-slide-galery-figure td-slide-popup-gallery\">\r\n                            <a class=\"slide-gallery-image-link\" href=\"https:\/\/static.africa-press.net\/congo-brazzaville\/sites\/51\/2025\/10\/sm_1761401338.175896.jpg\" title=\"sm_1761401338.175896\"  data-caption=\"\"  data-description=\"\">\r\n                                <img decoding=\"async\" src=\"https:\/\/static.africa-press.net\/congo-brazzaville\/sites\/51\/2025\/10\/sm_1761401338.175896.jpg\" srcset=\"https:\/\/static.africa-press.net\/congo-brazzaville\/sites\/51\/2025\/10\/sm_1761401338.175896.jpg 1080w, https:\/\/static.africa-press.net\/congo-brazzaville\/sites\/51\/2025\/10\/sm_1761401338.175896-300x200.jpg 300w, https:\/\/static.africa-press.net\/congo-brazzaville\/sites\/51\/2025\/10\/sm_1761401338.175896-1024x683.jpg 1024w, https:\/\/static.africa-press.net\/congo-brazzaville\/sites\/51\/2025\/10\/sm_1761401338.175896-768x512.jpg 768w\" sizes=\"(max-width: 1080px) 100vw, 1080px\" alt=\"\">\r\n                            <\/a>\r\n                            \r\n                        <\/figure>\r\n                    <\/div>\r\n                    <div class = \"td-slide-item td-item4\">\r\n                        <figure class=\"td-slide-galery-figure td-slide-popup-gallery\">\r\n                            <a class=\"slide-gallery-image-link\" href=\"https:\/\/static.africa-press.net\/congo-brazzaville\/sites\/51\/2025\/10\/sm_1761401342.484272.jpg\" title=\"sm_1761401342.484272\"  data-caption=\"\"  data-description=\"\">\r\n                                <img decoding=\"async\" src=\"https:\/\/static.africa-press.net\/congo-brazzaville\/sites\/51\/2025\/10\/sm_1761401342.484272.jpg\" srcset=\"https:\/\/static.africa-press.net\/congo-brazzaville\/sites\/51\/2025\/10\/sm_1761401342.484272.jpg 1024w, https:\/\/static.africa-press.net\/congo-brazzaville\/sites\/51\/2025\/10\/sm_1761401342.484272-300x200.jpg 300w, https:\/\/static.africa-press.net\/congo-brazzaville\/sites\/51\/2025\/10\/sm_1761401342.484272-768x512.jpg 768w\" sizes=\"(max-width: 1024px) 100vw, 1024px\" alt=\"\">\r\n                            <\/a>\r\n                            \r\n                        <\/figure>\r\n                    <\/div>\r\n                            <\/div>\r\n                        <\/div>\r\n\r\n                        <div class = \"td-doubleSlider-2\">\r\n                            <div class = \"td-slider\">\r\n                                \r\n                    <div class = \"td-button td-item1\">\r\n                        <div class = \"td-border\"><\/div>\r\n                    <\/div>\r\n                    <div class = \"td-button td-item2\">\r\n                        <div class = \"td-border\"><\/div>\r\n                    <\/div>\r\n                    <div class = \"td-button td-item3\">\r\n                        <div class = \"td-border\"><\/div>\r\n                    <\/div>\r\n                    <div class = \"td-button td-item4\">\r\n                        <div class = \"td-border\"><\/div>\r\n                    <\/div>\r\n                            <\/div>\r\n                        <\/div>\r\n\r\n                    <\/div>\r\n\r\n                <\/div>\r\n                \n<p><strong>Pour plus d&rsquo;informations et d&rsquo;analyses sur la <span style=\"color: #ff6600\">Congo Brazzaville<\/span>, suivez <span style=\"color: #ff6600\">Africa-Press<\/span><\/strong><\/p>\n","protected":false},"excerpt":{"rendered":"<p>Africa-Press &#8211; Congo Brazzaville. Le directeur ge\u0301ne\u0301ral de la Socie\u0301te\u0301 nationale des pe\u0301troles du Congo (SNPC), Maixent Raoul Ominga, a annonce\u0301 le 24 octobre, a\u0300 l\u2019occasion de l\u2019inauguration du complexe scolaire de la Liberte\u0301, a\u0300 Talangai\u0308, le sixie\u0300me arrondissement de Brazzaville, en pre\u0301sence du chef de l\u2019Etat, Denis Sassou N\u2019Guesso, que des infrastructures scolaires identiques [&hellip;]<\/p>\n","protected":false},"author":82,"featured_media":51576,"comment_status":"open","ping_status":"closed","sticky":false,"template":"","format":"standard","meta":{"footnotes":""},"categories":[21,8,10],"tags":[46],"class_list":["post-51577","post","type-post","status-publish","format-standard","has-post-thumbnail","hentry","category-communaute","category-photo","category-toutes-les-actualites","tag-congo-brazzaville"],"yoast_head":"<!-- This site is optimized with the Yoast SEO Premium plugin v26.1 (Yoast SEO v27.0) - https:\/\/yoast.com\/product\/yoast-seo-premium-wordpress\/ -->\n<title>Bacongo et Mak\u00e9l\u00e9k\u00e9l\u00e9 Auront leur Complexe Scolaire - Congo Brazzaville<\/title>\n<meta name=\"description\" content=\"Le directeur ge\u0301ne\u0301ral de la Socie\u0301te\u0301 nationale des pe\u0301troles du Congo (SNPC), Maixent Raoul Ominga, a annonce\u0301 le 2 ...\" \/>\n<meta name=\"robots\" content=\"index, follow, max-snippet:-1, max-image-preview:large, max-video-preview:-1\" \/>\n<link rel=\"canonical\" href=\"https:\/\/www.africa-press.net\/congo-brazzaville\/photo\/bacongo-et-makelekele-auront-leur-complexe-scolaire\" \/>\n<meta property=\"og:locale\" content=\"fr_FR\" \/>\n<meta property=\"og:type\" content=\"article\" \/>\n<meta property=\"og:title\" content=\"Bacongo et Mak\u00e9l\u00e9k\u00e9l\u00e9 Auront leur Complexe Scolaire\" \/>\n<meta property=\"og:description\" content=\"Le directeur ge\u0301ne\u0301ral de la Socie\u0301te\u0301 nationale des pe\u0301troles du Congo (SNPC), Maixent Raoul Ominga, a annonce\u0301 le 2 ...\" \/>\n<meta property=\"og:url\" content=\"https:\/\/www.africa-press.net\/congo-brazzaville\/photo\/bacongo-et-makelekele-auront-leur-complexe-scolaire\" \/>\n<meta property=\"og:site_name\" content=\"Congo Brazzaville\" \/>\n<meta property=\"article:published_time\" content=\"2025-10-25T17:11:05+00:00\" \/>\n<meta property=\"article:modified_time\" content=\"2025-10-25T17:41:05+00:00\" \/>\n<meta property=\"og:image\" content=\"https:\/\/static.africa-press.net\/congo-brazzaville\/sites\/51\/2025\/10\/sm_1761401346.02103.jpg\" \/>\n\t<meta property=\"og:image:width\" content=\"1024\" \/>\n\t<meta property=\"og:image:height\" content=\"683\" \/>\n\t<meta property=\"og:image:type\" content=\"image\/jpeg\" \/>\n<meta name=\"author\" content=\"cfeditorfr\" \/>\n<meta name=\"twitter:card\" content=\"summary_large_image\" \/>\n<meta name=\"twitter:label1\" content=\"\u00c9crit par\" \/>\n\t<meta name=\"twitter:data1\" content=\"cfeditorfr\" \/>\n\t<meta name=\"twitter:label2\" content=\"Dur\u00e9e de lecture estim\u00e9e\" \/>\n\t<meta name=\"twitter:data2\" content=\"6 minutes\" \/>\n<script type=\"application\/ld+json\" class=\"yoast-schema-graph\">{\"@context\":\"https:\/\/schema.org\",\"@graph\":[{\"@type\":\"Article\",\"@id\":\"https:\/\/www.africa-press.net\/congo-brazzaville\/photo\/bacongo-et-makelekele-auront-leur-complexe-scolaire#article\",\"isPartOf\":{\"@id\":\"https:\/\/www.africa-press.net\/congo-brazzaville\/photo\/bacongo-et-makelekele-auront-leur-complexe-scolaire\"},\"author\":{\"name\":\"cfeditorfr\",\"@id\":\"https:\/\/www.africa-press.net\/congo-brazzaville\/#\/schema\/person\/2b1cf3cd81a31e3cd26889ca66d677f1\"},\"headline\":\"Bacongo et Mak\u00e9l\u00e9k\u00e9l\u00e9 Auront leur Complexe Scolaire\",\"datePublished\":\"2025-10-25T17:11:05+00:00\",\"dateModified\":\"2025-10-25T17:41:05+00:00\",\"mainEntityOfPage\":{\"@id\":\"https:\/\/www.africa-press.net\/congo-brazzaville\/photo\/bacongo-et-makelekele-auront-leur-complexe-scolaire\"},\"wordCount\":1163,\"commentCount\":0,\"image\":{\"@id\":\"https:\/\/www.africa-press.net\/congo-brazzaville\/photo\/bacongo-et-makelekele-auront-leur-complexe-scolaire#primaryimage\"},\"thumbnailUrl\":\"https:\/\/static.africa-press.net\/congo-brazzaville\/sites\/51\/2025\/10\/sm_1761401346.02103.jpg\",\"keywords\":[\"Congo Brazzaville\"],\"articleSection\":[\"Communaut\u00e9\",\"Photo\",\"Toutes les actualit\u00e9s\"],\"inLanguage\":\"fr-FR\",\"potentialAction\":[{\"@type\":\"CommentAction\",\"name\":\"Comment\",\"target\":[\"https:\/\/www.africa-press.net\/congo-brazzaville\/photo\/bacongo-et-makelekele-auront-leur-complexe-scolaire#respond\"]}]},{\"@type\":\"WebPage\",\"@id\":\"https:\/\/www.africa-press.net\/congo-brazzaville\/photo\/bacongo-et-makelekele-auront-leur-complexe-scolaire\",\"url\":\"https:\/\/www.africa-press.net\/congo-brazzaville\/photo\/bacongo-et-makelekele-auront-leur-complexe-scolaire\",\"name\":\"Bacongo et Mak\u00e9l\u00e9k\u00e9l\u00e9 Auront leur Complexe Scolaire - Congo Brazzaville\",\"isPartOf\":{\"@id\":\"https:\/\/www.africa-press.net\/congo-brazzaville\/#website\"},\"primaryImageOfPage\":{\"@id\":\"https:\/\/www.africa-press.net\/congo-brazzaville\/photo\/bacongo-et-makelekele-auront-leur-complexe-scolaire#primaryimage\"},\"image\":{\"@id\":\"https:\/\/www.africa-press.net\/congo-brazzaville\/photo\/bacongo-et-makelekele-auront-leur-complexe-scolaire#primaryimage\"},\"thumbnailUrl\":\"https:\/\/static.africa-press.net\/congo-brazzaville\/sites\/51\/2025\/10\/sm_1761401346.02103.jpg\",\"datePublished\":\"2025-10-25T17:11:05+00:00\",\"dateModified\":\"2025-10-25T17:41:05+00:00\",\"author\":{\"@id\":\"https:\/\/www.africa-press.net\/congo-brazzaville\/#\/schema\/person\/2b1cf3cd81a31e3cd26889ca66d677f1\"},\"description\":\"Le directeur ge\u0301ne\u0301ral de la Socie\u0301te\u0301 nationale des pe\u0301troles du Congo (SNPC), Maixent Raoul Ominga, a annonce\u0301 le 2 ...\",\"breadcrumb\":{\"@id\":\"https:\/\/www.africa-press.net\/congo-brazzaville\/photo\/bacongo-et-makelekele-auront-leur-complexe-scolaire#breadcrumb\"},\"inLanguage\":\"fr-FR\",\"potentialAction\":[{\"@type\":\"ReadAction\",\"target\":[\"https:\/\/www.africa-press.net\/congo-brazzaville\/photo\/bacongo-et-makelekele-auront-leur-complexe-scolaire\"]}]},{\"@type\":\"ImageObject\",\"inLanguage\":\"fr-FR\",\"@id\":\"https:\/\/www.africa-press.net\/congo-brazzaville\/photo\/bacongo-et-makelekele-auront-leur-complexe-scolaire#primaryimage\",\"url\":\"https:\/\/static.africa-press.net\/congo-brazzaville\/sites\/51\/2025\/10\/sm_1761401346.02103.jpg\",\"contentUrl\":\"https:\/\/static.africa-press.net\/congo-brazzaville\/sites\/51\/2025\/10\/sm_1761401346.02103.jpg\",\"width\":1024,\"height\":683,\"caption\":\"Bacongo et Mak\u00e9l\u00e9k\u00e9l\u00e9 Auront leur Complexe Scolaire\"},{\"@type\":\"BreadcrumbList\",\"@id\":\"https:\/\/www.africa-press.net\/congo-brazzaville\/photo\/bacongo-et-makelekele-auront-leur-complexe-scolaire#breadcrumb\",\"itemListElement\":[{\"@type\":\"ListItem\",\"position\":1,\"name\":\"Accueil\",\"item\":\"https:\/\/www.africa-press.net\/congo-brazzaville\/\"},{\"@type\":\"ListItem\",\"position\":2,\"name\":\"Bacongo et Mak\u00e9l\u00e9k\u00e9l\u00e9 Auront leur Complexe Scolaire\"}]},{\"@type\":\"WebSite\",\"@id\":\"https:\/\/www.africa-press.net\/congo-brazzaville\/#website\",\"url\":\"https:\/\/www.africa-press.net\/congo-brazzaville\/\",\"name\":\"Congo Brazzaville\",\"description\":\"Just another Africa News Agency Sites site\",\"potentialAction\":[{\"@type\":\"SearchAction\",\"target\":{\"@type\":\"EntryPoint\",\"urlTemplate\":\"https:\/\/www.africa-press.net\/congo-brazzaville\/?s={search_term_string}\"},\"query-input\":{\"@type\":\"PropertyValueSpecification\",\"valueRequired\":true,\"valueName\":\"search_term_string\"}}],\"inLanguage\":\"fr-FR\"},{\"@type\":\"Person\",\"@id\":\"https:\/\/www.africa-press.net\/congo-brazzaville\/#\/schema\/person\/2b1cf3cd81a31e3cd26889ca66d677f1\",\"name\":\"cfeditorfr\"}]}<\/script>\n<!-- \/ Yoast SEO Premium plugin. -->","yoast_head_json":{"title":"Bacongo et Mak\u00e9l\u00e9k\u00e9l\u00e9 Auront leur Complexe Scolaire - Congo Brazzaville","description":"Le directeur ge\u0301ne\u0301ral de la Socie\u0301te\u0301 nationale des pe\u0301troles du Congo (SNPC), Maixent Raoul Ominga, a annonce\u0301 le 2 ...","robots":{"index":"index","follow":"follow","max-snippet":"max-snippet:-1","max-image-preview":"max-image-preview:large","max-video-preview":"max-video-preview:-1"},"canonical":"https:\/\/www.africa-press.net\/congo-brazzaville\/photo\/bacongo-et-makelekele-auront-leur-complexe-scolaire","og_locale":"fr_FR","og_type":"article","og_title":"Bacongo et Mak\u00e9l\u00e9k\u00e9l\u00e9 Auront leur Complexe Scolaire","og_description":"Le directeur ge\u0301ne\u0301ral de la Socie\u0301te\u0301 nationale des pe\u0301troles du Congo (SNPC), Maixent Raoul Ominga, a annonce\u0301 le 2 ...","og_url":"https:\/\/www.africa-press.net\/congo-brazzaville\/photo\/bacongo-et-makelekele-auront-leur-complexe-scolaire","og_site_name":"Congo Brazzaville","article_published_time":"2025-10-25T17:11:05+00:00","article_modified_time":"2025-10-25T17:41:05+00:00","og_image":[{"width":1024,"height":683,"url":"https:\/\/static.africa-press.net\/congo-brazzaville\/sites\/51\/2025\/10\/sm_1761401346.02103.jpg","type":"image\/jpeg"}],"author":"cfeditorfr","twitter_card":"summary_large_image","twitter_misc":{"\u00c9crit par":"cfeditorfr","Dur\u00e9e de lecture estim\u00e9e":"6 minutes"},"schema":{"@context":"https:\/\/schema.org","@graph":[{"@type":"Article","@id":"https:\/\/www.africa-press.net\/congo-brazzaville\/photo\/bacongo-et-makelekele-auront-leur-complexe-scolaire#article","isPartOf":{"@id":"https:\/\/www.africa-press.net\/congo-brazzaville\/photo\/bacongo-et-makelekele-auront-leur-complexe-scolaire"},"author":{"name":"cfeditorfr","@id":"https:\/\/www.africa-press.net\/congo-brazzaville\/#\/schema\/person\/2b1cf3cd81a31e3cd26889ca66d677f1"},"headline":"Bacongo et Mak\u00e9l\u00e9k\u00e9l\u00e9 Auront leur Complexe Scolaire","datePublished":"2025-10-25T17:11:05+00:00","dateModified":"2025-10-25T17:41:05+00:00","mainEntityOfPage":{"@id":"https:\/\/www.africa-press.net\/congo-brazzaville\/photo\/bacongo-et-makelekele-auront-leur-complexe-scolaire"},"wordCount":1163,"commentCount":0,"image":{"@id":"https:\/\/www.africa-press.net\/congo-brazzaville\/photo\/bacongo-et-makelekele-auront-leur-complexe-scolaire#primaryimage"},"thumbnailUrl":"https:\/\/static.africa-press.net\/congo-brazzaville\/sites\/51\/2025\/10\/sm_1761401346.02103.jpg","keywords":["Congo Brazzaville"],"articleSection":["Communaut\u00e9","Photo","Toutes les actualit\u00e9s"],"inLanguage":"fr-FR","potentialAction":[{"@type":"CommentAction","name":"Comment","target":["https:\/\/www.africa-press.net\/congo-brazzaville\/photo\/bacongo-et-makelekele-auront-leur-complexe-scolaire#respond"]}]},{"@type":"WebPage","@id":"https:\/\/www.africa-press.net\/congo-brazzaville\/photo\/bacongo-et-makelekele-auront-leur-complexe-scolaire","url":"https:\/\/www.africa-press.net\/congo-brazzaville\/photo\/bacongo-et-makelekele-auront-leur-complexe-scolaire","name":"Bacongo et Mak\u00e9l\u00e9k\u00e9l\u00e9 Auront leur Complexe Scolaire - Congo Brazzaville","isPartOf":{"@id":"https:\/\/www.africa-press.net\/congo-brazzaville\/#website"},"primaryImageOfPage":{"@id":"https:\/\/www.africa-press.net\/congo-brazzaville\/photo\/bacongo-et-makelekele-auront-leur-complexe-scolaire#primaryimage"},"image":{"@id":"https:\/\/www.africa-press.net\/congo-brazzaville\/photo\/bacongo-et-makelekele-auront-leur-complexe-scolaire#primaryimage"},"thumbnailUrl":"https:\/\/static.africa-press.net\/congo-brazzaville\/sites\/51\/2025\/10\/sm_1761401346.02103.jpg","datePublished":"2025-10-25T17:11:05+00:00","dateModified":"2025-10-25T17:41:05+00:00","author":{"@id":"https:\/\/www.africa-press.net\/congo-brazzaville\/#\/schema\/person\/2b1cf3cd81a31e3cd26889ca66d677f1"},"description":"Le directeur ge\u0301ne\u0301ral de la Socie\u0301te\u0301 nationale des pe\u0301troles du Congo (SNPC), Maixent Raoul Ominga, a annonce\u0301 le 2 ...","breadcrumb":{"@id":"https:\/\/www.africa-press.net\/congo-brazzaville\/photo\/bacongo-et-makelekele-auront-leur-complexe-scolaire#breadcrumb"},"inLanguage":"fr-FR","potentialAction":[{"@type":"ReadAction","target":["https:\/\/www.africa-press.net\/congo-brazzaville\/photo\/bacongo-et-makelekele-auront-leur-complexe-scolaire"]}]},{"@type":"ImageObject","inLanguage":"fr-FR","@id":"https:\/\/www.africa-press.net\/congo-brazzaville\/photo\/bacongo-et-makelekele-auront-leur-complexe-scolaire#primaryimage","url":"https:\/\/static.africa-press.net\/congo-brazzaville\/sites\/51\/2025\/10\/sm_1761401346.02103.jpg","contentUrl":"https:\/\/static.africa-press.net\/congo-brazzaville\/sites\/51\/2025\/10\/sm_1761401346.02103.jpg","width":1024,"height":683,"caption":"Bacongo et Mak\u00e9l\u00e9k\u00e9l\u00e9 Auront leur Complexe Scolaire"},{"@type":"BreadcrumbList","@id":"https:\/\/www.africa-press.net\/congo-brazzaville\/photo\/bacongo-et-makelekele-auront-leur-complexe-scolaire#breadcrumb","itemListElement":[{"@type":"ListItem","position":1,"name":"Accueil","item":"https:\/\/www.africa-press.net\/congo-brazzaville\/"},{"@type":"ListItem","position":2,"name":"Bacongo et Mak\u00e9l\u00e9k\u00e9l\u00e9 Auront leur Complexe Scolaire"}]},{"@type":"WebSite","@id":"https:\/\/www.africa-press.net\/congo-brazzaville\/#website","url":"https:\/\/www.africa-press.net\/congo-brazzaville\/","name":"Congo Brazzaville","description":"Just another Africa News Agency Sites site","potentialAction":[{"@type":"SearchAction","target":{"@type":"EntryPoint","urlTemplate":"https:\/\/www.africa-press.net\/congo-brazzaville\/?s={search_term_string}"},"query-input":{"@type":"PropertyValueSpecification","valueRequired":true,"valueName":"search_term_string"}}],"inLanguage":"fr-FR"},{"@type":"Person","@id":"https:\/\/www.africa-press.net\/congo-brazzaville\/#\/schema\/person\/2b1cf3cd81a31e3cd26889ca66d677f1","name":"cfeditorfr"}]}},"_links":{"self":[{"href":"https:\/\/www.africa-press.net\/congo-brazzaville\/wp-json\/wp\/v2\/posts\/51577","targetHints":{"allow":["GET"]}}],"collection":[{"href":"https:\/\/www.africa-press.net\/congo-brazzaville\/wp-json\/wp\/v2\/posts"}],"about":[{"href":"https:\/\/www.africa-press.net\/congo-brazzaville\/wp-json\/wp\/v2\/types\/post"}],"author":[{"embeddable":true,"href":"https:\/\/www.africa-press.net\/congo-brazzaville\/wp-json\/wp\/v2\/users\/82"}],"replies":[{"embeddable":true,"href":"https:\/\/www.africa-press.net\/congo-brazzaville\/wp-json\/wp\/v2\/comments?post=51577"}],"version-history":[{"count":0,"href":"https:\/\/www.africa-press.net\/congo-brazzaville\/wp-json\/wp\/v2\/posts\/51577\/revisions"}],"wp:featuredmedia":[{"embeddable":true,"href":"https:\/\/www.africa-press.net\/congo-brazzaville\/wp-json\/wp\/v2\/media\/51576"}],"wp:attachment":[{"href":"https:\/\/www.africa-press.net\/congo-brazzaville\/wp-json\/wp\/v2\/media?parent=51577"}],"wp:term":[{"taxonomy":"category","embeddable":true,"href":"https:\/\/www.africa-press.net\/congo-brazzaville\/wp-json\/wp\/v2\/categories?post=51577"},{"taxonomy":"post_tag","embeddable":true,"href":"https:\/\/www.africa-press.net\/congo-brazzaville\/wp-json\/wp\/v2\/tags?post=51577"}],"curies":[{"name":"wp","href":"https:\/\/api.w.org\/{rel}","templated":true}]}}