{"id":51690,"date":"2025-11-01T11:44:28","date_gmt":"2025-11-01T11:44:28","guid":{"rendered":"https:\/\/www.africa-press.net\/congo-brazzaville\/politique\/competition-entre-legypte-et-le-congo-pour-la-presidence-de-lunesco"},"modified":"2025-11-01T12:28:55","modified_gmt":"2025-11-01T12:28:55","slug":"competition-entre-legypte-et-le-congo-pour-la-presidence-de-lunesco","status":"publish","type":"post","link":"https:\/\/www.africa-press.net\/congo-brazzaville\/politique\/competition-entre-legypte-et-le-congo-pour-la-presidence-de-lunesco","title":{"rendered":"Comp\u00e9tition entre L&rsquo;\u00c9gypte et le Congo pour la Pr\u00e9sidence de L&rsquo;Unesco"},"content":{"rendered":"<div class=\"ap-summary\" dir=\"ltr\" lang=\"fr\">\n<h4>CE Qu\u2019Il Faut Savoir<\/h4>\n<p>Le candidat congolais \u00e0 la pr\u00e9sidence de l&rsquo;UNESCO, Firmin \u00c9douard Matoko, rivalise avec l&rsquo;\u00c9gyptien Khaled El-Anani. Les \u00e9lections pour le nouveau directeur g\u00e9n\u00e9ral de l&rsquo;UNESCO se d\u00e9rouleront le 6 novembre \u00e0 Samarcande, en Ouzb\u00e9kistan. Les deux candidats intensifient leurs efforts pour obtenir le soutien des \u00c9tats membres, avec des enjeux diplomatiques \u00e9lev\u00e9s.<\/p>\n<\/div>\n<p><span style=\"color: #ff6600\"><strong>Africa-Press &#8211; Congo Brazzaville. <\/strong><\/span>Le candidat congolais a\u0300 la pre\u0301sidence de l&rsquo;UNESCO, Firmin E\u0301douard Matoko, est actif depuis plusieurs semaines entre le sie\u0300ge de l&rsquo;organisation a\u0300 Paris et les couloirs des Nations Unies a\u0300 New York, face a\u0300 l&rsquo;E\u0301gyptien Khaled El-Anani, le candidat le plus en vue jusqu&rsquo;a\u0300 pre\u0301sent pour diriger l&rsquo;organisation internationale de\u0301die\u0301e a\u0300 l&rsquo;e\u0301ducation, a\u0300 la science et a\u0300 la culture.<\/p>\n<p>Les e\u0301lections se tiendront le 6 novembre pour choisir le nouveau directeur ge\u0301ne\u0301ral de l&rsquo;UNESCO, en remplacement de la Franc\u0327aise Audrey Azoulay, lors d&rsquo;une assemble\u0301e ge\u0301ne\u0301rale qui se de\u0301roulera a\u0300 Samarcande, en Ouzbe\u0301kistan. Cependant, les regards des candidats, e\u0301gyptien et congolais, se tournent vers le 6 octobre, date a\u0300 laquelle le conseil exe\u0301cutif votera pour e\u0301mettre une recommandation sur l&rsquo;un des deux noms. Ce vote est d&rsquo;une importance cruciale, car il est rare que l&rsquo;assemble\u0301e ge\u0301ne\u0301rale aille a\u0300 l&rsquo;encontre des recommandations du conseil exe\u0301cutif a\u0300 cet e\u0301gard.<\/p>\n<p>Firmin E\u0301douard Matoko, qui travaille a\u0300 l&rsquo;UNESCO depuis 1990, de\u0301clare: \u00ab\u00a0Lorsque le conseil exe\u0301cutif ne recommande pas un candidat, il doit rentrer chez lui et rede\u0301finir son avenir professionnel.\u00a0\u00bb<\/p>\n<p>Depuis le retrait de la candidate mexicaine Gabriela Ramos, il ne reste plus que deux concurrents: Matoko, a\u0302ge\u0301 de 69 ans, qui occupe actuellement le poste de directeur ge\u0301ne\u0301ral adjoint charge\u0301 des relations exte\u0301rieures de l&rsquo;organisation, et l&rsquo;ancien ministre e\u0301gyptien des Antiquite\u0301s et du Tourisme, Khaled El-Anani, a\u0302ge\u0301 de 54 ans.<\/p>\n<p>El-Anani a pre\u0301sente\u0301 sa candidature en avril 2023 et est conside\u0301re\u0301 comme le plus favori par rapport a\u0300 son concurrent congolais, qui a soumis sa candidature en mars, deux jours avant la clo\u0302ture des candidatures.<\/p>\n<p>Selon un diplomate europe\u0301en, El-Anani a largement surpasse\u0301 son concurrent lors de l&rsquo;audition des candidats organise\u0301e par le conseil exe\u0301cutif en avril, tandis qu&rsquo;un autre diplomate, expert des affaires de l&rsquo;organisation, estime que l&rsquo;issue des e\u0301lections semble de\u0301ja\u0300 de\u0301termine\u0301e.<\/p>\n<p><b>Inquie\u0301tude e\u0301gyptienne<\/b><\/p>\n<p>Cependant, la Re\u0301publique du Congo mobilise toutes ses ressources pour tenter de changer cette issue attendue. Au moins trois ministres, dont Denis Christel Sassou Nguesso, fils du pre\u0301sident Denis Sassou Nguesso et ministre de la Coope\u0301ration internationale, ont voyage\u0301 au Moyen-Orient, en Asie, en Ame\u0301rique du Sud et dans les Carai\u0308bes pour rassembler du soutien.<\/p>\n<p>Sassou Nguesso, qui a visite\u0301 l&rsquo;Arabie Saoudite, le Kowei\u0308t, le Qatar et Oman en septembre, de\u0301clare: \u00ab\u00a0Les choses ne sont pas encore de\u0301cide\u0301es, l&rsquo;e\u0301lection est encore ouverte,\u00a0\u00bb ajoutant a\u0300 une source locale que l&rsquo;E\u0301gypte commence a\u0300 ressentir de l&rsquo;inquie\u0301tude face a\u0300 la concurrence congolaise.<\/p>\n<p>Le Congo affirme avoir rassemble\u0301 le soutien de plusieurs pays africains (13 sie\u0300ges au conseil exe\u0301cutif), tandis que l&rsquo;E\u0301gypte soutient sa position par trois re\u0301solutions de l&rsquo;Union africaine en faveur de sa candidature.<\/p>\n<p><b>Pas d&rsquo;e\u0301lection acharne\u0301e<\/b><\/p>\n<p>En revanche, le camp d&rsquo;El-Anani s&rsquo;appuie sur des de\u0301clarations officielles e\u0301manant de la Ligue arabe et de plusieurs pays tels que l&rsquo;Espagne, la France, l&rsquo;Allemagne, le Bre\u0301sil, le Nigeria et l&rsquo;Arabie Saoudite, qui soutiennent sa candidature.<\/p>\n<p>Un membre de son e\u0301quipe de\u0301clare: \u00ab\u00a0Nous ne ressentons pas que nous sommes face a\u0300 une concurrence acharne\u0301e,\u00a0\u00bb refusant de re\u0301pondre aux de\u0301clarations du camp adverse.<\/p>\n<p>Khaled El-Anani, entoure\u0301 d&rsquo;une e\u0301quipe de sept personnes, estime avoir visite\u0301 65 pays ou\u0300 il a mene\u0301 400 re\u0301unions et entretiens au cours de sa campagne qui s&rsquo;e\u0301tend sur 30 mois. En re\u0301ponse, Firmin E\u0301douard Matoko souligne: \u00ab\u00a0Il n&rsquo;est pas ne\u0301cessaire de visiter 70 pays pour se pre\u0301senter,\u00a0\u00bb rappelant qu&rsquo;il a passe\u0301 30 ans de sa carrie\u0300re a\u0300 parcourir l&rsquo;Afrique, l&rsquo;Ame\u0301rique du Sud et Paris.<\/p>\n<p>La semaine dernie\u0300re, Matoko s&rsquo;est rendu a\u0300 New York, ou\u0300 des pre\u0301sidents, des rois et des diplomates du monde entier se sont re\u0301unis aux Nations Unies. En revanche, Khaled El-Anani est reste\u0301 a\u0300 Paris, pre\u0300s des missions de l&rsquo;UNESCO, plaidant pour que la pre\u0301sidence de l&rsquo;organisation revienne cette fois a\u0300 un pays arabe.<\/p>\n<p>L&rsquo;UNESCO, fonde\u0301e en 1945, est une agence spe\u0301cialise\u0301e des Nations Unies qui promeut la paix et la se\u0301curite\u0301 par la coope\u0301ration internationale dans les domaines de l&rsquo;e\u0301ducation, de la science et de la culture. Le poste de directeur ge\u0301ne\u0301ral est crucial pour orienter les priorite\u0301s de l&rsquo;organisation et influencer les politiques culturelles mondiales. Les e\u0301lections de novembre 2023 sont particulie\u0300rement significatives, car elles surviennent dans un contexte de tensions ge\u0301opolitiques croissantes et de compe\u0301tition pour l&rsquo;influence culturelle.<\/p>\n<p><strong>Pour plus d&rsquo;informations et d&rsquo;analyses sur la <span style=\"color: #ff6600\">Congo Brazzaville<\/span>, suivez <span style=\"color: #ff6600\">Africa-Press<\/span><\/strong><\/p>\n","protected":false},"excerpt":{"rendered":"<p>CE Qu\u2019Il Faut Savoir Le candidat congolais \u00e0 la pr\u00e9sidence de l&rsquo;UNESCO, Firmin \u00c9douard Matoko, rivalise avec l&rsquo;\u00c9gyptien Khaled El-Anani. Les \u00e9lections pour le nouveau directeur g\u00e9n\u00e9ral de l&rsquo;UNESCO se d\u00e9rouleront le 6 novembre \u00e0 Samarcande, en Ouzb\u00e9kistan. Les deux candidats intensifient leurs efforts pour obtenir le soutien des \u00c9tats membres, avec des enjeux diplomatiques [&hellip;]<\/p>\n","protected":false},"author":82,"featured_media":51689,"comment_status":"open","ping_status":"closed","sticky":false,"template":"","format":"standard","meta":{"footnotes":""},"categories":[5,7,2,49,20,10],"tags":[795,46,794,556,793],"class_list":["post-51690","post","type-post","status-publish","format-standard","has-post-thumbnail","hentry","category-culture-et-art","category-dossiers","category-politique","category-to-homepage","category-top-nouvelles","category-toutes-les-actualites","tag-candidacy","tag-congo-brazzaville","tag-egypt","tag-elections","tag-unesco"],"yoast_head":"<!-- This site is optimized with the Yoast SEO Premium plugin v26.1 (Yoast SEO v27.0) - https:\/\/yoast.com\/product\/yoast-seo-premium-wordpress\/ -->\n<title>Comp\u00e9tition entre L&#039;\u00c9gypte et le Congo pour la Pr\u00e9sidence de L&#039;Unesco - Congo Brazzaville<\/title>\n<meta name=\"description\" content=\"La course \u00e0 la pr\u00e9sidence de l\u2019UNESCO entre le Congo et l\u2019\u00c9gypte s\u2019acc\u00e9l\u00e8re \u00e0 l\u2019approche du vote de novembre.\" \/>\n<meta name=\"robots\" content=\"index, follow, max-snippet:-1, max-image-preview:large, max-video-preview:-1\" \/>\n<link rel=\"canonical\" href=\"https:\/\/www.africa-press.net\/congo-brazzaville\/politique\/competition-entre-legypte-et-le-congo-pour-la-presidence-de-lunesco\" \/>\n<meta property=\"og:locale\" content=\"fr_FR\" \/>\n<meta property=\"og:type\" content=\"article\" \/>\n<meta property=\"og:title\" content=\"Comp\u00e9tition entre L&#039;\u00c9gypte et le Congo pour la Pr\u00e9sidence de L&#039;Unesco\" \/>\n<meta property=\"og:description\" content=\"La course \u00e0 la pr\u00e9sidence de l\u2019UNESCO entre le Congo et l\u2019\u00c9gypte s\u2019acc\u00e9l\u00e8re \u00e0 l\u2019approche du vote de novembre.\" \/>\n<meta property=\"og:url\" content=\"https:\/\/www.africa-press.net\/congo-brazzaville\/politique\/competition-entre-legypte-et-le-congo-pour-la-presidence-de-lunesco\" \/>\n<meta property=\"og:site_name\" content=\"Congo Brazzaville\" \/>\n<meta property=\"article:published_time\" content=\"2025-11-01T11:44:28+00:00\" \/>\n<meta property=\"article:modified_time\" content=\"2025-11-01T12:28:55+00:00\" \/>\n<meta property=\"og:image\" content=\"https:\/\/static.africa-press.net\/congo-brazzaville\/sites\/51\/2025\/11\/sm_1761999699.861038.jpg\" \/>\n\t<meta property=\"og:image:width\" content=\"1728\" \/>\n\t<meta property=\"og:image:height\" content=\"1152\" \/>\n\t<meta property=\"og:image:type\" content=\"image\/jpeg\" \/>\n<meta name=\"author\" content=\"cfeditorfr\" \/>\n<meta name=\"twitter:card\" content=\"summary_large_image\" \/>\n<meta name=\"twitter:label1\" content=\"\u00c9crit par\" \/>\n\t<meta name=\"twitter:data1\" content=\"cfeditorfr\" \/>\n\t<meta name=\"twitter:label2\" content=\"Dur\u00e9e de lecture estim\u00e9e\" \/>\n\t<meta name=\"twitter:data2\" content=\"5 minutes\" \/>\n<script type=\"application\/ld+json\" class=\"yoast-schema-graph\">{\"@context\":\"https:\/\/schema.org\",\"@graph\":[{\"@type\":\"Article\",\"@id\":\"https:\/\/www.africa-press.net\/congo-brazzaville\/politique\/competition-entre-legypte-et-le-congo-pour-la-presidence-de-lunesco#article\",\"isPartOf\":{\"@id\":\"https:\/\/www.africa-press.net\/congo-brazzaville\/politique\/competition-entre-legypte-et-le-congo-pour-la-presidence-de-lunesco\"},\"author\":{\"name\":\"cfeditorfr\",\"@id\":\"https:\/\/www.africa-press.net\/congo-brazzaville\/#\/schema\/person\/2b1cf3cd81a31e3cd26889ca66d677f1\"},\"headline\":\"Comp\u00e9tition entre L&rsquo;\u00c9gypte et le Congo pour la Pr\u00e9sidence de L&rsquo;Unesco\",\"datePublished\":\"2025-11-01T11:44:28+00:00\",\"dateModified\":\"2025-11-01T12:28:55+00:00\",\"mainEntityOfPage\":{\"@id\":\"https:\/\/www.africa-press.net\/congo-brazzaville\/politique\/competition-entre-legypte-et-le-congo-pour-la-presidence-de-lunesco\"},\"wordCount\":920,\"commentCount\":0,\"image\":{\"@id\":\"https:\/\/www.africa-press.net\/congo-brazzaville\/politique\/competition-entre-legypte-et-le-congo-pour-la-presidence-de-lunesco#primaryimage\"},\"thumbnailUrl\":\"https:\/\/static.africa-press.net\/congo-brazzaville\/sites\/51\/2025\/11\/sm_1761999699.861038.jpg\",\"keywords\":[\"candidacy\",\"Congo Brazzaville\",\"Egypt\",\"Elections\",\"unesco\"],\"articleSection\":[\"Culture et Art\",\"Dossiers\",\"Politique\",\"to-homepage\",\"Top Nouvelles\",\"Toutes les actualit\u00e9s\"],\"inLanguage\":\"fr-FR\",\"potentialAction\":[{\"@type\":\"CommentAction\",\"name\":\"Comment\",\"target\":[\"https:\/\/www.africa-press.net\/congo-brazzaville\/politique\/competition-entre-legypte-et-le-congo-pour-la-presidence-de-lunesco#respond\"]}]},{\"@type\":\"WebPage\",\"@id\":\"https:\/\/www.africa-press.net\/congo-brazzaville\/politique\/competition-entre-legypte-et-le-congo-pour-la-presidence-de-lunesco\",\"url\":\"https:\/\/www.africa-press.net\/congo-brazzaville\/politique\/competition-entre-legypte-et-le-congo-pour-la-presidence-de-lunesco\",\"name\":\"Comp\u00e9tition entre L'\u00c9gypte et le Congo pour la Pr\u00e9sidence de L'Unesco - Congo Brazzaville\",\"isPartOf\":{\"@id\":\"https:\/\/www.africa-press.net\/congo-brazzaville\/#website\"},\"primaryImageOfPage\":{\"@id\":\"https:\/\/www.africa-press.net\/congo-brazzaville\/politique\/competition-entre-legypte-et-le-congo-pour-la-presidence-de-lunesco#primaryimage\"},\"image\":{\"@id\":\"https:\/\/www.africa-press.net\/congo-brazzaville\/politique\/competition-entre-legypte-et-le-congo-pour-la-presidence-de-lunesco#primaryimage\"},\"thumbnailUrl\":\"https:\/\/static.africa-press.net\/congo-brazzaville\/sites\/51\/2025\/11\/sm_1761999699.861038.jpg\",\"datePublished\":\"2025-11-01T11:44:28+00:00\",\"dateModified\":\"2025-11-01T12:28:55+00:00\",\"author\":{\"@id\":\"https:\/\/www.africa-press.net\/congo-brazzaville\/#\/schema\/person\/2b1cf3cd81a31e3cd26889ca66d677f1\"},\"description\":\"La course \u00e0 la pr\u00e9sidence de l\u2019UNESCO entre le Congo et l\u2019\u00c9gypte s\u2019acc\u00e9l\u00e8re \u00e0 l\u2019approche du vote de novembre.\",\"breadcrumb\":{\"@id\":\"https:\/\/www.africa-press.net\/congo-brazzaville\/politique\/competition-entre-legypte-et-le-congo-pour-la-presidence-de-lunesco#breadcrumb\"},\"inLanguage\":\"fr-FR\",\"potentialAction\":[{\"@type\":\"ReadAction\",\"target\":[\"https:\/\/www.africa-press.net\/congo-brazzaville\/politique\/competition-entre-legypte-et-le-congo-pour-la-presidence-de-lunesco\"]}]},{\"@type\":\"ImageObject\",\"inLanguage\":\"fr-FR\",\"@id\":\"https:\/\/www.africa-press.net\/congo-brazzaville\/politique\/competition-entre-legypte-et-le-congo-pour-la-presidence-de-lunesco#primaryimage\",\"url\":\"https:\/\/static.africa-press.net\/congo-brazzaville\/sites\/51\/2025\/11\/sm_1761999699.861038.jpg\",\"contentUrl\":\"https:\/\/static.africa-press.net\/congo-brazzaville\/sites\/51\/2025\/11\/sm_1761999699.861038.jpg\",\"width\":1728,\"height\":1152,\"caption\":\"Comp\u00e9tition entre L'\u00c9gypte et le Congo pour la Pr\u00e9sidence de L'Unesco\"},{\"@type\":\"BreadcrumbList\",\"@id\":\"https:\/\/www.africa-press.net\/congo-brazzaville\/politique\/competition-entre-legypte-et-le-congo-pour-la-presidence-de-lunesco#breadcrumb\",\"itemListElement\":[{\"@type\":\"ListItem\",\"position\":1,\"name\":\"Accueil\",\"item\":\"https:\/\/www.africa-press.net\/congo-brazzaville\/\"},{\"@type\":\"ListItem\",\"position\":2,\"name\":\"Comp\u00e9tition entre L&#8217;\u00c9gypte et le Congo pour la Pr\u00e9sidence de L&#8217;Unesco\"}]},{\"@type\":\"WebSite\",\"@id\":\"https:\/\/www.africa-press.net\/congo-brazzaville\/#website\",\"url\":\"https:\/\/www.africa-press.net\/congo-brazzaville\/\",\"name\":\"Congo Brazzaville\",\"description\":\"Just another Africa News Agency Sites site\",\"potentialAction\":[{\"@type\":\"SearchAction\",\"target\":{\"@type\":\"EntryPoint\",\"urlTemplate\":\"https:\/\/www.africa-press.net\/congo-brazzaville\/?s={search_term_string}\"},\"query-input\":{\"@type\":\"PropertyValueSpecification\",\"valueRequired\":true,\"valueName\":\"search_term_string\"}}],\"inLanguage\":\"fr-FR\"},{\"@type\":\"Person\",\"@id\":\"https:\/\/www.africa-press.net\/congo-brazzaville\/#\/schema\/person\/2b1cf3cd81a31e3cd26889ca66d677f1\",\"name\":\"cfeditorfr\"}]}<\/script>\n<!-- \/ Yoast SEO Premium plugin. -->","yoast_head_json":{"title":"Comp\u00e9tition entre L'\u00c9gypte et le Congo pour la Pr\u00e9sidence de L'Unesco - Congo Brazzaville","description":"La course \u00e0 la pr\u00e9sidence de l\u2019UNESCO entre le Congo et l\u2019\u00c9gypte s\u2019acc\u00e9l\u00e8re \u00e0 l\u2019approche du vote de novembre.","robots":{"index":"index","follow":"follow","max-snippet":"max-snippet:-1","max-image-preview":"max-image-preview:large","max-video-preview":"max-video-preview:-1"},"canonical":"https:\/\/www.africa-press.net\/congo-brazzaville\/politique\/competition-entre-legypte-et-le-congo-pour-la-presidence-de-lunesco","og_locale":"fr_FR","og_type":"article","og_title":"Comp\u00e9tition entre L'\u00c9gypte et le Congo pour la Pr\u00e9sidence de L'Unesco","og_description":"La course \u00e0 la pr\u00e9sidence de l\u2019UNESCO entre le Congo et l\u2019\u00c9gypte s\u2019acc\u00e9l\u00e8re \u00e0 l\u2019approche du vote de novembre.","og_url":"https:\/\/www.africa-press.net\/congo-brazzaville\/politique\/competition-entre-legypte-et-le-congo-pour-la-presidence-de-lunesco","og_site_name":"Congo Brazzaville","article_published_time":"2025-11-01T11:44:28+00:00","article_modified_time":"2025-11-01T12:28:55+00:00","og_image":[{"width":1728,"height":1152,"url":"https:\/\/static.africa-press.net\/congo-brazzaville\/sites\/51\/2025\/11\/sm_1761999699.861038.jpg","type":"image\/jpeg"}],"author":"cfeditorfr","twitter_card":"summary_large_image","twitter_misc":{"\u00c9crit par":"cfeditorfr","Dur\u00e9e de lecture estim\u00e9e":"5 minutes"},"schema":{"@context":"https:\/\/schema.org","@graph":[{"@type":"Article","@id":"https:\/\/www.africa-press.net\/congo-brazzaville\/politique\/competition-entre-legypte-et-le-congo-pour-la-presidence-de-lunesco#article","isPartOf":{"@id":"https:\/\/www.africa-press.net\/congo-brazzaville\/politique\/competition-entre-legypte-et-le-congo-pour-la-presidence-de-lunesco"},"author":{"name":"cfeditorfr","@id":"https:\/\/www.africa-press.net\/congo-brazzaville\/#\/schema\/person\/2b1cf3cd81a31e3cd26889ca66d677f1"},"headline":"Comp\u00e9tition entre L&rsquo;\u00c9gypte et le Congo pour la Pr\u00e9sidence de L&rsquo;Unesco","datePublished":"2025-11-01T11:44:28+00:00","dateModified":"2025-11-01T12:28:55+00:00","mainEntityOfPage":{"@id":"https:\/\/www.africa-press.net\/congo-brazzaville\/politique\/competition-entre-legypte-et-le-congo-pour-la-presidence-de-lunesco"},"wordCount":920,"commentCount":0,"image":{"@id":"https:\/\/www.africa-press.net\/congo-brazzaville\/politique\/competition-entre-legypte-et-le-congo-pour-la-presidence-de-lunesco#primaryimage"},"thumbnailUrl":"https:\/\/static.africa-press.net\/congo-brazzaville\/sites\/51\/2025\/11\/sm_1761999699.861038.jpg","keywords":["candidacy","Congo Brazzaville","Egypt","Elections","unesco"],"articleSection":["Culture et Art","Dossiers","Politique","to-homepage","Top Nouvelles","Toutes les actualit\u00e9s"],"inLanguage":"fr-FR","potentialAction":[{"@type":"CommentAction","name":"Comment","target":["https:\/\/www.africa-press.net\/congo-brazzaville\/politique\/competition-entre-legypte-et-le-congo-pour-la-presidence-de-lunesco#respond"]}]},{"@type":"WebPage","@id":"https:\/\/www.africa-press.net\/congo-brazzaville\/politique\/competition-entre-legypte-et-le-congo-pour-la-presidence-de-lunesco","url":"https:\/\/www.africa-press.net\/congo-brazzaville\/politique\/competition-entre-legypte-et-le-congo-pour-la-presidence-de-lunesco","name":"Comp\u00e9tition entre L'\u00c9gypte et le Congo pour la Pr\u00e9sidence de L'Unesco - Congo Brazzaville","isPartOf":{"@id":"https:\/\/www.africa-press.net\/congo-brazzaville\/#website"},"primaryImageOfPage":{"@id":"https:\/\/www.africa-press.net\/congo-brazzaville\/politique\/competition-entre-legypte-et-le-congo-pour-la-presidence-de-lunesco#primaryimage"},"image":{"@id":"https:\/\/www.africa-press.net\/congo-brazzaville\/politique\/competition-entre-legypte-et-le-congo-pour-la-presidence-de-lunesco#primaryimage"},"thumbnailUrl":"https:\/\/static.africa-press.net\/congo-brazzaville\/sites\/51\/2025\/11\/sm_1761999699.861038.jpg","datePublished":"2025-11-01T11:44:28+00:00","dateModified":"2025-11-01T12:28:55+00:00","author":{"@id":"https:\/\/www.africa-press.net\/congo-brazzaville\/#\/schema\/person\/2b1cf3cd81a31e3cd26889ca66d677f1"},"description":"La course \u00e0 la pr\u00e9sidence de l\u2019UNESCO entre le Congo et l\u2019\u00c9gypte s\u2019acc\u00e9l\u00e8re \u00e0 l\u2019approche du vote de novembre.","breadcrumb":{"@id":"https:\/\/www.africa-press.net\/congo-brazzaville\/politique\/competition-entre-legypte-et-le-congo-pour-la-presidence-de-lunesco#breadcrumb"},"inLanguage":"fr-FR","potentialAction":[{"@type":"ReadAction","target":["https:\/\/www.africa-press.net\/congo-brazzaville\/politique\/competition-entre-legypte-et-le-congo-pour-la-presidence-de-lunesco"]}]},{"@type":"ImageObject","inLanguage":"fr-FR","@id":"https:\/\/www.africa-press.net\/congo-brazzaville\/politique\/competition-entre-legypte-et-le-congo-pour-la-presidence-de-lunesco#primaryimage","url":"https:\/\/static.africa-press.net\/congo-brazzaville\/sites\/51\/2025\/11\/sm_1761999699.861038.jpg","contentUrl":"https:\/\/static.africa-press.net\/congo-brazzaville\/sites\/51\/2025\/11\/sm_1761999699.861038.jpg","width":1728,"height":1152,"caption":"Comp\u00e9tition entre L'\u00c9gypte et le Congo pour la Pr\u00e9sidence de L'Unesco"},{"@type":"BreadcrumbList","@id":"https:\/\/www.africa-press.net\/congo-brazzaville\/politique\/competition-entre-legypte-et-le-congo-pour-la-presidence-de-lunesco#breadcrumb","itemListElement":[{"@type":"ListItem","position":1,"name":"Accueil","item":"https:\/\/www.africa-press.net\/congo-brazzaville\/"},{"@type":"ListItem","position":2,"name":"Comp\u00e9tition entre L&#8217;\u00c9gypte et le Congo pour la Pr\u00e9sidence de L&#8217;Unesco"}]},{"@type":"WebSite","@id":"https:\/\/www.africa-press.net\/congo-brazzaville\/#website","url":"https:\/\/www.africa-press.net\/congo-brazzaville\/","name":"Congo Brazzaville","description":"Just another Africa News Agency Sites site","potentialAction":[{"@type":"SearchAction","target":{"@type":"EntryPoint","urlTemplate":"https:\/\/www.africa-press.net\/congo-brazzaville\/?s={search_term_string}"},"query-input":{"@type":"PropertyValueSpecification","valueRequired":true,"valueName":"search_term_string"}}],"inLanguage":"fr-FR"},{"@type":"Person","@id":"https:\/\/www.africa-press.net\/congo-brazzaville\/#\/schema\/person\/2b1cf3cd81a31e3cd26889ca66d677f1","name":"cfeditorfr"}]}},"_links":{"self":[{"href":"https:\/\/www.africa-press.net\/congo-brazzaville\/wp-json\/wp\/v2\/posts\/51690","targetHints":{"allow":["GET"]}}],"collection":[{"href":"https:\/\/www.africa-press.net\/congo-brazzaville\/wp-json\/wp\/v2\/posts"}],"about":[{"href":"https:\/\/www.africa-press.net\/congo-brazzaville\/wp-json\/wp\/v2\/types\/post"}],"author":[{"embeddable":true,"href":"https:\/\/www.africa-press.net\/congo-brazzaville\/wp-json\/wp\/v2\/users\/82"}],"replies":[{"embeddable":true,"href":"https:\/\/www.africa-press.net\/congo-brazzaville\/wp-json\/wp\/v2\/comments?post=51690"}],"version-history":[{"count":0,"href":"https:\/\/www.africa-press.net\/congo-brazzaville\/wp-json\/wp\/v2\/posts\/51690\/revisions"}],"wp:featuredmedia":[{"embeddable":true,"href":"https:\/\/www.africa-press.net\/congo-brazzaville\/wp-json\/wp\/v2\/media\/51689"}],"wp:attachment":[{"href":"https:\/\/www.africa-press.net\/congo-brazzaville\/wp-json\/wp\/v2\/media?parent=51690"}],"wp:term":[{"taxonomy":"category","embeddable":true,"href":"https:\/\/www.africa-press.net\/congo-brazzaville\/wp-json\/wp\/v2\/categories?post=51690"},{"taxonomy":"post_tag","embeddable":true,"href":"https:\/\/www.africa-press.net\/congo-brazzaville\/wp-json\/wp\/v2\/tags?post=51690"}],"curies":[{"name":"wp","href":"https:\/\/api.w.org\/{rel}","templated":true}]}}