{"id":53302,"date":"2026-01-22T18:10:12","date_gmt":"2026-01-22T18:10:12","guid":{"rendered":"https:\/\/www.africa-press.net\/congo-brazzaville\/politique\/marche-plateau-ville-vide-malgre-inauguration-decembre"},"modified":"2026-01-22T18:44:02","modified_gmt":"2026-01-22T18:44:02","slug":"marche-plateau-ville-vide-malgre-inauguration-decembre","status":"publish","type":"post","link":"https:\/\/www.africa-press.net\/congo-brazzaville\/economie\/marche-plateau-ville-vide-malgre-inauguration-decembre","title":{"rendered":"March\u00e9 Plateau Ville Vide Malgr\u00e9 Inauguration D\u00e9cembre"},"content":{"rendered":"<p><span class=\"ap-article-header-tag\"> <strong>Africa-Press &#8211; Congo Brazzaville. <\/strong> <\/span><b>Situe\u0301 dans le 2e\u0300me arrondissement Bacongo a\u0300 Brazzaville, le marche\u0301 plateau ville a e\u0301te\u0301 inaugure\u0301 le 30 de\u0301cembre dernier par le directeur de cabinet du ministre en charge de l\u2019agriculture. Malgre\u0301 la relance des activite\u0301s dans cet espace commercial, force est de constater que les tables sont encore vides et les commerc\u0327ants cense\u0301s occuper ces tables vendent aux alentours du marche\u0301.<\/b><\/p>\n<p>Occupant autrefois les tables du marche\u0301 plateau ville, les vendeurs et vendeuses se sont vus e\u0302tre expulse\u0301s en raison des travaux de re\u0301habilitation de ce marche\u0301, inscrit dans le cadre du Projet d\u2019appui a\u0300 la relance du secteur agricole (PARSA).<\/p>\n<p>Apre\u0300s la fin des travaux, le marche\u0301 plateau ville a e\u0301te\u0301 inaugure\u0301 le 30 de\u0301cembre dernier par le directeur de cabinet du ministre en charge de l\u2019agriculture en pre\u0301sence de quelques autres autorite\u0301s locales. Malgre\u0301 cette ce\u0301re\u0301monie d\u2019inauguration, qui a constitue\u0301 la relance officielle des activite\u0301s dans ce marche\u0301, ces vendeurs continuent a\u0300 vendre aux alentours de cette zone. Une situation qui suscite e\u0301norme\u0301ment de questions.<\/p>\n<p>Nombreux parmi ces commerc\u0327ants ignorent les raisons pour lesquelles ce marche\u0301 n\u2019est pas encore ope\u0301rationnel. D\u2019autres par contre e\u0301mettent un avis contraire re\u0301ve\u0301lant que cet ordre a e\u0301te\u0301 arre\u0302te\u0301 par la mairie centrale qui compte faire une re\u0301partition des tables avant l\u2019installation de ces derniers. &gt;, a te\u0301moigne\u0301 une vendeuse.<\/p>\n<p>Le marche\u0301 plateau ville a e\u0301te\u0301 re\u0301ame\u0301nage\u0301 pour offrir de meilleures conditions de vente aux vendeurs et vendeuses, il serait donc judicieux de le rendre accessible pour permettre a\u0300 ces commerc\u0327ants et commerc\u0327antes d\u2019exercer leurs activite\u0301s commerciales en toute quie\u0301tude.<\/p>\n<p class=\"ap-article-footer-note\">Retrouvez plus d\u2019actualit\u00e9s et d\u2019analyses sur <span class=\"ap-highlight-country\">Congo Brazzaville<\/span> sur le site <span class=\"ap-highlight-brand\">Africa Press<\/span><\/p>\n","protected":false},"excerpt":{"rendered":"<p>Africa-Press &#8211; Congo Brazzaville. Situe\u0301 dans le 2e\u0300me arrondissement Bacongo a\u0300 Brazzaville, le marche\u0301 plateau ville a e\u0301te\u0301 inaugure\u0301 le 30 de\u0301cembre dernier par le directeur de cabinet du ministre en charge de l\u2019agriculture. Malgre\u0301 la relance des activite\u0301s dans cet espace commercial, force est de constater que les tables sont encore vides et les [&hellip;]<\/p>\n","protected":false},"author":82,"featured_media":53301,"comment_status":"open","ping_status":"closed","sticky":false,"template":"","format":"standard","meta":{"footnotes":""},"categories":[21,3,10],"tags":[46],"class_list":["post-53302","post","type-post","status-publish","format-standard","has-post-thumbnail","hentry","category-communaute","category-economie","category-toutes-les-actualites","tag-congo-brazzaville"],"yoast_head":"<!-- This site is optimized with the Yoast SEO Premium plugin v26.1 (Yoast SEO v27.0) - https:\/\/yoast.com\/product\/yoast-seo-premium-wordpress\/ -->\n<title>March\u00e9 Plateau Ville Vide Malgr\u00e9 Inauguration D\u00e9cembre - Congo Brazzaville<\/title>\n<meta name=\"description\" content=\"-article-header-tag&quot;&gt; Africa-Press - Congo Brazzaville. Situe\u0301 dans le 2e\u0300 ...\" \/>\n<meta name=\"robots\" content=\"index, follow, max-snippet:-1, max-image-preview:large, max-video-preview:-1\" \/>\n<link rel=\"canonical\" href=\"https:\/\/www.africa-press.net\/congo-brazzaville\/economie\/marche-plateau-ville-vide-malgre-inauguration-decembre\" \/>\n<meta property=\"og:locale\" content=\"fr_FR\" \/>\n<meta property=\"og:type\" content=\"article\" \/>\n<meta property=\"og:title\" content=\"March\u00e9 Plateau Ville Vide Malgr\u00e9 Inauguration D\u00e9cembre\" \/>\n<meta property=\"og:description\" content=\"-article-header-tag&quot;&gt; Africa-Press - Congo Brazzaville. Situe\u0301 dans le 2e\u0300 ...\" \/>\n<meta property=\"og:url\" content=\"https:\/\/www.africa-press.net\/congo-brazzaville\/economie\/marche-plateau-ville-vide-malgre-inauguration-decembre\" \/>\n<meta property=\"og:site_name\" content=\"Congo Brazzaville\" \/>\n<meta property=\"article:published_time\" content=\"2026-01-22T18:10:12+00:00\" \/>\n<meta property=\"article:modified_time\" content=\"2026-01-22T18:44:02+00:00\" \/>\n<meta property=\"og:image\" content=\"https:\/\/static.africa-press.net\/congo-brazzaville\/sites\/51\/2026\/01\/sm_1769107069.319882.jpg\" \/>\n\t<meta property=\"og:image:width\" content=\"770\" \/>\n\t<meta property=\"og:image:height\" content=\"470\" \/>\n\t<meta property=\"og:image:type\" content=\"image\/jpeg\" \/>\n<meta name=\"author\" content=\"cfeditorfr\" \/>\n<meta name=\"twitter:card\" content=\"summary_large_image\" \/>\n<meta name=\"twitter:label1\" content=\"\u00c9crit par\" \/>\n\t<meta name=\"twitter:data1\" content=\"cfeditorfr\" \/>\n\t<meta name=\"twitter:label2\" content=\"Dur\u00e9e de lecture estim\u00e9e\" \/>\n\t<meta name=\"twitter:data2\" content=\"2 minutes\" \/>\n<script type=\"application\/ld+json\" class=\"yoast-schema-graph\">{\"@context\":\"https:\/\/schema.org\",\"@graph\":[{\"@type\":\"Article\",\"@id\":\"https:\/\/www.africa-press.net\/congo-brazzaville\/economie\/marche-plateau-ville-vide-malgre-inauguration-decembre#article\",\"isPartOf\":{\"@id\":\"https:\/\/www.africa-press.net\/congo-brazzaville\/economie\/marche-plateau-ville-vide-malgre-inauguration-decembre\"},\"author\":{\"name\":\"cfeditorfr\",\"@id\":\"https:\/\/www.africa-press.net\/congo-brazzaville\/#\/schema\/person\/2b1cf3cd81a31e3cd26889ca66d677f1\"},\"headline\":\"March\u00e9 Plateau Ville Vide Malgr\u00e9 Inauguration D\u00e9cembre\",\"datePublished\":\"2026-01-22T18:10:12+00:00\",\"dateModified\":\"2026-01-22T18:44:02+00:00\",\"mainEntityOfPage\":{\"@id\":\"https:\/\/www.africa-press.net\/congo-brazzaville\/economie\/marche-plateau-ville-vide-malgre-inauguration-decembre\"},\"wordCount\":326,\"commentCount\":0,\"image\":{\"@id\":\"https:\/\/www.africa-press.net\/congo-brazzaville\/economie\/marche-plateau-ville-vide-malgre-inauguration-decembre#primaryimage\"},\"thumbnailUrl\":\"https:\/\/static.africa-press.net\/congo-brazzaville\/sites\/51\/2026\/01\/sm_1769107069.319882.jpg\",\"keywords\":[\"Congo Brazzaville\"],\"articleSection\":[\"Communaut\u00e9\",\"\u00c9conomie\",\"Toutes les actualit\u00e9s\"],\"inLanguage\":\"fr-FR\",\"potentialAction\":[{\"@type\":\"CommentAction\",\"name\":\"Comment\",\"target\":[\"https:\/\/www.africa-press.net\/congo-brazzaville\/economie\/marche-plateau-ville-vide-malgre-inauguration-decembre#respond\"]}]},{\"@type\":\"WebPage\",\"@id\":\"https:\/\/www.africa-press.net\/congo-brazzaville\/economie\/marche-plateau-ville-vide-malgre-inauguration-decembre\",\"url\":\"https:\/\/www.africa-press.net\/congo-brazzaville\/economie\/marche-plateau-ville-vide-malgre-inauguration-decembre\",\"name\":\"March\u00e9 Plateau Ville Vide Malgr\u00e9 Inauguration D\u00e9cembre - Congo Brazzaville\",\"isPartOf\":{\"@id\":\"https:\/\/www.africa-press.net\/congo-brazzaville\/#website\"},\"primaryImageOfPage\":{\"@id\":\"https:\/\/www.africa-press.net\/congo-brazzaville\/economie\/marche-plateau-ville-vide-malgre-inauguration-decembre#primaryimage\"},\"image\":{\"@id\":\"https:\/\/www.africa-press.net\/congo-brazzaville\/economie\/marche-plateau-ville-vide-malgre-inauguration-decembre#primaryimage\"},\"thumbnailUrl\":\"https:\/\/static.africa-press.net\/congo-brazzaville\/sites\/51\/2026\/01\/sm_1769107069.319882.jpg\",\"datePublished\":\"2026-01-22T18:10:12+00:00\",\"dateModified\":\"2026-01-22T18:44:02+00:00\",\"author\":{\"@id\":\"https:\/\/www.africa-press.net\/congo-brazzaville\/#\/schema\/person\/2b1cf3cd81a31e3cd26889ca66d677f1\"},\"description\":\"-article-header-tag\\\"> Africa-Press - Congo Brazzaville. Situe\u0301 dans le 2e\u0300 ...\",\"breadcrumb\":{\"@id\":\"https:\/\/www.africa-press.net\/congo-brazzaville\/economie\/marche-plateau-ville-vide-malgre-inauguration-decembre#breadcrumb\"},\"inLanguage\":\"fr-FR\",\"potentialAction\":[{\"@type\":\"ReadAction\",\"target\":[\"https:\/\/www.africa-press.net\/congo-brazzaville\/economie\/marche-plateau-ville-vide-malgre-inauguration-decembre\"]}]},{\"@type\":\"ImageObject\",\"inLanguage\":\"fr-FR\",\"@id\":\"https:\/\/www.africa-press.net\/congo-brazzaville\/economie\/marche-plateau-ville-vide-malgre-inauguration-decembre#primaryimage\",\"url\":\"https:\/\/static.africa-press.net\/congo-brazzaville\/sites\/51\/2026\/01\/sm_1769107069.319882.jpg\",\"contentUrl\":\"https:\/\/static.africa-press.net\/congo-brazzaville\/sites\/51\/2026\/01\/sm_1769107069.319882.jpg\",\"width\":770,\"height\":470,\"caption\":\"March\u00e9 Plateau Ville Vide Malgr\u00e9 Inauguration D\u00e9cembre\"},{\"@type\":\"BreadcrumbList\",\"@id\":\"https:\/\/www.africa-press.net\/congo-brazzaville\/economie\/marche-plateau-ville-vide-malgre-inauguration-decembre#breadcrumb\",\"itemListElement\":[{\"@type\":\"ListItem\",\"position\":1,\"name\":\"Accueil\",\"item\":\"https:\/\/www.africa-press.net\/congo-brazzaville\/\"},{\"@type\":\"ListItem\",\"position\":2,\"name\":\"March\u00e9 Plateau Ville Vide Malgr\u00e9 Inauguration D\u00e9cembre\"}]},{\"@type\":\"WebSite\",\"@id\":\"https:\/\/www.africa-press.net\/congo-brazzaville\/#website\",\"url\":\"https:\/\/www.africa-press.net\/congo-brazzaville\/\",\"name\":\"Congo Brazzaville\",\"description\":\"Just another Africa News Agency Sites site\",\"potentialAction\":[{\"@type\":\"SearchAction\",\"target\":{\"@type\":\"EntryPoint\",\"urlTemplate\":\"https:\/\/www.africa-press.net\/congo-brazzaville\/?s={search_term_string}\"},\"query-input\":{\"@type\":\"PropertyValueSpecification\",\"valueRequired\":true,\"valueName\":\"search_term_string\"}}],\"inLanguage\":\"fr-FR\"},{\"@type\":\"Person\",\"@id\":\"https:\/\/www.africa-press.net\/congo-brazzaville\/#\/schema\/person\/2b1cf3cd81a31e3cd26889ca66d677f1\",\"name\":\"cfeditorfr\"}]}<\/script>\n<!-- \/ Yoast SEO Premium plugin. -->","yoast_head_json":{"title":"March\u00e9 Plateau Ville Vide Malgr\u00e9 Inauguration D\u00e9cembre - Congo Brazzaville","description":"-article-header-tag\"> Africa-Press - Congo Brazzaville. Situe\u0301 dans le 2e\u0300 ...","robots":{"index":"index","follow":"follow","max-snippet":"max-snippet:-1","max-image-preview":"max-image-preview:large","max-video-preview":"max-video-preview:-1"},"canonical":"https:\/\/www.africa-press.net\/congo-brazzaville\/economie\/marche-plateau-ville-vide-malgre-inauguration-decembre","og_locale":"fr_FR","og_type":"article","og_title":"March\u00e9 Plateau Ville Vide Malgr\u00e9 Inauguration D\u00e9cembre","og_description":"-article-header-tag\"> Africa-Press - Congo Brazzaville. Situe\u0301 dans le 2e\u0300 ...","og_url":"https:\/\/www.africa-press.net\/congo-brazzaville\/economie\/marche-plateau-ville-vide-malgre-inauguration-decembre","og_site_name":"Congo Brazzaville","article_published_time":"2026-01-22T18:10:12+00:00","article_modified_time":"2026-01-22T18:44:02+00:00","og_image":[{"width":770,"height":470,"url":"https:\/\/static.africa-press.net\/congo-brazzaville\/sites\/51\/2026\/01\/sm_1769107069.319882.jpg","type":"image\/jpeg"}],"author":"cfeditorfr","twitter_card":"summary_large_image","twitter_misc":{"\u00c9crit par":"cfeditorfr","Dur\u00e9e de lecture estim\u00e9e":"2 minutes"},"schema":{"@context":"https:\/\/schema.org","@graph":[{"@type":"Article","@id":"https:\/\/www.africa-press.net\/congo-brazzaville\/economie\/marche-plateau-ville-vide-malgre-inauguration-decembre#article","isPartOf":{"@id":"https:\/\/www.africa-press.net\/congo-brazzaville\/economie\/marche-plateau-ville-vide-malgre-inauguration-decembre"},"author":{"name":"cfeditorfr","@id":"https:\/\/www.africa-press.net\/congo-brazzaville\/#\/schema\/person\/2b1cf3cd81a31e3cd26889ca66d677f1"},"headline":"March\u00e9 Plateau Ville Vide Malgr\u00e9 Inauguration D\u00e9cembre","datePublished":"2026-01-22T18:10:12+00:00","dateModified":"2026-01-22T18:44:02+00:00","mainEntityOfPage":{"@id":"https:\/\/www.africa-press.net\/congo-brazzaville\/economie\/marche-plateau-ville-vide-malgre-inauguration-decembre"},"wordCount":326,"commentCount":0,"image":{"@id":"https:\/\/www.africa-press.net\/congo-brazzaville\/economie\/marche-plateau-ville-vide-malgre-inauguration-decembre#primaryimage"},"thumbnailUrl":"https:\/\/static.africa-press.net\/congo-brazzaville\/sites\/51\/2026\/01\/sm_1769107069.319882.jpg","keywords":["Congo Brazzaville"],"articleSection":["Communaut\u00e9","\u00c9conomie","Toutes les actualit\u00e9s"],"inLanguage":"fr-FR","potentialAction":[{"@type":"CommentAction","name":"Comment","target":["https:\/\/www.africa-press.net\/congo-brazzaville\/economie\/marche-plateau-ville-vide-malgre-inauguration-decembre#respond"]}]},{"@type":"WebPage","@id":"https:\/\/www.africa-press.net\/congo-brazzaville\/economie\/marche-plateau-ville-vide-malgre-inauguration-decembre","url":"https:\/\/www.africa-press.net\/congo-brazzaville\/economie\/marche-plateau-ville-vide-malgre-inauguration-decembre","name":"March\u00e9 Plateau Ville Vide Malgr\u00e9 Inauguration D\u00e9cembre - Congo Brazzaville","isPartOf":{"@id":"https:\/\/www.africa-press.net\/congo-brazzaville\/#website"},"primaryImageOfPage":{"@id":"https:\/\/www.africa-press.net\/congo-brazzaville\/economie\/marche-plateau-ville-vide-malgre-inauguration-decembre#primaryimage"},"image":{"@id":"https:\/\/www.africa-press.net\/congo-brazzaville\/economie\/marche-plateau-ville-vide-malgre-inauguration-decembre#primaryimage"},"thumbnailUrl":"https:\/\/static.africa-press.net\/congo-brazzaville\/sites\/51\/2026\/01\/sm_1769107069.319882.jpg","datePublished":"2026-01-22T18:10:12+00:00","dateModified":"2026-01-22T18:44:02+00:00","author":{"@id":"https:\/\/www.africa-press.net\/congo-brazzaville\/#\/schema\/person\/2b1cf3cd81a31e3cd26889ca66d677f1"},"description":"-article-header-tag\"> Africa-Press - Congo Brazzaville. Situe\u0301 dans le 2e\u0300 ...","breadcrumb":{"@id":"https:\/\/www.africa-press.net\/congo-brazzaville\/economie\/marche-plateau-ville-vide-malgre-inauguration-decembre#breadcrumb"},"inLanguage":"fr-FR","potentialAction":[{"@type":"ReadAction","target":["https:\/\/www.africa-press.net\/congo-brazzaville\/economie\/marche-plateau-ville-vide-malgre-inauguration-decembre"]}]},{"@type":"ImageObject","inLanguage":"fr-FR","@id":"https:\/\/www.africa-press.net\/congo-brazzaville\/economie\/marche-plateau-ville-vide-malgre-inauguration-decembre#primaryimage","url":"https:\/\/static.africa-press.net\/congo-brazzaville\/sites\/51\/2026\/01\/sm_1769107069.319882.jpg","contentUrl":"https:\/\/static.africa-press.net\/congo-brazzaville\/sites\/51\/2026\/01\/sm_1769107069.319882.jpg","width":770,"height":470,"caption":"March\u00e9 Plateau Ville Vide Malgr\u00e9 Inauguration D\u00e9cembre"},{"@type":"BreadcrumbList","@id":"https:\/\/www.africa-press.net\/congo-brazzaville\/economie\/marche-plateau-ville-vide-malgre-inauguration-decembre#breadcrumb","itemListElement":[{"@type":"ListItem","position":1,"name":"Accueil","item":"https:\/\/www.africa-press.net\/congo-brazzaville\/"},{"@type":"ListItem","position":2,"name":"March\u00e9 Plateau Ville Vide Malgr\u00e9 Inauguration D\u00e9cembre"}]},{"@type":"WebSite","@id":"https:\/\/www.africa-press.net\/congo-brazzaville\/#website","url":"https:\/\/www.africa-press.net\/congo-brazzaville\/","name":"Congo Brazzaville","description":"Just another Africa News Agency Sites site","potentialAction":[{"@type":"SearchAction","target":{"@type":"EntryPoint","urlTemplate":"https:\/\/www.africa-press.net\/congo-brazzaville\/?s={search_term_string}"},"query-input":{"@type":"PropertyValueSpecification","valueRequired":true,"valueName":"search_term_string"}}],"inLanguage":"fr-FR"},{"@type":"Person","@id":"https:\/\/www.africa-press.net\/congo-brazzaville\/#\/schema\/person\/2b1cf3cd81a31e3cd26889ca66d677f1","name":"cfeditorfr"}]}},"_links":{"self":[{"href":"https:\/\/www.africa-press.net\/congo-brazzaville\/wp-json\/wp\/v2\/posts\/53302","targetHints":{"allow":["GET"]}}],"collection":[{"href":"https:\/\/www.africa-press.net\/congo-brazzaville\/wp-json\/wp\/v2\/posts"}],"about":[{"href":"https:\/\/www.africa-press.net\/congo-brazzaville\/wp-json\/wp\/v2\/types\/post"}],"author":[{"embeddable":true,"href":"https:\/\/www.africa-press.net\/congo-brazzaville\/wp-json\/wp\/v2\/users\/82"}],"replies":[{"embeddable":true,"href":"https:\/\/www.africa-press.net\/congo-brazzaville\/wp-json\/wp\/v2\/comments?post=53302"}],"version-history":[{"count":0,"href":"https:\/\/www.africa-press.net\/congo-brazzaville\/wp-json\/wp\/v2\/posts\/53302\/revisions"}],"wp:featuredmedia":[{"embeddable":true,"href":"https:\/\/www.africa-press.net\/congo-brazzaville\/wp-json\/wp\/v2\/media\/53301"}],"wp:attachment":[{"href":"https:\/\/www.africa-press.net\/congo-brazzaville\/wp-json\/wp\/v2\/media?parent=53302"}],"wp:term":[{"taxonomy":"category","embeddable":true,"href":"https:\/\/www.africa-press.net\/congo-brazzaville\/wp-json\/wp\/v2\/categories?post=53302"},{"taxonomy":"post_tag","embeddable":true,"href":"https:\/\/www.africa-press.net\/congo-brazzaville\/wp-json\/wp\/v2\/tags?post=53302"}],"curies":[{"name":"wp","href":"https:\/\/api.w.org\/{rel}","templated":true}]}}