{"id":53355,"date":"2026-01-24T19:18:44","date_gmt":"2026-01-24T19:18:44","guid":{"rendered":"https:\/\/www.africa-press.net\/congo-brazzaville\/politique\/bureau-politique-du-pct-examine-programme-2026"},"modified":"2026-01-24T19:55:22","modified_gmt":"2026-01-24T19:55:22","slug":"bureau-politique-du-pct-examine-programme-2026","status":"publish","type":"post","link":"https:\/\/www.africa-press.net\/congo-brazzaville\/politique\/bureau-politique-du-pct-examine-programme-2026","title":{"rendered":"Bureau Politique Du PCT Examine Programme 2026"},"content":{"rendered":"<p><span class=\"ap-article-header-tag\"> <strong>Africa-Press &#8211; Congo Brazzaville. <\/strong> <\/span><b>Le secre\u0301taire ge\u0301ne\u0301ral du parti congolais du travail, Pierre Moussa a indique\u0301 le 24 janvier a\u0300 Brazzaville que la re\u0301union inaugurale du bureau politique issu du 6e\u0300me Congre\u0300s ordinaire, visait a\u0300 renouveler l\u2019orientation strate\u0301gique du parti a\u0300 ses instances dirigeantes et adopter les documents strate\u0301giques pour l\u2019anne\u0301e 2026, marque\u0301e par l\u2019e\u0301lection pre\u0301sidentielle en mars prochain.<\/b><\/p>\n<p>\u00ab La pre\u0301sente re\u0301union inaugurale du bureau politique constitue un moment fondateur qui participe de la traduction ope\u0301rationnelle des orientations apporte\u0301es par le 6e\u0300me Congre\u0300s ordinaire. Ces travaux seront axe\u0301s sur l\u2019examen des documents de porte\u0301e majeure, le programme du Parti, le plan d\u2019action pluriannuel du Comite\u0301 central, le programme d\u2019activite\u0301 du Comite\u0301 central pour l\u2019anne\u0301e 2026. Ce programme inte\u0300gre les aspirations des populations, les exigences du de\u0301veloppement durable, les impe\u0301ratifs de justice sociale, de solidarite\u0301 nationale et de souverainete\u0301 \u00bb, a de\u0301clare\u0301 le Secre\u0301taire ge\u0301ne\u0301ral du parti congolais du travail Pierre Moussa, lors de l\u2019ouverture des assises de la re\u0301union inaugurale.<\/p>\n<p>\u00ab Le plan d\u2019action pluriannuel doit permettre en partie de traduire cette vision en un champ concret, structure\u0301, programme\u0301, dans le temps, avec des objectifs clairs. Quant au programme d\u2019activite\u0301 2026, il devra assurer la vie interne normale et dynamique du Parti, pre\u0301parer le Parti a\u0300 participer a\u0300 l\u2019e\u0301lection pre\u0301sidentielle a\u0300 l\u2019anne\u0301e, mais aussi relever les de\u0301fis e\u0301conomiques et sociaux qui marqueront l\u2019anne\u0301e \u00bb, a-t-il Poursuivi.<\/p>\n<p>Il a par ailleurs martele\u0301 sur le contexte politique national qui est actuellement marque\u0301 par la pre\u0301paration de l\u2019e\u0301lection pre\u0301sidentielle de mars 2026.<\/p>\n<p>\u00ab Cette e\u0301che\u0301ance constitue pour notre pays un moment crucial de la vie de\u0301mocratique. Il appartient de\u0301sormais au bureau politique, en tant qu\u2019organe du Parti, de cre\u0301er les conditions organisationnelles et militantes ne\u0301cessaires pour accompagner cette mobilisation totale de nos forces dans l\u2019unite\u0301, la discipline. L\u2019enjeu pour notre Parti et notre champ est tout simplement existentiel, la victoire de candidat a\u0300 l\u2019e\u0301lection pre\u0301sidentielle \u00bb, a dit le secre\u0301taire ge\u0301ne\u0301ral du PCT Pierre Moussa<\/p>\n<p>Le porte-parole du parti Congolais du travail Parfait Iloki, a rappelle que les de\u0301cisions du congre\u0300s sont supe\u0301rieurs a\u0300 toutes les instances du parti, donc la candidature du camarade Denis Sassou -Nguesso est obligatoire \u00ab le parti congolais du travail est pre\u0302t pour la pre\u0301sidentielle de mars 2026, donc aucun membre ne peut remettre en doutes cette de\u0301cision et le choix porte\u0301 sur notre candidat. Travaillons pour remporter cette victoire \u00bb a-t-il dit.<\/p>\n<p class=\"ap-article-footer-note\">Retrouvez plus d\u2019actualit\u00e9s et d\u2019analyses sur <span class=\"ap-highlight-country\">Congo Brazzaville<\/span> sur le site <span class=\"ap-highlight-brand\">Africa Press<\/span><\/p>\n","protected":false},"excerpt":{"rendered":"<p>Africa-Press &#8211; Congo Brazzaville. Le secre\u0301taire ge\u0301ne\u0301ral du parti congolais du travail, Pierre Moussa a indique\u0301 le 24 janvier a\u0300 Brazzaville que la re\u0301union inaugurale du bureau politique issu du 6e\u0300me Congre\u0300s ordinaire, visait a\u0300 renouveler l\u2019orientation strate\u0301gique du parti a\u0300 ses instances dirigeantes et adopter les documents strate\u0301giques pour l\u2019anne\u0301e 2026, marque\u0301e par l\u2019e\u0301lection [&hellip;]<\/p>\n","protected":false},"author":82,"featured_media":53354,"comment_status":"open","ping_status":"closed","sticky":false,"template":"","format":"standard","meta":{"footnotes":""},"categories":[4,2,20,10],"tags":[46],"class_list":["post-53355","post","type-post","status-publish","format-standard","has-post-thumbnail","hentry","category-parties","category-politique","category-top-nouvelles","category-toutes-les-actualites","tag-congo-brazzaville"],"yoast_head":"<!-- This site is optimized with the Yoast SEO Premium plugin v26.1 (Yoast SEO v27.0) - https:\/\/yoast.com\/product\/yoast-seo-premium-wordpress\/ -->\n<title>Bureau Politique Du PCT Examine Programme 2026 - Congo Brazzaville<\/title>\n<meta name=\"description\" content=\"-article-header-tag&quot;&gt; Africa-Press - Congo Brazzaville. Le secre\u0301taire ge\u0301 ...\" \/>\n<meta name=\"robots\" content=\"index, follow, max-snippet:-1, max-image-preview:large, max-video-preview:-1\" \/>\n<link rel=\"canonical\" href=\"https:\/\/www.africa-press.net\/congo-brazzaville\/politique\/bureau-politique-du-pct-examine-programme-2026\" \/>\n<meta property=\"og:locale\" content=\"fr_FR\" \/>\n<meta property=\"og:type\" content=\"article\" \/>\n<meta property=\"og:title\" content=\"Bureau Politique Du PCT Examine Programme 2026\" \/>\n<meta property=\"og:description\" content=\"-article-header-tag&quot;&gt; Africa-Press - Congo Brazzaville. Le secre\u0301taire ge\u0301 ...\" \/>\n<meta property=\"og:url\" content=\"https:\/\/www.africa-press.net\/congo-brazzaville\/politique\/bureau-politique-du-pct-examine-programme-2026\" \/>\n<meta property=\"og:site_name\" content=\"Congo Brazzaville\" \/>\n<meta property=\"article:published_time\" content=\"2026-01-24T19:18:44+00:00\" \/>\n<meta property=\"article:modified_time\" content=\"2026-01-24T19:55:22+00:00\" \/>\n<meta property=\"og:image\" content=\"https:\/\/static.africa-press.net\/congo-brazzaville\/sites\/51\/2026\/01\/sm_1769284109.515428.jpg\" \/>\n\t<meta property=\"og:image:width\" content=\"770\" \/>\n\t<meta property=\"og:image:height\" content=\"470\" \/>\n\t<meta property=\"og:image:type\" content=\"image\/jpeg\" \/>\n<meta name=\"author\" content=\"cfeditorfr\" \/>\n<meta name=\"twitter:card\" content=\"summary_large_image\" \/>\n<meta name=\"twitter:label1\" content=\"\u00c9crit par\" \/>\n\t<meta name=\"twitter:data1\" content=\"cfeditorfr\" \/>\n\t<meta name=\"twitter:label2\" content=\"Dur\u00e9e de lecture estim\u00e9e\" \/>\n\t<meta name=\"twitter:data2\" content=\"3 minutes\" \/>\n<script type=\"application\/ld+json\" class=\"yoast-schema-graph\">{\"@context\":\"https:\/\/schema.org\",\"@graph\":[{\"@type\":\"Article\",\"@id\":\"https:\/\/www.africa-press.net\/congo-brazzaville\/politique\/bureau-politique-du-pct-examine-programme-2026#article\",\"isPartOf\":{\"@id\":\"https:\/\/www.africa-press.net\/congo-brazzaville\/politique\/bureau-politique-du-pct-examine-programme-2026\"},\"author\":{\"name\":\"cfeditorfr\",\"@id\":\"https:\/\/www.africa-press.net\/congo-brazzaville\/#\/schema\/person\/2b1cf3cd81a31e3cd26889ca66d677f1\"},\"headline\":\"Bureau Politique Du PCT Examine Programme 2026\",\"datePublished\":\"2026-01-24T19:18:44+00:00\",\"dateModified\":\"2026-01-24T19:55:22+00:00\",\"mainEntityOfPage\":{\"@id\":\"https:\/\/www.africa-press.net\/congo-brazzaville\/politique\/bureau-politique-du-pct-examine-programme-2026\"},\"wordCount\":478,\"commentCount\":0,\"image\":{\"@id\":\"https:\/\/www.africa-press.net\/congo-brazzaville\/politique\/bureau-politique-du-pct-examine-programme-2026#primaryimage\"},\"thumbnailUrl\":\"https:\/\/static.africa-press.net\/congo-brazzaville\/sites\/51\/2026\/01\/sm_1769284109.515428.jpg\",\"keywords\":[\"Congo Brazzaville\"],\"articleSection\":[\"Parties\",\"Politique\",\"Top Nouvelles\",\"Toutes les actualit\u00e9s\"],\"inLanguage\":\"fr-FR\",\"potentialAction\":[{\"@type\":\"CommentAction\",\"name\":\"Comment\",\"target\":[\"https:\/\/www.africa-press.net\/congo-brazzaville\/politique\/bureau-politique-du-pct-examine-programme-2026#respond\"]}]},{\"@type\":\"WebPage\",\"@id\":\"https:\/\/www.africa-press.net\/congo-brazzaville\/politique\/bureau-politique-du-pct-examine-programme-2026\",\"url\":\"https:\/\/www.africa-press.net\/congo-brazzaville\/politique\/bureau-politique-du-pct-examine-programme-2026\",\"name\":\"Bureau Politique Du PCT Examine Programme 2026 - Congo Brazzaville\",\"isPartOf\":{\"@id\":\"https:\/\/www.africa-press.net\/congo-brazzaville\/#website\"},\"primaryImageOfPage\":{\"@id\":\"https:\/\/www.africa-press.net\/congo-brazzaville\/politique\/bureau-politique-du-pct-examine-programme-2026#primaryimage\"},\"image\":{\"@id\":\"https:\/\/www.africa-press.net\/congo-brazzaville\/politique\/bureau-politique-du-pct-examine-programme-2026#primaryimage\"},\"thumbnailUrl\":\"https:\/\/static.africa-press.net\/congo-brazzaville\/sites\/51\/2026\/01\/sm_1769284109.515428.jpg\",\"datePublished\":\"2026-01-24T19:18:44+00:00\",\"dateModified\":\"2026-01-24T19:55:22+00:00\",\"author\":{\"@id\":\"https:\/\/www.africa-press.net\/congo-brazzaville\/#\/schema\/person\/2b1cf3cd81a31e3cd26889ca66d677f1\"},\"description\":\"-article-header-tag\\\"> Africa-Press - Congo Brazzaville. Le secre\u0301taire ge\u0301 ...\",\"breadcrumb\":{\"@id\":\"https:\/\/www.africa-press.net\/congo-brazzaville\/politique\/bureau-politique-du-pct-examine-programme-2026#breadcrumb\"},\"inLanguage\":\"fr-FR\",\"potentialAction\":[{\"@type\":\"ReadAction\",\"target\":[\"https:\/\/www.africa-press.net\/congo-brazzaville\/politique\/bureau-politique-du-pct-examine-programme-2026\"]}]},{\"@type\":\"ImageObject\",\"inLanguage\":\"fr-FR\",\"@id\":\"https:\/\/www.africa-press.net\/congo-brazzaville\/politique\/bureau-politique-du-pct-examine-programme-2026#primaryimage\",\"url\":\"https:\/\/static.africa-press.net\/congo-brazzaville\/sites\/51\/2026\/01\/sm_1769284109.515428.jpg\",\"contentUrl\":\"https:\/\/static.africa-press.net\/congo-brazzaville\/sites\/51\/2026\/01\/sm_1769284109.515428.jpg\",\"width\":770,\"height\":470,\"caption\":\"Bureau Politique Du PCT Examine Programme 2026\"},{\"@type\":\"BreadcrumbList\",\"@id\":\"https:\/\/www.africa-press.net\/congo-brazzaville\/politique\/bureau-politique-du-pct-examine-programme-2026#breadcrumb\",\"itemListElement\":[{\"@type\":\"ListItem\",\"position\":1,\"name\":\"Accueil\",\"item\":\"https:\/\/www.africa-press.net\/congo-brazzaville\/\"},{\"@type\":\"ListItem\",\"position\":2,\"name\":\"Bureau Politique Du PCT Examine Programme 2026\"}]},{\"@type\":\"WebSite\",\"@id\":\"https:\/\/www.africa-press.net\/congo-brazzaville\/#website\",\"url\":\"https:\/\/www.africa-press.net\/congo-brazzaville\/\",\"name\":\"Congo Brazzaville\",\"description\":\"Just another Africa News Agency Sites site\",\"potentialAction\":[{\"@type\":\"SearchAction\",\"target\":{\"@type\":\"EntryPoint\",\"urlTemplate\":\"https:\/\/www.africa-press.net\/congo-brazzaville\/?s={search_term_string}\"},\"query-input\":{\"@type\":\"PropertyValueSpecification\",\"valueRequired\":true,\"valueName\":\"search_term_string\"}}],\"inLanguage\":\"fr-FR\"},{\"@type\":\"Person\",\"@id\":\"https:\/\/www.africa-press.net\/congo-brazzaville\/#\/schema\/person\/2b1cf3cd81a31e3cd26889ca66d677f1\",\"name\":\"cfeditorfr\"}]}<\/script>\n<!-- \/ Yoast SEO Premium plugin. -->","yoast_head_json":{"title":"Bureau Politique Du PCT Examine Programme 2026 - Congo Brazzaville","description":"-article-header-tag\"> Africa-Press - Congo Brazzaville. Le secre\u0301taire ge\u0301 ...","robots":{"index":"index","follow":"follow","max-snippet":"max-snippet:-1","max-image-preview":"max-image-preview:large","max-video-preview":"max-video-preview:-1"},"canonical":"https:\/\/www.africa-press.net\/congo-brazzaville\/politique\/bureau-politique-du-pct-examine-programme-2026","og_locale":"fr_FR","og_type":"article","og_title":"Bureau Politique Du PCT Examine Programme 2026","og_description":"-article-header-tag\"> Africa-Press - Congo Brazzaville. Le secre\u0301taire ge\u0301 ...","og_url":"https:\/\/www.africa-press.net\/congo-brazzaville\/politique\/bureau-politique-du-pct-examine-programme-2026","og_site_name":"Congo Brazzaville","article_published_time":"2026-01-24T19:18:44+00:00","article_modified_time":"2026-01-24T19:55:22+00:00","og_image":[{"width":770,"height":470,"url":"https:\/\/static.africa-press.net\/congo-brazzaville\/sites\/51\/2026\/01\/sm_1769284109.515428.jpg","type":"image\/jpeg"}],"author":"cfeditorfr","twitter_card":"summary_large_image","twitter_misc":{"\u00c9crit par":"cfeditorfr","Dur\u00e9e de lecture estim\u00e9e":"3 minutes"},"schema":{"@context":"https:\/\/schema.org","@graph":[{"@type":"Article","@id":"https:\/\/www.africa-press.net\/congo-brazzaville\/politique\/bureau-politique-du-pct-examine-programme-2026#article","isPartOf":{"@id":"https:\/\/www.africa-press.net\/congo-brazzaville\/politique\/bureau-politique-du-pct-examine-programme-2026"},"author":{"name":"cfeditorfr","@id":"https:\/\/www.africa-press.net\/congo-brazzaville\/#\/schema\/person\/2b1cf3cd81a31e3cd26889ca66d677f1"},"headline":"Bureau Politique Du PCT Examine Programme 2026","datePublished":"2026-01-24T19:18:44+00:00","dateModified":"2026-01-24T19:55:22+00:00","mainEntityOfPage":{"@id":"https:\/\/www.africa-press.net\/congo-brazzaville\/politique\/bureau-politique-du-pct-examine-programme-2026"},"wordCount":478,"commentCount":0,"image":{"@id":"https:\/\/www.africa-press.net\/congo-brazzaville\/politique\/bureau-politique-du-pct-examine-programme-2026#primaryimage"},"thumbnailUrl":"https:\/\/static.africa-press.net\/congo-brazzaville\/sites\/51\/2026\/01\/sm_1769284109.515428.jpg","keywords":["Congo Brazzaville"],"articleSection":["Parties","Politique","Top Nouvelles","Toutes les actualit\u00e9s"],"inLanguage":"fr-FR","potentialAction":[{"@type":"CommentAction","name":"Comment","target":["https:\/\/www.africa-press.net\/congo-brazzaville\/politique\/bureau-politique-du-pct-examine-programme-2026#respond"]}]},{"@type":"WebPage","@id":"https:\/\/www.africa-press.net\/congo-brazzaville\/politique\/bureau-politique-du-pct-examine-programme-2026","url":"https:\/\/www.africa-press.net\/congo-brazzaville\/politique\/bureau-politique-du-pct-examine-programme-2026","name":"Bureau Politique Du PCT Examine Programme 2026 - Congo Brazzaville","isPartOf":{"@id":"https:\/\/www.africa-press.net\/congo-brazzaville\/#website"},"primaryImageOfPage":{"@id":"https:\/\/www.africa-press.net\/congo-brazzaville\/politique\/bureau-politique-du-pct-examine-programme-2026#primaryimage"},"image":{"@id":"https:\/\/www.africa-press.net\/congo-brazzaville\/politique\/bureau-politique-du-pct-examine-programme-2026#primaryimage"},"thumbnailUrl":"https:\/\/static.africa-press.net\/congo-brazzaville\/sites\/51\/2026\/01\/sm_1769284109.515428.jpg","datePublished":"2026-01-24T19:18:44+00:00","dateModified":"2026-01-24T19:55:22+00:00","author":{"@id":"https:\/\/www.africa-press.net\/congo-brazzaville\/#\/schema\/person\/2b1cf3cd81a31e3cd26889ca66d677f1"},"description":"-article-header-tag\"> Africa-Press - Congo Brazzaville. Le secre\u0301taire ge\u0301 ...","breadcrumb":{"@id":"https:\/\/www.africa-press.net\/congo-brazzaville\/politique\/bureau-politique-du-pct-examine-programme-2026#breadcrumb"},"inLanguage":"fr-FR","potentialAction":[{"@type":"ReadAction","target":["https:\/\/www.africa-press.net\/congo-brazzaville\/politique\/bureau-politique-du-pct-examine-programme-2026"]}]},{"@type":"ImageObject","inLanguage":"fr-FR","@id":"https:\/\/www.africa-press.net\/congo-brazzaville\/politique\/bureau-politique-du-pct-examine-programme-2026#primaryimage","url":"https:\/\/static.africa-press.net\/congo-brazzaville\/sites\/51\/2026\/01\/sm_1769284109.515428.jpg","contentUrl":"https:\/\/static.africa-press.net\/congo-brazzaville\/sites\/51\/2026\/01\/sm_1769284109.515428.jpg","width":770,"height":470,"caption":"Bureau Politique Du PCT Examine Programme 2026"},{"@type":"BreadcrumbList","@id":"https:\/\/www.africa-press.net\/congo-brazzaville\/politique\/bureau-politique-du-pct-examine-programme-2026#breadcrumb","itemListElement":[{"@type":"ListItem","position":1,"name":"Accueil","item":"https:\/\/www.africa-press.net\/congo-brazzaville\/"},{"@type":"ListItem","position":2,"name":"Bureau Politique Du PCT Examine Programme 2026"}]},{"@type":"WebSite","@id":"https:\/\/www.africa-press.net\/congo-brazzaville\/#website","url":"https:\/\/www.africa-press.net\/congo-brazzaville\/","name":"Congo Brazzaville","description":"Just another Africa News Agency Sites site","potentialAction":[{"@type":"SearchAction","target":{"@type":"EntryPoint","urlTemplate":"https:\/\/www.africa-press.net\/congo-brazzaville\/?s={search_term_string}"},"query-input":{"@type":"PropertyValueSpecification","valueRequired":true,"valueName":"search_term_string"}}],"inLanguage":"fr-FR"},{"@type":"Person","@id":"https:\/\/www.africa-press.net\/congo-brazzaville\/#\/schema\/person\/2b1cf3cd81a31e3cd26889ca66d677f1","name":"cfeditorfr"}]}},"_links":{"self":[{"href":"https:\/\/www.africa-press.net\/congo-brazzaville\/wp-json\/wp\/v2\/posts\/53355","targetHints":{"allow":["GET"]}}],"collection":[{"href":"https:\/\/www.africa-press.net\/congo-brazzaville\/wp-json\/wp\/v2\/posts"}],"about":[{"href":"https:\/\/www.africa-press.net\/congo-brazzaville\/wp-json\/wp\/v2\/types\/post"}],"author":[{"embeddable":true,"href":"https:\/\/www.africa-press.net\/congo-brazzaville\/wp-json\/wp\/v2\/users\/82"}],"replies":[{"embeddable":true,"href":"https:\/\/www.africa-press.net\/congo-brazzaville\/wp-json\/wp\/v2\/comments?post=53355"}],"version-history":[{"count":0,"href":"https:\/\/www.africa-press.net\/congo-brazzaville\/wp-json\/wp\/v2\/posts\/53355\/revisions"}],"wp:featuredmedia":[{"embeddable":true,"href":"https:\/\/www.africa-press.net\/congo-brazzaville\/wp-json\/wp\/v2\/media\/53354"}],"wp:attachment":[{"href":"https:\/\/www.africa-press.net\/congo-brazzaville\/wp-json\/wp\/v2\/media?parent=53355"}],"wp:term":[{"taxonomy":"category","embeddable":true,"href":"https:\/\/www.africa-press.net\/congo-brazzaville\/wp-json\/wp\/v2\/categories?post=53355"},{"taxonomy":"post_tag","embeddable":true,"href":"https:\/\/www.africa-press.net\/congo-brazzaville\/wp-json\/wp\/v2\/tags?post=53355"}],"curies":[{"name":"wp","href":"https:\/\/api.w.org\/{rel}","templated":true}]}}