{"id":54316,"date":"2026-03-13T21:04:22","date_gmt":"2026-03-13T21:04:22","guid":{"rendered":"https:\/\/www.africa-press.net\/congo-brazzaville\/politique\/engagement-du-chef-de-letat-pour-la-chapelle-dewo"},"modified":"2026-03-13T22:15:33","modified_gmt":"2026-03-13T22:15:33","slug":"engagement-du-chef-de-letat-pour-la-chapelle-dewo","status":"publish","type":"post","link":"https:\/\/www.africa-press.net\/congo-brazzaville\/politique\/engagement-du-chef-de-letat-pour-la-chapelle-dewo","title":{"rendered":"Engagement du Chef de l&rsquo;\u00c9tat pour la Chapelle d&rsquo;Ewo"},"content":{"rendered":"<p><span class=\"ap-article-header-tag\"> <strong>Africa-Press &#8211; Congo Brazzaville. <\/strong> <\/span><b>Le Conseiller du Pre\u0301sident de la Re\u0301publique, Re\u0301my Ayayos Ikounga, a re\u0301ve\u0301le\u0301 le 10 mars a\u0300 Brazzaville que l\u2019e\u0301change avec l\u2019archeve\u0302que d\u2019Owando, Monseigneur Armel Ge\u0301lase Kema, visait a\u0300 annoncer la construction imminente de la chapelle d\u2019Ewo, dans le de\u0301partement de la Cuvette-Ouest, une construction est soutenue et finance\u0301e par le Chef de l\u2019E\u0301tat.<\/b><\/p>\n<p>\u00ab Suite aux dole\u0301ances des pre\u0302tres, de tous les ouvriers apostoliques et des fide\u0300les de la paroisse Saint Jean-Marie Vianney, avait introduit a\u0300 la haute attention du Pre\u0301sident de la Re\u0301publique une demande de construction d\u2019une chapelle dans cette paroisse. Le Pre\u0301sident a accorde\u0301 un vif inte\u0301re\u0302t a\u0300 cette reque\u0302te et a ordonne\u0301 imme\u0301diatement le commencement des travaux dans les meilleurs de\u0301lais. Je suis donc venu porter ce merveilleux message pour notre E\u0301glise en ge\u0301ne\u0301ral. Je me permets de vous dire succinctement qu\u2019en tant que bienfaiteur de l\u2019E\u0301glise, notre Pre\u0301sident de la Re\u0301publique finance personnellement les travaux \u00bb, a de\u0301clare\u0301, Re\u0301my Ayayos Ikounga, lors des e\u0301changes avec Monseigneur l\u2019archeve\u0302que du dioce\u0300se d\u2019Owando.<\/p>\n<p>J\u2019avais respectueusement sollicite\u0301 une audience aupre\u0300s de Monseigneur l\u2019archeve\u0302que du dioce\u0300se d\u2019Owando afin de lui faire part d\u2019une tre\u0300s heureuse nouvelle pour l\u2019E\u0301glise catholique installe\u0301e sous sa juridiction, a-t-il pre\u0301cise\u0301.<\/p>\n<p>Au nom de tous les paroissiens d\u2019Ewo, Monseigneur l\u2019archeve\u0302que du dioce\u0300se d\u2019Owando a remercie\u0301 le Pre\u0301sident de la Re\u0301publique pour ce don utile aux fide\u0300les de la localite\u0301 d\u2019Ewo, qui pourront de\u0301sormais communier dans de meilleures conditions.<\/p>\n<p class=\"ap-article-footer-note\">Retrouvez plus d\u2019actualit\u00e9s et d\u2019analyses sur <span class=\"ap-highlight-country\">Congo Brazzaville<\/span> sur le site <span class=\"ap-highlight-brand\">Africa Press<\/span><\/p>\n","protected":false},"excerpt":{"rendered":"<p>Africa-Press &#8211; Congo Brazzaville. Le Conseiller du Pre\u0301sident de la Re\u0301publique, Re\u0301my Ayayos Ikounga, a re\u0301ve\u0301le\u0301 le 10 mars a\u0300 Brazzaville que l\u2019e\u0301change avec l\u2019archeve\u0302que d\u2019Owando, Monseigneur Armel Ge\u0301lase Kema, visait a\u0300 annoncer la construction imminente de la chapelle d\u2019Ewo, dans le de\u0301partement de la Cuvette-Ouest, une construction est soutenue et finance\u0301e par le Chef [&hellip;]<\/p>\n","protected":false},"author":82,"featured_media":54315,"comment_status":"open","ping_status":"closed","sticky":false,"template":"","format":"standard","meta":{"footnotes":""},"categories":[2,10],"tags":[46],"class_list":["post-54316","post","type-post","status-publish","format-standard","has-post-thumbnail","hentry","category-politique","category-toutes-les-actualites","tag-congo-brazzaville"],"yoast_head":"<!-- This site is optimized with the Yoast SEO Premium plugin v26.1 (Yoast SEO v27.0) - https:\/\/yoast.com\/product\/yoast-seo-premium-wordpress\/ -->\n<title>Engagement du Chef de l&#039;\u00c9tat pour la Chapelle d&#039;Ewo - Congo Brazzaville<\/title>\n<meta name=\"description\" content=\"-article-header-tag&quot;&gt; Africa-Press - Congo Brazzaville. Le Conseiller du P ...\" \/>\n<meta name=\"robots\" content=\"index, follow, max-snippet:-1, max-image-preview:large, max-video-preview:-1\" \/>\n<link rel=\"canonical\" href=\"https:\/\/www.africa-press.net\/congo-brazzaville\/politique\/engagement-du-chef-de-letat-pour-la-chapelle-dewo\" \/>\n<meta property=\"og:locale\" content=\"fr_FR\" \/>\n<meta property=\"og:type\" content=\"article\" \/>\n<meta property=\"og:title\" content=\"Engagement du Chef de l&#039;\u00c9tat pour la Chapelle d&#039;Ewo\" \/>\n<meta property=\"og:description\" content=\"-article-header-tag&quot;&gt; Africa-Press - Congo Brazzaville. Le Conseiller du P ...\" \/>\n<meta property=\"og:url\" content=\"https:\/\/www.africa-press.net\/congo-brazzaville\/politique\/engagement-du-chef-de-letat-pour-la-chapelle-dewo\" \/>\n<meta property=\"og:site_name\" content=\"Congo Brazzaville\" \/>\n<meta property=\"article:published_time\" content=\"2026-03-13T21:04:22+00:00\" \/>\n<meta property=\"article:modified_time\" content=\"2026-03-13T22:15:33+00:00\" \/>\n<meta property=\"og:image\" content=\"https:\/\/static.africa-press.net\/congo-brazzaville\/sites\/51\/2026\/03\/sm_1773439137.094111.jpg\" \/>\n\t<meta property=\"og:image:width\" content=\"770\" \/>\n\t<meta property=\"og:image:height\" content=\"470\" \/>\n\t<meta property=\"og:image:type\" content=\"image\/jpeg\" \/>\n<meta name=\"author\" content=\"cfeditorfr\" \/>\n<meta name=\"twitter:card\" content=\"summary_large_image\" \/>\n<meta name=\"twitter:label1\" content=\"\u00c9crit par\" \/>\n\t<meta name=\"twitter:data1\" content=\"cfeditorfr\" \/>\n\t<meta name=\"twitter:label2\" content=\"Dur\u00e9e de lecture estim\u00e9e\" \/>\n\t<meta name=\"twitter:data2\" content=\"2 minutes\" \/>\n<script type=\"application\/ld+json\" class=\"yoast-schema-graph\">{\"@context\":\"https:\/\/schema.org\",\"@graph\":[{\"@type\":\"Article\",\"@id\":\"https:\/\/www.africa-press.net\/congo-brazzaville\/politique\/engagement-du-chef-de-letat-pour-la-chapelle-dewo#article\",\"isPartOf\":{\"@id\":\"https:\/\/www.africa-press.net\/congo-brazzaville\/politique\/engagement-du-chef-de-letat-pour-la-chapelle-dewo\"},\"author\":{\"name\":\"cfeditorfr\",\"@id\":\"https:\/\/www.africa-press.net\/congo-brazzaville\/#\/schema\/person\/2b1cf3cd81a31e3cd26889ca66d677f1\"},\"headline\":\"Engagement du Chef de l&rsquo;\u00c9tat pour la Chapelle d&rsquo;Ewo\",\"datePublished\":\"2026-03-13T21:04:22+00:00\",\"dateModified\":\"2026-03-13T22:15:33+00:00\",\"mainEntityOfPage\":{\"@id\":\"https:\/\/www.africa-press.net\/congo-brazzaville\/politique\/engagement-du-chef-de-letat-pour-la-chapelle-dewo\"},\"wordCount\":325,\"commentCount\":0,\"image\":{\"@id\":\"https:\/\/www.africa-press.net\/congo-brazzaville\/politique\/engagement-du-chef-de-letat-pour-la-chapelle-dewo#primaryimage\"},\"thumbnailUrl\":\"https:\/\/static.africa-press.net\/congo-brazzaville\/sites\/51\/2026\/03\/sm_1773439137.094111.jpg\",\"keywords\":[\"Congo Brazzaville\"],\"articleSection\":[\"Politique\",\"Toutes les actualit\u00e9s\"],\"inLanguage\":\"fr-FR\",\"potentialAction\":[{\"@type\":\"CommentAction\",\"name\":\"Comment\",\"target\":[\"https:\/\/www.africa-press.net\/congo-brazzaville\/politique\/engagement-du-chef-de-letat-pour-la-chapelle-dewo#respond\"]}]},{\"@type\":\"WebPage\",\"@id\":\"https:\/\/www.africa-press.net\/congo-brazzaville\/politique\/engagement-du-chef-de-letat-pour-la-chapelle-dewo\",\"url\":\"https:\/\/www.africa-press.net\/congo-brazzaville\/politique\/engagement-du-chef-de-letat-pour-la-chapelle-dewo\",\"name\":\"Engagement du Chef de l'\u00c9tat pour la Chapelle d'Ewo - Congo Brazzaville\",\"isPartOf\":{\"@id\":\"https:\/\/www.africa-press.net\/congo-brazzaville\/#website\"},\"primaryImageOfPage\":{\"@id\":\"https:\/\/www.africa-press.net\/congo-brazzaville\/politique\/engagement-du-chef-de-letat-pour-la-chapelle-dewo#primaryimage\"},\"image\":{\"@id\":\"https:\/\/www.africa-press.net\/congo-brazzaville\/politique\/engagement-du-chef-de-letat-pour-la-chapelle-dewo#primaryimage\"},\"thumbnailUrl\":\"https:\/\/static.africa-press.net\/congo-brazzaville\/sites\/51\/2026\/03\/sm_1773439137.094111.jpg\",\"datePublished\":\"2026-03-13T21:04:22+00:00\",\"dateModified\":\"2026-03-13T22:15:33+00:00\",\"author\":{\"@id\":\"https:\/\/www.africa-press.net\/congo-brazzaville\/#\/schema\/person\/2b1cf3cd81a31e3cd26889ca66d677f1\"},\"description\":\"-article-header-tag\\\"> Africa-Press - Congo Brazzaville. Le Conseiller du P ...\",\"breadcrumb\":{\"@id\":\"https:\/\/www.africa-press.net\/congo-brazzaville\/politique\/engagement-du-chef-de-letat-pour-la-chapelle-dewo#breadcrumb\"},\"inLanguage\":\"fr-FR\",\"potentialAction\":[{\"@type\":\"ReadAction\",\"target\":[\"https:\/\/www.africa-press.net\/congo-brazzaville\/politique\/engagement-du-chef-de-letat-pour-la-chapelle-dewo\"]}]},{\"@type\":\"ImageObject\",\"inLanguage\":\"fr-FR\",\"@id\":\"https:\/\/www.africa-press.net\/congo-brazzaville\/politique\/engagement-du-chef-de-letat-pour-la-chapelle-dewo#primaryimage\",\"url\":\"https:\/\/static.africa-press.net\/congo-brazzaville\/sites\/51\/2026\/03\/sm_1773439137.094111.jpg\",\"contentUrl\":\"https:\/\/static.africa-press.net\/congo-brazzaville\/sites\/51\/2026\/03\/sm_1773439137.094111.jpg\",\"width\":770,\"height\":470,\"caption\":\"Engagement du Chef de l'\u00c9tat pour la Chapelle d'Ewo\"},{\"@type\":\"BreadcrumbList\",\"@id\":\"https:\/\/www.africa-press.net\/congo-brazzaville\/politique\/engagement-du-chef-de-letat-pour-la-chapelle-dewo#breadcrumb\",\"itemListElement\":[{\"@type\":\"ListItem\",\"position\":1,\"name\":\"Accueil\",\"item\":\"https:\/\/www.africa-press.net\/congo-brazzaville\/\"},{\"@type\":\"ListItem\",\"position\":2,\"name\":\"Engagement du Chef de l&#8217;\u00c9tat pour la Chapelle d&#8217;Ewo\"}]},{\"@type\":\"WebSite\",\"@id\":\"https:\/\/www.africa-press.net\/congo-brazzaville\/#website\",\"url\":\"https:\/\/www.africa-press.net\/congo-brazzaville\/\",\"name\":\"Congo Brazzaville\",\"description\":\"Just another Africa News Agency Sites site\",\"potentialAction\":[{\"@type\":\"SearchAction\",\"target\":{\"@type\":\"EntryPoint\",\"urlTemplate\":\"https:\/\/www.africa-press.net\/congo-brazzaville\/?s={search_term_string}\"},\"query-input\":{\"@type\":\"PropertyValueSpecification\",\"valueRequired\":true,\"valueName\":\"search_term_string\"}}],\"inLanguage\":\"fr-FR\"},{\"@type\":\"Person\",\"@id\":\"https:\/\/www.africa-press.net\/congo-brazzaville\/#\/schema\/person\/2b1cf3cd81a31e3cd26889ca66d677f1\",\"name\":\"cfeditorfr\"}]}<\/script>\n<!-- \/ Yoast SEO Premium plugin. -->","yoast_head_json":{"title":"Engagement du Chef de l'\u00c9tat pour la Chapelle d'Ewo - Congo Brazzaville","description":"-article-header-tag\"> Africa-Press - Congo Brazzaville. Le Conseiller du P ...","robots":{"index":"index","follow":"follow","max-snippet":"max-snippet:-1","max-image-preview":"max-image-preview:large","max-video-preview":"max-video-preview:-1"},"canonical":"https:\/\/www.africa-press.net\/congo-brazzaville\/politique\/engagement-du-chef-de-letat-pour-la-chapelle-dewo","og_locale":"fr_FR","og_type":"article","og_title":"Engagement du Chef de l'\u00c9tat pour la Chapelle d'Ewo","og_description":"-article-header-tag\"> Africa-Press - Congo Brazzaville. Le Conseiller du P ...","og_url":"https:\/\/www.africa-press.net\/congo-brazzaville\/politique\/engagement-du-chef-de-letat-pour-la-chapelle-dewo","og_site_name":"Congo Brazzaville","article_published_time":"2026-03-13T21:04:22+00:00","article_modified_time":"2026-03-13T22:15:33+00:00","og_image":[{"width":770,"height":470,"url":"https:\/\/static.africa-press.net\/congo-brazzaville\/sites\/51\/2026\/03\/sm_1773439137.094111.jpg","type":"image\/jpeg"}],"author":"cfeditorfr","twitter_card":"summary_large_image","twitter_misc":{"\u00c9crit par":"cfeditorfr","Dur\u00e9e de lecture estim\u00e9e":"2 minutes"},"schema":{"@context":"https:\/\/schema.org","@graph":[{"@type":"Article","@id":"https:\/\/www.africa-press.net\/congo-brazzaville\/politique\/engagement-du-chef-de-letat-pour-la-chapelle-dewo#article","isPartOf":{"@id":"https:\/\/www.africa-press.net\/congo-brazzaville\/politique\/engagement-du-chef-de-letat-pour-la-chapelle-dewo"},"author":{"name":"cfeditorfr","@id":"https:\/\/www.africa-press.net\/congo-brazzaville\/#\/schema\/person\/2b1cf3cd81a31e3cd26889ca66d677f1"},"headline":"Engagement du Chef de l&rsquo;\u00c9tat pour la Chapelle d&rsquo;Ewo","datePublished":"2026-03-13T21:04:22+00:00","dateModified":"2026-03-13T22:15:33+00:00","mainEntityOfPage":{"@id":"https:\/\/www.africa-press.net\/congo-brazzaville\/politique\/engagement-du-chef-de-letat-pour-la-chapelle-dewo"},"wordCount":325,"commentCount":0,"image":{"@id":"https:\/\/www.africa-press.net\/congo-brazzaville\/politique\/engagement-du-chef-de-letat-pour-la-chapelle-dewo#primaryimage"},"thumbnailUrl":"https:\/\/static.africa-press.net\/congo-brazzaville\/sites\/51\/2026\/03\/sm_1773439137.094111.jpg","keywords":["Congo Brazzaville"],"articleSection":["Politique","Toutes les actualit\u00e9s"],"inLanguage":"fr-FR","potentialAction":[{"@type":"CommentAction","name":"Comment","target":["https:\/\/www.africa-press.net\/congo-brazzaville\/politique\/engagement-du-chef-de-letat-pour-la-chapelle-dewo#respond"]}]},{"@type":"WebPage","@id":"https:\/\/www.africa-press.net\/congo-brazzaville\/politique\/engagement-du-chef-de-letat-pour-la-chapelle-dewo","url":"https:\/\/www.africa-press.net\/congo-brazzaville\/politique\/engagement-du-chef-de-letat-pour-la-chapelle-dewo","name":"Engagement du Chef de l'\u00c9tat pour la Chapelle d'Ewo - Congo Brazzaville","isPartOf":{"@id":"https:\/\/www.africa-press.net\/congo-brazzaville\/#website"},"primaryImageOfPage":{"@id":"https:\/\/www.africa-press.net\/congo-brazzaville\/politique\/engagement-du-chef-de-letat-pour-la-chapelle-dewo#primaryimage"},"image":{"@id":"https:\/\/www.africa-press.net\/congo-brazzaville\/politique\/engagement-du-chef-de-letat-pour-la-chapelle-dewo#primaryimage"},"thumbnailUrl":"https:\/\/static.africa-press.net\/congo-brazzaville\/sites\/51\/2026\/03\/sm_1773439137.094111.jpg","datePublished":"2026-03-13T21:04:22+00:00","dateModified":"2026-03-13T22:15:33+00:00","author":{"@id":"https:\/\/www.africa-press.net\/congo-brazzaville\/#\/schema\/person\/2b1cf3cd81a31e3cd26889ca66d677f1"},"description":"-article-header-tag\"> Africa-Press - Congo Brazzaville. Le Conseiller du P ...","breadcrumb":{"@id":"https:\/\/www.africa-press.net\/congo-brazzaville\/politique\/engagement-du-chef-de-letat-pour-la-chapelle-dewo#breadcrumb"},"inLanguage":"fr-FR","potentialAction":[{"@type":"ReadAction","target":["https:\/\/www.africa-press.net\/congo-brazzaville\/politique\/engagement-du-chef-de-letat-pour-la-chapelle-dewo"]}]},{"@type":"ImageObject","inLanguage":"fr-FR","@id":"https:\/\/www.africa-press.net\/congo-brazzaville\/politique\/engagement-du-chef-de-letat-pour-la-chapelle-dewo#primaryimage","url":"https:\/\/static.africa-press.net\/congo-brazzaville\/sites\/51\/2026\/03\/sm_1773439137.094111.jpg","contentUrl":"https:\/\/static.africa-press.net\/congo-brazzaville\/sites\/51\/2026\/03\/sm_1773439137.094111.jpg","width":770,"height":470,"caption":"Engagement du Chef de l'\u00c9tat pour la Chapelle d'Ewo"},{"@type":"BreadcrumbList","@id":"https:\/\/www.africa-press.net\/congo-brazzaville\/politique\/engagement-du-chef-de-letat-pour-la-chapelle-dewo#breadcrumb","itemListElement":[{"@type":"ListItem","position":1,"name":"Accueil","item":"https:\/\/www.africa-press.net\/congo-brazzaville\/"},{"@type":"ListItem","position":2,"name":"Engagement du Chef de l&#8217;\u00c9tat pour la Chapelle d&#8217;Ewo"}]},{"@type":"WebSite","@id":"https:\/\/www.africa-press.net\/congo-brazzaville\/#website","url":"https:\/\/www.africa-press.net\/congo-brazzaville\/","name":"Congo Brazzaville","description":"Just another Africa News Agency Sites site","potentialAction":[{"@type":"SearchAction","target":{"@type":"EntryPoint","urlTemplate":"https:\/\/www.africa-press.net\/congo-brazzaville\/?s={search_term_string}"},"query-input":{"@type":"PropertyValueSpecification","valueRequired":true,"valueName":"search_term_string"}}],"inLanguage":"fr-FR"},{"@type":"Person","@id":"https:\/\/www.africa-press.net\/congo-brazzaville\/#\/schema\/person\/2b1cf3cd81a31e3cd26889ca66d677f1","name":"cfeditorfr"}]}},"_links":{"self":[{"href":"https:\/\/www.africa-press.net\/congo-brazzaville\/wp-json\/wp\/v2\/posts\/54316","targetHints":{"allow":["GET"]}}],"collection":[{"href":"https:\/\/www.africa-press.net\/congo-brazzaville\/wp-json\/wp\/v2\/posts"}],"about":[{"href":"https:\/\/www.africa-press.net\/congo-brazzaville\/wp-json\/wp\/v2\/types\/post"}],"author":[{"embeddable":true,"href":"https:\/\/www.africa-press.net\/congo-brazzaville\/wp-json\/wp\/v2\/users\/82"}],"replies":[{"embeddable":true,"href":"https:\/\/www.africa-press.net\/congo-brazzaville\/wp-json\/wp\/v2\/comments?post=54316"}],"version-history":[{"count":0,"href":"https:\/\/www.africa-press.net\/congo-brazzaville\/wp-json\/wp\/v2\/posts\/54316\/revisions"}],"wp:featuredmedia":[{"embeddable":true,"href":"https:\/\/www.africa-press.net\/congo-brazzaville\/wp-json\/wp\/v2\/media\/54315"}],"wp:attachment":[{"href":"https:\/\/www.africa-press.net\/congo-brazzaville\/wp-json\/wp\/v2\/media?parent=54316"}],"wp:term":[{"taxonomy":"category","embeddable":true,"href":"https:\/\/www.africa-press.net\/congo-brazzaville\/wp-json\/wp\/v2\/categories?post=54316"},{"taxonomy":"post_tag","embeddable":true,"href":"https:\/\/www.africa-press.net\/congo-brazzaville\/wp-json\/wp\/v2\/tags?post=54316"}],"curies":[{"name":"wp","href":"https:\/\/api.w.org\/{rel}","templated":true}]}}