{"id":54319,"date":"2026-03-13T21:04:35","date_gmt":"2026-03-13T21:04:35","guid":{"rendered":"https:\/\/www.africa-press.net\/congo-brazzaville\/politique\/elections-a-makelekele-2-pour-denis-sassou-nguesso"},"modified":"2026-03-13T22:15:57","modified_gmt":"2026-03-13T22:15:57","slug":"elections-a-makelekele-2-pour-denis-sassou-nguesso","status":"publish","type":"post","link":"https:\/\/www.africa-press.net\/congo-brazzaville\/politique\/elections-a-makelekele-2-pour-denis-sassou-nguesso","title":{"rendered":"\u00c9lections \u00e0 Makelekele 2 pour Denis Sassou N&rsquo;Guesso"},"content":{"rendered":"<p><span class=\"ap-article-header-tag\"> <strong>Africa-Press &#8211; Congo Brazzaville. <\/strong> <\/span><b>Dans le premier arrondissement de Brazzaville, la directrice de campagne locale pour Denis Sassou N\u2019Guesso exhorte les habitants de Makelekele 2 a\u0300 voter massivement pour le candidat de la majorite\u0301 pre\u0301sidentielle lors du second tour du 15 mars.<\/b><\/p>\n<p>Princesse Mouangassa, en charge de la deuxie\u0300me circonscription e\u0301lectorale de Makelekele 2, a lance\u0301 un vibrant appel aux re\u0301sidents des quartiers Moukoundzi Ngouaka, Me\u0301te\u0301o et Maba. Elle les invite a\u0300 se pre\u0301senter de\u0300s 7 heures dans les bureaux de vote, en soulignant les re\u0301alisations emble\u0301matiques du pre\u0301sident sortant, qualifie\u0301 de \u00ab ba\u0302tisseur infatigable \u00bb.<\/p>\n<p>\u00ab Mon message aujourd\u2019hui a\u0300 Moukoundzi Ngouaka visait a\u0300 rappeler aux habitants de Makelekele 2 de se rendre aux urnes le 15 mars a\u0300 7 heures. J\u2019ai insiste\u0301 sur les accomplissements du candidat Denis Sassou N\u2019Guesso, ba\u0302tisseur infatigable. L\u2019e\u0301cole Angola Libre en est un exemple frappant, au me\u0302me titre que d\u2019autres projets mene\u0301s ici et partout au Congo. Son implication dans l\u2019ope\u0301ration Ze\u0301ro Kuluna a permis aux Congolais de circuler en toute se\u0301curite\u0301 ; c\u2019est gra\u0302ce a\u0300 lui. Lors de mes portes-a\u0300-portes, j\u2019ai toujours rappele\u0301 que nul n\u2019est parfait ; j\u2019exhorte donc les femmes et les jeunes a\u0300 surmonter leurs re\u0301ticences \u00bb, a de\u0301clare\u0301 Princesse Mouangassa.<\/p>\n<p>Les populations de Moukoundzi Ngouaka ont re\u0301affirme\u0301 leur soutien inde\u0301fectible au candidat de la majorite\u0301, promettant une mobilisation exemplaire pour ce scrutin de\u0301cisif.<\/p>\n<p class=\"ap-article-footer-note\">Retrouvez plus d\u2019actualit\u00e9s et d\u2019analyses sur <span class=\"ap-highlight-country\">Congo Brazzaville<\/span> sur le site <span class=\"ap-highlight-brand\">Africa Press<\/span><\/p>\n","protected":false},"excerpt":{"rendered":"<p>Africa-Press &#8211; Congo Brazzaville. Dans le premier arrondissement de Brazzaville, la directrice de campagne locale pour Denis Sassou N\u2019Guesso exhorte les habitants de Makelekele 2 a\u0300 voter massivement pour le candidat de la majorite\u0301 pre\u0301sidentielle lors du second tour du 15 mars. Princesse Mouangassa, en charge de la deuxie\u0300me circonscription e\u0301lectorale de Makelekele 2, a [&hellip;]<\/p>\n","protected":false},"author":82,"featured_media":54318,"comment_status":"open","ping_status":"closed","sticky":false,"template":"","format":"standard","meta":{"footnotes":""},"categories":[2,20,10],"tags":[46],"class_list":["post-54319","post","type-post","status-publish","format-standard","has-post-thumbnail","hentry","category-politique","category-top-nouvelles","category-toutes-les-actualites","tag-congo-brazzaville"],"yoast_head":"<!-- This site is optimized with the Yoast SEO Premium plugin v26.1 (Yoast SEO v27.0) - https:\/\/yoast.com\/product\/yoast-seo-premium-wordpress\/ -->\n<title>\u00c9lections \u00e0 Makelekele 2 pour Denis Sassou N&#039;Guesso - Congo Brazzaville<\/title>\n<meta name=\"description\" content=\"-article-header-tag&quot;&gt; Africa-Press - Congo Brazzaville. Dans le premier ar ...\" \/>\n<meta name=\"robots\" content=\"index, follow, max-snippet:-1, max-image-preview:large, max-video-preview:-1\" \/>\n<link rel=\"canonical\" href=\"https:\/\/www.africa-press.net\/congo-brazzaville\/politique\/elections-a-makelekele-2-pour-denis-sassou-nguesso\" \/>\n<meta property=\"og:locale\" content=\"fr_FR\" \/>\n<meta property=\"og:type\" content=\"article\" \/>\n<meta property=\"og:title\" content=\"\u00c9lections \u00e0 Makelekele 2 pour Denis Sassou N&#039;Guesso\" \/>\n<meta property=\"og:description\" content=\"-article-header-tag&quot;&gt; Africa-Press - Congo Brazzaville. Dans le premier ar ...\" \/>\n<meta property=\"og:url\" content=\"https:\/\/www.africa-press.net\/congo-brazzaville\/politique\/elections-a-makelekele-2-pour-denis-sassou-nguesso\" \/>\n<meta property=\"og:site_name\" content=\"Congo Brazzaville\" \/>\n<meta property=\"article:published_time\" content=\"2026-03-13T21:04:35+00:00\" \/>\n<meta property=\"article:modified_time\" content=\"2026-03-13T22:15:57+00:00\" \/>\n<meta property=\"og:image\" content=\"https:\/\/static.africa-press.net\/congo-brazzaville\/sites\/51\/2026\/03\/sm_1773439157.944851-69b488dc9b346.jpg\" \/>\n\t<meta property=\"og:image:width\" content=\"1220\" \/>\n\t<meta property=\"og:image:height\" content=\"445\" \/>\n\t<meta property=\"og:image:type\" content=\"image\/jpeg\" \/>\n<meta name=\"author\" content=\"cfeditorfr\" \/>\n<meta name=\"twitter:card\" content=\"summary_large_image\" \/>\n<meta name=\"twitter:label1\" content=\"\u00c9crit par\" \/>\n\t<meta name=\"twitter:data1\" content=\"cfeditorfr\" \/>\n\t<meta name=\"twitter:label2\" content=\"Dur\u00e9e de lecture estim\u00e9e\" \/>\n\t<meta name=\"twitter:data2\" content=\"2 minutes\" \/>\n<script type=\"application\/ld+json\" class=\"yoast-schema-graph\">{\"@context\":\"https:\/\/schema.org\",\"@graph\":[{\"@type\":\"Article\",\"@id\":\"https:\/\/www.africa-press.net\/congo-brazzaville\/politique\/elections-a-makelekele-2-pour-denis-sassou-nguesso#article\",\"isPartOf\":{\"@id\":\"https:\/\/www.africa-press.net\/congo-brazzaville\/politique\/elections-a-makelekele-2-pour-denis-sassou-nguesso\"},\"author\":{\"name\":\"cfeditorfr\",\"@id\":\"https:\/\/www.africa-press.net\/congo-brazzaville\/#\/schema\/person\/2b1cf3cd81a31e3cd26889ca66d677f1\"},\"headline\":\"\u00c9lections \u00e0 Makelekele 2 pour Denis Sassou N&rsquo;Guesso\",\"datePublished\":\"2026-03-13T21:04:35+00:00\",\"dateModified\":\"2026-03-13T22:15:57+00:00\",\"mainEntityOfPage\":{\"@id\":\"https:\/\/www.africa-press.net\/congo-brazzaville\/politique\/elections-a-makelekele-2-pour-denis-sassou-nguesso\"},\"wordCount\":272,\"commentCount\":0,\"image\":{\"@id\":\"https:\/\/www.africa-press.net\/congo-brazzaville\/politique\/elections-a-makelekele-2-pour-denis-sassou-nguesso#primaryimage\"},\"thumbnailUrl\":\"https:\/\/static.africa-press.net\/congo-brazzaville\/sites\/51\/2026\/03\/sm_1773439157.944851-69b488dc9b346.jpg\",\"keywords\":[\"Congo Brazzaville\"],\"articleSection\":[\"Politique\",\"Top Nouvelles\",\"Toutes les actualit\u00e9s\"],\"inLanguage\":\"fr-FR\",\"potentialAction\":[{\"@type\":\"CommentAction\",\"name\":\"Comment\",\"target\":[\"https:\/\/www.africa-press.net\/congo-brazzaville\/politique\/elections-a-makelekele-2-pour-denis-sassou-nguesso#respond\"]}]},{\"@type\":\"WebPage\",\"@id\":\"https:\/\/www.africa-press.net\/congo-brazzaville\/politique\/elections-a-makelekele-2-pour-denis-sassou-nguesso\",\"url\":\"https:\/\/www.africa-press.net\/congo-brazzaville\/politique\/elections-a-makelekele-2-pour-denis-sassou-nguesso\",\"name\":\"\u00c9lections \u00e0 Makelekele 2 pour Denis Sassou N'Guesso - Congo Brazzaville\",\"isPartOf\":{\"@id\":\"https:\/\/www.africa-press.net\/congo-brazzaville\/#website\"},\"primaryImageOfPage\":{\"@id\":\"https:\/\/www.africa-press.net\/congo-brazzaville\/politique\/elections-a-makelekele-2-pour-denis-sassou-nguesso#primaryimage\"},\"image\":{\"@id\":\"https:\/\/www.africa-press.net\/congo-brazzaville\/politique\/elections-a-makelekele-2-pour-denis-sassou-nguesso#primaryimage\"},\"thumbnailUrl\":\"https:\/\/static.africa-press.net\/congo-brazzaville\/sites\/51\/2026\/03\/sm_1773439157.944851-69b488dc9b346.jpg\",\"datePublished\":\"2026-03-13T21:04:35+00:00\",\"dateModified\":\"2026-03-13T22:15:57+00:00\",\"author\":{\"@id\":\"https:\/\/www.africa-press.net\/congo-brazzaville\/#\/schema\/person\/2b1cf3cd81a31e3cd26889ca66d677f1\"},\"description\":\"-article-header-tag\\\"> Africa-Press - Congo Brazzaville. Dans le premier ar ...\",\"breadcrumb\":{\"@id\":\"https:\/\/www.africa-press.net\/congo-brazzaville\/politique\/elections-a-makelekele-2-pour-denis-sassou-nguesso#breadcrumb\"},\"inLanguage\":\"fr-FR\",\"potentialAction\":[{\"@type\":\"ReadAction\",\"target\":[\"https:\/\/www.africa-press.net\/congo-brazzaville\/politique\/elections-a-makelekele-2-pour-denis-sassou-nguesso\"]}]},{\"@type\":\"ImageObject\",\"inLanguage\":\"fr-FR\",\"@id\":\"https:\/\/www.africa-press.net\/congo-brazzaville\/politique\/elections-a-makelekele-2-pour-denis-sassou-nguesso#primaryimage\",\"url\":\"https:\/\/static.africa-press.net\/congo-brazzaville\/sites\/51\/2026\/03\/sm_1773439157.944851-69b488dc9b346.jpg\",\"contentUrl\":\"https:\/\/static.africa-press.net\/congo-brazzaville\/sites\/51\/2026\/03\/sm_1773439157.944851-69b488dc9b346.jpg\",\"width\":1220,\"height\":445,\"caption\":\"\u00c9lections \u00e0 Makelekele 2 pour Denis Sassou N'Guesso\"},{\"@type\":\"BreadcrumbList\",\"@id\":\"https:\/\/www.africa-press.net\/congo-brazzaville\/politique\/elections-a-makelekele-2-pour-denis-sassou-nguesso#breadcrumb\",\"itemListElement\":[{\"@type\":\"ListItem\",\"position\":1,\"name\":\"Accueil\",\"item\":\"https:\/\/www.africa-press.net\/congo-brazzaville\/\"},{\"@type\":\"ListItem\",\"position\":2,\"name\":\"\u00c9lections \u00e0 Makelekele 2 pour Denis Sassou N&#8217;Guesso\"}]},{\"@type\":\"WebSite\",\"@id\":\"https:\/\/www.africa-press.net\/congo-brazzaville\/#website\",\"url\":\"https:\/\/www.africa-press.net\/congo-brazzaville\/\",\"name\":\"Congo Brazzaville\",\"description\":\"Just another Africa News Agency Sites site\",\"potentialAction\":[{\"@type\":\"SearchAction\",\"target\":{\"@type\":\"EntryPoint\",\"urlTemplate\":\"https:\/\/www.africa-press.net\/congo-brazzaville\/?s={search_term_string}\"},\"query-input\":{\"@type\":\"PropertyValueSpecification\",\"valueRequired\":true,\"valueName\":\"search_term_string\"}}],\"inLanguage\":\"fr-FR\"},{\"@type\":\"Person\",\"@id\":\"https:\/\/www.africa-press.net\/congo-brazzaville\/#\/schema\/person\/2b1cf3cd81a31e3cd26889ca66d677f1\",\"name\":\"cfeditorfr\"}]}<\/script>\n<!-- \/ Yoast SEO Premium plugin. -->","yoast_head_json":{"title":"\u00c9lections \u00e0 Makelekele 2 pour Denis Sassou N'Guesso - Congo Brazzaville","description":"-article-header-tag\"> Africa-Press - Congo Brazzaville. Dans le premier ar ...","robots":{"index":"index","follow":"follow","max-snippet":"max-snippet:-1","max-image-preview":"max-image-preview:large","max-video-preview":"max-video-preview:-1"},"canonical":"https:\/\/www.africa-press.net\/congo-brazzaville\/politique\/elections-a-makelekele-2-pour-denis-sassou-nguesso","og_locale":"fr_FR","og_type":"article","og_title":"\u00c9lections \u00e0 Makelekele 2 pour Denis Sassou N'Guesso","og_description":"-article-header-tag\"> Africa-Press - Congo Brazzaville. Dans le premier ar ...","og_url":"https:\/\/www.africa-press.net\/congo-brazzaville\/politique\/elections-a-makelekele-2-pour-denis-sassou-nguesso","og_site_name":"Congo Brazzaville","article_published_time":"2026-03-13T21:04:35+00:00","article_modified_time":"2026-03-13T22:15:57+00:00","og_image":[{"width":1220,"height":445,"url":"https:\/\/static.africa-press.net\/congo-brazzaville\/sites\/51\/2026\/03\/sm_1773439157.944851-69b488dc9b346.jpg","type":"image\/jpeg"}],"author":"cfeditorfr","twitter_card":"summary_large_image","twitter_misc":{"\u00c9crit par":"cfeditorfr","Dur\u00e9e de lecture estim\u00e9e":"2 minutes"},"schema":{"@context":"https:\/\/schema.org","@graph":[{"@type":"Article","@id":"https:\/\/www.africa-press.net\/congo-brazzaville\/politique\/elections-a-makelekele-2-pour-denis-sassou-nguesso#article","isPartOf":{"@id":"https:\/\/www.africa-press.net\/congo-brazzaville\/politique\/elections-a-makelekele-2-pour-denis-sassou-nguesso"},"author":{"name":"cfeditorfr","@id":"https:\/\/www.africa-press.net\/congo-brazzaville\/#\/schema\/person\/2b1cf3cd81a31e3cd26889ca66d677f1"},"headline":"\u00c9lections \u00e0 Makelekele 2 pour Denis Sassou N&rsquo;Guesso","datePublished":"2026-03-13T21:04:35+00:00","dateModified":"2026-03-13T22:15:57+00:00","mainEntityOfPage":{"@id":"https:\/\/www.africa-press.net\/congo-brazzaville\/politique\/elections-a-makelekele-2-pour-denis-sassou-nguesso"},"wordCount":272,"commentCount":0,"image":{"@id":"https:\/\/www.africa-press.net\/congo-brazzaville\/politique\/elections-a-makelekele-2-pour-denis-sassou-nguesso#primaryimage"},"thumbnailUrl":"https:\/\/static.africa-press.net\/congo-brazzaville\/sites\/51\/2026\/03\/sm_1773439157.944851-69b488dc9b346.jpg","keywords":["Congo Brazzaville"],"articleSection":["Politique","Top Nouvelles","Toutes les actualit\u00e9s"],"inLanguage":"fr-FR","potentialAction":[{"@type":"CommentAction","name":"Comment","target":["https:\/\/www.africa-press.net\/congo-brazzaville\/politique\/elections-a-makelekele-2-pour-denis-sassou-nguesso#respond"]}]},{"@type":"WebPage","@id":"https:\/\/www.africa-press.net\/congo-brazzaville\/politique\/elections-a-makelekele-2-pour-denis-sassou-nguesso","url":"https:\/\/www.africa-press.net\/congo-brazzaville\/politique\/elections-a-makelekele-2-pour-denis-sassou-nguesso","name":"\u00c9lections \u00e0 Makelekele 2 pour Denis Sassou N'Guesso - Congo Brazzaville","isPartOf":{"@id":"https:\/\/www.africa-press.net\/congo-brazzaville\/#website"},"primaryImageOfPage":{"@id":"https:\/\/www.africa-press.net\/congo-brazzaville\/politique\/elections-a-makelekele-2-pour-denis-sassou-nguesso#primaryimage"},"image":{"@id":"https:\/\/www.africa-press.net\/congo-brazzaville\/politique\/elections-a-makelekele-2-pour-denis-sassou-nguesso#primaryimage"},"thumbnailUrl":"https:\/\/static.africa-press.net\/congo-brazzaville\/sites\/51\/2026\/03\/sm_1773439157.944851-69b488dc9b346.jpg","datePublished":"2026-03-13T21:04:35+00:00","dateModified":"2026-03-13T22:15:57+00:00","author":{"@id":"https:\/\/www.africa-press.net\/congo-brazzaville\/#\/schema\/person\/2b1cf3cd81a31e3cd26889ca66d677f1"},"description":"-article-header-tag\"> Africa-Press - Congo Brazzaville. Dans le premier ar ...","breadcrumb":{"@id":"https:\/\/www.africa-press.net\/congo-brazzaville\/politique\/elections-a-makelekele-2-pour-denis-sassou-nguesso#breadcrumb"},"inLanguage":"fr-FR","potentialAction":[{"@type":"ReadAction","target":["https:\/\/www.africa-press.net\/congo-brazzaville\/politique\/elections-a-makelekele-2-pour-denis-sassou-nguesso"]}]},{"@type":"ImageObject","inLanguage":"fr-FR","@id":"https:\/\/www.africa-press.net\/congo-brazzaville\/politique\/elections-a-makelekele-2-pour-denis-sassou-nguesso#primaryimage","url":"https:\/\/static.africa-press.net\/congo-brazzaville\/sites\/51\/2026\/03\/sm_1773439157.944851-69b488dc9b346.jpg","contentUrl":"https:\/\/static.africa-press.net\/congo-brazzaville\/sites\/51\/2026\/03\/sm_1773439157.944851-69b488dc9b346.jpg","width":1220,"height":445,"caption":"\u00c9lections \u00e0 Makelekele 2 pour Denis Sassou N'Guesso"},{"@type":"BreadcrumbList","@id":"https:\/\/www.africa-press.net\/congo-brazzaville\/politique\/elections-a-makelekele-2-pour-denis-sassou-nguesso#breadcrumb","itemListElement":[{"@type":"ListItem","position":1,"name":"Accueil","item":"https:\/\/www.africa-press.net\/congo-brazzaville\/"},{"@type":"ListItem","position":2,"name":"\u00c9lections \u00e0 Makelekele 2 pour Denis Sassou N&#8217;Guesso"}]},{"@type":"WebSite","@id":"https:\/\/www.africa-press.net\/congo-brazzaville\/#website","url":"https:\/\/www.africa-press.net\/congo-brazzaville\/","name":"Congo Brazzaville","description":"Just another Africa News Agency Sites site","potentialAction":[{"@type":"SearchAction","target":{"@type":"EntryPoint","urlTemplate":"https:\/\/www.africa-press.net\/congo-brazzaville\/?s={search_term_string}"},"query-input":{"@type":"PropertyValueSpecification","valueRequired":true,"valueName":"search_term_string"}}],"inLanguage":"fr-FR"},{"@type":"Person","@id":"https:\/\/www.africa-press.net\/congo-brazzaville\/#\/schema\/person\/2b1cf3cd81a31e3cd26889ca66d677f1","name":"cfeditorfr"}]}},"_links":{"self":[{"href":"https:\/\/www.africa-press.net\/congo-brazzaville\/wp-json\/wp\/v2\/posts\/54319","targetHints":{"allow":["GET"]}}],"collection":[{"href":"https:\/\/www.africa-press.net\/congo-brazzaville\/wp-json\/wp\/v2\/posts"}],"about":[{"href":"https:\/\/www.africa-press.net\/congo-brazzaville\/wp-json\/wp\/v2\/types\/post"}],"author":[{"embeddable":true,"href":"https:\/\/www.africa-press.net\/congo-brazzaville\/wp-json\/wp\/v2\/users\/82"}],"replies":[{"embeddable":true,"href":"https:\/\/www.africa-press.net\/congo-brazzaville\/wp-json\/wp\/v2\/comments?post=54319"}],"version-history":[{"count":0,"href":"https:\/\/www.africa-press.net\/congo-brazzaville\/wp-json\/wp\/v2\/posts\/54319\/revisions"}],"wp:featuredmedia":[{"embeddable":true,"href":"https:\/\/www.africa-press.net\/congo-brazzaville\/wp-json\/wp\/v2\/media\/54318"}],"wp:attachment":[{"href":"https:\/\/www.africa-press.net\/congo-brazzaville\/wp-json\/wp\/v2\/media?parent=54319"}],"wp:term":[{"taxonomy":"category","embeddable":true,"href":"https:\/\/www.africa-press.net\/congo-brazzaville\/wp-json\/wp\/v2\/categories?post=54319"},{"taxonomy":"post_tag","embeddable":true,"href":"https:\/\/www.africa-press.net\/congo-brazzaville\/wp-json\/wp\/v2\/tags?post=54319"}],"curies":[{"name":"wp","href":"https:\/\/api.w.org\/{rel}","templated":true}]}}