{"id":54321,"date":"2026-03-13T21:05:00","date_gmt":"2026-03-13T21:05:00","guid":{"rendered":"https:\/\/www.africa-press.net\/congo-brazzaville\/politique\/commercantes-de-brazzaville-soutiennent-sassou-nguesso"},"modified":"2026-03-13T22:16:20","modified_gmt":"2026-03-13T22:16:20","slug":"commercantes-de-brazzaville-soutiennent-sassou-nguesso","status":"publish","type":"post","link":"https:\/\/www.africa-press.net\/congo-brazzaville\/politique\/commercantes-de-brazzaville-soutiennent-sassou-nguesso","title":{"rendered":"Commer\u00e7antes de Brazzaville Soutiennent Sassou N&rsquo;Guesso"},"content":{"rendered":"<p><span class=\"ap-article-header-tag\"> <strong>Africa-Press &#8211; Congo Brazzaville. <\/strong> <\/span><b>Le 7 mars, Sylviana Okoua Oko, marraine du re\u0301seau des femmes vendeuses et commerc\u0327antes des marche\u0301s domaniaux de Brazzaville, a sillonne\u0301 plusieurs sites marchands pour appeler a\u0300 une mobilisation massive en faveur de Denis Sassou N\u2019Guesso, au scrutin pre\u0301sidentiel du 15 mars.<\/b><\/p>\n<p>\u00ab Nous sommes la\u0300 pour fe\u0301de\u0301rer toutes les femmes vendeuses et commerc\u0327antes des marche\u0301s domaniaux, afin de solliciter leur suffrage au profit de notre candidat, le candidat des femmes, de l\u2019unite\u0301 nationale et de la paix, le pre\u0301sident Denis Sassou N\u2019Guesso \u00bb, a-t-elle de\u0301clare\u0301 avec conviction. Elle s\u2019est dite persuade\u0301e que, le 15 mars, ces femmes se rendront massivement aux urnes pour re\u0301e\u0301lire l\u2019unique choix le\u0301gitime.<\/p>\n<p>Lors de sa descente dans les marche\u0301s de Sukissa, Ouenze\u0301, Moungali et Madibou, Sylviana Okoua Oko a sensibilise\u0301 les vendeuses a\u0300 la loi Mouebara, qu\u2019elle qualifie de mesure re\u0301volutionnaire pour la protection juridique des femmes et la lutte contre les violences qui leur sont faites.<\/p>\n<p>Partout, elle a distribue\u0301 des pagnes floque\u0301s aux couleurs du 8 mars. Elle a e\u0301galement rappele\u0301 l\u2019engagement du chef de l\u2019E\u0301tat, Denis Sassou N\u2019Guesso, dans l\u2019e\u0301radication des jeunes de\u0301linquants qui semaient l\u2019inse\u0301curite\u0301 dans les quartiers de Brazzaville, terrorisant les commerc\u0327antes et entravant leurs approvisionnements matinaux. \u00ab Le pre\u0301sident de la Re\u0301publique, notre candidat Denis Sassou N\u2019Guesso, a conduit une ope\u0301ration se\u0301curitaire qui a restaure\u0301 la quie\u0301tude aupre\u0300s des mamans \u00bb, a-t-elle renche\u0301ri.<\/p>\n<p>Un e\u0301chantillon de ces commerc\u0327antes a e\u0301te\u0301 se\u0301lectionne\u0301 pour participer, le lendemain, a\u0300 la Journe\u0301e internationale des droits des femmes, organise\u0301e sous la haute autorite\u0301 du ministe\u0300re de la Promotion de la femme.<\/p>\n<p class=\"ap-article-footer-note\">Retrouvez plus d\u2019actualit\u00e9s et d\u2019analyses sur <span class=\"ap-highlight-country\">Congo Brazzaville<\/span> sur le site <span class=\"ap-highlight-brand\">Africa Press<\/span><\/p>\n","protected":false},"excerpt":{"rendered":"<p>Africa-Press &#8211; Congo Brazzaville. Le 7 mars, Sylviana Okoua Oko, marraine du re\u0301seau des femmes vendeuses et commerc\u0327antes des marche\u0301s domaniaux de Brazzaville, a sillonne\u0301 plusieurs sites marchands pour appeler a\u0300 une mobilisation massive en faveur de Denis Sassou N\u2019Guesso, au scrutin pre\u0301sidentiel du 15 mars. \u00ab Nous sommes la\u0300 pour fe\u0301de\u0301rer toutes les femmes [&hellip;]<\/p>\n","protected":false},"author":82,"featured_media":54320,"comment_status":"open","ping_status":"closed","sticky":false,"template":"","format":"standard","meta":{"footnotes":""},"categories":[2,10],"tags":[46],"class_list":["post-54321","post","type-post","status-publish","format-standard","has-post-thumbnail","hentry","category-politique","category-toutes-les-actualites","tag-congo-brazzaville"],"yoast_head":"<!-- This site is optimized with the Yoast SEO Premium plugin v26.1 (Yoast SEO v27.0) - https:\/\/yoast.com\/product\/yoast-seo-premium-wordpress\/ -->\n<title>Commer\u00e7antes de Brazzaville Soutiennent Sassou N&#039;Guesso - Congo Brazzaville<\/title>\n<meta name=\"description\" content=\"-article-header-tag&quot;&gt; Africa-Press - Congo Brazzaville. Le 7 mars, Sylvian ...\" \/>\n<meta name=\"robots\" content=\"index, follow, max-snippet:-1, max-image-preview:large, max-video-preview:-1\" \/>\n<link rel=\"canonical\" href=\"https:\/\/www.africa-press.net\/congo-brazzaville\/politique\/commercantes-de-brazzaville-soutiennent-sassou-nguesso\" \/>\n<meta property=\"og:locale\" content=\"fr_FR\" \/>\n<meta property=\"og:type\" content=\"article\" \/>\n<meta property=\"og:title\" content=\"Commer\u00e7antes de Brazzaville Soutiennent Sassou N&#039;Guesso\" \/>\n<meta property=\"og:description\" content=\"-article-header-tag&quot;&gt; Africa-Press - Congo Brazzaville. Le 7 mars, Sylvian ...\" \/>\n<meta property=\"og:url\" content=\"https:\/\/www.africa-press.net\/congo-brazzaville\/politique\/commercantes-de-brazzaville-soutiennent-sassou-nguesso\" \/>\n<meta property=\"og:site_name\" content=\"Congo Brazzaville\" \/>\n<meta property=\"article:published_time\" content=\"2026-03-13T21:05:00+00:00\" \/>\n<meta property=\"article:modified_time\" content=\"2026-03-13T22:16:20+00:00\" \/>\n<meta property=\"og:image\" content=\"https:\/\/static.africa-press.net\/congo-brazzaville\/sites\/51\/2026\/03\/sm_1773439215.528127.jpg\" \/>\n\t<meta property=\"og:image:width\" content=\"1220\" \/>\n\t<meta property=\"og:image:height\" content=\"445\" \/>\n\t<meta property=\"og:image:type\" content=\"image\/jpeg\" \/>\n<meta name=\"author\" content=\"cfeditorfr\" \/>\n<meta name=\"twitter:card\" content=\"summary_large_image\" \/>\n<meta name=\"twitter:label1\" content=\"\u00c9crit par\" \/>\n\t<meta name=\"twitter:data1\" content=\"cfeditorfr\" \/>\n\t<meta name=\"twitter:label2\" content=\"Dur\u00e9e de lecture estim\u00e9e\" \/>\n\t<meta name=\"twitter:data2\" content=\"2 minutes\" \/>\n<script type=\"application\/ld+json\" class=\"yoast-schema-graph\">{\"@context\":\"https:\/\/schema.org\",\"@graph\":[{\"@type\":\"Article\",\"@id\":\"https:\/\/www.africa-press.net\/congo-brazzaville\/politique\/commercantes-de-brazzaville-soutiennent-sassou-nguesso#article\",\"isPartOf\":{\"@id\":\"https:\/\/www.africa-press.net\/congo-brazzaville\/politique\/commercantes-de-brazzaville-soutiennent-sassou-nguesso\"},\"author\":{\"name\":\"cfeditorfr\",\"@id\":\"https:\/\/www.africa-press.net\/congo-brazzaville\/#\/schema\/person\/2b1cf3cd81a31e3cd26889ca66d677f1\"},\"headline\":\"Commer\u00e7antes de Brazzaville Soutiennent Sassou N&rsquo;Guesso\",\"datePublished\":\"2026-03-13T21:05:00+00:00\",\"dateModified\":\"2026-03-13T22:16:20+00:00\",\"mainEntityOfPage\":{\"@id\":\"https:\/\/www.africa-press.net\/congo-brazzaville\/politique\/commercantes-de-brazzaville-soutiennent-sassou-nguesso\"},\"wordCount\":327,\"commentCount\":0,\"image\":{\"@id\":\"https:\/\/www.africa-press.net\/congo-brazzaville\/politique\/commercantes-de-brazzaville-soutiennent-sassou-nguesso#primaryimage\"},\"thumbnailUrl\":\"https:\/\/static.africa-press.net\/congo-brazzaville\/sites\/51\/2026\/03\/sm_1773439215.528127.jpg\",\"keywords\":[\"Congo Brazzaville\"],\"articleSection\":[\"Politique\",\"Toutes les actualit\u00e9s\"],\"inLanguage\":\"fr-FR\",\"potentialAction\":[{\"@type\":\"CommentAction\",\"name\":\"Comment\",\"target\":[\"https:\/\/www.africa-press.net\/congo-brazzaville\/politique\/commercantes-de-brazzaville-soutiennent-sassou-nguesso#respond\"]}]},{\"@type\":\"WebPage\",\"@id\":\"https:\/\/www.africa-press.net\/congo-brazzaville\/politique\/commercantes-de-brazzaville-soutiennent-sassou-nguesso\",\"url\":\"https:\/\/www.africa-press.net\/congo-brazzaville\/politique\/commercantes-de-brazzaville-soutiennent-sassou-nguesso\",\"name\":\"Commer\u00e7antes de Brazzaville Soutiennent Sassou N'Guesso - Congo Brazzaville\",\"isPartOf\":{\"@id\":\"https:\/\/www.africa-press.net\/congo-brazzaville\/#website\"},\"primaryImageOfPage\":{\"@id\":\"https:\/\/www.africa-press.net\/congo-brazzaville\/politique\/commercantes-de-brazzaville-soutiennent-sassou-nguesso#primaryimage\"},\"image\":{\"@id\":\"https:\/\/www.africa-press.net\/congo-brazzaville\/politique\/commercantes-de-brazzaville-soutiennent-sassou-nguesso#primaryimage\"},\"thumbnailUrl\":\"https:\/\/static.africa-press.net\/congo-brazzaville\/sites\/51\/2026\/03\/sm_1773439215.528127.jpg\",\"datePublished\":\"2026-03-13T21:05:00+00:00\",\"dateModified\":\"2026-03-13T22:16:20+00:00\",\"author\":{\"@id\":\"https:\/\/www.africa-press.net\/congo-brazzaville\/#\/schema\/person\/2b1cf3cd81a31e3cd26889ca66d677f1\"},\"description\":\"-article-header-tag\\\"> Africa-Press - Congo Brazzaville. Le 7 mars, Sylvian ...\",\"breadcrumb\":{\"@id\":\"https:\/\/www.africa-press.net\/congo-brazzaville\/politique\/commercantes-de-brazzaville-soutiennent-sassou-nguesso#breadcrumb\"},\"inLanguage\":\"fr-FR\",\"potentialAction\":[{\"@type\":\"ReadAction\",\"target\":[\"https:\/\/www.africa-press.net\/congo-brazzaville\/politique\/commercantes-de-brazzaville-soutiennent-sassou-nguesso\"]}]},{\"@type\":\"ImageObject\",\"inLanguage\":\"fr-FR\",\"@id\":\"https:\/\/www.africa-press.net\/congo-brazzaville\/politique\/commercantes-de-brazzaville-soutiennent-sassou-nguesso#primaryimage\",\"url\":\"https:\/\/static.africa-press.net\/congo-brazzaville\/sites\/51\/2026\/03\/sm_1773439215.528127.jpg\",\"contentUrl\":\"https:\/\/static.africa-press.net\/congo-brazzaville\/sites\/51\/2026\/03\/sm_1773439215.528127.jpg\",\"width\":1220,\"height\":445,\"caption\":\"Commer\u00e7antes de Brazzaville Soutiennent Sassou N'Guesso\"},{\"@type\":\"BreadcrumbList\",\"@id\":\"https:\/\/www.africa-press.net\/congo-brazzaville\/politique\/commercantes-de-brazzaville-soutiennent-sassou-nguesso#breadcrumb\",\"itemListElement\":[{\"@type\":\"ListItem\",\"position\":1,\"name\":\"Accueil\",\"item\":\"https:\/\/www.africa-press.net\/congo-brazzaville\/\"},{\"@type\":\"ListItem\",\"position\":2,\"name\":\"Commer\u00e7antes de Brazzaville Soutiennent Sassou N&#8217;Guesso\"}]},{\"@type\":\"WebSite\",\"@id\":\"https:\/\/www.africa-press.net\/congo-brazzaville\/#website\",\"url\":\"https:\/\/www.africa-press.net\/congo-brazzaville\/\",\"name\":\"Congo Brazzaville\",\"description\":\"Just another Africa News Agency Sites site\",\"potentialAction\":[{\"@type\":\"SearchAction\",\"target\":{\"@type\":\"EntryPoint\",\"urlTemplate\":\"https:\/\/www.africa-press.net\/congo-brazzaville\/?s={search_term_string}\"},\"query-input\":{\"@type\":\"PropertyValueSpecification\",\"valueRequired\":true,\"valueName\":\"search_term_string\"}}],\"inLanguage\":\"fr-FR\"},{\"@type\":\"Person\",\"@id\":\"https:\/\/www.africa-press.net\/congo-brazzaville\/#\/schema\/person\/2b1cf3cd81a31e3cd26889ca66d677f1\",\"name\":\"cfeditorfr\"}]}<\/script>\n<!-- \/ Yoast SEO Premium plugin. -->","yoast_head_json":{"title":"Commer\u00e7antes de Brazzaville Soutiennent Sassou N'Guesso - Congo Brazzaville","description":"-article-header-tag\"> Africa-Press - Congo Brazzaville. Le 7 mars, Sylvian ...","robots":{"index":"index","follow":"follow","max-snippet":"max-snippet:-1","max-image-preview":"max-image-preview:large","max-video-preview":"max-video-preview:-1"},"canonical":"https:\/\/www.africa-press.net\/congo-brazzaville\/politique\/commercantes-de-brazzaville-soutiennent-sassou-nguesso","og_locale":"fr_FR","og_type":"article","og_title":"Commer\u00e7antes de Brazzaville Soutiennent Sassou N'Guesso","og_description":"-article-header-tag\"> Africa-Press - Congo Brazzaville. Le 7 mars, Sylvian ...","og_url":"https:\/\/www.africa-press.net\/congo-brazzaville\/politique\/commercantes-de-brazzaville-soutiennent-sassou-nguesso","og_site_name":"Congo Brazzaville","article_published_time":"2026-03-13T21:05:00+00:00","article_modified_time":"2026-03-13T22:16:20+00:00","og_image":[{"width":1220,"height":445,"url":"https:\/\/static.africa-press.net\/congo-brazzaville\/sites\/51\/2026\/03\/sm_1773439215.528127.jpg","type":"image\/jpeg"}],"author":"cfeditorfr","twitter_card":"summary_large_image","twitter_misc":{"\u00c9crit par":"cfeditorfr","Dur\u00e9e de lecture estim\u00e9e":"2 minutes"},"schema":{"@context":"https:\/\/schema.org","@graph":[{"@type":"Article","@id":"https:\/\/www.africa-press.net\/congo-brazzaville\/politique\/commercantes-de-brazzaville-soutiennent-sassou-nguesso#article","isPartOf":{"@id":"https:\/\/www.africa-press.net\/congo-brazzaville\/politique\/commercantes-de-brazzaville-soutiennent-sassou-nguesso"},"author":{"name":"cfeditorfr","@id":"https:\/\/www.africa-press.net\/congo-brazzaville\/#\/schema\/person\/2b1cf3cd81a31e3cd26889ca66d677f1"},"headline":"Commer\u00e7antes de Brazzaville Soutiennent Sassou N&rsquo;Guesso","datePublished":"2026-03-13T21:05:00+00:00","dateModified":"2026-03-13T22:16:20+00:00","mainEntityOfPage":{"@id":"https:\/\/www.africa-press.net\/congo-brazzaville\/politique\/commercantes-de-brazzaville-soutiennent-sassou-nguesso"},"wordCount":327,"commentCount":0,"image":{"@id":"https:\/\/www.africa-press.net\/congo-brazzaville\/politique\/commercantes-de-brazzaville-soutiennent-sassou-nguesso#primaryimage"},"thumbnailUrl":"https:\/\/static.africa-press.net\/congo-brazzaville\/sites\/51\/2026\/03\/sm_1773439215.528127.jpg","keywords":["Congo Brazzaville"],"articleSection":["Politique","Toutes les actualit\u00e9s"],"inLanguage":"fr-FR","potentialAction":[{"@type":"CommentAction","name":"Comment","target":["https:\/\/www.africa-press.net\/congo-brazzaville\/politique\/commercantes-de-brazzaville-soutiennent-sassou-nguesso#respond"]}]},{"@type":"WebPage","@id":"https:\/\/www.africa-press.net\/congo-brazzaville\/politique\/commercantes-de-brazzaville-soutiennent-sassou-nguesso","url":"https:\/\/www.africa-press.net\/congo-brazzaville\/politique\/commercantes-de-brazzaville-soutiennent-sassou-nguesso","name":"Commer\u00e7antes de Brazzaville Soutiennent Sassou N'Guesso - Congo Brazzaville","isPartOf":{"@id":"https:\/\/www.africa-press.net\/congo-brazzaville\/#website"},"primaryImageOfPage":{"@id":"https:\/\/www.africa-press.net\/congo-brazzaville\/politique\/commercantes-de-brazzaville-soutiennent-sassou-nguesso#primaryimage"},"image":{"@id":"https:\/\/www.africa-press.net\/congo-brazzaville\/politique\/commercantes-de-brazzaville-soutiennent-sassou-nguesso#primaryimage"},"thumbnailUrl":"https:\/\/static.africa-press.net\/congo-brazzaville\/sites\/51\/2026\/03\/sm_1773439215.528127.jpg","datePublished":"2026-03-13T21:05:00+00:00","dateModified":"2026-03-13T22:16:20+00:00","author":{"@id":"https:\/\/www.africa-press.net\/congo-brazzaville\/#\/schema\/person\/2b1cf3cd81a31e3cd26889ca66d677f1"},"description":"-article-header-tag\"> Africa-Press - Congo Brazzaville. Le 7 mars, Sylvian ...","breadcrumb":{"@id":"https:\/\/www.africa-press.net\/congo-brazzaville\/politique\/commercantes-de-brazzaville-soutiennent-sassou-nguesso#breadcrumb"},"inLanguage":"fr-FR","potentialAction":[{"@type":"ReadAction","target":["https:\/\/www.africa-press.net\/congo-brazzaville\/politique\/commercantes-de-brazzaville-soutiennent-sassou-nguesso"]}]},{"@type":"ImageObject","inLanguage":"fr-FR","@id":"https:\/\/www.africa-press.net\/congo-brazzaville\/politique\/commercantes-de-brazzaville-soutiennent-sassou-nguesso#primaryimage","url":"https:\/\/static.africa-press.net\/congo-brazzaville\/sites\/51\/2026\/03\/sm_1773439215.528127.jpg","contentUrl":"https:\/\/static.africa-press.net\/congo-brazzaville\/sites\/51\/2026\/03\/sm_1773439215.528127.jpg","width":1220,"height":445,"caption":"Commer\u00e7antes de Brazzaville Soutiennent Sassou N'Guesso"},{"@type":"BreadcrumbList","@id":"https:\/\/www.africa-press.net\/congo-brazzaville\/politique\/commercantes-de-brazzaville-soutiennent-sassou-nguesso#breadcrumb","itemListElement":[{"@type":"ListItem","position":1,"name":"Accueil","item":"https:\/\/www.africa-press.net\/congo-brazzaville\/"},{"@type":"ListItem","position":2,"name":"Commer\u00e7antes de Brazzaville Soutiennent Sassou N&#8217;Guesso"}]},{"@type":"WebSite","@id":"https:\/\/www.africa-press.net\/congo-brazzaville\/#website","url":"https:\/\/www.africa-press.net\/congo-brazzaville\/","name":"Congo Brazzaville","description":"Just another Africa News Agency Sites site","potentialAction":[{"@type":"SearchAction","target":{"@type":"EntryPoint","urlTemplate":"https:\/\/www.africa-press.net\/congo-brazzaville\/?s={search_term_string}"},"query-input":{"@type":"PropertyValueSpecification","valueRequired":true,"valueName":"search_term_string"}}],"inLanguage":"fr-FR"},{"@type":"Person","@id":"https:\/\/www.africa-press.net\/congo-brazzaville\/#\/schema\/person\/2b1cf3cd81a31e3cd26889ca66d677f1","name":"cfeditorfr"}]}},"_links":{"self":[{"href":"https:\/\/www.africa-press.net\/congo-brazzaville\/wp-json\/wp\/v2\/posts\/54321","targetHints":{"allow":["GET"]}}],"collection":[{"href":"https:\/\/www.africa-press.net\/congo-brazzaville\/wp-json\/wp\/v2\/posts"}],"about":[{"href":"https:\/\/www.africa-press.net\/congo-brazzaville\/wp-json\/wp\/v2\/types\/post"}],"author":[{"embeddable":true,"href":"https:\/\/www.africa-press.net\/congo-brazzaville\/wp-json\/wp\/v2\/users\/82"}],"replies":[{"embeddable":true,"href":"https:\/\/www.africa-press.net\/congo-brazzaville\/wp-json\/wp\/v2\/comments?post=54321"}],"version-history":[{"count":0,"href":"https:\/\/www.africa-press.net\/congo-brazzaville\/wp-json\/wp\/v2\/posts\/54321\/revisions"}],"wp:featuredmedia":[{"embeddable":true,"href":"https:\/\/www.africa-press.net\/congo-brazzaville\/wp-json\/wp\/v2\/media\/54320"}],"wp:attachment":[{"href":"https:\/\/www.africa-press.net\/congo-brazzaville\/wp-json\/wp\/v2\/media?parent=54321"}],"wp:term":[{"taxonomy":"category","embeddable":true,"href":"https:\/\/www.africa-press.net\/congo-brazzaville\/wp-json\/wp\/v2\/categories?post=54321"},{"taxonomy":"post_tag","embeddable":true,"href":"https:\/\/www.africa-press.net\/congo-brazzaville\/wp-json\/wp\/v2\/tags?post=54321"}],"curies":[{"name":"wp","href":"https:\/\/api.w.org\/{rel}","templated":true}]}}