{"id":54325,"date":"2026-03-13T21:05:34","date_gmt":"2026-03-13T21:05:34","guid":{"rendered":"https:\/\/www.africa-press.net\/congo-brazzaville\/politique\/victimes-du-4-mars-attendent-prise-en-charge-gouvernementale"},"modified":"2026-03-13T22:19:37","modified_gmt":"2026-03-13T22:19:37","slug":"victimes-du-4-mars-attendent-prise-en-charge-gouvernementale","status":"publish","type":"post","link":"https:\/\/www.africa-press.net\/congo-brazzaville\/toutes-les-actualites\/victimes-du-4-mars-attendent-prise-en-charge-gouvernementale","title":{"rendered":"Victimes du 4 Mars Attendent Prise en Charge Gouvernementale"},"content":{"rendered":"<p><span class=\"ap-article-header-tag\"> <strong>Africa-Press &#8211; Congo Brazzaville. <\/strong> <\/span><b>Quatorze ans apre\u0300s la tragique explosion du de\u0301po\u0302t d\u2019armes survenue le 4 mars 2012 a\u0300 Brazzaville, les survivants et les familles endeuille\u0301es comme\u0301morent un drame qui a fait plusieurs morts, des centaines de blesse\u0301s, ainsi que des de\u0301ga\u0302ts mate\u0301riels. Parmi les victimes figurent ceux ayant perdu une main et un pied, ces derniers de\u0301plorent le silence du gouvernement face a\u0300 leurs charges sanitaires et les retards dans le versement de la rente viage\u0300re promise par l\u2019Etat.<\/b><\/p>\n<p>La violence de l\u2019explosion, survenue dans un de\u0301po\u0302t militaire de Mpila, a ravage\u0301 des quartiers entiers, laissant des cicatrices ineffac\u0327ables sur le corps et l\u2019a\u0302me des victimes. La douleur reste vive, comme en te\u0301moignent ces survivants rencontre\u0301s lors de la ce\u0301re\u0301monie comme\u0301morative.<\/p>\n<p>\u00ab Le gouvernement ne prend pas en charge ma situation de manie\u0300re re\u0301gulie\u0300re comme promis, Sans prothe\u0300se adapte\u0301e, je peine a\u0300 travailler et a\u0300 subvenir a\u0300 mes besoins. Il me faut changer de prothe\u0300se chaque anne\u0301e, mais par manque de moyens je suis oblige\u0301 de garder le me\u0302me depuis des anne\u0301es \u00bb,<\/p>\n<p>Plus de\u0301chirante encore est l\u2019histoire de Guynelle Matondo , une me\u0300re ayant perdu ses trois enfants et son pied, \u00ab J\u2019avais perdu mes trois enfants, et mon pied, actuellement je suis parfois dans l\u2019impossibilite\u0301 de me mouvoir , faute de be\u0301quille adepte. Vu la prise de poids il me faut changer totalement ces be\u0301quilles.j\u2019ai souvent une douleur intense au niveau du pied ampute que je n\u2019arrive pas parfois a\u0300 expliquer, mais Dieu me donne le courage qu\u2019il faut pour tenir. Cela me rend fort \u00bb, dit-elle avec les yeux remplis de larmes.<\/p>\n<p>Le de\u0301cret signe\u0301 par le chef d\u2019Etat, pour la rente viage\u0300re des victimes de la trage\u0301die du 4 mars n\u2019est pas respect au niveau du tre\u0301sor Publics, les gens ne prennent pour les mandions lorsque nous partons re\u0301clame ce qui nous ai du\u0302, ajouter une autre victime, ayant perdu l\u2019un de membre supe\u0301rieur.<\/p>\n<p>Entre pleurs, entretien des tombeaux, de\u0301po\u0302t de gerbes de fleurs quelques parents de victime ont exprime\u0301 leur douleur, malgre\u0301 le temps e\u0301coule \u00ab Cet e\u0301ve\u0301nement m\u2019a vraiment traumatise\u0301, a\u0300 tel point que chaque 4 mars, j\u2019ai du mal a\u0300 fermer l\u2019\u0153il, car les souvenirs sont tre\u0300s douloureux \u00bb, dit une victime qui a garde\u0301 l\u2019anonymat.<\/p>\n<p>Alors que la comme\u0301moration annuelle ravive les plaies, les victimes exigent une prise en charge effective, soins me\u0301dicaux re\u0301guliers, aides financie\u0300res et accompagnement psychologique.<\/p>\n<p class=\"ap-article-footer-note\">Retrouvez plus d\u2019actualit\u00e9s et d\u2019analyses sur <span class=\"ap-highlight-country\">Congo Brazzaville<\/span> sur le site <span class=\"ap-highlight-brand\">Africa Press<\/span><\/p>\n","protected":false},"excerpt":{"rendered":"<p>Africa-Press &#8211; Congo Brazzaville. Quatorze ans apre\u0300s la tragique explosion du de\u0301po\u0302t d\u2019armes survenue le 4 mars 2012 a\u0300 Brazzaville, les survivants et les familles endeuille\u0301es comme\u0301morent un drame qui a fait plusieurs morts, des centaines de blesse\u0301s, ainsi que des de\u0301ga\u0302ts mate\u0301riels. Parmi les victimes figurent ceux ayant perdu une main et un pied, [&hellip;]<\/p>\n","protected":false},"author":82,"featured_media":54324,"comment_status":"open","ping_status":"closed","sticky":false,"template":"","format":"standard","meta":{"footnotes":""},"categories":[21,10],"tags":[46],"class_list":["post-54325","post","type-post","status-publish","format-standard","has-post-thumbnail","hentry","category-communaute","category-toutes-les-actualites","tag-congo-brazzaville"],"yoast_head":"<!-- This site is optimized with the Yoast SEO Premium plugin v26.1 (Yoast SEO v27.0) - https:\/\/yoast.com\/product\/yoast-seo-premium-wordpress\/ -->\n<title>Victimes du 4 Mars Attendent Prise en Charge Gouvernementale - Congo Brazzaville<\/title>\n<meta name=\"description\" content=\"-article-header-tag&quot;&gt; Africa-Press - Congo Brazzaville. Quatorze ans apre\u0300 ...\" \/>\n<meta name=\"robots\" content=\"index, follow, max-snippet:-1, max-image-preview:large, max-video-preview:-1\" \/>\n<link rel=\"canonical\" href=\"https:\/\/www.africa-press.net\/congo-brazzaville\/toutes-les-actualites\/victimes-du-4-mars-attendent-prise-en-charge-gouvernementale\" \/>\n<meta property=\"og:locale\" content=\"fr_FR\" \/>\n<meta property=\"og:type\" content=\"article\" \/>\n<meta property=\"og:title\" content=\"Victimes du 4 Mars Attendent Prise en Charge Gouvernementale\" \/>\n<meta property=\"og:description\" content=\"-article-header-tag&quot;&gt; Africa-Press - Congo Brazzaville. Quatorze ans apre\u0300 ...\" \/>\n<meta property=\"og:url\" content=\"https:\/\/www.africa-press.net\/congo-brazzaville\/toutes-les-actualites\/victimes-du-4-mars-attendent-prise-en-charge-gouvernementale\" \/>\n<meta property=\"og:site_name\" content=\"Congo Brazzaville\" \/>\n<meta property=\"article:published_time\" content=\"2026-03-13T21:05:34+00:00\" \/>\n<meta property=\"article:modified_time\" content=\"2026-03-13T22:19:37+00:00\" \/>\n<meta property=\"og:image\" content=\"https:\/\/static.africa-press.net\/congo-brazzaville\/sites\/51\/2026\/03\/sm_1773439246.989506.jpg\" \/>\n\t<meta property=\"og:image:width\" content=\"770\" \/>\n\t<meta property=\"og:image:height\" content=\"470\" \/>\n\t<meta property=\"og:image:type\" content=\"image\/jpeg\" \/>\n<meta name=\"author\" content=\"cfeditorfr\" \/>\n<meta name=\"twitter:card\" content=\"summary_large_image\" \/>\n<meta name=\"twitter:label1\" content=\"\u00c9crit par\" \/>\n\t<meta name=\"twitter:data1\" content=\"cfeditorfr\" \/>\n\t<meta name=\"twitter:label2\" content=\"Dur\u00e9e de lecture estim\u00e9e\" \/>\n\t<meta name=\"twitter:data2\" content=\"3 minutes\" \/>\n<script type=\"application\/ld+json\" class=\"yoast-schema-graph\">{\"@context\":\"https:\/\/schema.org\",\"@graph\":[{\"@type\":\"Article\",\"@id\":\"https:\/\/www.africa-press.net\/congo-brazzaville\/toutes-les-actualites\/victimes-du-4-mars-attendent-prise-en-charge-gouvernementale#article\",\"isPartOf\":{\"@id\":\"https:\/\/www.africa-press.net\/congo-brazzaville\/toutes-les-actualites\/victimes-du-4-mars-attendent-prise-en-charge-gouvernementale\"},\"author\":{\"name\":\"cfeditorfr\",\"@id\":\"https:\/\/www.africa-press.net\/congo-brazzaville\/#\/schema\/person\/2b1cf3cd81a31e3cd26889ca66d677f1\"},\"headline\":\"Victimes du 4 Mars Attendent Prise en Charge Gouvernementale\",\"datePublished\":\"2026-03-13T21:05:34+00:00\",\"dateModified\":\"2026-03-13T22:19:37+00:00\",\"mainEntityOfPage\":{\"@id\":\"https:\/\/www.africa-press.net\/congo-brazzaville\/toutes-les-actualites\/victimes-du-4-mars-attendent-prise-en-charge-gouvernementale\"},\"wordCount\":477,\"commentCount\":0,\"image\":{\"@id\":\"https:\/\/www.africa-press.net\/congo-brazzaville\/toutes-les-actualites\/victimes-du-4-mars-attendent-prise-en-charge-gouvernementale#primaryimage\"},\"thumbnailUrl\":\"https:\/\/static.africa-press.net\/congo-brazzaville\/sites\/51\/2026\/03\/sm_1773439246.989506.jpg\",\"keywords\":[\"Congo Brazzaville\"],\"articleSection\":[\"Communaut\u00e9\",\"Toutes les actualit\u00e9s\"],\"inLanguage\":\"fr-FR\",\"potentialAction\":[{\"@type\":\"CommentAction\",\"name\":\"Comment\",\"target\":[\"https:\/\/www.africa-press.net\/congo-brazzaville\/toutes-les-actualites\/victimes-du-4-mars-attendent-prise-en-charge-gouvernementale#respond\"]}]},{\"@type\":\"WebPage\",\"@id\":\"https:\/\/www.africa-press.net\/congo-brazzaville\/toutes-les-actualites\/victimes-du-4-mars-attendent-prise-en-charge-gouvernementale\",\"url\":\"https:\/\/www.africa-press.net\/congo-brazzaville\/toutes-les-actualites\/victimes-du-4-mars-attendent-prise-en-charge-gouvernementale\",\"name\":\"Victimes du 4 Mars Attendent Prise en Charge Gouvernementale - Congo Brazzaville\",\"isPartOf\":{\"@id\":\"https:\/\/www.africa-press.net\/congo-brazzaville\/#website\"},\"primaryImageOfPage\":{\"@id\":\"https:\/\/www.africa-press.net\/congo-brazzaville\/toutes-les-actualites\/victimes-du-4-mars-attendent-prise-en-charge-gouvernementale#primaryimage\"},\"image\":{\"@id\":\"https:\/\/www.africa-press.net\/congo-brazzaville\/toutes-les-actualites\/victimes-du-4-mars-attendent-prise-en-charge-gouvernementale#primaryimage\"},\"thumbnailUrl\":\"https:\/\/static.africa-press.net\/congo-brazzaville\/sites\/51\/2026\/03\/sm_1773439246.989506.jpg\",\"datePublished\":\"2026-03-13T21:05:34+00:00\",\"dateModified\":\"2026-03-13T22:19:37+00:00\",\"author\":{\"@id\":\"https:\/\/www.africa-press.net\/congo-brazzaville\/#\/schema\/person\/2b1cf3cd81a31e3cd26889ca66d677f1\"},\"description\":\"-article-header-tag\\\"> Africa-Press - Congo Brazzaville. Quatorze ans apre\u0300 ...\",\"breadcrumb\":{\"@id\":\"https:\/\/www.africa-press.net\/congo-brazzaville\/toutes-les-actualites\/victimes-du-4-mars-attendent-prise-en-charge-gouvernementale#breadcrumb\"},\"inLanguage\":\"fr-FR\",\"potentialAction\":[{\"@type\":\"ReadAction\",\"target\":[\"https:\/\/www.africa-press.net\/congo-brazzaville\/toutes-les-actualites\/victimes-du-4-mars-attendent-prise-en-charge-gouvernementale\"]}]},{\"@type\":\"ImageObject\",\"inLanguage\":\"fr-FR\",\"@id\":\"https:\/\/www.africa-press.net\/congo-brazzaville\/toutes-les-actualites\/victimes-du-4-mars-attendent-prise-en-charge-gouvernementale#primaryimage\",\"url\":\"https:\/\/static.africa-press.net\/congo-brazzaville\/sites\/51\/2026\/03\/sm_1773439246.989506.jpg\",\"contentUrl\":\"https:\/\/static.africa-press.net\/congo-brazzaville\/sites\/51\/2026\/03\/sm_1773439246.989506.jpg\",\"width\":770,\"height\":470,\"caption\":\"Victimes du 4 Mars Attendent Prise en Charge Gouvernementale\"},{\"@type\":\"BreadcrumbList\",\"@id\":\"https:\/\/www.africa-press.net\/congo-brazzaville\/toutes-les-actualites\/victimes-du-4-mars-attendent-prise-en-charge-gouvernementale#breadcrumb\",\"itemListElement\":[{\"@type\":\"ListItem\",\"position\":1,\"name\":\"Accueil\",\"item\":\"https:\/\/www.africa-press.net\/congo-brazzaville\/\"},{\"@type\":\"ListItem\",\"position\":2,\"name\":\"Victimes du 4 Mars Attendent Prise en Charge Gouvernementale\"}]},{\"@type\":\"WebSite\",\"@id\":\"https:\/\/www.africa-press.net\/congo-brazzaville\/#website\",\"url\":\"https:\/\/www.africa-press.net\/congo-brazzaville\/\",\"name\":\"Congo Brazzaville\",\"description\":\"Just another Africa News Agency Sites site\",\"potentialAction\":[{\"@type\":\"SearchAction\",\"target\":{\"@type\":\"EntryPoint\",\"urlTemplate\":\"https:\/\/www.africa-press.net\/congo-brazzaville\/?s={search_term_string}\"},\"query-input\":{\"@type\":\"PropertyValueSpecification\",\"valueRequired\":true,\"valueName\":\"search_term_string\"}}],\"inLanguage\":\"fr-FR\"},{\"@type\":\"Person\",\"@id\":\"https:\/\/www.africa-press.net\/congo-brazzaville\/#\/schema\/person\/2b1cf3cd81a31e3cd26889ca66d677f1\",\"name\":\"cfeditorfr\"}]}<\/script>\n<!-- \/ Yoast SEO Premium plugin. -->","yoast_head_json":{"title":"Victimes du 4 Mars Attendent Prise en Charge Gouvernementale - Congo Brazzaville","description":"-article-header-tag\"> Africa-Press - Congo Brazzaville. Quatorze ans apre\u0300 ...","robots":{"index":"index","follow":"follow","max-snippet":"max-snippet:-1","max-image-preview":"max-image-preview:large","max-video-preview":"max-video-preview:-1"},"canonical":"https:\/\/www.africa-press.net\/congo-brazzaville\/toutes-les-actualites\/victimes-du-4-mars-attendent-prise-en-charge-gouvernementale","og_locale":"fr_FR","og_type":"article","og_title":"Victimes du 4 Mars Attendent Prise en Charge Gouvernementale","og_description":"-article-header-tag\"> Africa-Press - Congo Brazzaville. Quatorze ans apre\u0300 ...","og_url":"https:\/\/www.africa-press.net\/congo-brazzaville\/toutes-les-actualites\/victimes-du-4-mars-attendent-prise-en-charge-gouvernementale","og_site_name":"Congo Brazzaville","article_published_time":"2026-03-13T21:05:34+00:00","article_modified_time":"2026-03-13T22:19:37+00:00","og_image":[{"width":770,"height":470,"url":"https:\/\/static.africa-press.net\/congo-brazzaville\/sites\/51\/2026\/03\/sm_1773439246.989506.jpg","type":"image\/jpeg"}],"author":"cfeditorfr","twitter_card":"summary_large_image","twitter_misc":{"\u00c9crit par":"cfeditorfr","Dur\u00e9e de lecture estim\u00e9e":"3 minutes"},"schema":{"@context":"https:\/\/schema.org","@graph":[{"@type":"Article","@id":"https:\/\/www.africa-press.net\/congo-brazzaville\/toutes-les-actualites\/victimes-du-4-mars-attendent-prise-en-charge-gouvernementale#article","isPartOf":{"@id":"https:\/\/www.africa-press.net\/congo-brazzaville\/toutes-les-actualites\/victimes-du-4-mars-attendent-prise-en-charge-gouvernementale"},"author":{"name":"cfeditorfr","@id":"https:\/\/www.africa-press.net\/congo-brazzaville\/#\/schema\/person\/2b1cf3cd81a31e3cd26889ca66d677f1"},"headline":"Victimes du 4 Mars Attendent Prise en Charge Gouvernementale","datePublished":"2026-03-13T21:05:34+00:00","dateModified":"2026-03-13T22:19:37+00:00","mainEntityOfPage":{"@id":"https:\/\/www.africa-press.net\/congo-brazzaville\/toutes-les-actualites\/victimes-du-4-mars-attendent-prise-en-charge-gouvernementale"},"wordCount":477,"commentCount":0,"image":{"@id":"https:\/\/www.africa-press.net\/congo-brazzaville\/toutes-les-actualites\/victimes-du-4-mars-attendent-prise-en-charge-gouvernementale#primaryimage"},"thumbnailUrl":"https:\/\/static.africa-press.net\/congo-brazzaville\/sites\/51\/2026\/03\/sm_1773439246.989506.jpg","keywords":["Congo Brazzaville"],"articleSection":["Communaut\u00e9","Toutes les actualit\u00e9s"],"inLanguage":"fr-FR","potentialAction":[{"@type":"CommentAction","name":"Comment","target":["https:\/\/www.africa-press.net\/congo-brazzaville\/toutes-les-actualites\/victimes-du-4-mars-attendent-prise-en-charge-gouvernementale#respond"]}]},{"@type":"WebPage","@id":"https:\/\/www.africa-press.net\/congo-brazzaville\/toutes-les-actualites\/victimes-du-4-mars-attendent-prise-en-charge-gouvernementale","url":"https:\/\/www.africa-press.net\/congo-brazzaville\/toutes-les-actualites\/victimes-du-4-mars-attendent-prise-en-charge-gouvernementale","name":"Victimes du 4 Mars Attendent Prise en Charge Gouvernementale - Congo Brazzaville","isPartOf":{"@id":"https:\/\/www.africa-press.net\/congo-brazzaville\/#website"},"primaryImageOfPage":{"@id":"https:\/\/www.africa-press.net\/congo-brazzaville\/toutes-les-actualites\/victimes-du-4-mars-attendent-prise-en-charge-gouvernementale#primaryimage"},"image":{"@id":"https:\/\/www.africa-press.net\/congo-brazzaville\/toutes-les-actualites\/victimes-du-4-mars-attendent-prise-en-charge-gouvernementale#primaryimage"},"thumbnailUrl":"https:\/\/static.africa-press.net\/congo-brazzaville\/sites\/51\/2026\/03\/sm_1773439246.989506.jpg","datePublished":"2026-03-13T21:05:34+00:00","dateModified":"2026-03-13T22:19:37+00:00","author":{"@id":"https:\/\/www.africa-press.net\/congo-brazzaville\/#\/schema\/person\/2b1cf3cd81a31e3cd26889ca66d677f1"},"description":"-article-header-tag\"> Africa-Press - Congo Brazzaville. Quatorze ans apre\u0300 ...","breadcrumb":{"@id":"https:\/\/www.africa-press.net\/congo-brazzaville\/toutes-les-actualites\/victimes-du-4-mars-attendent-prise-en-charge-gouvernementale#breadcrumb"},"inLanguage":"fr-FR","potentialAction":[{"@type":"ReadAction","target":["https:\/\/www.africa-press.net\/congo-brazzaville\/toutes-les-actualites\/victimes-du-4-mars-attendent-prise-en-charge-gouvernementale"]}]},{"@type":"ImageObject","inLanguage":"fr-FR","@id":"https:\/\/www.africa-press.net\/congo-brazzaville\/toutes-les-actualites\/victimes-du-4-mars-attendent-prise-en-charge-gouvernementale#primaryimage","url":"https:\/\/static.africa-press.net\/congo-brazzaville\/sites\/51\/2026\/03\/sm_1773439246.989506.jpg","contentUrl":"https:\/\/static.africa-press.net\/congo-brazzaville\/sites\/51\/2026\/03\/sm_1773439246.989506.jpg","width":770,"height":470,"caption":"Victimes du 4 Mars Attendent Prise en Charge Gouvernementale"},{"@type":"BreadcrumbList","@id":"https:\/\/www.africa-press.net\/congo-brazzaville\/toutes-les-actualites\/victimes-du-4-mars-attendent-prise-en-charge-gouvernementale#breadcrumb","itemListElement":[{"@type":"ListItem","position":1,"name":"Accueil","item":"https:\/\/www.africa-press.net\/congo-brazzaville\/"},{"@type":"ListItem","position":2,"name":"Victimes du 4 Mars Attendent Prise en Charge Gouvernementale"}]},{"@type":"WebSite","@id":"https:\/\/www.africa-press.net\/congo-brazzaville\/#website","url":"https:\/\/www.africa-press.net\/congo-brazzaville\/","name":"Congo Brazzaville","description":"Just another Africa News Agency Sites site","potentialAction":[{"@type":"SearchAction","target":{"@type":"EntryPoint","urlTemplate":"https:\/\/www.africa-press.net\/congo-brazzaville\/?s={search_term_string}"},"query-input":{"@type":"PropertyValueSpecification","valueRequired":true,"valueName":"search_term_string"}}],"inLanguage":"fr-FR"},{"@type":"Person","@id":"https:\/\/www.africa-press.net\/congo-brazzaville\/#\/schema\/person\/2b1cf3cd81a31e3cd26889ca66d677f1","name":"cfeditorfr"}]}},"_links":{"self":[{"href":"https:\/\/www.africa-press.net\/congo-brazzaville\/wp-json\/wp\/v2\/posts\/54325","targetHints":{"allow":["GET"]}}],"collection":[{"href":"https:\/\/www.africa-press.net\/congo-brazzaville\/wp-json\/wp\/v2\/posts"}],"about":[{"href":"https:\/\/www.africa-press.net\/congo-brazzaville\/wp-json\/wp\/v2\/types\/post"}],"author":[{"embeddable":true,"href":"https:\/\/www.africa-press.net\/congo-brazzaville\/wp-json\/wp\/v2\/users\/82"}],"replies":[{"embeddable":true,"href":"https:\/\/www.africa-press.net\/congo-brazzaville\/wp-json\/wp\/v2\/comments?post=54325"}],"version-history":[{"count":0,"href":"https:\/\/www.africa-press.net\/congo-brazzaville\/wp-json\/wp\/v2\/posts\/54325\/revisions"}],"wp:featuredmedia":[{"embeddable":true,"href":"https:\/\/www.africa-press.net\/congo-brazzaville\/wp-json\/wp\/v2\/media\/54324"}],"wp:attachment":[{"href":"https:\/\/www.africa-press.net\/congo-brazzaville\/wp-json\/wp\/v2\/media?parent=54325"}],"wp:term":[{"taxonomy":"category","embeddable":true,"href":"https:\/\/www.africa-press.net\/congo-brazzaville\/wp-json\/wp\/v2\/categories?post=54325"},{"taxonomy":"post_tag","embeddable":true,"href":"https:\/\/www.africa-press.net\/congo-brazzaville\/wp-json\/wp\/v2\/tags?post=54325"}],"curies":[{"name":"wp","href":"https:\/\/api.w.org\/{rel}","templated":true}]}}