{"id":54387,"date":"2026-03-15T23:27:55","date_gmt":"2026-03-15T23:27:55","guid":{"rendered":"https:\/\/www.africa-press.net\/congo-brazzaville\/politique\/retard-dans-la-distribution-des-bulletins-a-poto-poto-2"},"modified":"2026-03-16T00:19:34","modified_gmt":"2026-03-16T00:19:34","slug":"retard-dans-la-distribution-des-bulletins-a-poto-poto-2","status":"publish","type":"post","link":"https:\/\/www.africa-press.net\/congo-brazzaville\/politique\/retard-dans-la-distribution-des-bulletins-a-poto-poto-2","title":{"rendered":"Retard Dans La Distribution Des Bulletins \u00c0 Poto-Poto 2"},"content":{"rendered":"<p><span class=\"ap-article-header-tag\"> <strong>Africa-Press &#8211; Congo Brazzaville. <\/strong> <\/span><b>Le vote de l\u2019e\u0301lection pre\u0301sidentielle du 15 mars, a connu un retard dans la distribution de bulletins de vote au niveau du centre de vote au foyer social, quartier 334 de l\u2019arrondissement 3 Poto-Poto, 407 e\u0301lecteurs sont inscrits au bureau de vote le personnel est en poste depuis 7 heures. Malheureusement, le scrutin n\u2019a pas encore pu de\u0301buter jusqu\u2019a\u0300 10 heures en raison d\u2019un manque de bulletins de vote.<\/b><\/p>\n<p>\u00ab Nous avons commence\u0301 a\u0300 7 heures, mais jusqu\u2019a\u0300 pre\u0301sent, nous avons un proble\u0300me avec les bulletins de vote. Nous attendons que les autorite\u0301s compe\u0301tentes nous en assurent pour de\u0301marrer le travail \u00bb, explique Patrick Elenga, pre\u0301sident du bureau de vote du foyer social.<\/p>\n<p>Me\u0302me constat au bureau de vote de la Poste et a\u0300 l\u2019e\u0301cole KTP, ou\u0300 le personnel reste debout, attendant toujours les bulletins pour commencer.<\/p>\n<p>Cette situation est vivement de\u0301plore\u0301e par un de\u0301le\u0301gue\u0301 d\u2019un candidat.<\/p>\n<p>\u00ab Les e\u0301lecteurs arrivent, mais faute de bulletins de vote, ils sont oblige\u0301s de rebrousser chemin \u00bb, dit Irma Siassia, assesseur au bureau de vote de l\u2019e\u0301cole KTP.<\/p>\n<p>Les de\u0301le\u0301gue\u0301s pre\u0301sents dans ces bureaux attendent jusqu\u2019a\u0300 10h30 l\u2019arrive\u0301e des bulletins, \u00ab C\u2019est vraiment de\u0301plorable. Les e\u0301lecteurs viennent ve\u0301rifier les listes ; une fois dans la salle de vote, pas de bulletins. Pensez-vous qu\u2019ils auront encore la volonte\u0301 de revenir voter une fois rentre\u0301s chez eux? \u00bb, s\u2019interroge Bruno Azona, de\u0301le\u0301gue\u0301 d\u2019un candidat.<\/p>\n<p>Pour cette e\u0301lection de mars 2026, on note la pre\u0301sence des de\u0301le\u0301gue\u0301s de la majorite\u0301 pre\u0301sidentielle, mais l\u2019absence de ceux de plusieurs autres candidats.<\/p>\n<p class=\"ap-article-footer-note\">Retrouvez plus d\u2019actualit\u00e9s et d\u2019analyses sur <span class=\"ap-highlight-country\">Congo Brazzaville<\/span> sur le site <span class=\"ap-highlight-brand\">Africa Press<\/span><\/p>\n","protected":false},"excerpt":{"rendered":"<p>Africa-Press &#8211; Congo Brazzaville. Le vote de l\u2019e\u0301lection pre\u0301sidentielle du 15 mars, a connu un retard dans la distribution de bulletins de vote au niveau du centre de vote au foyer social, quartier 334 de l\u2019arrondissement 3 Poto-Poto, 407 e\u0301lecteurs sont inscrits au bureau de vote le personnel est en poste depuis 7 heures. Malheureusement, [&hellip;]<\/p>\n","protected":false},"author":82,"featured_media":54386,"comment_status":"open","ping_status":"closed","sticky":false,"template":"","format":"standard","meta":{"footnotes":""},"categories":[2,10],"tags":[46],"class_list":["post-54387","post","type-post","status-publish","format-standard","has-post-thumbnail","hentry","category-politique","category-toutes-les-actualites","tag-congo-brazzaville"],"yoast_head":"<!-- This site is optimized with the Yoast SEO Premium plugin v26.1 (Yoast SEO v27.0) - https:\/\/yoast.com\/product\/yoast-seo-premium-wordpress\/ -->\n<title>Retard Dans La Distribution Des Bulletins \u00c0 Poto-Poto 2 - Congo Brazzaville<\/title>\n<meta name=\"description\" content=\"-article-header-tag&quot;&gt; Africa-Press - Congo Brazzaville. Le vote de l\u2019e\u0301lec ...\" \/>\n<meta name=\"robots\" content=\"index, follow, max-snippet:-1, max-image-preview:large, max-video-preview:-1\" \/>\n<link rel=\"canonical\" href=\"https:\/\/www.africa-press.net\/congo-brazzaville\/politique\/retard-dans-la-distribution-des-bulletins-a-poto-poto-2\" \/>\n<meta property=\"og:locale\" content=\"fr_FR\" \/>\n<meta property=\"og:type\" content=\"article\" \/>\n<meta property=\"og:title\" content=\"Retard Dans La Distribution Des Bulletins \u00c0 Poto-Poto 2\" \/>\n<meta property=\"og:description\" content=\"-article-header-tag&quot;&gt; Africa-Press - Congo Brazzaville. Le vote de l\u2019e\u0301lec ...\" \/>\n<meta property=\"og:url\" content=\"https:\/\/www.africa-press.net\/congo-brazzaville\/politique\/retard-dans-la-distribution-des-bulletins-a-poto-poto-2\" \/>\n<meta property=\"og:site_name\" content=\"Congo Brazzaville\" \/>\n<meta property=\"article:published_time\" content=\"2026-03-15T23:27:55+00:00\" \/>\n<meta property=\"article:modified_time\" content=\"2026-03-16T00:19:34+00:00\" \/>\n<meta property=\"og:image\" content=\"https:\/\/static.africa-press.net\/congo-brazzaville\/sites\/51\/2026\/03\/sm_1773619076.851828.jpg\" \/>\n\t<meta property=\"og:image:width\" content=\"770\" \/>\n\t<meta property=\"og:image:height\" content=\"470\" \/>\n\t<meta property=\"og:image:type\" content=\"image\/jpeg\" \/>\n<meta name=\"author\" content=\"cfeditorfr\" \/>\n<meta name=\"twitter:card\" content=\"summary_large_image\" \/>\n<meta name=\"twitter:label1\" content=\"\u00c9crit par\" \/>\n\t<meta name=\"twitter:data1\" content=\"cfeditorfr\" \/>\n\t<meta name=\"twitter:label2\" content=\"Dur\u00e9e de lecture estim\u00e9e\" \/>\n\t<meta name=\"twitter:data2\" content=\"2 minutes\" \/>\n<script type=\"application\/ld+json\" class=\"yoast-schema-graph\">{\"@context\":\"https:\/\/schema.org\",\"@graph\":[{\"@type\":\"Article\",\"@id\":\"https:\/\/www.africa-press.net\/congo-brazzaville\/politique\/retard-dans-la-distribution-des-bulletins-a-poto-poto-2#article\",\"isPartOf\":{\"@id\":\"https:\/\/www.africa-press.net\/congo-brazzaville\/politique\/retard-dans-la-distribution-des-bulletins-a-poto-poto-2\"},\"author\":{\"name\":\"cfeditorfr\",\"@id\":\"https:\/\/www.africa-press.net\/congo-brazzaville\/#\/schema\/person\/2b1cf3cd81a31e3cd26889ca66d677f1\"},\"headline\":\"Retard Dans La Distribution Des Bulletins \u00c0 Poto-Poto 2\",\"datePublished\":\"2026-03-15T23:27:55+00:00\",\"dateModified\":\"2026-03-16T00:19:34+00:00\",\"mainEntityOfPage\":{\"@id\":\"https:\/\/www.africa-press.net\/congo-brazzaville\/politique\/retard-dans-la-distribution-des-bulletins-a-poto-poto-2\"},\"wordCount\":317,\"commentCount\":0,\"image\":{\"@id\":\"https:\/\/www.africa-press.net\/congo-brazzaville\/politique\/retard-dans-la-distribution-des-bulletins-a-poto-poto-2#primaryimage\"},\"thumbnailUrl\":\"https:\/\/static.africa-press.net\/congo-brazzaville\/sites\/51\/2026\/03\/sm_1773619076.851828.jpg\",\"keywords\":[\"Congo Brazzaville\"],\"articleSection\":[\"Politique\",\"Toutes les actualit\u00e9s\"],\"inLanguage\":\"fr-FR\",\"potentialAction\":[{\"@type\":\"CommentAction\",\"name\":\"Comment\",\"target\":[\"https:\/\/www.africa-press.net\/congo-brazzaville\/politique\/retard-dans-la-distribution-des-bulletins-a-poto-poto-2#respond\"]}]},{\"@type\":\"WebPage\",\"@id\":\"https:\/\/www.africa-press.net\/congo-brazzaville\/politique\/retard-dans-la-distribution-des-bulletins-a-poto-poto-2\",\"url\":\"https:\/\/www.africa-press.net\/congo-brazzaville\/politique\/retard-dans-la-distribution-des-bulletins-a-poto-poto-2\",\"name\":\"Retard Dans La Distribution Des Bulletins \u00c0 Poto-Poto 2 - Congo Brazzaville\",\"isPartOf\":{\"@id\":\"https:\/\/www.africa-press.net\/congo-brazzaville\/#website\"},\"primaryImageOfPage\":{\"@id\":\"https:\/\/www.africa-press.net\/congo-brazzaville\/politique\/retard-dans-la-distribution-des-bulletins-a-poto-poto-2#primaryimage\"},\"image\":{\"@id\":\"https:\/\/www.africa-press.net\/congo-brazzaville\/politique\/retard-dans-la-distribution-des-bulletins-a-poto-poto-2#primaryimage\"},\"thumbnailUrl\":\"https:\/\/static.africa-press.net\/congo-brazzaville\/sites\/51\/2026\/03\/sm_1773619076.851828.jpg\",\"datePublished\":\"2026-03-15T23:27:55+00:00\",\"dateModified\":\"2026-03-16T00:19:34+00:00\",\"author\":{\"@id\":\"https:\/\/www.africa-press.net\/congo-brazzaville\/#\/schema\/person\/2b1cf3cd81a31e3cd26889ca66d677f1\"},\"description\":\"-article-header-tag\\\"> Africa-Press - Congo Brazzaville. Le vote de l\u2019e\u0301lec ...\",\"breadcrumb\":{\"@id\":\"https:\/\/www.africa-press.net\/congo-brazzaville\/politique\/retard-dans-la-distribution-des-bulletins-a-poto-poto-2#breadcrumb\"},\"inLanguage\":\"fr-FR\",\"potentialAction\":[{\"@type\":\"ReadAction\",\"target\":[\"https:\/\/www.africa-press.net\/congo-brazzaville\/politique\/retard-dans-la-distribution-des-bulletins-a-poto-poto-2\"]}]},{\"@type\":\"ImageObject\",\"inLanguage\":\"fr-FR\",\"@id\":\"https:\/\/www.africa-press.net\/congo-brazzaville\/politique\/retard-dans-la-distribution-des-bulletins-a-poto-poto-2#primaryimage\",\"url\":\"https:\/\/static.africa-press.net\/congo-brazzaville\/sites\/51\/2026\/03\/sm_1773619076.851828.jpg\",\"contentUrl\":\"https:\/\/static.africa-press.net\/congo-brazzaville\/sites\/51\/2026\/03\/sm_1773619076.851828.jpg\",\"width\":770,\"height\":470,\"caption\":\"Retard Dans La Distribution Des Bulletins \u00c0 Poto-Poto 2\"},{\"@type\":\"BreadcrumbList\",\"@id\":\"https:\/\/www.africa-press.net\/congo-brazzaville\/politique\/retard-dans-la-distribution-des-bulletins-a-poto-poto-2#breadcrumb\",\"itemListElement\":[{\"@type\":\"ListItem\",\"position\":1,\"name\":\"Accueil\",\"item\":\"https:\/\/www.africa-press.net\/congo-brazzaville\/\"},{\"@type\":\"ListItem\",\"position\":2,\"name\":\"Retard Dans La Distribution Des Bulletins \u00c0 Poto-Poto 2\"}]},{\"@type\":\"WebSite\",\"@id\":\"https:\/\/www.africa-press.net\/congo-brazzaville\/#website\",\"url\":\"https:\/\/www.africa-press.net\/congo-brazzaville\/\",\"name\":\"Congo Brazzaville\",\"description\":\"Just another Africa News Agency Sites site\",\"potentialAction\":[{\"@type\":\"SearchAction\",\"target\":{\"@type\":\"EntryPoint\",\"urlTemplate\":\"https:\/\/www.africa-press.net\/congo-brazzaville\/?s={search_term_string}\"},\"query-input\":{\"@type\":\"PropertyValueSpecification\",\"valueRequired\":true,\"valueName\":\"search_term_string\"}}],\"inLanguage\":\"fr-FR\"},{\"@type\":\"Person\",\"@id\":\"https:\/\/www.africa-press.net\/congo-brazzaville\/#\/schema\/person\/2b1cf3cd81a31e3cd26889ca66d677f1\",\"name\":\"cfeditorfr\"}]}<\/script>\n<!-- \/ Yoast SEO Premium plugin. -->","yoast_head_json":{"title":"Retard Dans La Distribution Des Bulletins \u00c0 Poto-Poto 2 - Congo Brazzaville","description":"-article-header-tag\"> Africa-Press - Congo Brazzaville. Le vote de l\u2019e\u0301lec ...","robots":{"index":"index","follow":"follow","max-snippet":"max-snippet:-1","max-image-preview":"max-image-preview:large","max-video-preview":"max-video-preview:-1"},"canonical":"https:\/\/www.africa-press.net\/congo-brazzaville\/politique\/retard-dans-la-distribution-des-bulletins-a-poto-poto-2","og_locale":"fr_FR","og_type":"article","og_title":"Retard Dans La Distribution Des Bulletins \u00c0 Poto-Poto 2","og_description":"-article-header-tag\"> Africa-Press - Congo Brazzaville. Le vote de l\u2019e\u0301lec ...","og_url":"https:\/\/www.africa-press.net\/congo-brazzaville\/politique\/retard-dans-la-distribution-des-bulletins-a-poto-poto-2","og_site_name":"Congo Brazzaville","article_published_time":"2026-03-15T23:27:55+00:00","article_modified_time":"2026-03-16T00:19:34+00:00","og_image":[{"width":770,"height":470,"url":"https:\/\/static.africa-press.net\/congo-brazzaville\/sites\/51\/2026\/03\/sm_1773619076.851828.jpg","type":"image\/jpeg"}],"author":"cfeditorfr","twitter_card":"summary_large_image","twitter_misc":{"\u00c9crit par":"cfeditorfr","Dur\u00e9e de lecture estim\u00e9e":"2 minutes"},"schema":{"@context":"https:\/\/schema.org","@graph":[{"@type":"Article","@id":"https:\/\/www.africa-press.net\/congo-brazzaville\/politique\/retard-dans-la-distribution-des-bulletins-a-poto-poto-2#article","isPartOf":{"@id":"https:\/\/www.africa-press.net\/congo-brazzaville\/politique\/retard-dans-la-distribution-des-bulletins-a-poto-poto-2"},"author":{"name":"cfeditorfr","@id":"https:\/\/www.africa-press.net\/congo-brazzaville\/#\/schema\/person\/2b1cf3cd81a31e3cd26889ca66d677f1"},"headline":"Retard Dans La Distribution Des Bulletins \u00c0 Poto-Poto 2","datePublished":"2026-03-15T23:27:55+00:00","dateModified":"2026-03-16T00:19:34+00:00","mainEntityOfPage":{"@id":"https:\/\/www.africa-press.net\/congo-brazzaville\/politique\/retard-dans-la-distribution-des-bulletins-a-poto-poto-2"},"wordCount":317,"commentCount":0,"image":{"@id":"https:\/\/www.africa-press.net\/congo-brazzaville\/politique\/retard-dans-la-distribution-des-bulletins-a-poto-poto-2#primaryimage"},"thumbnailUrl":"https:\/\/static.africa-press.net\/congo-brazzaville\/sites\/51\/2026\/03\/sm_1773619076.851828.jpg","keywords":["Congo Brazzaville"],"articleSection":["Politique","Toutes les actualit\u00e9s"],"inLanguage":"fr-FR","potentialAction":[{"@type":"CommentAction","name":"Comment","target":["https:\/\/www.africa-press.net\/congo-brazzaville\/politique\/retard-dans-la-distribution-des-bulletins-a-poto-poto-2#respond"]}]},{"@type":"WebPage","@id":"https:\/\/www.africa-press.net\/congo-brazzaville\/politique\/retard-dans-la-distribution-des-bulletins-a-poto-poto-2","url":"https:\/\/www.africa-press.net\/congo-brazzaville\/politique\/retard-dans-la-distribution-des-bulletins-a-poto-poto-2","name":"Retard Dans La Distribution Des Bulletins \u00c0 Poto-Poto 2 - Congo Brazzaville","isPartOf":{"@id":"https:\/\/www.africa-press.net\/congo-brazzaville\/#website"},"primaryImageOfPage":{"@id":"https:\/\/www.africa-press.net\/congo-brazzaville\/politique\/retard-dans-la-distribution-des-bulletins-a-poto-poto-2#primaryimage"},"image":{"@id":"https:\/\/www.africa-press.net\/congo-brazzaville\/politique\/retard-dans-la-distribution-des-bulletins-a-poto-poto-2#primaryimage"},"thumbnailUrl":"https:\/\/static.africa-press.net\/congo-brazzaville\/sites\/51\/2026\/03\/sm_1773619076.851828.jpg","datePublished":"2026-03-15T23:27:55+00:00","dateModified":"2026-03-16T00:19:34+00:00","author":{"@id":"https:\/\/www.africa-press.net\/congo-brazzaville\/#\/schema\/person\/2b1cf3cd81a31e3cd26889ca66d677f1"},"description":"-article-header-tag\"> Africa-Press - Congo Brazzaville. Le vote de l\u2019e\u0301lec ...","breadcrumb":{"@id":"https:\/\/www.africa-press.net\/congo-brazzaville\/politique\/retard-dans-la-distribution-des-bulletins-a-poto-poto-2#breadcrumb"},"inLanguage":"fr-FR","potentialAction":[{"@type":"ReadAction","target":["https:\/\/www.africa-press.net\/congo-brazzaville\/politique\/retard-dans-la-distribution-des-bulletins-a-poto-poto-2"]}]},{"@type":"ImageObject","inLanguage":"fr-FR","@id":"https:\/\/www.africa-press.net\/congo-brazzaville\/politique\/retard-dans-la-distribution-des-bulletins-a-poto-poto-2#primaryimage","url":"https:\/\/static.africa-press.net\/congo-brazzaville\/sites\/51\/2026\/03\/sm_1773619076.851828.jpg","contentUrl":"https:\/\/static.africa-press.net\/congo-brazzaville\/sites\/51\/2026\/03\/sm_1773619076.851828.jpg","width":770,"height":470,"caption":"Retard Dans La Distribution Des Bulletins \u00c0 Poto-Poto 2"},{"@type":"BreadcrumbList","@id":"https:\/\/www.africa-press.net\/congo-brazzaville\/politique\/retard-dans-la-distribution-des-bulletins-a-poto-poto-2#breadcrumb","itemListElement":[{"@type":"ListItem","position":1,"name":"Accueil","item":"https:\/\/www.africa-press.net\/congo-brazzaville\/"},{"@type":"ListItem","position":2,"name":"Retard Dans La Distribution Des Bulletins \u00c0 Poto-Poto 2"}]},{"@type":"WebSite","@id":"https:\/\/www.africa-press.net\/congo-brazzaville\/#website","url":"https:\/\/www.africa-press.net\/congo-brazzaville\/","name":"Congo Brazzaville","description":"Just another Africa News Agency Sites site","potentialAction":[{"@type":"SearchAction","target":{"@type":"EntryPoint","urlTemplate":"https:\/\/www.africa-press.net\/congo-brazzaville\/?s={search_term_string}"},"query-input":{"@type":"PropertyValueSpecification","valueRequired":true,"valueName":"search_term_string"}}],"inLanguage":"fr-FR"},{"@type":"Person","@id":"https:\/\/www.africa-press.net\/congo-brazzaville\/#\/schema\/person\/2b1cf3cd81a31e3cd26889ca66d677f1","name":"cfeditorfr"}]}},"_links":{"self":[{"href":"https:\/\/www.africa-press.net\/congo-brazzaville\/wp-json\/wp\/v2\/posts\/54387","targetHints":{"allow":["GET"]}}],"collection":[{"href":"https:\/\/www.africa-press.net\/congo-brazzaville\/wp-json\/wp\/v2\/posts"}],"about":[{"href":"https:\/\/www.africa-press.net\/congo-brazzaville\/wp-json\/wp\/v2\/types\/post"}],"author":[{"embeddable":true,"href":"https:\/\/www.africa-press.net\/congo-brazzaville\/wp-json\/wp\/v2\/users\/82"}],"replies":[{"embeddable":true,"href":"https:\/\/www.africa-press.net\/congo-brazzaville\/wp-json\/wp\/v2\/comments?post=54387"}],"version-history":[{"count":0,"href":"https:\/\/www.africa-press.net\/congo-brazzaville\/wp-json\/wp\/v2\/posts\/54387\/revisions"}],"wp:featuredmedia":[{"embeddable":true,"href":"https:\/\/www.africa-press.net\/congo-brazzaville\/wp-json\/wp\/v2\/media\/54386"}],"wp:attachment":[{"href":"https:\/\/www.africa-press.net\/congo-brazzaville\/wp-json\/wp\/v2\/media?parent=54387"}],"wp:term":[{"taxonomy":"category","embeddable":true,"href":"https:\/\/www.africa-press.net\/congo-brazzaville\/wp-json\/wp\/v2\/categories?post=54387"},{"taxonomy":"post_tag","embeddable":true,"href":"https:\/\/www.africa-press.net\/congo-brazzaville\/wp-json\/wp\/v2\/tags?post=54387"}],"curies":[{"name":"wp","href":"https:\/\/api.w.org\/{rel}","templated":true}]}}