{"id":54393,"date":"2026-03-15T23:33:47","date_gmt":"2026-03-15T23:33:47","guid":{"rendered":"https:\/\/www.africa-press.net\/congo-brazzaville\/politique\/presidentielle-2026-congo-brazzaville-sassou-nguesso-reconduit"},"modified":"2026-03-18T22:46:48","modified_gmt":"2026-03-18T22:46:48","slug":"presidentielle-2026-congo-brazzaville-sassou-nguesso-reconduit","status":"publish","type":"post","link":"https:\/\/www.africa-press.net\/congo-brazzaville\/politique\/presidentielle-2026-congo-brazzaville-sassou-nguesso-reconduit","title":{"rendered":"Pr\u00e9sidentielle 2026 Congo-Brazzaville Sassou Nguesso Reconduit"},"content":{"rendered":"<p><span class=\"ap-article-header-tag\"> <strong>Africa-Press &#8211; Congo Brazzaville. <\/strong> <\/span><b>Le Congo-Brazzaville a vote\u0301 ce dimanche lors d\u2019une e\u0301lection qui devrait prolonger de cinq ans supple\u0301mentaires le pouvoir du pre\u0301sident de 82 ans, Denis Sassou Nguesso, de\u0301ja\u0300 au pouvoir depuis plus de quatre de\u0301cennies dans ce pays d\u2019Afrique centrale riche en pe\u0301trole.<\/b><\/p>\n<p>Six candidats se sont pre\u0301sente\u0301s face a\u0300 Sassou Nguesso, mais la principale opposition e\u0301tait divise\u0301e et largement absente, ce qui devrait lui permettre de remporter un nouveau mandat de cinq ans.<\/p>\n<p>L\u2019ancien colonel parachutiste est de\u0301ja\u0300 l\u2019un des dirigeants africains reste\u0301s le plus longtemps au pouvoir, aux co\u0302te\u0301s du pre\u0301sident de la Guine\u0301e e\u0301quatoriale Teodoro Obiang Nguema Mbasogo et du pre\u0301sident camerounais Paul Biya.<\/p>\n<p>Des observateurs estiment que la participation pourrait atteindre un niveau historiquement bas. Des journalistes de l\u2019AFP ont constate\u0301 que certaines urnes n\u2019e\u0301taient remplies qu\u2019a\u0300 moitie\u0301 lorsque les bureaux de vote ont ferme\u0301 a\u0300 18h00 (17h00 GMT).<\/p>\n<p>Durant la campagne e\u0301lectorale, le pre\u0301sident a parcouru le pays avec le soutien du parti au pouvoir, le Congolese Workers\u2019 Party (PCT), appelant les e\u0301lecteurs a\u0300 se rendre aux urnes.<\/p>\n<p>Il a vote\u0301 dans la matine\u0301e dans le district d\u2019Ouenze\u0301, dans la capitale Brazzaville, accompagne\u0301 de soldats et accueilli par des centaines de partisans.<\/p>\n<p><b>Accusations de perse\u0301cution<\/b><\/p>\n<p>Les quelques e\u0301lecteurs pre\u0301sents ont pour la plupart refuse\u0301 d\u2019e\u0302tre filme\u0301s ou de donner leur nom. Une femme a\u0302ge\u0301e a toutefois accepte\u0301 de s\u2019exprimer en de\u0301clarant:<\/p>\n<p>\u00ab Denis Sassou gagnera. \u00bb<\/p>\n<p>\u00ab Il est normal pour un citoyen d\u2019aller voter en se disant: \u201cJ\u2019ai choisi le pre\u0301sident Denis Sassou Nguesso, c\u2019est lui qui apportera la paix\u201d \u00bb, a affirme\u0301 Georgine, membre du parti au pouvoir.<\/p>\n<p>Mais dans le quartier d\u2019opposition de Bacongo, Vivienne, 33 ans, a de\u0301clare\u0301, comme de nombreux habitants, qu\u2019elle ne voterait \u00ab jamais \u00bb.<\/p>\n<p>\u00ab Nous sommes loin d\u2019une de\u0301mocratie \u00bb, a-t-elle confie\u0301 a\u0300 l\u2019AFP.<\/p>\n<p>\u00ab Ici, si vous vous plaignez, on vous arre\u0302te. Je veux simplement un pre\u0301sident qui mettra fin a\u0300 nos difficulte\u0301s. Cinq anne\u0301es supple\u0301mentaires de Sassou Nguesso, c\u2019est une condamnation a\u0300 mort. \u00bb<\/p>\n<p>Lors de son dernier meeting e\u0301lectoral vendredi a\u0300 Brazzaville, devant des milliers de partisans enthousiastes, Sassou Nguesso a mis en avant la question de la se\u0301curite\u0301.<\/p>\n<p>S\u2019il peut affirmer avoir apporte\u0301 une certaine stabilite\u0301 au pays, les organisations de de\u0301fense des droits humains l\u2019accusent re\u0301gulie\u0300rement de perse\u0301cuter les militants de l\u2019opposition.<\/p>\n<p>Deux figures de l\u2019opposition qui avaient participe\u0301 a\u0300 la campagne de l\u2019e\u0301lection de 2016, Jean-Marie Michel Mokoko et Andre Okombi Salissa, sont actuellement en prison, condamne\u0301es a\u0300 20 ans de de\u0301tention pour avoir pre\u0301tendument constitue\u0301 une \u00ab menace pour la se\u0301curite\u0301 inte\u0301rieure \u00bb.<\/p>\n<p><b>Pe\u0301trole et gaz<\/b><\/p>\n<p>Pendant sa campagne, le pre\u0301sident a e\u0301galement mis en avant son bilan e\u0301conomique, affirmant avoir modernise\u0301 les infrastructures du pays et de\u0301veloppe\u0301 les secteurs du gaz et de l\u2019agriculture afin de rendre le pays autosuffisant.<\/p>\n<p>Le pe\u0301trole et le gaz repre\u0301sentent la majeure partie des revenus de l\u2019E\u0301tat et soutiennent une croissance estime\u0301e a\u0300 2,9 % pour 2025.<\/p>\n<p>Cependant, plus de la moitie\u0301 de la population vit sous le seuil de pauvrete\u0301.<\/p>\n<p>Les critiques du gouvernement affirment que la croissance du pays a e\u0301te\u0301 affaiblie par d\u2019importants de\u0301tournements de revenus pe\u0301troliers de l\u2019E\u0301tat au profit de hauts responsables.<\/p>\n<p>Le gouvernement a d\u2019ailleurs de\u0301ja\u0300 fait l\u2019objet de plusieurs plaintes et enque\u0302tes judiciaires, notamment en France.<\/p>\n<p>Bien que la re\u0301e\u0301lection de Sassou Nguesso semble assure\u0301e, la Constitution lui interdit de se repre\u0301senter en 2031, ce qui pose la question de sa succession.<\/p>\n<p>Il a de\u0301clare\u0301 a\u0300 l\u2019AFP qu\u2019il ne resterait pas \u00ab au pouvoir pour toujours \u00bb et que la jeune ge\u0301ne\u0301ration aurait sa chance, sans toutefois citer de successeur potentiel.<\/p>\n<p>Sassou Nguesso a dirige\u0301 pour la premie\u0300re fois le Congo-Brazzaville sous un syste\u0300me a\u0300 parti unique de 1979 a\u0300 1992, avant de perdre les premie\u0300res e\u0301lections multipartites. Il est ensuite revenu au pouvoir apre\u0300s une guerre civile en 1997.<\/p>\n<p>Il a ensuite e\u0301te\u0301 re\u0301e\u0301lu en 2002, 2009, 2016 et 2021, lors de scrutins que l\u2019opposition a juge\u0301s ni transparents ni de\u0301mocratiques.<\/p>\n<p>Si tu veux, je peux aussi te faire un re\u0301sume\u0301 journalistique court (5\u20136 lignes) comme pour un article de presse africaine.<\/p>\n<p class=\"ap-article-footer-note\">Retrouvez plus d\u2019actualit\u00e9s et d\u2019analyses sur <span class=\"ap-highlight-country\">Congo Brazzaville<\/span> sur le site <span class=\"ap-highlight-brand\">Africa Press<\/span><\/p>\n","protected":false},"excerpt":{"rendered":"<p>Africa-Press &#8211; Congo Brazzaville. Le Congo-Brazzaville a vote\u0301 ce dimanche lors d\u2019une e\u0301lection qui devrait prolonger de cinq ans supple\u0301mentaires le pouvoir du pre\u0301sident de 82 ans, Denis Sassou Nguesso, de\u0301ja\u0300 au pouvoir depuis plus de quatre de\u0301cennies dans ce pays d\u2019Afrique centrale riche en pe\u0301trole. Six candidats se sont pre\u0301sente\u0301s face a\u0300 Sassou Nguesso, [&hellip;]<\/p>\n","protected":false},"author":82,"featured_media":54391,"comment_status":"open","ping_status":"closed","sticky":false,"template":"","format":"standard","meta":{"footnotes":""},"categories":[7,2,20,10],"tags":[46],"class_list":["post-54393","post","type-post","status-publish","format-standard","has-post-thumbnail","hentry","category-dossiers","category-politique","category-top-nouvelles","category-toutes-les-actualites","tag-congo-brazzaville"],"yoast_head":"<!-- This site is optimized with the Yoast SEO Premium plugin v26.1 (Yoast SEO v27.0) - https:\/\/yoast.com\/product\/yoast-seo-premium-wordpress\/ -->\n<title>Pr\u00e9sidentielle 2026 Congo-Brazzaville Sassou Nguesso Reconduit - Congo Brazzaville<\/title>\n<meta name=\"description\" content=\"-article-header-tag&quot;&gt; Africa-Press - Congo Brazzaville. Le Congo-Brazzavil ...\" \/>\n<meta name=\"robots\" content=\"index, follow, max-snippet:-1, max-image-preview:large, max-video-preview:-1\" \/>\n<link rel=\"canonical\" href=\"https:\/\/www.africa-press.net\/congo-brazzaville\/politique\/presidentielle-2026-congo-brazzaville-sassou-nguesso-reconduit\" \/>\n<meta property=\"og:locale\" content=\"fr_FR\" \/>\n<meta property=\"og:type\" content=\"article\" \/>\n<meta property=\"og:title\" content=\"Pr\u00e9sidentielle 2026 Congo-Brazzaville Sassou Nguesso Reconduit\" \/>\n<meta property=\"og:description\" content=\"-article-header-tag&quot;&gt; Africa-Press - Congo Brazzaville. Le Congo-Brazzavil ...\" \/>\n<meta property=\"og:url\" content=\"https:\/\/www.africa-press.net\/congo-brazzaville\/politique\/presidentielle-2026-congo-brazzaville-sassou-nguesso-reconduit\" \/>\n<meta property=\"og:site_name\" content=\"Congo Brazzaville\" \/>\n<meta property=\"article:published_time\" content=\"2026-03-15T23:33:47+00:00\" \/>\n<meta property=\"article:modified_time\" content=\"2026-03-18T22:46:48+00:00\" \/>\n<meta property=\"og:image\" content=\"https:\/\/static.africa-press.net\/congo-brazzaville\/sites\/51\/2026\/03\/sm_1773619370.667218.jpg\" \/>\n\t<meta property=\"og:image:width\" content=\"1728\" \/>\n\t<meta property=\"og:image:height\" content=\"1152\" \/>\n\t<meta property=\"og:image:type\" content=\"image\/jpeg\" \/>\n<meta name=\"author\" content=\"cfeditorfr\" \/>\n<meta name=\"twitter:card\" content=\"summary_large_image\" \/>\n<meta name=\"twitter:label1\" content=\"\u00c9crit par\" \/>\n\t<meta name=\"twitter:data1\" content=\"cfeditorfr\" \/>\n\t<meta name=\"twitter:label2\" content=\"Dur\u00e9e de lecture estim\u00e9e\" \/>\n\t<meta name=\"twitter:data2\" content=\"4 minutes\" \/>\n<script type=\"application\/ld+json\" class=\"yoast-schema-graph\">{\"@context\":\"https:\/\/schema.org\",\"@graph\":[{\"@type\":\"Article\",\"@id\":\"https:\/\/www.africa-press.net\/congo-brazzaville\/politique\/presidentielle-2026-congo-brazzaville-sassou-nguesso-reconduit#article\",\"isPartOf\":{\"@id\":\"https:\/\/www.africa-press.net\/congo-brazzaville\/politique\/presidentielle-2026-congo-brazzaville-sassou-nguesso-reconduit\"},\"author\":{\"name\":\"cfeditorfr\",\"@id\":\"https:\/\/www.africa-press.net\/congo-brazzaville\/#\/schema\/person\/2b1cf3cd81a31e3cd26889ca66d677f1\"},\"headline\":\"Pr\u00e9sidentielle 2026 Congo-Brazzaville Sassou Nguesso Reconduit\",\"datePublished\":\"2026-03-15T23:33:47+00:00\",\"dateModified\":\"2026-03-18T22:46:48+00:00\",\"mainEntityOfPage\":{\"@id\":\"https:\/\/www.africa-press.net\/congo-brazzaville\/politique\/presidentielle-2026-congo-brazzaville-sassou-nguesso-reconduit\"},\"wordCount\":789,\"commentCount\":0,\"image\":{\"@id\":\"https:\/\/www.africa-press.net\/congo-brazzaville\/politique\/presidentielle-2026-congo-brazzaville-sassou-nguesso-reconduit#primaryimage\"},\"thumbnailUrl\":\"https:\/\/static.africa-press.net\/congo-brazzaville\/sites\/51\/2026\/03\/sm_1773619370.667218.jpg\",\"keywords\":[\"Congo Brazzaville\"],\"articleSection\":[\"Dossiers\",\"Politique\",\"Top Nouvelles\",\"Toutes les actualit\u00e9s\"],\"inLanguage\":\"fr-FR\",\"potentialAction\":[{\"@type\":\"CommentAction\",\"name\":\"Comment\",\"target\":[\"https:\/\/www.africa-press.net\/congo-brazzaville\/politique\/presidentielle-2026-congo-brazzaville-sassou-nguesso-reconduit#respond\"]}]},{\"@type\":\"WebPage\",\"@id\":\"https:\/\/www.africa-press.net\/congo-brazzaville\/politique\/presidentielle-2026-congo-brazzaville-sassou-nguesso-reconduit\",\"url\":\"https:\/\/www.africa-press.net\/congo-brazzaville\/politique\/presidentielle-2026-congo-brazzaville-sassou-nguesso-reconduit\",\"name\":\"Pr\u00e9sidentielle 2026 Congo-Brazzaville Sassou Nguesso Reconduit - Congo Brazzaville\",\"isPartOf\":{\"@id\":\"https:\/\/www.africa-press.net\/congo-brazzaville\/#website\"},\"primaryImageOfPage\":{\"@id\":\"https:\/\/www.africa-press.net\/congo-brazzaville\/politique\/presidentielle-2026-congo-brazzaville-sassou-nguesso-reconduit#primaryimage\"},\"image\":{\"@id\":\"https:\/\/www.africa-press.net\/congo-brazzaville\/politique\/presidentielle-2026-congo-brazzaville-sassou-nguesso-reconduit#primaryimage\"},\"thumbnailUrl\":\"https:\/\/static.africa-press.net\/congo-brazzaville\/sites\/51\/2026\/03\/sm_1773619370.667218.jpg\",\"datePublished\":\"2026-03-15T23:33:47+00:00\",\"dateModified\":\"2026-03-18T22:46:48+00:00\",\"author\":{\"@id\":\"https:\/\/www.africa-press.net\/congo-brazzaville\/#\/schema\/person\/2b1cf3cd81a31e3cd26889ca66d677f1\"},\"description\":\"-article-header-tag\\\"> Africa-Press - Congo Brazzaville. Le Congo-Brazzavil ...\",\"breadcrumb\":{\"@id\":\"https:\/\/www.africa-press.net\/congo-brazzaville\/politique\/presidentielle-2026-congo-brazzaville-sassou-nguesso-reconduit#breadcrumb\"},\"inLanguage\":\"fr-FR\",\"potentialAction\":[{\"@type\":\"ReadAction\",\"target\":[\"https:\/\/www.africa-press.net\/congo-brazzaville\/politique\/presidentielle-2026-congo-brazzaville-sassou-nguesso-reconduit\"]}]},{\"@type\":\"ImageObject\",\"inLanguage\":\"fr-FR\",\"@id\":\"https:\/\/www.africa-press.net\/congo-brazzaville\/politique\/presidentielle-2026-congo-brazzaville-sassou-nguesso-reconduit#primaryimage\",\"url\":\"https:\/\/static.africa-press.net\/congo-brazzaville\/sites\/51\/2026\/03\/sm_1773619370.667218.jpg\",\"contentUrl\":\"https:\/\/static.africa-press.net\/congo-brazzaville\/sites\/51\/2026\/03\/sm_1773619370.667218.jpg\",\"width\":1728,\"height\":1152,\"caption\":\"Pr\u00e9sidentielle 2026 Congo-Brazzaville Sassou Nguesso Reconduit\"},{\"@type\":\"BreadcrumbList\",\"@id\":\"https:\/\/www.africa-press.net\/congo-brazzaville\/politique\/presidentielle-2026-congo-brazzaville-sassou-nguesso-reconduit#breadcrumb\",\"itemListElement\":[{\"@type\":\"ListItem\",\"position\":1,\"name\":\"Accueil\",\"item\":\"https:\/\/www.africa-press.net\/congo-brazzaville\/\"},{\"@type\":\"ListItem\",\"position\":2,\"name\":\"Pr\u00e9sidentielle 2026 Congo-Brazzaville Sassou Nguesso Reconduit\"}]},{\"@type\":\"WebSite\",\"@id\":\"https:\/\/www.africa-press.net\/congo-brazzaville\/#website\",\"url\":\"https:\/\/www.africa-press.net\/congo-brazzaville\/\",\"name\":\"Congo Brazzaville\",\"description\":\"Just another Africa News Agency Sites site\",\"potentialAction\":[{\"@type\":\"SearchAction\",\"target\":{\"@type\":\"EntryPoint\",\"urlTemplate\":\"https:\/\/www.africa-press.net\/congo-brazzaville\/?s={search_term_string}\"},\"query-input\":{\"@type\":\"PropertyValueSpecification\",\"valueRequired\":true,\"valueName\":\"search_term_string\"}}],\"inLanguage\":\"fr-FR\"},{\"@type\":\"Person\",\"@id\":\"https:\/\/www.africa-press.net\/congo-brazzaville\/#\/schema\/person\/2b1cf3cd81a31e3cd26889ca66d677f1\",\"name\":\"cfeditorfr\"}]}<\/script>\n<!-- \/ Yoast SEO Premium plugin. -->","yoast_head_json":{"title":"Pr\u00e9sidentielle 2026 Congo-Brazzaville Sassou Nguesso Reconduit - Congo Brazzaville","description":"-article-header-tag\"> Africa-Press - Congo Brazzaville. Le Congo-Brazzavil ...","robots":{"index":"index","follow":"follow","max-snippet":"max-snippet:-1","max-image-preview":"max-image-preview:large","max-video-preview":"max-video-preview:-1"},"canonical":"https:\/\/www.africa-press.net\/congo-brazzaville\/politique\/presidentielle-2026-congo-brazzaville-sassou-nguesso-reconduit","og_locale":"fr_FR","og_type":"article","og_title":"Pr\u00e9sidentielle 2026 Congo-Brazzaville Sassou Nguesso Reconduit","og_description":"-article-header-tag\"> Africa-Press - Congo Brazzaville. Le Congo-Brazzavil ...","og_url":"https:\/\/www.africa-press.net\/congo-brazzaville\/politique\/presidentielle-2026-congo-brazzaville-sassou-nguesso-reconduit","og_site_name":"Congo Brazzaville","article_published_time":"2026-03-15T23:33:47+00:00","article_modified_time":"2026-03-18T22:46:48+00:00","og_image":[{"width":1728,"height":1152,"url":"https:\/\/static.africa-press.net\/congo-brazzaville\/sites\/51\/2026\/03\/sm_1773619370.667218.jpg","type":"image\/jpeg"}],"author":"cfeditorfr","twitter_card":"summary_large_image","twitter_misc":{"\u00c9crit par":"cfeditorfr","Dur\u00e9e de lecture estim\u00e9e":"4 minutes"},"schema":{"@context":"https:\/\/schema.org","@graph":[{"@type":"Article","@id":"https:\/\/www.africa-press.net\/congo-brazzaville\/politique\/presidentielle-2026-congo-brazzaville-sassou-nguesso-reconduit#article","isPartOf":{"@id":"https:\/\/www.africa-press.net\/congo-brazzaville\/politique\/presidentielle-2026-congo-brazzaville-sassou-nguesso-reconduit"},"author":{"name":"cfeditorfr","@id":"https:\/\/www.africa-press.net\/congo-brazzaville\/#\/schema\/person\/2b1cf3cd81a31e3cd26889ca66d677f1"},"headline":"Pr\u00e9sidentielle 2026 Congo-Brazzaville Sassou Nguesso Reconduit","datePublished":"2026-03-15T23:33:47+00:00","dateModified":"2026-03-18T22:46:48+00:00","mainEntityOfPage":{"@id":"https:\/\/www.africa-press.net\/congo-brazzaville\/politique\/presidentielle-2026-congo-brazzaville-sassou-nguesso-reconduit"},"wordCount":789,"commentCount":0,"image":{"@id":"https:\/\/www.africa-press.net\/congo-brazzaville\/politique\/presidentielle-2026-congo-brazzaville-sassou-nguesso-reconduit#primaryimage"},"thumbnailUrl":"https:\/\/static.africa-press.net\/congo-brazzaville\/sites\/51\/2026\/03\/sm_1773619370.667218.jpg","keywords":["Congo Brazzaville"],"articleSection":["Dossiers","Politique","Top Nouvelles","Toutes les actualit\u00e9s"],"inLanguage":"fr-FR","potentialAction":[{"@type":"CommentAction","name":"Comment","target":["https:\/\/www.africa-press.net\/congo-brazzaville\/politique\/presidentielle-2026-congo-brazzaville-sassou-nguesso-reconduit#respond"]}]},{"@type":"WebPage","@id":"https:\/\/www.africa-press.net\/congo-brazzaville\/politique\/presidentielle-2026-congo-brazzaville-sassou-nguesso-reconduit","url":"https:\/\/www.africa-press.net\/congo-brazzaville\/politique\/presidentielle-2026-congo-brazzaville-sassou-nguesso-reconduit","name":"Pr\u00e9sidentielle 2026 Congo-Brazzaville Sassou Nguesso Reconduit - Congo Brazzaville","isPartOf":{"@id":"https:\/\/www.africa-press.net\/congo-brazzaville\/#website"},"primaryImageOfPage":{"@id":"https:\/\/www.africa-press.net\/congo-brazzaville\/politique\/presidentielle-2026-congo-brazzaville-sassou-nguesso-reconduit#primaryimage"},"image":{"@id":"https:\/\/www.africa-press.net\/congo-brazzaville\/politique\/presidentielle-2026-congo-brazzaville-sassou-nguesso-reconduit#primaryimage"},"thumbnailUrl":"https:\/\/static.africa-press.net\/congo-brazzaville\/sites\/51\/2026\/03\/sm_1773619370.667218.jpg","datePublished":"2026-03-15T23:33:47+00:00","dateModified":"2026-03-18T22:46:48+00:00","author":{"@id":"https:\/\/www.africa-press.net\/congo-brazzaville\/#\/schema\/person\/2b1cf3cd81a31e3cd26889ca66d677f1"},"description":"-article-header-tag\"> Africa-Press - Congo Brazzaville. Le Congo-Brazzavil ...","breadcrumb":{"@id":"https:\/\/www.africa-press.net\/congo-brazzaville\/politique\/presidentielle-2026-congo-brazzaville-sassou-nguesso-reconduit#breadcrumb"},"inLanguage":"fr-FR","potentialAction":[{"@type":"ReadAction","target":["https:\/\/www.africa-press.net\/congo-brazzaville\/politique\/presidentielle-2026-congo-brazzaville-sassou-nguesso-reconduit"]}]},{"@type":"ImageObject","inLanguage":"fr-FR","@id":"https:\/\/www.africa-press.net\/congo-brazzaville\/politique\/presidentielle-2026-congo-brazzaville-sassou-nguesso-reconduit#primaryimage","url":"https:\/\/static.africa-press.net\/congo-brazzaville\/sites\/51\/2026\/03\/sm_1773619370.667218.jpg","contentUrl":"https:\/\/static.africa-press.net\/congo-brazzaville\/sites\/51\/2026\/03\/sm_1773619370.667218.jpg","width":1728,"height":1152,"caption":"Pr\u00e9sidentielle 2026 Congo-Brazzaville Sassou Nguesso Reconduit"},{"@type":"BreadcrumbList","@id":"https:\/\/www.africa-press.net\/congo-brazzaville\/politique\/presidentielle-2026-congo-brazzaville-sassou-nguesso-reconduit#breadcrumb","itemListElement":[{"@type":"ListItem","position":1,"name":"Accueil","item":"https:\/\/www.africa-press.net\/congo-brazzaville\/"},{"@type":"ListItem","position":2,"name":"Pr\u00e9sidentielle 2026 Congo-Brazzaville Sassou Nguesso Reconduit"}]},{"@type":"WebSite","@id":"https:\/\/www.africa-press.net\/congo-brazzaville\/#website","url":"https:\/\/www.africa-press.net\/congo-brazzaville\/","name":"Congo Brazzaville","description":"Just another Africa News Agency Sites site","potentialAction":[{"@type":"SearchAction","target":{"@type":"EntryPoint","urlTemplate":"https:\/\/www.africa-press.net\/congo-brazzaville\/?s={search_term_string}"},"query-input":{"@type":"PropertyValueSpecification","valueRequired":true,"valueName":"search_term_string"}}],"inLanguage":"fr-FR"},{"@type":"Person","@id":"https:\/\/www.africa-press.net\/congo-brazzaville\/#\/schema\/person\/2b1cf3cd81a31e3cd26889ca66d677f1","name":"cfeditorfr"}]}},"_links":{"self":[{"href":"https:\/\/www.africa-press.net\/congo-brazzaville\/wp-json\/wp\/v2\/posts\/54393","targetHints":{"allow":["GET"]}}],"collection":[{"href":"https:\/\/www.africa-press.net\/congo-brazzaville\/wp-json\/wp\/v2\/posts"}],"about":[{"href":"https:\/\/www.africa-press.net\/congo-brazzaville\/wp-json\/wp\/v2\/types\/post"}],"author":[{"embeddable":true,"href":"https:\/\/www.africa-press.net\/congo-brazzaville\/wp-json\/wp\/v2\/users\/82"}],"replies":[{"embeddable":true,"href":"https:\/\/www.africa-press.net\/congo-brazzaville\/wp-json\/wp\/v2\/comments?post=54393"}],"version-history":[{"count":0,"href":"https:\/\/www.africa-press.net\/congo-brazzaville\/wp-json\/wp\/v2\/posts\/54393\/revisions"}],"wp:featuredmedia":[{"embeddable":true,"href":"https:\/\/www.africa-press.net\/congo-brazzaville\/wp-json\/wp\/v2\/media\/54391"}],"wp:attachment":[{"href":"https:\/\/www.africa-press.net\/congo-brazzaville\/wp-json\/wp\/v2\/media?parent=54393"}],"wp:term":[{"taxonomy":"category","embeddable":true,"href":"https:\/\/www.africa-press.net\/congo-brazzaville\/wp-json\/wp\/v2\/categories?post=54393"},{"taxonomy":"post_tag","embeddable":true,"href":"https:\/\/www.africa-press.net\/congo-brazzaville\/wp-json\/wp\/v2\/tags?post=54393"}],"curies":[{"name":"wp","href":"https:\/\/api.w.org\/{rel}","templated":true}]}}