{"id":54420,"date":"2026-03-18T22:39:41","date_gmt":"2026-03-18T22:39:41","guid":{"rendered":"https:\/\/www.africa-press.net\/congo-brazzaville\/politique\/electeurs-de-boya-a-makoua-mobilises-pour-le-vote"},"modified":"2026-03-18T23:57:42","modified_gmt":"2026-03-18T23:57:42","slug":"electeurs-de-boya-a-makoua-mobilises-pour-le-vote","status":"publish","type":"post","link":"https:\/\/www.africa-press.net\/congo-brazzaville\/politique\/electeurs-de-boya-a-makoua-mobilises-pour-le-vote","title":{"rendered":"\u00c9lecteurs de Boya \u00e0 Makoua Mobilis\u00e9s pour le Vote"},"content":{"rendered":"<p><span class=\"ap-article-header-tag\"> <strong>Africa-Press &#8211; Congo Brazzaville. <\/strong> <\/span><b>A\u0300 Boya, localite\u0301 du district de Makoua dans le de\u0301partement de la Cuvette, les 322 inscrits sur la liste e\u0301lectorale ont accompli leur devoir civique le 15 mars lors de l\u2019e\u0301lection pre\u0301sidentielle. De\u0300s l\u2019aube, la population a pris d\u2019assaut l\u2019unique bureau de vote, formant une file indienne ordonne\u0301e malgre\u0301 l\u2019impatience palpable.<\/b><\/p>\n<p>La ferveur e\u0301lectorale a anime\u0301 Boya de\u0300s les premie\u0300res heures de la matine\u0301e. Munis de leurs cartes d\u2019e\u0301lecteur, les habitants ont patiente\u0301 en rangs serre\u0301s pour e\u0301lire le candidat de leur choix. Parmi eux, Fred, un jeune de 18 ans accomplissant son premier suffrage. Briefe\u0301 par ses ai\u0302ne\u0301s sur le respect strict du processus, il s\u2019est dit \u00ab ravi de voter pour la premie\u0300re fois \u00bb.<\/p>\n<p>La professeure Delphine Edith Emmanuel, porte-parole du candidat Denis Sassou N\u2019Guesso et charge\u0301e des questions juridiques au Parti congolais du travail (PCT), a donne\u0301 l\u2019exemple en votant a\u0300 Boya, apre\u0300s avoir sillonne\u0301 les 40 villages du district de Makoua. \u00ab Pour un acte majeur comme l\u2019e\u0301lection du pre\u0301sident de la Re\u0301publique, j\u2019ai juge\u0301 bon d\u2019e\u0302tre pre\u0301sente a\u0300 Boya afin d\u2019accomplir ce devoir civique \u00bb, a-t-elle explique\u0301. Elle a rappele\u0301 la campagne intense mene\u0301e au profit de Denis Sassou N\u2019Guesso: \u00ab Nous attendons le moment venu pour appre\u0301cier les re\u0301sultats et constater l\u2019adhe\u0301sion massive observe\u0301e lors de nos grandes mobilisations. \u00bb<\/p>\n<p>Pour la Pr Delphine Edith Emmanuel, l\u2019ensemble de la population de Boya se tient re\u0301solument derrie\u0300re le pre\u0301sident-candidat. Elle espe\u0300re vivement l\u2019accompagner dans la mate\u0301rialisation de sa vision, afin que Boya renai\u0302sse de ses cendres comme le phe\u0301nix. \u00ab Si l\u2019on parle de cacao, ce village devrait e\u0302tre une re\u0301fe\u0301rence nationale en matie\u0300re de culture \u00bb, a-t-elle plaide\u0301.<\/p>\n<p>Dans l\u2019unique bureau de vote, ou\u0300 322 suffrages e\u0301taient attendus, jeunes et ai\u0302ne\u0301s ont fait preuve d\u2019une de\u0301termination sans faille, accomplissant tour a\u0300 tour leur devoir civique. \u00ab Les e\u0301lections se de\u0301roulent tre\u0300s bien dans notre centre, sans difficulte\u0301s notables. Tous les e\u0301lecteurs sont mobilise\u0301s, les consignes sont claires et chacun vote librement pour son candidat \u00bb, a te\u0301moigne\u0301 Alaban Raoul Mouketo, pre\u0301sident du bureau.<\/p>\n<p>Cette course a\u0300 la magistrature supre\u0302me, ouverte le 28 fe\u0301vrier, a re\u0301uni sept candidats: Me\u0301le\u0300ne Destin Gavet, Vivian Romain Manangou, Mabio Mavoungou Zinga, Euphrem Dave Mafoula, Ongios Ongia-Engabe, Joseph Kignoumbi-Kiamboungou et Denis Sassou N\u2019Guesso, candidat a\u0300 sa propre succession.<\/p>\n<p class=\"ap-article-footer-note\">Retrouvez plus d\u2019actualit\u00e9s et d\u2019analyses sur <span class=\"ap-highlight-country\">Congo Brazzaville<\/span> sur le site <span class=\"ap-highlight-brand\">Africa Press<\/span><\/p>\n","protected":false},"excerpt":{"rendered":"<p>Africa-Press &#8211; Congo Brazzaville. A\u0300 Boya, localite\u0301 du district de Makoua dans le de\u0301partement de la Cuvette, les 322 inscrits sur la liste e\u0301lectorale ont accompli leur devoir civique le 15 mars lors de l\u2019e\u0301lection pre\u0301sidentielle. De\u0300s l\u2019aube, la population a pris d\u2019assaut l\u2019unique bureau de vote, formant une file indienne ordonne\u0301e malgre\u0301 l\u2019impatience palpable. [&hellip;]<\/p>\n","protected":false},"author":82,"featured_media":54419,"comment_status":"open","ping_status":"closed","sticky":false,"template":"","format":"standard","meta":{"footnotes":""},"categories":[2,10],"tags":[46],"class_list":["post-54420","post","type-post","status-publish","format-standard","has-post-thumbnail","hentry","category-politique","category-toutes-les-actualites","tag-congo-brazzaville"],"yoast_head":"<!-- This site is optimized with the Yoast SEO Premium plugin v26.1 (Yoast SEO v27.0) - https:\/\/yoast.com\/product\/yoast-seo-premium-wordpress\/ -->\n<title>\u00c9lecteurs de Boya \u00e0 Makoua Mobilis\u00e9s pour le Vote - Congo Brazzaville<\/title>\n<meta name=\"description\" content=\"-article-header-tag&quot;&gt; Africa-Press - Congo Brazzaville. A\u0300 Boya, localite\u0301 ...\" \/>\n<meta name=\"robots\" content=\"index, follow, max-snippet:-1, max-image-preview:large, max-video-preview:-1\" \/>\n<link rel=\"canonical\" href=\"https:\/\/www.africa-press.net\/congo-brazzaville\/politique\/electeurs-de-boya-a-makoua-mobilises-pour-le-vote\" \/>\n<meta property=\"og:locale\" content=\"fr_FR\" \/>\n<meta property=\"og:type\" content=\"article\" \/>\n<meta property=\"og:title\" content=\"\u00c9lecteurs de Boya \u00e0 Makoua Mobilis\u00e9s pour le Vote\" \/>\n<meta property=\"og:description\" content=\"-article-header-tag&quot;&gt; Africa-Press - Congo Brazzaville. A\u0300 Boya, localite\u0301 ...\" \/>\n<meta property=\"og:url\" content=\"https:\/\/www.africa-press.net\/congo-brazzaville\/politique\/electeurs-de-boya-a-makoua-mobilises-pour-le-vote\" \/>\n<meta property=\"og:site_name\" content=\"Congo Brazzaville\" \/>\n<meta property=\"article:published_time\" content=\"2026-03-18T22:39:41+00:00\" \/>\n<meta property=\"article:modified_time\" content=\"2026-03-18T23:57:42+00:00\" \/>\n<meta property=\"og:image\" content=\"https:\/\/static.africa-press.net\/congo-brazzaville\/sites\/51\/2026\/03\/sm_1773877135.759907.jpg\" \/>\n\t<meta property=\"og:image:width\" content=\"833\" \/>\n\t<meta property=\"og:image:height\" content=\"441\" \/>\n\t<meta property=\"og:image:type\" content=\"image\/jpeg\" \/>\n<meta name=\"author\" content=\"cfeditorfr\" \/>\n<meta name=\"twitter:card\" content=\"summary_large_image\" \/>\n<meta name=\"twitter:label1\" content=\"\u00c9crit par\" \/>\n\t<meta name=\"twitter:data1\" content=\"cfeditorfr\" \/>\n\t<meta name=\"twitter:label2\" content=\"Dur\u00e9e de lecture estim\u00e9e\" \/>\n\t<meta name=\"twitter:data2\" content=\"2 minutes\" \/>\n<script type=\"application\/ld+json\" class=\"yoast-schema-graph\">{\"@context\":\"https:\/\/schema.org\",\"@graph\":[{\"@type\":\"Article\",\"@id\":\"https:\/\/www.africa-press.net\/congo-brazzaville\/politique\/electeurs-de-boya-a-makoua-mobilises-pour-le-vote#article\",\"isPartOf\":{\"@id\":\"https:\/\/www.africa-press.net\/congo-brazzaville\/politique\/electeurs-de-boya-a-makoua-mobilises-pour-le-vote\"},\"author\":{\"name\":\"cfeditorfr\",\"@id\":\"https:\/\/www.africa-press.net\/congo-brazzaville\/#\/schema\/person\/2b1cf3cd81a31e3cd26889ca66d677f1\"},\"headline\":\"\u00c9lecteurs de Boya \u00e0 Makoua Mobilis\u00e9s pour le Vote\",\"datePublished\":\"2026-03-18T22:39:41+00:00\",\"dateModified\":\"2026-03-18T23:57:42+00:00\",\"mainEntityOfPage\":{\"@id\":\"https:\/\/www.africa-press.net\/congo-brazzaville\/politique\/electeurs-de-boya-a-makoua-mobilises-pour-le-vote\"},\"wordCount\":469,\"commentCount\":0,\"image\":{\"@id\":\"https:\/\/www.africa-press.net\/congo-brazzaville\/politique\/electeurs-de-boya-a-makoua-mobilises-pour-le-vote#primaryimage\"},\"thumbnailUrl\":\"https:\/\/static.africa-press.net\/congo-brazzaville\/sites\/51\/2026\/03\/sm_1773877135.759907.jpg\",\"keywords\":[\"Congo Brazzaville\"],\"articleSection\":[\"Politique\",\"Toutes les actualit\u00e9s\"],\"inLanguage\":\"fr-FR\",\"potentialAction\":[{\"@type\":\"CommentAction\",\"name\":\"Comment\",\"target\":[\"https:\/\/www.africa-press.net\/congo-brazzaville\/politique\/electeurs-de-boya-a-makoua-mobilises-pour-le-vote#respond\"]}]},{\"@type\":\"WebPage\",\"@id\":\"https:\/\/www.africa-press.net\/congo-brazzaville\/politique\/electeurs-de-boya-a-makoua-mobilises-pour-le-vote\",\"url\":\"https:\/\/www.africa-press.net\/congo-brazzaville\/politique\/electeurs-de-boya-a-makoua-mobilises-pour-le-vote\",\"name\":\"\u00c9lecteurs de Boya \u00e0 Makoua Mobilis\u00e9s pour le Vote - Congo Brazzaville\",\"isPartOf\":{\"@id\":\"https:\/\/www.africa-press.net\/congo-brazzaville\/#website\"},\"primaryImageOfPage\":{\"@id\":\"https:\/\/www.africa-press.net\/congo-brazzaville\/politique\/electeurs-de-boya-a-makoua-mobilises-pour-le-vote#primaryimage\"},\"image\":{\"@id\":\"https:\/\/www.africa-press.net\/congo-brazzaville\/politique\/electeurs-de-boya-a-makoua-mobilises-pour-le-vote#primaryimage\"},\"thumbnailUrl\":\"https:\/\/static.africa-press.net\/congo-brazzaville\/sites\/51\/2026\/03\/sm_1773877135.759907.jpg\",\"datePublished\":\"2026-03-18T22:39:41+00:00\",\"dateModified\":\"2026-03-18T23:57:42+00:00\",\"author\":{\"@id\":\"https:\/\/www.africa-press.net\/congo-brazzaville\/#\/schema\/person\/2b1cf3cd81a31e3cd26889ca66d677f1\"},\"description\":\"-article-header-tag\\\"> Africa-Press - Congo Brazzaville. A\u0300 Boya, localite\u0301 ...\",\"breadcrumb\":{\"@id\":\"https:\/\/www.africa-press.net\/congo-brazzaville\/politique\/electeurs-de-boya-a-makoua-mobilises-pour-le-vote#breadcrumb\"},\"inLanguage\":\"fr-FR\",\"potentialAction\":[{\"@type\":\"ReadAction\",\"target\":[\"https:\/\/www.africa-press.net\/congo-brazzaville\/politique\/electeurs-de-boya-a-makoua-mobilises-pour-le-vote\"]}]},{\"@type\":\"ImageObject\",\"inLanguage\":\"fr-FR\",\"@id\":\"https:\/\/www.africa-press.net\/congo-brazzaville\/politique\/electeurs-de-boya-a-makoua-mobilises-pour-le-vote#primaryimage\",\"url\":\"https:\/\/static.africa-press.net\/congo-brazzaville\/sites\/51\/2026\/03\/sm_1773877135.759907.jpg\",\"contentUrl\":\"https:\/\/static.africa-press.net\/congo-brazzaville\/sites\/51\/2026\/03\/sm_1773877135.759907.jpg\",\"width\":833,\"height\":441,\"caption\":\"\u00c9lecteurs de Boya \u00e0 Makoua Mobilis\u00e9s pour le Vote\"},{\"@type\":\"BreadcrumbList\",\"@id\":\"https:\/\/www.africa-press.net\/congo-brazzaville\/politique\/electeurs-de-boya-a-makoua-mobilises-pour-le-vote#breadcrumb\",\"itemListElement\":[{\"@type\":\"ListItem\",\"position\":1,\"name\":\"Accueil\",\"item\":\"https:\/\/www.africa-press.net\/congo-brazzaville\/\"},{\"@type\":\"ListItem\",\"position\":2,\"name\":\"\u00c9lecteurs de Boya \u00e0 Makoua Mobilis\u00e9s pour le Vote\"}]},{\"@type\":\"WebSite\",\"@id\":\"https:\/\/www.africa-press.net\/congo-brazzaville\/#website\",\"url\":\"https:\/\/www.africa-press.net\/congo-brazzaville\/\",\"name\":\"Congo Brazzaville\",\"description\":\"Just another Africa News Agency Sites site\",\"potentialAction\":[{\"@type\":\"SearchAction\",\"target\":{\"@type\":\"EntryPoint\",\"urlTemplate\":\"https:\/\/www.africa-press.net\/congo-brazzaville\/?s={search_term_string}\"},\"query-input\":{\"@type\":\"PropertyValueSpecification\",\"valueRequired\":true,\"valueName\":\"search_term_string\"}}],\"inLanguage\":\"fr-FR\"},{\"@type\":\"Person\",\"@id\":\"https:\/\/www.africa-press.net\/congo-brazzaville\/#\/schema\/person\/2b1cf3cd81a31e3cd26889ca66d677f1\",\"name\":\"cfeditorfr\"}]}<\/script>\n<!-- \/ Yoast SEO Premium plugin. -->","yoast_head_json":{"title":"\u00c9lecteurs de Boya \u00e0 Makoua Mobilis\u00e9s pour le Vote - Congo Brazzaville","description":"-article-header-tag\"> Africa-Press - Congo Brazzaville. A\u0300 Boya, localite\u0301 ...","robots":{"index":"index","follow":"follow","max-snippet":"max-snippet:-1","max-image-preview":"max-image-preview:large","max-video-preview":"max-video-preview:-1"},"canonical":"https:\/\/www.africa-press.net\/congo-brazzaville\/politique\/electeurs-de-boya-a-makoua-mobilises-pour-le-vote","og_locale":"fr_FR","og_type":"article","og_title":"\u00c9lecteurs de Boya \u00e0 Makoua Mobilis\u00e9s pour le Vote","og_description":"-article-header-tag\"> Africa-Press - Congo Brazzaville. A\u0300 Boya, localite\u0301 ...","og_url":"https:\/\/www.africa-press.net\/congo-brazzaville\/politique\/electeurs-de-boya-a-makoua-mobilises-pour-le-vote","og_site_name":"Congo Brazzaville","article_published_time":"2026-03-18T22:39:41+00:00","article_modified_time":"2026-03-18T23:57:42+00:00","og_image":[{"width":833,"height":441,"url":"https:\/\/static.africa-press.net\/congo-brazzaville\/sites\/51\/2026\/03\/sm_1773877135.759907.jpg","type":"image\/jpeg"}],"author":"cfeditorfr","twitter_card":"summary_large_image","twitter_misc":{"\u00c9crit par":"cfeditorfr","Dur\u00e9e de lecture estim\u00e9e":"2 minutes"},"schema":{"@context":"https:\/\/schema.org","@graph":[{"@type":"Article","@id":"https:\/\/www.africa-press.net\/congo-brazzaville\/politique\/electeurs-de-boya-a-makoua-mobilises-pour-le-vote#article","isPartOf":{"@id":"https:\/\/www.africa-press.net\/congo-brazzaville\/politique\/electeurs-de-boya-a-makoua-mobilises-pour-le-vote"},"author":{"name":"cfeditorfr","@id":"https:\/\/www.africa-press.net\/congo-brazzaville\/#\/schema\/person\/2b1cf3cd81a31e3cd26889ca66d677f1"},"headline":"\u00c9lecteurs de Boya \u00e0 Makoua Mobilis\u00e9s pour le Vote","datePublished":"2026-03-18T22:39:41+00:00","dateModified":"2026-03-18T23:57:42+00:00","mainEntityOfPage":{"@id":"https:\/\/www.africa-press.net\/congo-brazzaville\/politique\/electeurs-de-boya-a-makoua-mobilises-pour-le-vote"},"wordCount":469,"commentCount":0,"image":{"@id":"https:\/\/www.africa-press.net\/congo-brazzaville\/politique\/electeurs-de-boya-a-makoua-mobilises-pour-le-vote#primaryimage"},"thumbnailUrl":"https:\/\/static.africa-press.net\/congo-brazzaville\/sites\/51\/2026\/03\/sm_1773877135.759907.jpg","keywords":["Congo Brazzaville"],"articleSection":["Politique","Toutes les actualit\u00e9s"],"inLanguage":"fr-FR","potentialAction":[{"@type":"CommentAction","name":"Comment","target":["https:\/\/www.africa-press.net\/congo-brazzaville\/politique\/electeurs-de-boya-a-makoua-mobilises-pour-le-vote#respond"]}]},{"@type":"WebPage","@id":"https:\/\/www.africa-press.net\/congo-brazzaville\/politique\/electeurs-de-boya-a-makoua-mobilises-pour-le-vote","url":"https:\/\/www.africa-press.net\/congo-brazzaville\/politique\/electeurs-de-boya-a-makoua-mobilises-pour-le-vote","name":"\u00c9lecteurs de Boya \u00e0 Makoua Mobilis\u00e9s pour le Vote - Congo Brazzaville","isPartOf":{"@id":"https:\/\/www.africa-press.net\/congo-brazzaville\/#website"},"primaryImageOfPage":{"@id":"https:\/\/www.africa-press.net\/congo-brazzaville\/politique\/electeurs-de-boya-a-makoua-mobilises-pour-le-vote#primaryimage"},"image":{"@id":"https:\/\/www.africa-press.net\/congo-brazzaville\/politique\/electeurs-de-boya-a-makoua-mobilises-pour-le-vote#primaryimage"},"thumbnailUrl":"https:\/\/static.africa-press.net\/congo-brazzaville\/sites\/51\/2026\/03\/sm_1773877135.759907.jpg","datePublished":"2026-03-18T22:39:41+00:00","dateModified":"2026-03-18T23:57:42+00:00","author":{"@id":"https:\/\/www.africa-press.net\/congo-brazzaville\/#\/schema\/person\/2b1cf3cd81a31e3cd26889ca66d677f1"},"description":"-article-header-tag\"> Africa-Press - Congo Brazzaville. A\u0300 Boya, localite\u0301 ...","breadcrumb":{"@id":"https:\/\/www.africa-press.net\/congo-brazzaville\/politique\/electeurs-de-boya-a-makoua-mobilises-pour-le-vote#breadcrumb"},"inLanguage":"fr-FR","potentialAction":[{"@type":"ReadAction","target":["https:\/\/www.africa-press.net\/congo-brazzaville\/politique\/electeurs-de-boya-a-makoua-mobilises-pour-le-vote"]}]},{"@type":"ImageObject","inLanguage":"fr-FR","@id":"https:\/\/www.africa-press.net\/congo-brazzaville\/politique\/electeurs-de-boya-a-makoua-mobilises-pour-le-vote#primaryimage","url":"https:\/\/static.africa-press.net\/congo-brazzaville\/sites\/51\/2026\/03\/sm_1773877135.759907.jpg","contentUrl":"https:\/\/static.africa-press.net\/congo-brazzaville\/sites\/51\/2026\/03\/sm_1773877135.759907.jpg","width":833,"height":441,"caption":"\u00c9lecteurs de Boya \u00e0 Makoua Mobilis\u00e9s pour le Vote"},{"@type":"BreadcrumbList","@id":"https:\/\/www.africa-press.net\/congo-brazzaville\/politique\/electeurs-de-boya-a-makoua-mobilises-pour-le-vote#breadcrumb","itemListElement":[{"@type":"ListItem","position":1,"name":"Accueil","item":"https:\/\/www.africa-press.net\/congo-brazzaville\/"},{"@type":"ListItem","position":2,"name":"\u00c9lecteurs de Boya \u00e0 Makoua Mobilis\u00e9s pour le Vote"}]},{"@type":"WebSite","@id":"https:\/\/www.africa-press.net\/congo-brazzaville\/#website","url":"https:\/\/www.africa-press.net\/congo-brazzaville\/","name":"Congo Brazzaville","description":"Just another Africa News Agency Sites site","potentialAction":[{"@type":"SearchAction","target":{"@type":"EntryPoint","urlTemplate":"https:\/\/www.africa-press.net\/congo-brazzaville\/?s={search_term_string}"},"query-input":{"@type":"PropertyValueSpecification","valueRequired":true,"valueName":"search_term_string"}}],"inLanguage":"fr-FR"},{"@type":"Person","@id":"https:\/\/www.africa-press.net\/congo-brazzaville\/#\/schema\/person\/2b1cf3cd81a31e3cd26889ca66d677f1","name":"cfeditorfr"}]}},"_links":{"self":[{"href":"https:\/\/www.africa-press.net\/congo-brazzaville\/wp-json\/wp\/v2\/posts\/54420","targetHints":{"allow":["GET"]}}],"collection":[{"href":"https:\/\/www.africa-press.net\/congo-brazzaville\/wp-json\/wp\/v2\/posts"}],"about":[{"href":"https:\/\/www.africa-press.net\/congo-brazzaville\/wp-json\/wp\/v2\/types\/post"}],"author":[{"embeddable":true,"href":"https:\/\/www.africa-press.net\/congo-brazzaville\/wp-json\/wp\/v2\/users\/82"}],"replies":[{"embeddable":true,"href":"https:\/\/www.africa-press.net\/congo-brazzaville\/wp-json\/wp\/v2\/comments?post=54420"}],"version-history":[{"count":0,"href":"https:\/\/www.africa-press.net\/congo-brazzaville\/wp-json\/wp\/v2\/posts\/54420\/revisions"}],"wp:featuredmedia":[{"embeddable":true,"href":"https:\/\/www.africa-press.net\/congo-brazzaville\/wp-json\/wp\/v2\/media\/54419"}],"wp:attachment":[{"href":"https:\/\/www.africa-press.net\/congo-brazzaville\/wp-json\/wp\/v2\/media?parent=54420"}],"wp:term":[{"taxonomy":"category","embeddable":true,"href":"https:\/\/www.africa-press.net\/congo-brazzaville\/wp-json\/wp\/v2\/categories?post=54420"},{"taxonomy":"post_tag","embeddable":true,"href":"https:\/\/www.africa-press.net\/congo-brazzaville\/wp-json\/wp\/v2\/tags?post=54420"}],"curies":[{"name":"wp","href":"https:\/\/api.w.org\/{rel}","templated":true}]}}