{"id":54423,"date":"2026-03-18T22:40:30","date_gmt":"2026-03-18T22:40:30","guid":{"rendered":"https:\/\/www.africa-press.net\/congo-brazzaville\/politique\/joseph-kignoumbi-kia-mboungou-serein-apres-son-vote"},"modified":"2026-03-18T23:58:02","modified_gmt":"2026-03-18T23:58:02","slug":"joseph-kignoumbi-kia-mboungou-serein-apres-son-vote","status":"publish","type":"post","link":"https:\/\/www.africa-press.net\/congo-brazzaville\/politique\/joseph-kignoumbi-kia-mboungou-serein-apres-son-vote","title":{"rendered":"Joseph Kignoumbi Kia Mboungou Serein Apr\u00e8s Son Vote"},"content":{"rendered":"<p><span class=\"ap-article-header-tag\"> <strong>Africa-Press &#8211; Congo Brazzaville. <\/strong> <\/span><b>Le candidat de l\u2019opposition Joseph Kignoumbi Kia Mboungou, pre\u0301sident du parti La Chai\u0302ne, a vote\u0301 le 15 mars au complexe scolaire Diele, dans le 7e arrondissement de Mfilou a\u0300 Brazzaville. De\u0301plorant la faible affluence aux bureaux de vote, il s\u2019est dit confiant quant a\u0300 l\u2019issue du scrutin pre\u0301sidentiel tout en appelant les Congolais a\u0300 massivement participer.<\/b><\/p>\n<p>S\u2019exprimant apre\u0300s avoir glisse\u0301 son bulletin dans l\u2019urne, le candidat a regrette\u0301 le manque d\u2019engouement populaire malgre\u0301 les appels re\u0301pe\u0301te\u0301s, y compris celui du pre\u0301sident Sassou N\u2019Guesso. \u00ab Malgre\u0301 le temps court pour nous adresser aux Congolais, nous sommes venus accomplir notre devoir: apporter notre voix pour ame\u0301liorer le processus e\u0301lectoral. Je constate simplement un faible taux de participation, ce que nous redoutions de\u0301ja\u0300 \u00bb, a de\u0301clare\u0301 Joseph Kignoumbi Kia Mboungou. Il a exerce\u0301 sa liberte\u0301 de vote en candidate, espe\u0301rant un de\u0301roulement serein du scrutin au be\u0301ne\u0301fice du vainqueur et du Congo.<\/p>\n<p>Fide\u0300le a\u0300 sa tradition depuis 2002, ou\u0300 il a participe\u0301 a\u0300 toutes les e\u0301lections pre\u0301sidentielles, le candidat de La Chai\u0302ne a exhorte\u0301 les e\u0301lecteurs a\u0300 se mobiliser. \u00ab Levez-vous pour exprimer votre volonte\u0301: soit re\u0301e\u0301lire le pre\u0301sident en exercice, soit opter pour le changement \u00bb, a-t-il lance\u0301, s\u2019e\u0301tonnant de l\u2019obstination de certains Congolais a\u0300 s\u2019abstenir malgre\u0301 leur aspiration au renouveau.<\/p>\n<p>Joseph Kignoumbi Kia Mboungou re\u0301affirme ainsi sa de\u0301termination ine\u0301branlable a\u0300 conque\u0301rir le suffrage populaire pour pre\u0301sider aux destine\u0301es du pays.<\/p>\n<p class=\"ap-article-footer-note\">Retrouvez plus d\u2019actualit\u00e9s et d\u2019analyses sur <span class=\"ap-highlight-country\">Congo Brazzaville<\/span> sur le site <span class=\"ap-highlight-brand\">Africa Press<\/span><\/p>\n","protected":false},"excerpt":{"rendered":"<p>Africa-Press &#8211; Congo Brazzaville. Le candidat de l\u2019opposition Joseph Kignoumbi Kia Mboungou, pre\u0301sident du parti La Chai\u0302ne, a vote\u0301 le 15 mars au complexe scolaire Diele, dans le 7e arrondissement de Mfilou a\u0300 Brazzaville. De\u0301plorant la faible affluence aux bureaux de vote, il s\u2019est dit confiant quant a\u0300 l\u2019issue du scrutin pre\u0301sidentiel tout en appelant [&hellip;]<\/p>\n","protected":false},"author":82,"featured_media":54422,"comment_status":"open","ping_status":"closed","sticky":false,"template":"","format":"standard","meta":{"footnotes":""},"categories":[2,10],"tags":[46],"class_list":["post-54423","post","type-post","status-publish","format-standard","has-post-thumbnail","hentry","category-politique","category-toutes-les-actualites","tag-congo-brazzaville"],"yoast_head":"<!-- This site is optimized with the Yoast SEO Premium plugin v26.1 (Yoast SEO v27.0) - https:\/\/yoast.com\/product\/yoast-seo-premium-wordpress\/ -->\n<title>Joseph Kignoumbi Kia Mboungou Serein Apr\u00e8s Son Vote - Congo Brazzaville<\/title>\n<meta name=\"description\" content=\"-article-header-tag&quot;&gt; Africa-Press - Congo Brazzaville. Le candidat de l\u2019o ...\" \/>\n<meta name=\"robots\" content=\"index, follow, max-snippet:-1, max-image-preview:large, max-video-preview:-1\" \/>\n<link rel=\"canonical\" href=\"https:\/\/www.africa-press.net\/congo-brazzaville\/politique\/joseph-kignoumbi-kia-mboungou-serein-apres-son-vote\" \/>\n<meta property=\"og:locale\" content=\"fr_FR\" \/>\n<meta property=\"og:type\" content=\"article\" \/>\n<meta property=\"og:title\" content=\"Joseph Kignoumbi Kia Mboungou Serein Apr\u00e8s Son Vote\" \/>\n<meta property=\"og:description\" content=\"-article-header-tag&quot;&gt; Africa-Press - Congo Brazzaville. Le candidat de l\u2019o ...\" \/>\n<meta property=\"og:url\" content=\"https:\/\/www.africa-press.net\/congo-brazzaville\/politique\/joseph-kignoumbi-kia-mboungou-serein-apres-son-vote\" \/>\n<meta property=\"og:site_name\" content=\"Congo Brazzaville\" \/>\n<meta property=\"article:published_time\" content=\"2026-03-18T22:40:30+00:00\" \/>\n<meta property=\"article:modified_time\" content=\"2026-03-18T23:58:02+00:00\" \/>\n<meta property=\"og:image\" content=\"https:\/\/static.africa-press.net\/congo-brazzaville\/sites\/51\/2026\/03\/sm_1773877172.510289.jpg\" \/>\n\t<meta property=\"og:image:width\" content=\"834\" \/>\n\t<meta property=\"og:image:height\" content=\"434\" \/>\n\t<meta property=\"og:image:type\" content=\"image\/jpeg\" \/>\n<meta name=\"author\" content=\"cfeditorfr\" \/>\n<meta name=\"twitter:card\" content=\"summary_large_image\" \/>\n<meta name=\"twitter:label1\" content=\"\u00c9crit par\" \/>\n\t<meta name=\"twitter:data1\" content=\"cfeditorfr\" \/>\n\t<meta name=\"twitter:label2\" content=\"Dur\u00e9e de lecture estim\u00e9e\" \/>\n\t<meta name=\"twitter:data2\" content=\"2 minutes\" \/>\n<script type=\"application\/ld+json\" class=\"yoast-schema-graph\">{\"@context\":\"https:\/\/schema.org\",\"@graph\":[{\"@type\":\"Article\",\"@id\":\"https:\/\/www.africa-press.net\/congo-brazzaville\/politique\/joseph-kignoumbi-kia-mboungou-serein-apres-son-vote#article\",\"isPartOf\":{\"@id\":\"https:\/\/www.africa-press.net\/congo-brazzaville\/politique\/joseph-kignoumbi-kia-mboungou-serein-apres-son-vote\"},\"author\":{\"name\":\"cfeditorfr\",\"@id\":\"https:\/\/www.africa-press.net\/congo-brazzaville\/#\/schema\/person\/2b1cf3cd81a31e3cd26889ca66d677f1\"},\"headline\":\"Joseph Kignoumbi Kia Mboungou Serein Apr\u00e8s Son Vote\",\"datePublished\":\"2026-03-18T22:40:30+00:00\",\"dateModified\":\"2026-03-18T23:58:02+00:00\",\"mainEntityOfPage\":{\"@id\":\"https:\/\/www.africa-press.net\/congo-brazzaville\/politique\/joseph-kignoumbi-kia-mboungou-serein-apres-son-vote\"},\"wordCount\":294,\"commentCount\":0,\"image\":{\"@id\":\"https:\/\/www.africa-press.net\/congo-brazzaville\/politique\/joseph-kignoumbi-kia-mboungou-serein-apres-son-vote#primaryimage\"},\"thumbnailUrl\":\"https:\/\/static.africa-press.net\/congo-brazzaville\/sites\/51\/2026\/03\/sm_1773877172.510289.jpg\",\"keywords\":[\"Congo Brazzaville\"],\"articleSection\":[\"Politique\",\"Toutes les actualit\u00e9s\"],\"inLanguage\":\"fr-FR\",\"potentialAction\":[{\"@type\":\"CommentAction\",\"name\":\"Comment\",\"target\":[\"https:\/\/www.africa-press.net\/congo-brazzaville\/politique\/joseph-kignoumbi-kia-mboungou-serein-apres-son-vote#respond\"]}]},{\"@type\":\"WebPage\",\"@id\":\"https:\/\/www.africa-press.net\/congo-brazzaville\/politique\/joseph-kignoumbi-kia-mboungou-serein-apres-son-vote\",\"url\":\"https:\/\/www.africa-press.net\/congo-brazzaville\/politique\/joseph-kignoumbi-kia-mboungou-serein-apres-son-vote\",\"name\":\"Joseph Kignoumbi Kia Mboungou Serein Apr\u00e8s Son Vote - Congo Brazzaville\",\"isPartOf\":{\"@id\":\"https:\/\/www.africa-press.net\/congo-brazzaville\/#website\"},\"primaryImageOfPage\":{\"@id\":\"https:\/\/www.africa-press.net\/congo-brazzaville\/politique\/joseph-kignoumbi-kia-mboungou-serein-apres-son-vote#primaryimage\"},\"image\":{\"@id\":\"https:\/\/www.africa-press.net\/congo-brazzaville\/politique\/joseph-kignoumbi-kia-mboungou-serein-apres-son-vote#primaryimage\"},\"thumbnailUrl\":\"https:\/\/static.africa-press.net\/congo-brazzaville\/sites\/51\/2026\/03\/sm_1773877172.510289.jpg\",\"datePublished\":\"2026-03-18T22:40:30+00:00\",\"dateModified\":\"2026-03-18T23:58:02+00:00\",\"author\":{\"@id\":\"https:\/\/www.africa-press.net\/congo-brazzaville\/#\/schema\/person\/2b1cf3cd81a31e3cd26889ca66d677f1\"},\"description\":\"-article-header-tag\\\"> Africa-Press - Congo Brazzaville. Le candidat de l\u2019o ...\",\"breadcrumb\":{\"@id\":\"https:\/\/www.africa-press.net\/congo-brazzaville\/politique\/joseph-kignoumbi-kia-mboungou-serein-apres-son-vote#breadcrumb\"},\"inLanguage\":\"fr-FR\",\"potentialAction\":[{\"@type\":\"ReadAction\",\"target\":[\"https:\/\/www.africa-press.net\/congo-brazzaville\/politique\/joseph-kignoumbi-kia-mboungou-serein-apres-son-vote\"]}]},{\"@type\":\"ImageObject\",\"inLanguage\":\"fr-FR\",\"@id\":\"https:\/\/www.africa-press.net\/congo-brazzaville\/politique\/joseph-kignoumbi-kia-mboungou-serein-apres-son-vote#primaryimage\",\"url\":\"https:\/\/static.africa-press.net\/congo-brazzaville\/sites\/51\/2026\/03\/sm_1773877172.510289.jpg\",\"contentUrl\":\"https:\/\/static.africa-press.net\/congo-brazzaville\/sites\/51\/2026\/03\/sm_1773877172.510289.jpg\",\"width\":834,\"height\":434,\"caption\":\"Joseph Kignoumbi Kia Mboungou Serein Apr\u00e8s Son Vote\"},{\"@type\":\"BreadcrumbList\",\"@id\":\"https:\/\/www.africa-press.net\/congo-brazzaville\/politique\/joseph-kignoumbi-kia-mboungou-serein-apres-son-vote#breadcrumb\",\"itemListElement\":[{\"@type\":\"ListItem\",\"position\":1,\"name\":\"Accueil\",\"item\":\"https:\/\/www.africa-press.net\/congo-brazzaville\/\"},{\"@type\":\"ListItem\",\"position\":2,\"name\":\"Joseph Kignoumbi Kia Mboungou Serein Apr\u00e8s Son Vote\"}]},{\"@type\":\"WebSite\",\"@id\":\"https:\/\/www.africa-press.net\/congo-brazzaville\/#website\",\"url\":\"https:\/\/www.africa-press.net\/congo-brazzaville\/\",\"name\":\"Congo Brazzaville\",\"description\":\"Just another Africa News Agency Sites site\",\"potentialAction\":[{\"@type\":\"SearchAction\",\"target\":{\"@type\":\"EntryPoint\",\"urlTemplate\":\"https:\/\/www.africa-press.net\/congo-brazzaville\/?s={search_term_string}\"},\"query-input\":{\"@type\":\"PropertyValueSpecification\",\"valueRequired\":true,\"valueName\":\"search_term_string\"}}],\"inLanguage\":\"fr-FR\"},{\"@type\":\"Person\",\"@id\":\"https:\/\/www.africa-press.net\/congo-brazzaville\/#\/schema\/person\/2b1cf3cd81a31e3cd26889ca66d677f1\",\"name\":\"cfeditorfr\"}]}<\/script>\n<!-- \/ Yoast SEO Premium plugin. -->","yoast_head_json":{"title":"Joseph Kignoumbi Kia Mboungou Serein Apr\u00e8s Son Vote - Congo Brazzaville","description":"-article-header-tag\"> Africa-Press - Congo Brazzaville. Le candidat de l\u2019o ...","robots":{"index":"index","follow":"follow","max-snippet":"max-snippet:-1","max-image-preview":"max-image-preview:large","max-video-preview":"max-video-preview:-1"},"canonical":"https:\/\/www.africa-press.net\/congo-brazzaville\/politique\/joseph-kignoumbi-kia-mboungou-serein-apres-son-vote","og_locale":"fr_FR","og_type":"article","og_title":"Joseph Kignoumbi Kia Mboungou Serein Apr\u00e8s Son Vote","og_description":"-article-header-tag\"> Africa-Press - Congo Brazzaville. Le candidat de l\u2019o ...","og_url":"https:\/\/www.africa-press.net\/congo-brazzaville\/politique\/joseph-kignoumbi-kia-mboungou-serein-apres-son-vote","og_site_name":"Congo Brazzaville","article_published_time":"2026-03-18T22:40:30+00:00","article_modified_time":"2026-03-18T23:58:02+00:00","og_image":[{"width":834,"height":434,"url":"https:\/\/static.africa-press.net\/congo-brazzaville\/sites\/51\/2026\/03\/sm_1773877172.510289.jpg","type":"image\/jpeg"}],"author":"cfeditorfr","twitter_card":"summary_large_image","twitter_misc":{"\u00c9crit par":"cfeditorfr","Dur\u00e9e de lecture estim\u00e9e":"2 minutes"},"schema":{"@context":"https:\/\/schema.org","@graph":[{"@type":"Article","@id":"https:\/\/www.africa-press.net\/congo-brazzaville\/politique\/joseph-kignoumbi-kia-mboungou-serein-apres-son-vote#article","isPartOf":{"@id":"https:\/\/www.africa-press.net\/congo-brazzaville\/politique\/joseph-kignoumbi-kia-mboungou-serein-apres-son-vote"},"author":{"name":"cfeditorfr","@id":"https:\/\/www.africa-press.net\/congo-brazzaville\/#\/schema\/person\/2b1cf3cd81a31e3cd26889ca66d677f1"},"headline":"Joseph Kignoumbi Kia Mboungou Serein Apr\u00e8s Son Vote","datePublished":"2026-03-18T22:40:30+00:00","dateModified":"2026-03-18T23:58:02+00:00","mainEntityOfPage":{"@id":"https:\/\/www.africa-press.net\/congo-brazzaville\/politique\/joseph-kignoumbi-kia-mboungou-serein-apres-son-vote"},"wordCount":294,"commentCount":0,"image":{"@id":"https:\/\/www.africa-press.net\/congo-brazzaville\/politique\/joseph-kignoumbi-kia-mboungou-serein-apres-son-vote#primaryimage"},"thumbnailUrl":"https:\/\/static.africa-press.net\/congo-brazzaville\/sites\/51\/2026\/03\/sm_1773877172.510289.jpg","keywords":["Congo Brazzaville"],"articleSection":["Politique","Toutes les actualit\u00e9s"],"inLanguage":"fr-FR","potentialAction":[{"@type":"CommentAction","name":"Comment","target":["https:\/\/www.africa-press.net\/congo-brazzaville\/politique\/joseph-kignoumbi-kia-mboungou-serein-apres-son-vote#respond"]}]},{"@type":"WebPage","@id":"https:\/\/www.africa-press.net\/congo-brazzaville\/politique\/joseph-kignoumbi-kia-mboungou-serein-apres-son-vote","url":"https:\/\/www.africa-press.net\/congo-brazzaville\/politique\/joseph-kignoumbi-kia-mboungou-serein-apres-son-vote","name":"Joseph Kignoumbi Kia Mboungou Serein Apr\u00e8s Son Vote - Congo Brazzaville","isPartOf":{"@id":"https:\/\/www.africa-press.net\/congo-brazzaville\/#website"},"primaryImageOfPage":{"@id":"https:\/\/www.africa-press.net\/congo-brazzaville\/politique\/joseph-kignoumbi-kia-mboungou-serein-apres-son-vote#primaryimage"},"image":{"@id":"https:\/\/www.africa-press.net\/congo-brazzaville\/politique\/joseph-kignoumbi-kia-mboungou-serein-apres-son-vote#primaryimage"},"thumbnailUrl":"https:\/\/static.africa-press.net\/congo-brazzaville\/sites\/51\/2026\/03\/sm_1773877172.510289.jpg","datePublished":"2026-03-18T22:40:30+00:00","dateModified":"2026-03-18T23:58:02+00:00","author":{"@id":"https:\/\/www.africa-press.net\/congo-brazzaville\/#\/schema\/person\/2b1cf3cd81a31e3cd26889ca66d677f1"},"description":"-article-header-tag\"> Africa-Press - Congo Brazzaville. Le candidat de l\u2019o ...","breadcrumb":{"@id":"https:\/\/www.africa-press.net\/congo-brazzaville\/politique\/joseph-kignoumbi-kia-mboungou-serein-apres-son-vote#breadcrumb"},"inLanguage":"fr-FR","potentialAction":[{"@type":"ReadAction","target":["https:\/\/www.africa-press.net\/congo-brazzaville\/politique\/joseph-kignoumbi-kia-mboungou-serein-apres-son-vote"]}]},{"@type":"ImageObject","inLanguage":"fr-FR","@id":"https:\/\/www.africa-press.net\/congo-brazzaville\/politique\/joseph-kignoumbi-kia-mboungou-serein-apres-son-vote#primaryimage","url":"https:\/\/static.africa-press.net\/congo-brazzaville\/sites\/51\/2026\/03\/sm_1773877172.510289.jpg","contentUrl":"https:\/\/static.africa-press.net\/congo-brazzaville\/sites\/51\/2026\/03\/sm_1773877172.510289.jpg","width":834,"height":434,"caption":"Joseph Kignoumbi Kia Mboungou Serein Apr\u00e8s Son Vote"},{"@type":"BreadcrumbList","@id":"https:\/\/www.africa-press.net\/congo-brazzaville\/politique\/joseph-kignoumbi-kia-mboungou-serein-apres-son-vote#breadcrumb","itemListElement":[{"@type":"ListItem","position":1,"name":"Accueil","item":"https:\/\/www.africa-press.net\/congo-brazzaville\/"},{"@type":"ListItem","position":2,"name":"Joseph Kignoumbi Kia Mboungou Serein Apr\u00e8s Son Vote"}]},{"@type":"WebSite","@id":"https:\/\/www.africa-press.net\/congo-brazzaville\/#website","url":"https:\/\/www.africa-press.net\/congo-brazzaville\/","name":"Congo Brazzaville","description":"Just another Africa News Agency Sites site","potentialAction":[{"@type":"SearchAction","target":{"@type":"EntryPoint","urlTemplate":"https:\/\/www.africa-press.net\/congo-brazzaville\/?s={search_term_string}"},"query-input":{"@type":"PropertyValueSpecification","valueRequired":true,"valueName":"search_term_string"}}],"inLanguage":"fr-FR"},{"@type":"Person","@id":"https:\/\/www.africa-press.net\/congo-brazzaville\/#\/schema\/person\/2b1cf3cd81a31e3cd26889ca66d677f1","name":"cfeditorfr"}]}},"_links":{"self":[{"href":"https:\/\/www.africa-press.net\/congo-brazzaville\/wp-json\/wp\/v2\/posts\/54423","targetHints":{"allow":["GET"]}}],"collection":[{"href":"https:\/\/www.africa-press.net\/congo-brazzaville\/wp-json\/wp\/v2\/posts"}],"about":[{"href":"https:\/\/www.africa-press.net\/congo-brazzaville\/wp-json\/wp\/v2\/types\/post"}],"author":[{"embeddable":true,"href":"https:\/\/www.africa-press.net\/congo-brazzaville\/wp-json\/wp\/v2\/users\/82"}],"replies":[{"embeddable":true,"href":"https:\/\/www.africa-press.net\/congo-brazzaville\/wp-json\/wp\/v2\/comments?post=54423"}],"version-history":[{"count":0,"href":"https:\/\/www.africa-press.net\/congo-brazzaville\/wp-json\/wp\/v2\/posts\/54423\/revisions"}],"wp:featuredmedia":[{"embeddable":true,"href":"https:\/\/www.africa-press.net\/congo-brazzaville\/wp-json\/wp\/v2\/media\/54422"}],"wp:attachment":[{"href":"https:\/\/www.africa-press.net\/congo-brazzaville\/wp-json\/wp\/v2\/media?parent=54423"}],"wp:term":[{"taxonomy":"category","embeddable":true,"href":"https:\/\/www.africa-press.net\/congo-brazzaville\/wp-json\/wp\/v2\/categories?post=54423"},{"taxonomy":"post_tag","embeddable":true,"href":"https:\/\/www.africa-press.net\/congo-brazzaville\/wp-json\/wp\/v2\/tags?post=54423"}],"curies":[{"name":"wp","href":"https:\/\/api.w.org\/{rel}","templated":true}]}}