{"id":54427,"date":"2026-03-18T22:41:37","date_gmt":"2026-03-18T22:41:37","guid":{"rendered":"https:\/\/www.africa-press.net\/congo-brazzaville\/politique\/affluence-et-determination-des-electeurs-a-mfilou"},"modified":"2026-03-18T23:58:51","modified_gmt":"2026-03-18T23:58:51","slug":"affluence-et-determination-des-electeurs-a-mfilou","status":"publish","type":"post","link":"https:\/\/www.africa-press.net\/congo-brazzaville\/politique\/affluence-et-determination-des-electeurs-a-mfilou","title":{"rendered":"Affluence et D\u00e9termination des \u00c9lecteurs \u00e0 Mfilou"},"content":{"rendered":"<p><span class=\"ap-article-header-tag\"> <strong>Africa-Press &#8211; Congo Brazzaville. <\/strong> <\/span><b>De\u0300s l\u2019ouverture des bureaux de vote, les e\u0301lecteurs du centre de l\u2019e\u0301cole primaire publique Pierre Mayindou, dans le 7e arrondissement de Mfilou a\u0300 Brazzaville, se sont mobilise\u0301s pour accomplir leur devoir civique lors de l\u2019e\u0301lection pre\u0301sidentielle du 15 mars. Huit bureaux accueillent plus de 80 000 inscrits appele\u0301s a\u0300 choisir leur futur pre\u0301sident parmi les sept candidats en lice.<\/b><\/p>\n<p>Les ope\u0301rations ont de\u0301bute\u0301 a\u0300 8 h 30 dans une atmosphe\u0300re sereine. Un fait marquant illustre l\u2019engagement des votants: Auguste Bifouma, septuage\u0301naire affaibli par un e\u0301tat de sante\u0301 pre\u0301caire, a patiemment scrute\u0301 les listes e\u0301lectorales affiche\u0301es sur le mur pour localiser son nom, son nume\u0301ro de carte et son bureau attitre\u0301. Apre\u0300s avoir franchi toutes les e\u0301tapes du processus, il a vote\u0301 au bureau nume\u0301ro 4. \u00ab J\u2019ai accompli mon devoir civique en e\u0301lisant le pre\u0301sident de la Re\u0301publique qui dirigera le pays pour les cinq prochaines anne\u0301es \u00bb, s\u2019est fe\u0301licite\u0301 Auguste Bifouma.<\/p>\n<p>Adamou Aminou, un autre e\u0301lecteur, a exprime\u0301 sa gratitude aux agents de la Commission nationale e\u0301lectorale inde\u0301pendante (CNEI) pour avoir facilite\u0301 son vote. \u00ab C\u2019est la troisie\u0300me fois que je participe a\u0300 un scrutin pre\u0301sidentiel \u00bb, a-t-il te\u0301moigne\u0301, soulignant la fluidite\u0301 des proce\u0301dures.<\/p>\n<p>Chaque bureau est pre\u0301side\u0301 par un responsable charge\u0301 de veiller au bon de\u0301roulement des ope\u0301rations. Ghislain Mounacka, a\u0300 la te\u0302te du bureau nume\u0301ro 3, confirme: \u00ab Le vote se de\u0301roule dans le calme, et les e\u0301lecteurs affluent pour accomplir leur devoir. \u00bb<\/p>\n<p>Sur les sept candidats, seuls trois de\u0301le\u0301gue\u0301s sont pre\u0301sents dans les huit bureaux: ceux de la majorite\u0301 pre\u0301sidentielle, de la Chai\u0302ne et du candidat inde\u0301pendant Vivien Manangou.<\/p>\n<p class=\"ap-article-footer-note\">Retrouvez plus d\u2019actualit\u00e9s et d\u2019analyses sur <span class=\"ap-highlight-country\">Congo Brazzaville<\/span> sur le site <span class=\"ap-highlight-brand\">Africa Press<\/span><\/p>\n","protected":false},"excerpt":{"rendered":"<p>Africa-Press &#8211; Congo Brazzaville. De\u0300s l\u2019ouverture des bureaux de vote, les e\u0301lecteurs du centre de l\u2019e\u0301cole primaire publique Pierre Mayindou, dans le 7e arrondissement de Mfilou a\u0300 Brazzaville, se sont mobilise\u0301s pour accomplir leur devoir civique lors de l\u2019e\u0301lection pre\u0301sidentielle du 15 mars. Huit bureaux accueillent plus de 80 000 inscrits appele\u0301s a\u0300 choisir leur [&hellip;]<\/p>\n","protected":false},"author":82,"featured_media":54426,"comment_status":"open","ping_status":"closed","sticky":false,"template":"","format":"standard","meta":{"footnotes":""},"categories":[2,10],"tags":[46],"class_list":["post-54427","post","type-post","status-publish","format-standard","has-post-thumbnail","hentry","category-politique","category-toutes-les-actualites","tag-congo-brazzaville"],"yoast_head":"<!-- This site is optimized with the Yoast SEO Premium plugin v26.1 (Yoast SEO v27.0) - https:\/\/yoast.com\/product\/yoast-seo-premium-wordpress\/ -->\n<title>Affluence et D\u00e9termination des \u00c9lecteurs \u00e0 Mfilou - Congo Brazzaville<\/title>\n<meta name=\"description\" content=\"-article-header-tag&quot;&gt; Africa-Press - Congo Brazzaville. De\u0300s l\u2019ouverture d ...\" \/>\n<meta name=\"robots\" content=\"index, follow, max-snippet:-1, max-image-preview:large, max-video-preview:-1\" \/>\n<link rel=\"canonical\" href=\"https:\/\/www.africa-press.net\/congo-brazzaville\/politique\/affluence-et-determination-des-electeurs-a-mfilou\" \/>\n<meta property=\"og:locale\" content=\"fr_FR\" \/>\n<meta property=\"og:type\" content=\"article\" \/>\n<meta property=\"og:title\" content=\"Affluence et D\u00e9termination des \u00c9lecteurs \u00e0 Mfilou\" \/>\n<meta property=\"og:description\" content=\"-article-header-tag&quot;&gt; Africa-Press - Congo Brazzaville. De\u0300s l\u2019ouverture d ...\" \/>\n<meta property=\"og:url\" content=\"https:\/\/www.africa-press.net\/congo-brazzaville\/politique\/affluence-et-determination-des-electeurs-a-mfilou\" \/>\n<meta property=\"og:site_name\" content=\"Congo Brazzaville\" \/>\n<meta property=\"article:published_time\" content=\"2026-03-18T22:41:37+00:00\" \/>\n<meta property=\"article:modified_time\" content=\"2026-03-18T23:58:51+00:00\" \/>\n<meta property=\"og:image\" content=\"https:\/\/static.africa-press.net\/congo-brazzaville\/sites\/51\/2026\/03\/sm_1773877212.978764.jpg\" \/>\n\t<meta property=\"og:image:width\" content=\"794\" \/>\n\t<meta property=\"og:image:height\" content=\"436\" \/>\n\t<meta property=\"og:image:type\" content=\"image\/jpeg\" \/>\n<meta name=\"author\" content=\"cfeditorfr\" \/>\n<meta name=\"twitter:card\" content=\"summary_large_image\" \/>\n<meta name=\"twitter:label1\" content=\"\u00c9crit par\" \/>\n\t<meta name=\"twitter:data1\" content=\"cfeditorfr\" \/>\n\t<meta name=\"twitter:label2\" content=\"Dur\u00e9e de lecture estim\u00e9e\" \/>\n\t<meta name=\"twitter:data2\" content=\"2 minutes\" \/>\n<script type=\"application\/ld+json\" class=\"yoast-schema-graph\">{\"@context\":\"https:\/\/schema.org\",\"@graph\":[{\"@type\":\"Article\",\"@id\":\"https:\/\/www.africa-press.net\/congo-brazzaville\/politique\/affluence-et-determination-des-electeurs-a-mfilou#article\",\"isPartOf\":{\"@id\":\"https:\/\/www.africa-press.net\/congo-brazzaville\/politique\/affluence-et-determination-des-electeurs-a-mfilou\"},\"author\":{\"name\":\"cfeditorfr\",\"@id\":\"https:\/\/www.africa-press.net\/congo-brazzaville\/#\/schema\/person\/2b1cf3cd81a31e3cd26889ca66d677f1\"},\"headline\":\"Affluence et D\u00e9termination des \u00c9lecteurs \u00e0 Mfilou\",\"datePublished\":\"2026-03-18T22:41:37+00:00\",\"dateModified\":\"2026-03-18T23:58:51+00:00\",\"mainEntityOfPage\":{\"@id\":\"https:\/\/www.africa-press.net\/congo-brazzaville\/politique\/affluence-et-determination-des-electeurs-a-mfilou\"},\"wordCount\":331,\"commentCount\":0,\"image\":{\"@id\":\"https:\/\/www.africa-press.net\/congo-brazzaville\/politique\/affluence-et-determination-des-electeurs-a-mfilou#primaryimage\"},\"thumbnailUrl\":\"https:\/\/static.africa-press.net\/congo-brazzaville\/sites\/51\/2026\/03\/sm_1773877212.978764.jpg\",\"keywords\":[\"Congo Brazzaville\"],\"articleSection\":[\"Politique\",\"Toutes les actualit\u00e9s\"],\"inLanguage\":\"fr-FR\",\"potentialAction\":[{\"@type\":\"CommentAction\",\"name\":\"Comment\",\"target\":[\"https:\/\/www.africa-press.net\/congo-brazzaville\/politique\/affluence-et-determination-des-electeurs-a-mfilou#respond\"]}]},{\"@type\":\"WebPage\",\"@id\":\"https:\/\/www.africa-press.net\/congo-brazzaville\/politique\/affluence-et-determination-des-electeurs-a-mfilou\",\"url\":\"https:\/\/www.africa-press.net\/congo-brazzaville\/politique\/affluence-et-determination-des-electeurs-a-mfilou\",\"name\":\"Affluence et D\u00e9termination des \u00c9lecteurs \u00e0 Mfilou - Congo Brazzaville\",\"isPartOf\":{\"@id\":\"https:\/\/www.africa-press.net\/congo-brazzaville\/#website\"},\"primaryImageOfPage\":{\"@id\":\"https:\/\/www.africa-press.net\/congo-brazzaville\/politique\/affluence-et-determination-des-electeurs-a-mfilou#primaryimage\"},\"image\":{\"@id\":\"https:\/\/www.africa-press.net\/congo-brazzaville\/politique\/affluence-et-determination-des-electeurs-a-mfilou#primaryimage\"},\"thumbnailUrl\":\"https:\/\/static.africa-press.net\/congo-brazzaville\/sites\/51\/2026\/03\/sm_1773877212.978764.jpg\",\"datePublished\":\"2026-03-18T22:41:37+00:00\",\"dateModified\":\"2026-03-18T23:58:51+00:00\",\"author\":{\"@id\":\"https:\/\/www.africa-press.net\/congo-brazzaville\/#\/schema\/person\/2b1cf3cd81a31e3cd26889ca66d677f1\"},\"description\":\"-article-header-tag\\\"> Africa-Press - Congo Brazzaville. De\u0300s l\u2019ouverture d ...\",\"breadcrumb\":{\"@id\":\"https:\/\/www.africa-press.net\/congo-brazzaville\/politique\/affluence-et-determination-des-electeurs-a-mfilou#breadcrumb\"},\"inLanguage\":\"fr-FR\",\"potentialAction\":[{\"@type\":\"ReadAction\",\"target\":[\"https:\/\/www.africa-press.net\/congo-brazzaville\/politique\/affluence-et-determination-des-electeurs-a-mfilou\"]}]},{\"@type\":\"ImageObject\",\"inLanguage\":\"fr-FR\",\"@id\":\"https:\/\/www.africa-press.net\/congo-brazzaville\/politique\/affluence-et-determination-des-electeurs-a-mfilou#primaryimage\",\"url\":\"https:\/\/static.africa-press.net\/congo-brazzaville\/sites\/51\/2026\/03\/sm_1773877212.978764.jpg\",\"contentUrl\":\"https:\/\/static.africa-press.net\/congo-brazzaville\/sites\/51\/2026\/03\/sm_1773877212.978764.jpg\",\"width\":794,\"height\":436,\"caption\":\"Affluence et D\u00e9termination des \u00c9lecteurs \u00e0 Mfilou\"},{\"@type\":\"BreadcrumbList\",\"@id\":\"https:\/\/www.africa-press.net\/congo-brazzaville\/politique\/affluence-et-determination-des-electeurs-a-mfilou#breadcrumb\",\"itemListElement\":[{\"@type\":\"ListItem\",\"position\":1,\"name\":\"Accueil\",\"item\":\"https:\/\/www.africa-press.net\/congo-brazzaville\/\"},{\"@type\":\"ListItem\",\"position\":2,\"name\":\"Affluence et D\u00e9termination des \u00c9lecteurs \u00e0 Mfilou\"}]},{\"@type\":\"WebSite\",\"@id\":\"https:\/\/www.africa-press.net\/congo-brazzaville\/#website\",\"url\":\"https:\/\/www.africa-press.net\/congo-brazzaville\/\",\"name\":\"Congo Brazzaville\",\"description\":\"Just another Africa News Agency Sites site\",\"potentialAction\":[{\"@type\":\"SearchAction\",\"target\":{\"@type\":\"EntryPoint\",\"urlTemplate\":\"https:\/\/www.africa-press.net\/congo-brazzaville\/?s={search_term_string}\"},\"query-input\":{\"@type\":\"PropertyValueSpecification\",\"valueRequired\":true,\"valueName\":\"search_term_string\"}}],\"inLanguage\":\"fr-FR\"},{\"@type\":\"Person\",\"@id\":\"https:\/\/www.africa-press.net\/congo-brazzaville\/#\/schema\/person\/2b1cf3cd81a31e3cd26889ca66d677f1\",\"name\":\"cfeditorfr\"}]}<\/script>\n<!-- \/ Yoast SEO Premium plugin. -->","yoast_head_json":{"title":"Affluence et D\u00e9termination des \u00c9lecteurs \u00e0 Mfilou - Congo Brazzaville","description":"-article-header-tag\"> Africa-Press - Congo Brazzaville. De\u0300s l\u2019ouverture d ...","robots":{"index":"index","follow":"follow","max-snippet":"max-snippet:-1","max-image-preview":"max-image-preview:large","max-video-preview":"max-video-preview:-1"},"canonical":"https:\/\/www.africa-press.net\/congo-brazzaville\/politique\/affluence-et-determination-des-electeurs-a-mfilou","og_locale":"fr_FR","og_type":"article","og_title":"Affluence et D\u00e9termination des \u00c9lecteurs \u00e0 Mfilou","og_description":"-article-header-tag\"> Africa-Press - Congo Brazzaville. De\u0300s l\u2019ouverture d ...","og_url":"https:\/\/www.africa-press.net\/congo-brazzaville\/politique\/affluence-et-determination-des-electeurs-a-mfilou","og_site_name":"Congo Brazzaville","article_published_time":"2026-03-18T22:41:37+00:00","article_modified_time":"2026-03-18T23:58:51+00:00","og_image":[{"width":794,"height":436,"url":"https:\/\/static.africa-press.net\/congo-brazzaville\/sites\/51\/2026\/03\/sm_1773877212.978764.jpg","type":"image\/jpeg"}],"author":"cfeditorfr","twitter_card":"summary_large_image","twitter_misc":{"\u00c9crit par":"cfeditorfr","Dur\u00e9e de lecture estim\u00e9e":"2 minutes"},"schema":{"@context":"https:\/\/schema.org","@graph":[{"@type":"Article","@id":"https:\/\/www.africa-press.net\/congo-brazzaville\/politique\/affluence-et-determination-des-electeurs-a-mfilou#article","isPartOf":{"@id":"https:\/\/www.africa-press.net\/congo-brazzaville\/politique\/affluence-et-determination-des-electeurs-a-mfilou"},"author":{"name":"cfeditorfr","@id":"https:\/\/www.africa-press.net\/congo-brazzaville\/#\/schema\/person\/2b1cf3cd81a31e3cd26889ca66d677f1"},"headline":"Affluence et D\u00e9termination des \u00c9lecteurs \u00e0 Mfilou","datePublished":"2026-03-18T22:41:37+00:00","dateModified":"2026-03-18T23:58:51+00:00","mainEntityOfPage":{"@id":"https:\/\/www.africa-press.net\/congo-brazzaville\/politique\/affluence-et-determination-des-electeurs-a-mfilou"},"wordCount":331,"commentCount":0,"image":{"@id":"https:\/\/www.africa-press.net\/congo-brazzaville\/politique\/affluence-et-determination-des-electeurs-a-mfilou#primaryimage"},"thumbnailUrl":"https:\/\/static.africa-press.net\/congo-brazzaville\/sites\/51\/2026\/03\/sm_1773877212.978764.jpg","keywords":["Congo Brazzaville"],"articleSection":["Politique","Toutes les actualit\u00e9s"],"inLanguage":"fr-FR","potentialAction":[{"@type":"CommentAction","name":"Comment","target":["https:\/\/www.africa-press.net\/congo-brazzaville\/politique\/affluence-et-determination-des-electeurs-a-mfilou#respond"]}]},{"@type":"WebPage","@id":"https:\/\/www.africa-press.net\/congo-brazzaville\/politique\/affluence-et-determination-des-electeurs-a-mfilou","url":"https:\/\/www.africa-press.net\/congo-brazzaville\/politique\/affluence-et-determination-des-electeurs-a-mfilou","name":"Affluence et D\u00e9termination des \u00c9lecteurs \u00e0 Mfilou - Congo Brazzaville","isPartOf":{"@id":"https:\/\/www.africa-press.net\/congo-brazzaville\/#website"},"primaryImageOfPage":{"@id":"https:\/\/www.africa-press.net\/congo-brazzaville\/politique\/affluence-et-determination-des-electeurs-a-mfilou#primaryimage"},"image":{"@id":"https:\/\/www.africa-press.net\/congo-brazzaville\/politique\/affluence-et-determination-des-electeurs-a-mfilou#primaryimage"},"thumbnailUrl":"https:\/\/static.africa-press.net\/congo-brazzaville\/sites\/51\/2026\/03\/sm_1773877212.978764.jpg","datePublished":"2026-03-18T22:41:37+00:00","dateModified":"2026-03-18T23:58:51+00:00","author":{"@id":"https:\/\/www.africa-press.net\/congo-brazzaville\/#\/schema\/person\/2b1cf3cd81a31e3cd26889ca66d677f1"},"description":"-article-header-tag\"> Africa-Press - Congo Brazzaville. De\u0300s l\u2019ouverture d ...","breadcrumb":{"@id":"https:\/\/www.africa-press.net\/congo-brazzaville\/politique\/affluence-et-determination-des-electeurs-a-mfilou#breadcrumb"},"inLanguage":"fr-FR","potentialAction":[{"@type":"ReadAction","target":["https:\/\/www.africa-press.net\/congo-brazzaville\/politique\/affluence-et-determination-des-electeurs-a-mfilou"]}]},{"@type":"ImageObject","inLanguage":"fr-FR","@id":"https:\/\/www.africa-press.net\/congo-brazzaville\/politique\/affluence-et-determination-des-electeurs-a-mfilou#primaryimage","url":"https:\/\/static.africa-press.net\/congo-brazzaville\/sites\/51\/2026\/03\/sm_1773877212.978764.jpg","contentUrl":"https:\/\/static.africa-press.net\/congo-brazzaville\/sites\/51\/2026\/03\/sm_1773877212.978764.jpg","width":794,"height":436,"caption":"Affluence et D\u00e9termination des \u00c9lecteurs \u00e0 Mfilou"},{"@type":"BreadcrumbList","@id":"https:\/\/www.africa-press.net\/congo-brazzaville\/politique\/affluence-et-determination-des-electeurs-a-mfilou#breadcrumb","itemListElement":[{"@type":"ListItem","position":1,"name":"Accueil","item":"https:\/\/www.africa-press.net\/congo-brazzaville\/"},{"@type":"ListItem","position":2,"name":"Affluence et D\u00e9termination des \u00c9lecteurs \u00e0 Mfilou"}]},{"@type":"WebSite","@id":"https:\/\/www.africa-press.net\/congo-brazzaville\/#website","url":"https:\/\/www.africa-press.net\/congo-brazzaville\/","name":"Congo Brazzaville","description":"Just another Africa News Agency Sites site","potentialAction":[{"@type":"SearchAction","target":{"@type":"EntryPoint","urlTemplate":"https:\/\/www.africa-press.net\/congo-brazzaville\/?s={search_term_string}"},"query-input":{"@type":"PropertyValueSpecification","valueRequired":true,"valueName":"search_term_string"}}],"inLanguage":"fr-FR"},{"@type":"Person","@id":"https:\/\/www.africa-press.net\/congo-brazzaville\/#\/schema\/person\/2b1cf3cd81a31e3cd26889ca66d677f1","name":"cfeditorfr"}]}},"_links":{"self":[{"href":"https:\/\/www.africa-press.net\/congo-brazzaville\/wp-json\/wp\/v2\/posts\/54427","targetHints":{"allow":["GET"]}}],"collection":[{"href":"https:\/\/www.africa-press.net\/congo-brazzaville\/wp-json\/wp\/v2\/posts"}],"about":[{"href":"https:\/\/www.africa-press.net\/congo-brazzaville\/wp-json\/wp\/v2\/types\/post"}],"author":[{"embeddable":true,"href":"https:\/\/www.africa-press.net\/congo-brazzaville\/wp-json\/wp\/v2\/users\/82"}],"replies":[{"embeddable":true,"href":"https:\/\/www.africa-press.net\/congo-brazzaville\/wp-json\/wp\/v2\/comments?post=54427"}],"version-history":[{"count":0,"href":"https:\/\/www.africa-press.net\/congo-brazzaville\/wp-json\/wp\/v2\/posts\/54427\/revisions"}],"wp:featuredmedia":[{"embeddable":true,"href":"https:\/\/www.africa-press.net\/congo-brazzaville\/wp-json\/wp\/v2\/media\/54426"}],"wp:attachment":[{"href":"https:\/\/www.africa-press.net\/congo-brazzaville\/wp-json\/wp\/v2\/media?parent=54427"}],"wp:term":[{"taxonomy":"category","embeddable":true,"href":"https:\/\/www.africa-press.net\/congo-brazzaville\/wp-json\/wp\/v2\/categories?post=54427"},{"taxonomy":"post_tag","embeddable":true,"href":"https:\/\/www.africa-press.net\/congo-brazzaville\/wp-json\/wp\/v2\/tags?post=54427"}],"curies":[{"name":"wp","href":"https:\/\/api.w.org\/{rel}","templated":true}]}}