{"id":54434,"date":"2026-03-18T22:58:32","date_gmt":"2026-03-18T22:58:32","guid":{"rendered":"https:\/\/www.africa-press.net\/congo-brazzaville\/politique\/can-2026-et-sacre-du-senegal-vole-par-les-bureaux"},"modified":"2026-03-18T22:58:32","modified_gmt":"2026-03-18T22:58:32","slug":"can-2026-et-sacre-du-senegal-vole-par-les-bureaux","status":"publish","type":"post","link":"https:\/\/www.africa-press.net\/congo-brazzaville\/sports\/can-2026-et-sacre-du-senegal-vole-par-les-bureaux","title":{"rendered":"CAN 2026 et Sacre du Se\u0301ne\u0301gal Vole\u0301 par les Bureaux?"},"content":{"rendered":"<p><span class=\"ap-article-header-tag\">           <strong>Africa-Press &#8211; Congo Brazzaville. <\/strong>         <\/span>Par Rodrigue Ahe\u0301go, La Voix des Sans Voix, De\u0301couvre cette offre exceptionnelle de deux chambres, un salon meuble\u0301 et climatise\u0301 avec cuisine, WC douche interne inclus situe\u0301 a\u0300 Adigogome\u0301 Yokoe\u0300 Carrefour Kope\u0301gan non loin de la frontie\u0300re TOGO-GHANA<\/p>\n<p>C\u2019est un ve\u0301ritable se\u0301isme qui secoue le football africain. En transformant une victoire acquise a\u0300 la sueur du front sur le terrain en une de\u0301faite administrative sur tapis vert, la Commission d\u2019Appel de la CAF vient de commettre un attentat contre l\u2019e\u0301thique sportive.<\/p>\n<p>Le football africain vit l\u2019une de ses heures les plus sombres. Alors que le Se\u0301ne\u0301gal n\u2019a pas fini de ce\u0301le\u0301brer son titre de champion d\u2019Afrique acquis de haute lutte contre une fore\u0302t d\u2019obstacles et d\u2019irre\u0301gularite\u0301s, la Commission d\u2019Appel de la CAF de\u0301cide, d\u2019un trait de plume me\u0301prisant, d\u2019inverser le cours de l\u2019histoire en offrant le trophe\u0301e au Maroc sur tapis vert. Inique. Arbitraire. Scandaleux.<\/p>\n<p>Il s\u2019agit tout simplement de l\u2019assassinat de la souverainete\u0301 de l\u2019arbitre.<\/p>\n<p>Depuis quand une commission, calfeutre\u0301e dans des bureaux au Caire, peut-elle se substituer a\u0300 l\u2019homme en noir sur la pelouse? La Loi 5 de l\u2019IFAB est pourtant claire: \u00abl\u2019arbitre est le seul mai\u0302tre du terrain\u00bb. S\u2019il a de\u0301cide\u0301 d\u2019une suspension temporaire et non d\u2019un arre\u0302t de\u0301finitif, si le match a repris, si le penalty a e\u0301te\u0301 tire\u0301 et si le coup de sifflet final a retenti, le re\u0301sultat est sacre\u0301. En invoquant un \u00ab abandon \u00bb la\u0300 ou\u0300 il n\u2019y a eu qu\u2019une interruption de jeu, la CAF pie\u0301tine la fameuse Field of Play Doctrine che\u0300re au Tribunal Arbitral du Sport (TAS).<\/p>\n<p>Il s\u2019agit tout simplement du viol de la se\u0301curite\u0301 juridique.<\/p>\n<p>Comment peut-on homologuer un re\u0301sultat, remettre un trophe\u0301e devant les came\u0301ras du monde entier, puis de\u0301cider, 48 heures plus tard, que tout cela n\u2019e\u0301tait qu\u2019une illusion? L\u2019usage abusif de l\u2019article 84 du re\u0300glement de la CAF est une insulte a\u0300 l\u2019intelligence des sportifs. Un \u00ab abandon \u00bb implique une rupture de\u0301finitive. Or, les Lions sont revenus, ils ont joue\u0301, ils ont gagne\u0301. Requalifier cet incident a posteriori n\u2019est pas de la justice, c\u2019est de la falsification de palmare\u0300s.<\/p>\n<p>Il s\u2019agit tout simplement d\u2019une sanction disproportionne\u0301e et de\u0301lirante.<\/p>\n<p>Retirer un titre continental pour 15 minutes d\u2019arre\u0302t de jeu, alors que l\u2019e\u0301quite\u0301 a e\u0301te\u0301 pre\u0301serve\u0301e par la reprise du match, est une de\u0301cision ultra-vires. C\u2019est utiliser un marteau-piqueur pour e\u0301craser une mouche. C\u2019est surtout cre\u0301er un pre\u0301ce\u0301dent dangereux. De\u0301sormais, les matchs ne se gagneront plus dans les stades, mais dans les couloirs obscurs des commissions de recours.<\/p>\n<p>\u00ab On ne gagne pas une Coupe d\u2019Afrique avec des formulaires administratifs, on la gagne avec ses tripes sur le rectangle vert \u00bb.<\/p>\n<p>Le Se\u0301ne\u0301gal a raison de porter l\u2019affaire devant le TAS. Il ne s\u2019agit plus seulement de de\u0301fendre un trophe\u0301e, mais de sauver ce qui reste de cre\u0301dibilite\u0301 au football africain. Si cette de\u0301cision n\u2019est pas annule\u0301e, c\u2019est l\u2019ide\u0301e me\u0302me de \u00ab victoire sportive \u00bb qui sera enterre\u0301e.<\/p>\n<p>Lions de la Teranga, gardez la te\u0302te haute. Le monde a vu qui e\u0301tait le champion sur le terrain. La CAF, elle, a choisi son camp et c\u2019est malheureusement celui du chaos.<\/p>\n<p class=\"ap-article-footer-note\">           Retrouvez plus d\u2019actualit\u00e9s et d\u2019analyses sur           <span class=\"ap-highlight-country\">Congo Brazzaville<\/span>           sur le site           <span class=\"ap-highlight-brand\">Africa Press<\/span>         <\/p>\n","protected":false},"excerpt":{"rendered":"<p>Africa-Press &#8211; Congo Brazzaville. Par Rodrigue Ahe\u0301go, La Voix des Sans Voix, De\u0301couvre cette offre exceptionnelle de deux chambres, un salon meuble\u0301 et climatise\u0301 avec cuisine, WC douche interne inclus situe\u0301 a\u0300 Adigogome\u0301 Yokoe\u0300 Carrefour Kope\u0301gan non loin de la frontie\u0300re TOGO-GHANA C\u2019est un ve\u0301ritable se\u0301isme qui secoue le football africain. En transformant une victoire [&hellip;]<\/p>\n","protected":false},"author":82,"featured_media":54433,"comment_status":"open","ping_status":"closed","sticky":false,"template":"","format":"standard","meta":{"footnotes":""},"categories":[6,10],"tags":[839,46,261,60],"class_list":["post-54434","post","type-post","status-publish","format-standard","has-post-thumbnail","hentry","category-sports","category-toutes-les-actualites","tag-can","tag-congo-brazzaville","tag-maroc","tag-senegal"],"yoast_head":"<!-- This site is optimized with the Yoast SEO Premium plugin v26.1 (Yoast SEO v27.0) - https:\/\/yoast.com\/product\/yoast-seo-premium-wordpress\/ -->\n<title>CAN 2026 et Sacre du Se\u0301ne\u0301gal Vole\u0301 par les Bureaux? - Congo Brazzaville<\/title>\n<meta name=\"robots\" content=\"index, follow, max-snippet:-1, max-image-preview:large, max-video-preview:-1\" \/>\n<link rel=\"canonical\" href=\"https:\/\/www.africa-press.net\/congo-brazzaville\/politique\/can-2026-et-sacre-du-senegal-vole-par-les-bureaux\" \/>\n<meta property=\"og:locale\" content=\"fr_FR\" \/>\n<meta property=\"og:type\" content=\"article\" \/>\n<meta property=\"og:title\" content=\"CAN 2026 et Sacre du Se\u0301ne\u0301gal Vole\u0301 par les Bureaux?\" \/>\n<meta property=\"og:description\" content=\"Africa-Press &#8211; Congo Brazzaville. Par Rodrigue Ahe\u0301go, La Voix des Sans Voix, De\u0301couvre cette offre exceptionnelle de deux chambres, un salon meuble\u0301 et climatise\u0301 avec cuisine, WC douche interne inclus situe\u0301 a\u0300 Adigogome\u0301 Yokoe\u0300 Carrefour Kope\u0301gan non loin de la frontie\u0300re TOGO-GHANA C\u2019est un ve\u0301ritable se\u0301isme qui secoue le football africain. En transformant une victoire [&hellip;]\" \/>\n<meta property=\"og:url\" content=\"https:\/\/www.africa-press.net\/congo-brazzaville\/politique\/can-2026-et-sacre-du-senegal-vole-par-les-bureaux\" \/>\n<meta property=\"og:site_name\" content=\"Congo Brazzaville\" \/>\n<meta property=\"article:published_time\" content=\"2026-03-18T22:58:32+00:00\" \/>\n<meta name=\"author\" content=\"cfeditorfr\" \/>\n<meta name=\"twitter:card\" content=\"summary_large_image\" \/>\n<meta name=\"twitter:label1\" content=\"\u00c9crit par\" \/>\n\t<meta name=\"twitter:data1\" content=\"cfeditorfr\" \/>\n\t<meta name=\"twitter:label2\" content=\"Dur\u00e9e de lecture estim\u00e9e\" \/>\n\t<meta name=\"twitter:data2\" content=\"3 minutes\" \/>\n<script type=\"application\/ld+json\" class=\"yoast-schema-graph\">{\"@context\":\"https:\/\/schema.org\",\"@graph\":[{\"@type\":\"Article\",\"@id\":\"https:\/\/www.africa-press.net\/congo-brazzaville\/politique\/can-2026-et-sacre-du-senegal-vole-par-les-bureaux#article\",\"isPartOf\":{\"@id\":\"https:\/\/www.africa-press.net\/congo-brazzaville\/politique\/can-2026-et-sacre-du-senegal-vole-par-les-bureaux\"},\"author\":{\"name\":\"cfeditorfr\",\"@id\":\"https:\/\/www.africa-press.net\/congo-brazzaville\/#\/schema\/person\/2b1cf3cd81a31e3cd26889ca66d677f1\"},\"headline\":\"CAN 2026 et Sacre du Se\u0301ne\u0301gal Vole\u0301 par les Bureaux?\",\"datePublished\":\"2026-03-18T22:58:32+00:00\",\"mainEntityOfPage\":{\"@id\":\"https:\/\/www.africa-press.net\/congo-brazzaville\/politique\/can-2026-et-sacre-du-senegal-vole-par-les-bureaux\"},\"wordCount\":639,\"commentCount\":0,\"image\":{\"@id\":\"https:\/\/www.africa-press.net\/congo-brazzaville\/politique\/can-2026-et-sacre-du-senegal-vole-par-les-bureaux#primaryimage\"},\"thumbnailUrl\":\"https:\/\/static.africa-press.net\/congo-brazzaville\/sites\/51\/2026\/03\/sm_1773877996.065767.jpg\",\"keywords\":[\"CAN\",\"Congo Brazzaville\",\"Maroc\",\"S\u00e9n\u00e9gal\"],\"articleSection\":[\"Sports\",\"Toutes les actualit\u00e9s\"],\"inLanguage\":\"fr-FR\",\"potentialAction\":[{\"@type\":\"CommentAction\",\"name\":\"Comment\",\"target\":[\"https:\/\/www.africa-press.net\/congo-brazzaville\/politique\/can-2026-et-sacre-du-senegal-vole-par-les-bureaux#respond\"]}]},{\"@type\":\"WebPage\",\"@id\":\"https:\/\/www.africa-press.net\/congo-brazzaville\/politique\/can-2026-et-sacre-du-senegal-vole-par-les-bureaux\",\"url\":\"https:\/\/www.africa-press.net\/congo-brazzaville\/politique\/can-2026-et-sacre-du-senegal-vole-par-les-bureaux\",\"name\":\"CAN 2026 et Sacre du Se\u0301ne\u0301gal Vole\u0301 par les Bureaux? - Congo Brazzaville\",\"isPartOf\":{\"@id\":\"https:\/\/www.africa-press.net\/congo-brazzaville\/#website\"},\"primaryImageOfPage\":{\"@id\":\"https:\/\/www.africa-press.net\/congo-brazzaville\/politique\/can-2026-et-sacre-du-senegal-vole-par-les-bureaux#primaryimage\"},\"image\":{\"@id\":\"https:\/\/www.africa-press.net\/congo-brazzaville\/politique\/can-2026-et-sacre-du-senegal-vole-par-les-bureaux#primaryimage\"},\"thumbnailUrl\":\"https:\/\/static.africa-press.net\/congo-brazzaville\/sites\/51\/2026\/03\/sm_1773877996.065767.jpg\",\"datePublished\":\"2026-03-18T22:58:32+00:00\",\"author\":{\"@id\":\"https:\/\/www.africa-press.net\/congo-brazzaville\/#\/schema\/person\/2b1cf3cd81a31e3cd26889ca66d677f1\"},\"breadcrumb\":{\"@id\":\"https:\/\/www.africa-press.net\/congo-brazzaville\/politique\/can-2026-et-sacre-du-senegal-vole-par-les-bureaux#breadcrumb\"},\"inLanguage\":\"fr-FR\",\"potentialAction\":[{\"@type\":\"ReadAction\",\"target\":[\"https:\/\/www.africa-press.net\/congo-brazzaville\/politique\/can-2026-et-sacre-du-senegal-vole-par-les-bureaux\"]}]},{\"@type\":\"ImageObject\",\"inLanguage\":\"fr-FR\",\"@id\":\"https:\/\/www.africa-press.net\/congo-brazzaville\/politique\/can-2026-et-sacre-du-senegal-vole-par-les-bureaux#primaryimage\",\"url\":\"https:\/\/static.africa-press.net\/congo-brazzaville\/sites\/51\/2026\/03\/sm_1773877996.065767.jpg\",\"contentUrl\":\"https:\/\/static.africa-press.net\/congo-brazzaville\/sites\/51\/2026\/03\/sm_1773877996.065767.jpg\",\"width\":720,\"height\":442,\"caption\":\"CAN 2026 et Sacre du Se\u0301ne\u0301gal Vole\u0301 par les Bureaux?\"},{\"@type\":\"BreadcrumbList\",\"@id\":\"https:\/\/www.africa-press.net\/congo-brazzaville\/politique\/can-2026-et-sacre-du-senegal-vole-par-les-bureaux#breadcrumb\",\"itemListElement\":[{\"@type\":\"ListItem\",\"position\":1,\"name\":\"Accueil\",\"item\":\"https:\/\/www.africa-press.net\/congo-brazzaville\/\"},{\"@type\":\"ListItem\",\"position\":2,\"name\":\"CAN 2026 et Sacre du Se\u0301ne\u0301gal Vole\u0301 par les Bureaux?\"}]},{\"@type\":\"WebSite\",\"@id\":\"https:\/\/www.africa-press.net\/congo-brazzaville\/#website\",\"url\":\"https:\/\/www.africa-press.net\/congo-brazzaville\/\",\"name\":\"Congo Brazzaville\",\"description\":\"Just another Africa News Agency Sites site\",\"potentialAction\":[{\"@type\":\"SearchAction\",\"target\":{\"@type\":\"EntryPoint\",\"urlTemplate\":\"https:\/\/www.africa-press.net\/congo-brazzaville\/?s={search_term_string}\"},\"query-input\":{\"@type\":\"PropertyValueSpecification\",\"valueRequired\":true,\"valueName\":\"search_term_string\"}}],\"inLanguage\":\"fr-FR\"},{\"@type\":\"Person\",\"@id\":\"https:\/\/www.africa-press.net\/congo-brazzaville\/#\/schema\/person\/2b1cf3cd81a31e3cd26889ca66d677f1\",\"name\":\"cfeditorfr\"}]}<\/script>\n<!-- \/ Yoast SEO Premium plugin. -->","yoast_head_json":{"title":"CAN 2026 et Sacre du Se\u0301ne\u0301gal Vole\u0301 par les Bureaux? - Congo Brazzaville","robots":{"index":"index","follow":"follow","max-snippet":"max-snippet:-1","max-image-preview":"max-image-preview:large","max-video-preview":"max-video-preview:-1"},"canonical":"https:\/\/www.africa-press.net\/congo-brazzaville\/politique\/can-2026-et-sacre-du-senegal-vole-par-les-bureaux","og_locale":"fr_FR","og_type":"article","og_title":"CAN 2026 et Sacre du Se\u0301ne\u0301gal Vole\u0301 par les Bureaux?","og_description":"Africa-Press &#8211; Congo Brazzaville. Par Rodrigue Ahe\u0301go, La Voix des Sans Voix, De\u0301couvre cette offre exceptionnelle de deux chambres, un salon meuble\u0301 et climatise\u0301 avec cuisine, WC douche interne inclus situe\u0301 a\u0300 Adigogome\u0301 Yokoe\u0300 Carrefour Kope\u0301gan non loin de la frontie\u0300re TOGO-GHANA C\u2019est un ve\u0301ritable se\u0301isme qui secoue le football africain. En transformant une victoire [&hellip;]","og_url":"https:\/\/www.africa-press.net\/congo-brazzaville\/politique\/can-2026-et-sacre-du-senegal-vole-par-les-bureaux","og_site_name":"Congo Brazzaville","article_published_time":"2026-03-18T22:58:32+00:00","author":"cfeditorfr","twitter_card":"summary_large_image","twitter_misc":{"\u00c9crit par":"cfeditorfr","Dur\u00e9e de lecture estim\u00e9e":"3 minutes"},"schema":{"@context":"https:\/\/schema.org","@graph":[{"@type":"Article","@id":"https:\/\/www.africa-press.net\/congo-brazzaville\/politique\/can-2026-et-sacre-du-senegal-vole-par-les-bureaux#article","isPartOf":{"@id":"https:\/\/www.africa-press.net\/congo-brazzaville\/politique\/can-2026-et-sacre-du-senegal-vole-par-les-bureaux"},"author":{"name":"cfeditorfr","@id":"https:\/\/www.africa-press.net\/congo-brazzaville\/#\/schema\/person\/2b1cf3cd81a31e3cd26889ca66d677f1"},"headline":"CAN 2026 et Sacre du Se\u0301ne\u0301gal Vole\u0301 par les Bureaux?","datePublished":"2026-03-18T22:58:32+00:00","mainEntityOfPage":{"@id":"https:\/\/www.africa-press.net\/congo-brazzaville\/politique\/can-2026-et-sacre-du-senegal-vole-par-les-bureaux"},"wordCount":639,"commentCount":0,"image":{"@id":"https:\/\/www.africa-press.net\/congo-brazzaville\/politique\/can-2026-et-sacre-du-senegal-vole-par-les-bureaux#primaryimage"},"thumbnailUrl":"https:\/\/static.africa-press.net\/congo-brazzaville\/sites\/51\/2026\/03\/sm_1773877996.065767.jpg","keywords":["CAN","Congo Brazzaville","Maroc","S\u00e9n\u00e9gal"],"articleSection":["Sports","Toutes les actualit\u00e9s"],"inLanguage":"fr-FR","potentialAction":[{"@type":"CommentAction","name":"Comment","target":["https:\/\/www.africa-press.net\/congo-brazzaville\/politique\/can-2026-et-sacre-du-senegal-vole-par-les-bureaux#respond"]}]},{"@type":"WebPage","@id":"https:\/\/www.africa-press.net\/congo-brazzaville\/politique\/can-2026-et-sacre-du-senegal-vole-par-les-bureaux","url":"https:\/\/www.africa-press.net\/congo-brazzaville\/politique\/can-2026-et-sacre-du-senegal-vole-par-les-bureaux","name":"CAN 2026 et Sacre du Se\u0301ne\u0301gal Vole\u0301 par les Bureaux? - Congo Brazzaville","isPartOf":{"@id":"https:\/\/www.africa-press.net\/congo-brazzaville\/#website"},"primaryImageOfPage":{"@id":"https:\/\/www.africa-press.net\/congo-brazzaville\/politique\/can-2026-et-sacre-du-senegal-vole-par-les-bureaux#primaryimage"},"image":{"@id":"https:\/\/www.africa-press.net\/congo-brazzaville\/politique\/can-2026-et-sacre-du-senegal-vole-par-les-bureaux#primaryimage"},"thumbnailUrl":"https:\/\/static.africa-press.net\/congo-brazzaville\/sites\/51\/2026\/03\/sm_1773877996.065767.jpg","datePublished":"2026-03-18T22:58:32+00:00","author":{"@id":"https:\/\/www.africa-press.net\/congo-brazzaville\/#\/schema\/person\/2b1cf3cd81a31e3cd26889ca66d677f1"},"breadcrumb":{"@id":"https:\/\/www.africa-press.net\/congo-brazzaville\/politique\/can-2026-et-sacre-du-senegal-vole-par-les-bureaux#breadcrumb"},"inLanguage":"fr-FR","potentialAction":[{"@type":"ReadAction","target":["https:\/\/www.africa-press.net\/congo-brazzaville\/politique\/can-2026-et-sacre-du-senegal-vole-par-les-bureaux"]}]},{"@type":"ImageObject","inLanguage":"fr-FR","@id":"https:\/\/www.africa-press.net\/congo-brazzaville\/politique\/can-2026-et-sacre-du-senegal-vole-par-les-bureaux#primaryimage","url":"https:\/\/static.africa-press.net\/congo-brazzaville\/sites\/51\/2026\/03\/sm_1773877996.065767.jpg","contentUrl":"https:\/\/static.africa-press.net\/congo-brazzaville\/sites\/51\/2026\/03\/sm_1773877996.065767.jpg","width":720,"height":442,"caption":"CAN 2026 et Sacre du Se\u0301ne\u0301gal Vole\u0301 par les Bureaux?"},{"@type":"BreadcrumbList","@id":"https:\/\/www.africa-press.net\/congo-brazzaville\/politique\/can-2026-et-sacre-du-senegal-vole-par-les-bureaux#breadcrumb","itemListElement":[{"@type":"ListItem","position":1,"name":"Accueil","item":"https:\/\/www.africa-press.net\/congo-brazzaville\/"},{"@type":"ListItem","position":2,"name":"CAN 2026 et Sacre du Se\u0301ne\u0301gal Vole\u0301 par les Bureaux?"}]},{"@type":"WebSite","@id":"https:\/\/www.africa-press.net\/congo-brazzaville\/#website","url":"https:\/\/www.africa-press.net\/congo-brazzaville\/","name":"Congo Brazzaville","description":"Just another Africa News Agency Sites site","potentialAction":[{"@type":"SearchAction","target":{"@type":"EntryPoint","urlTemplate":"https:\/\/www.africa-press.net\/congo-brazzaville\/?s={search_term_string}"},"query-input":{"@type":"PropertyValueSpecification","valueRequired":true,"valueName":"search_term_string"}}],"inLanguage":"fr-FR"},{"@type":"Person","@id":"https:\/\/www.africa-press.net\/congo-brazzaville\/#\/schema\/person\/2b1cf3cd81a31e3cd26889ca66d677f1","name":"cfeditorfr"}]}},"_links":{"self":[{"href":"https:\/\/www.africa-press.net\/congo-brazzaville\/wp-json\/wp\/v2\/posts\/54434","targetHints":{"allow":["GET"]}}],"collection":[{"href":"https:\/\/www.africa-press.net\/congo-brazzaville\/wp-json\/wp\/v2\/posts"}],"about":[{"href":"https:\/\/www.africa-press.net\/congo-brazzaville\/wp-json\/wp\/v2\/types\/post"}],"author":[{"embeddable":true,"href":"https:\/\/www.africa-press.net\/congo-brazzaville\/wp-json\/wp\/v2\/users\/82"}],"replies":[{"embeddable":true,"href":"https:\/\/www.africa-press.net\/congo-brazzaville\/wp-json\/wp\/v2\/comments?post=54434"}],"version-history":[{"count":0,"href":"https:\/\/www.africa-press.net\/congo-brazzaville\/wp-json\/wp\/v2\/posts\/54434\/revisions"}],"wp:featuredmedia":[{"embeddable":true,"href":"https:\/\/www.africa-press.net\/congo-brazzaville\/wp-json\/wp\/v2\/media\/54433"}],"wp:attachment":[{"href":"https:\/\/www.africa-press.net\/congo-brazzaville\/wp-json\/wp\/v2\/media?parent=54434"}],"wp:term":[{"taxonomy":"category","embeddable":true,"href":"https:\/\/www.africa-press.net\/congo-brazzaville\/wp-json\/wp\/v2\/categories?post=54434"},{"taxonomy":"post_tag","embeddable":true,"href":"https:\/\/www.africa-press.net\/congo-brazzaville\/wp-json\/wp\/v2\/tags?post=54434"}],"curies":[{"name":"wp","href":"https:\/\/api.w.org\/{rel}","templated":true}]}}