{"id":833,"date":"2020-12-26T05:31:11","date_gmt":"2020-12-26T05:31:11","guid":{"rendered":"https:\/\/www.africa-press.com\/congo-brazzaville\/?p=833"},"modified":"2020-12-26T21:51:24","modified_gmt":"2020-12-26T21:51:24","slug":"qui-face-a-denis-sassou-nguesso-en-2021","status":"publish","type":"post","link":"https:\/\/www.africa-press.net\/congo-brazzaville\/dossiers\/qui-face-a-denis-sassou-nguesso-en-2021","title":{"rendered":"qui face \u00e0 Denis Sassou Nguesso en 2021 ?"},"content":{"rendered":"<p><span style=\"color: #ff6600\"><strong><a href=\"https:\/\/www.africa-press.com\">Africa-Press<\/a> &#8211; <a href=\"https:\/\/www.africa-press.com\/congo-brazzaville\">Congo Brazzaville<\/a>. <\/strong><\/span>Ouverte le 25 novembre, \u00e0 quatre mois de l\u2019\u00e9lection pr\u00e9sidentielle de mars 2021, la concertation nationale politique de Madingou, dans le d\u00e9partement de la Bouenza, d\u00e9bouchera-t-elle sur les conditions d\u2019un scrutin apais\u00e9 ?<\/p>\n<p>Tel est le but de ce conclave organis\u00e9 par le minist\u00e8re de l\u2019Int\u00e9rieur, pr\u00e9vu pour durer trois jours et auquel assisteront plus de deux cents participants \u2013 partis politiques, associations de la soci\u00e9t\u00e9 civile, repr\u00e9sentants des diff\u00e9rents cultes, agences sp\u00e9cialis\u00e9es de l\u2019ONU, diplomates\u2026 \u2013 mais tel n\u2019a pas toujours \u00e9t\u00e9 le cas.<\/p>\n<p>Tenues en amont des pr\u00e9sidentielles de 2009 et de 2016, les pr\u00e9c\u00e9dentes concertations d\u2019Ewo et de Dolisie n\u2019avaient en effet pas emp\u00each\u00e9 que se d\u00e9roulent des consultations tendues et contest\u00e9es.<\/p>\n<p>De la gouvernance au fichier \u00e9lectoral, en passant par l\u2019acc\u00e8s aux m\u00e9dias et le financement des campagnes, les points de crispation qui seront abord\u00e9s lors de cette \u00e9dition 2020 demeurent vifs \u2013 et cela m\u00eame si le contexte de la pand\u00e9mie et la n\u00e9cessit\u00e9 de r\u00e9duire les d\u00e9penses dans un pays en pleine crise financi\u00e8re a contraint les organisateurs \u00e0 r\u00e9duire le nombre des d\u00e9l\u00e9gu\u00e9s, malgr\u00e9 l\u2019afflux de postulants attir\u00e9s par la distribution des per diem.<\/p>\n<p>En attendant les conclusions de ces d\u00e9bats, auxquels l\u2019opposition dite radicale \u2013 qui exigeait pourtant un dialogue inclusif sous supervision de la communaut\u00e9 internationale \u2013 a fini par se joindre, le paysage pr\u00e9\u00e9lectoral congolais s\u2019\u00e9claircit peu \u00e0 peu.<\/p>\n","protected":false},"excerpt":{"rendered":"<p>Africa-Press &#8211; Congo Brazzaville. Ouverte le 25 novembre, \u00e0 quatre mois de l\u2019\u00e9lection pr\u00e9sidentielle de mars 2021, la concertation nationale politique de Madingou, dans le d\u00e9partement de la Bouenza, d\u00e9bouchera-t-elle sur les conditions d\u2019un scrutin apais\u00e9 ? Tel est le but de ce conclave organis\u00e9 par le minist\u00e8re de l\u2019Int\u00e9rieur, pr\u00e9vu pour durer trois jours [&hellip;]<\/p>\n","protected":false},"author":82,"featured_media":832,"comment_status":"open","ping_status":"closed","sticky":false,"template":"","format":"standard","meta":{"footnotes":""},"categories":[7,11,2,10],"tags":[36,47,46],"class_list":["post-833","post","type-post","status-publish","format-standard","has-post-thumbnail","hentry","category-dossiers","category-homepage-french","category-politique","category-toutes-les-actualites","tag-africa-press","tag-africa-press-congo-brazzaville","tag-congo-brazzaville"],"yoast_head":"<!-- This site is optimized with the Yoast SEO Premium plugin v26.1 (Yoast SEO v27.0) - https:\/\/yoast.com\/product\/yoast-seo-premium-wordpress\/ -->\n<title>qui face \u00e0 Denis Sassou Nguesso en 2021 ? - Congo Brazzaville<\/title>\n<meta name=\"description\" content=\"Ouverte le 25 novembre, \u00e0 quatre mois de l\u2019\u00e9lection pr\u00e9sidentielle de mars 2021, la concertation nationale politique de ...\" \/>\n<meta name=\"robots\" content=\"index, follow, max-snippet:-1, max-image-preview:large, max-video-preview:-1\" \/>\n<link rel=\"canonical\" href=\"https:\/\/www.africa-press.net\/congo-brazzaville\/dossiers\/qui-face-a-denis-sassou-nguesso-en-2021\" \/>\n<meta property=\"og:locale\" content=\"fr_FR\" \/>\n<meta property=\"og:type\" content=\"article\" \/>\n<meta property=\"og:title\" content=\"qui face \u00e0 Denis Sassou Nguesso en 2021 ?\" \/>\n<meta property=\"og:description\" content=\"Ouverte le 25 novembre, \u00e0 quatre mois de l\u2019\u00e9lection pr\u00e9sidentielle de mars 2021, la concertation nationale politique de ...\" \/>\n<meta property=\"og:url\" content=\"https:\/\/www.africa-press.net\/congo-brazzaville\/dossiers\/qui-face-a-denis-sassou-nguesso-en-2021\" \/>\n<meta property=\"og:site_name\" content=\"Congo Brazzaville\" \/>\n<meta property=\"article:published_time\" content=\"2020-12-26T05:31:11+00:00\" \/>\n<meta property=\"article:modified_time\" content=\"2020-12-26T21:51:24+00:00\" \/>\n<meta property=\"og:image\" content=\"https:\/\/static.africa-press.net\/centrafricaine\/sites\/51\/2020\/12\/img-5fe6c78a2a683.jpg\" \/>\n\t<meta property=\"og:image:width\" content=\"640\" \/>\n\t<meta property=\"og:image:height\" content=\"320\" \/>\n\t<meta property=\"og:image:type\" content=\"image\/jpeg\" \/>\n<meta name=\"author\" content=\"cfeditorfr\" \/>\n<meta name=\"twitter:card\" content=\"summary_large_image\" \/>\n<meta name=\"twitter:label1\" content=\"\u00c9crit par\" \/>\n\t<meta name=\"twitter:data1\" content=\"cfeditorfr\" \/>\n\t<meta name=\"twitter:label2\" content=\"Dur\u00e9e de lecture estim\u00e9e\" \/>\n\t<meta name=\"twitter:data2\" content=\"1 minute\" \/>\n<script type=\"application\/ld+json\" class=\"yoast-schema-graph\">{\"@context\":\"https:\/\/schema.org\",\"@graph\":[{\"@type\":\"Article\",\"@id\":\"https:\/\/www.africa-press.net\/congo-brazzaville\/dossiers\/qui-face-a-denis-sassou-nguesso-en-2021#article\",\"isPartOf\":{\"@id\":\"https:\/\/www.africa-press.net\/congo-brazzaville\/dossiers\/qui-face-a-denis-sassou-nguesso-en-2021\"},\"author\":{\"name\":\"cfeditorfr\",\"@id\":\"https:\/\/www.africa-press.net\/congo-brazzaville\/#\/schema\/person\/2b1cf3cd81a31e3cd26889ca66d677f1\"},\"headline\":\"qui face \u00e0 Denis Sassou Nguesso en 2021 ?\",\"datePublished\":\"2020-12-26T05:31:11+00:00\",\"dateModified\":\"2020-12-26T21:51:24+00:00\",\"mainEntityOfPage\":{\"@id\":\"https:\/\/www.africa-press.net\/congo-brazzaville\/dossiers\/qui-face-a-denis-sassou-nguesso-en-2021\"},\"wordCount\":269,\"commentCount\":0,\"image\":{\"@id\":\"https:\/\/www.africa-press.net\/congo-brazzaville\/dossiers\/qui-face-a-denis-sassou-nguesso-en-2021#primaryimage\"},\"thumbnailUrl\":\"https:\/\/static.africa-press.net\/centrafricaine\/sites\/51\/2020\/12\/img-5fe6c78a2a683.jpg\",\"keywords\":[\"Africa Press\",\"Africa Press-Congo Brazzaville\",\"Congo Brazzaville\"],\"articleSection\":[\"Dossiers\",\"homepage-french\",\"Politique\",\"Toutes les actualit\u00e9s\"],\"inLanguage\":\"fr-FR\",\"potentialAction\":[{\"@type\":\"CommentAction\",\"name\":\"Comment\",\"target\":[\"https:\/\/www.africa-press.net\/congo-brazzaville\/dossiers\/qui-face-a-denis-sassou-nguesso-en-2021#respond\"]}]},{\"@type\":\"WebPage\",\"@id\":\"https:\/\/www.africa-press.net\/congo-brazzaville\/dossiers\/qui-face-a-denis-sassou-nguesso-en-2021\",\"url\":\"https:\/\/www.africa-press.net\/congo-brazzaville\/dossiers\/qui-face-a-denis-sassou-nguesso-en-2021\",\"name\":\"qui face \u00e0 Denis Sassou Nguesso en 2021 ? - Congo Brazzaville\",\"isPartOf\":{\"@id\":\"https:\/\/www.africa-press.net\/congo-brazzaville\/#website\"},\"primaryImageOfPage\":{\"@id\":\"https:\/\/www.africa-press.net\/congo-brazzaville\/dossiers\/qui-face-a-denis-sassou-nguesso-en-2021#primaryimage\"},\"image\":{\"@id\":\"https:\/\/www.africa-press.net\/congo-brazzaville\/dossiers\/qui-face-a-denis-sassou-nguesso-en-2021#primaryimage\"},\"thumbnailUrl\":\"https:\/\/static.africa-press.net\/centrafricaine\/sites\/51\/2020\/12\/img-5fe6c78a2a683.jpg\",\"datePublished\":\"2020-12-26T05:31:11+00:00\",\"dateModified\":\"2020-12-26T21:51:24+00:00\",\"author\":{\"@id\":\"https:\/\/www.africa-press.net\/congo-brazzaville\/#\/schema\/person\/2b1cf3cd81a31e3cd26889ca66d677f1\"},\"description\":\"Ouverte le 25 novembre, \u00e0 quatre mois de l\u2019\u00e9lection pr\u00e9sidentielle de mars 2021, la concertation nationale politique de ...\",\"breadcrumb\":{\"@id\":\"https:\/\/www.africa-press.net\/congo-brazzaville\/dossiers\/qui-face-a-denis-sassou-nguesso-en-2021#breadcrumb\"},\"inLanguage\":\"fr-FR\",\"potentialAction\":[{\"@type\":\"ReadAction\",\"target\":[\"https:\/\/www.africa-press.net\/congo-brazzaville\/dossiers\/qui-face-a-denis-sassou-nguesso-en-2021\"]}]},{\"@type\":\"ImageObject\",\"inLanguage\":\"fr-FR\",\"@id\":\"https:\/\/www.africa-press.net\/congo-brazzaville\/dossiers\/qui-face-a-denis-sassou-nguesso-en-2021#primaryimage\",\"url\":\"https:\/\/static.africa-press.net\/centrafricaine\/sites\/51\/2020\/12\/img-5fe6c78a2a683.jpg\",\"contentUrl\":\"https:\/\/static.africa-press.net\/centrafricaine\/sites\/51\/2020\/12\/img-5fe6c78a2a683.jpg\",\"width\":640,\"height\":320,\"caption\":\"Congo : qui face \u00e0 Denis Sassou Nguesso en 2021 ?\"},{\"@type\":\"BreadcrumbList\",\"@id\":\"https:\/\/www.africa-press.net\/congo-brazzaville\/dossiers\/qui-face-a-denis-sassou-nguesso-en-2021#breadcrumb\",\"itemListElement\":[{\"@type\":\"ListItem\",\"position\":1,\"name\":\"Accueil\",\"item\":\"https:\/\/www.africa-press.net\/congo-brazzaville\/\"},{\"@type\":\"ListItem\",\"position\":2,\"name\":\"qui face \u00e0 Denis Sassou Nguesso en 2021 ?\"}]},{\"@type\":\"WebSite\",\"@id\":\"https:\/\/www.africa-press.net\/congo-brazzaville\/#website\",\"url\":\"https:\/\/www.africa-press.net\/congo-brazzaville\/\",\"name\":\"Congo Brazzaville\",\"description\":\"Just another Africa News Agency Sites site\",\"potentialAction\":[{\"@type\":\"SearchAction\",\"target\":{\"@type\":\"EntryPoint\",\"urlTemplate\":\"https:\/\/www.africa-press.net\/congo-brazzaville\/?s={search_term_string}\"},\"query-input\":{\"@type\":\"PropertyValueSpecification\",\"valueRequired\":true,\"valueName\":\"search_term_string\"}}],\"inLanguage\":\"fr-FR\"},{\"@type\":\"Person\",\"@id\":\"https:\/\/www.africa-press.net\/congo-brazzaville\/#\/schema\/person\/2b1cf3cd81a31e3cd26889ca66d677f1\",\"name\":\"cfeditorfr\"}]}<\/script>\n<!-- \/ Yoast SEO Premium plugin. -->","yoast_head_json":{"title":"qui face \u00e0 Denis Sassou Nguesso en 2021 ? - Congo Brazzaville","description":"Ouverte le 25 novembre, \u00e0 quatre mois de l\u2019\u00e9lection pr\u00e9sidentielle de mars 2021, la concertation nationale politique de ...","robots":{"index":"index","follow":"follow","max-snippet":"max-snippet:-1","max-image-preview":"max-image-preview:large","max-video-preview":"max-video-preview:-1"},"canonical":"https:\/\/www.africa-press.net\/congo-brazzaville\/dossiers\/qui-face-a-denis-sassou-nguesso-en-2021","og_locale":"fr_FR","og_type":"article","og_title":"qui face \u00e0 Denis Sassou Nguesso en 2021 ?","og_description":"Ouverte le 25 novembre, \u00e0 quatre mois de l\u2019\u00e9lection pr\u00e9sidentielle de mars 2021, la concertation nationale politique de ...","og_url":"https:\/\/www.africa-press.net\/congo-brazzaville\/dossiers\/qui-face-a-denis-sassou-nguesso-en-2021","og_site_name":"Congo Brazzaville","article_published_time":"2020-12-26T05:31:11+00:00","article_modified_time":"2020-12-26T21:51:24+00:00","og_image":[{"width":640,"height":320,"url":"https:\/\/static.africa-press.net\/centrafricaine\/sites\/51\/2020\/12\/img-5fe6c78a2a683.jpg","type":"image\/jpeg"}],"author":"cfeditorfr","twitter_card":"summary_large_image","twitter_misc":{"\u00c9crit par":"cfeditorfr","Dur\u00e9e de lecture estim\u00e9e":"1 minute"},"schema":{"@context":"https:\/\/schema.org","@graph":[{"@type":"Article","@id":"https:\/\/www.africa-press.net\/congo-brazzaville\/dossiers\/qui-face-a-denis-sassou-nguesso-en-2021#article","isPartOf":{"@id":"https:\/\/www.africa-press.net\/congo-brazzaville\/dossiers\/qui-face-a-denis-sassou-nguesso-en-2021"},"author":{"name":"cfeditorfr","@id":"https:\/\/www.africa-press.net\/congo-brazzaville\/#\/schema\/person\/2b1cf3cd81a31e3cd26889ca66d677f1"},"headline":"qui face \u00e0 Denis Sassou Nguesso en 2021 ?","datePublished":"2020-12-26T05:31:11+00:00","dateModified":"2020-12-26T21:51:24+00:00","mainEntityOfPage":{"@id":"https:\/\/www.africa-press.net\/congo-brazzaville\/dossiers\/qui-face-a-denis-sassou-nguesso-en-2021"},"wordCount":269,"commentCount":0,"image":{"@id":"https:\/\/www.africa-press.net\/congo-brazzaville\/dossiers\/qui-face-a-denis-sassou-nguesso-en-2021#primaryimage"},"thumbnailUrl":"https:\/\/static.africa-press.net\/centrafricaine\/sites\/51\/2020\/12\/img-5fe6c78a2a683.jpg","keywords":["Africa Press","Africa Press-Congo Brazzaville","Congo Brazzaville"],"articleSection":["Dossiers","homepage-french","Politique","Toutes les actualit\u00e9s"],"inLanguage":"fr-FR","potentialAction":[{"@type":"CommentAction","name":"Comment","target":["https:\/\/www.africa-press.net\/congo-brazzaville\/dossiers\/qui-face-a-denis-sassou-nguesso-en-2021#respond"]}]},{"@type":"WebPage","@id":"https:\/\/www.africa-press.net\/congo-brazzaville\/dossiers\/qui-face-a-denis-sassou-nguesso-en-2021","url":"https:\/\/www.africa-press.net\/congo-brazzaville\/dossiers\/qui-face-a-denis-sassou-nguesso-en-2021","name":"qui face \u00e0 Denis Sassou Nguesso en 2021 ? - Congo Brazzaville","isPartOf":{"@id":"https:\/\/www.africa-press.net\/congo-brazzaville\/#website"},"primaryImageOfPage":{"@id":"https:\/\/www.africa-press.net\/congo-brazzaville\/dossiers\/qui-face-a-denis-sassou-nguesso-en-2021#primaryimage"},"image":{"@id":"https:\/\/www.africa-press.net\/congo-brazzaville\/dossiers\/qui-face-a-denis-sassou-nguesso-en-2021#primaryimage"},"thumbnailUrl":"https:\/\/static.africa-press.net\/centrafricaine\/sites\/51\/2020\/12\/img-5fe6c78a2a683.jpg","datePublished":"2020-12-26T05:31:11+00:00","dateModified":"2020-12-26T21:51:24+00:00","author":{"@id":"https:\/\/www.africa-press.net\/congo-brazzaville\/#\/schema\/person\/2b1cf3cd81a31e3cd26889ca66d677f1"},"description":"Ouverte le 25 novembre, \u00e0 quatre mois de l\u2019\u00e9lection pr\u00e9sidentielle de mars 2021, la concertation nationale politique de ...","breadcrumb":{"@id":"https:\/\/www.africa-press.net\/congo-brazzaville\/dossiers\/qui-face-a-denis-sassou-nguesso-en-2021#breadcrumb"},"inLanguage":"fr-FR","potentialAction":[{"@type":"ReadAction","target":["https:\/\/www.africa-press.net\/congo-brazzaville\/dossiers\/qui-face-a-denis-sassou-nguesso-en-2021"]}]},{"@type":"ImageObject","inLanguage":"fr-FR","@id":"https:\/\/www.africa-press.net\/congo-brazzaville\/dossiers\/qui-face-a-denis-sassou-nguesso-en-2021#primaryimage","url":"https:\/\/static.africa-press.net\/centrafricaine\/sites\/51\/2020\/12\/img-5fe6c78a2a683.jpg","contentUrl":"https:\/\/static.africa-press.net\/centrafricaine\/sites\/51\/2020\/12\/img-5fe6c78a2a683.jpg","width":640,"height":320,"caption":"Congo : qui face \u00e0 Denis Sassou Nguesso en 2021 ?"},{"@type":"BreadcrumbList","@id":"https:\/\/www.africa-press.net\/congo-brazzaville\/dossiers\/qui-face-a-denis-sassou-nguesso-en-2021#breadcrumb","itemListElement":[{"@type":"ListItem","position":1,"name":"Accueil","item":"https:\/\/www.africa-press.net\/congo-brazzaville\/"},{"@type":"ListItem","position":2,"name":"qui face \u00e0 Denis Sassou Nguesso en 2021 ?"}]},{"@type":"WebSite","@id":"https:\/\/www.africa-press.net\/congo-brazzaville\/#website","url":"https:\/\/www.africa-press.net\/congo-brazzaville\/","name":"Congo Brazzaville","description":"Just another Africa News Agency Sites site","potentialAction":[{"@type":"SearchAction","target":{"@type":"EntryPoint","urlTemplate":"https:\/\/www.africa-press.net\/congo-brazzaville\/?s={search_term_string}"},"query-input":{"@type":"PropertyValueSpecification","valueRequired":true,"valueName":"search_term_string"}}],"inLanguage":"fr-FR"},{"@type":"Person","@id":"https:\/\/www.africa-press.net\/congo-brazzaville\/#\/schema\/person\/2b1cf3cd81a31e3cd26889ca66d677f1","name":"cfeditorfr"}]}},"_links":{"self":[{"href":"https:\/\/www.africa-press.net\/congo-brazzaville\/wp-json\/wp\/v2\/posts\/833","targetHints":{"allow":["GET"]}}],"collection":[{"href":"https:\/\/www.africa-press.net\/congo-brazzaville\/wp-json\/wp\/v2\/posts"}],"about":[{"href":"https:\/\/www.africa-press.net\/congo-brazzaville\/wp-json\/wp\/v2\/types\/post"}],"author":[{"embeddable":true,"href":"https:\/\/www.africa-press.net\/congo-brazzaville\/wp-json\/wp\/v2\/users\/82"}],"replies":[{"embeddable":true,"href":"https:\/\/www.africa-press.net\/congo-brazzaville\/wp-json\/wp\/v2\/comments?post=833"}],"version-history":[{"count":0,"href":"https:\/\/www.africa-press.net\/congo-brazzaville\/wp-json\/wp\/v2\/posts\/833\/revisions"}],"wp:featuredmedia":[{"embeddable":true,"href":"https:\/\/www.africa-press.net\/congo-brazzaville\/wp-json\/wp\/v2\/media\/832"}],"wp:attachment":[{"href":"https:\/\/www.africa-press.net\/congo-brazzaville\/wp-json\/wp\/v2\/media?parent=833"}],"wp:term":[{"taxonomy":"category","embeddable":true,"href":"https:\/\/www.africa-press.net\/congo-brazzaville\/wp-json\/wp\/v2\/categories?post=833"},{"taxonomy":"post_tag","embeddable":true,"href":"https:\/\/www.africa-press.net\/congo-brazzaville\/wp-json\/wp\/v2\/tags?post=833"}],"curies":[{"name":"wp","href":"https:\/\/api.w.org\/{rel}","templated":true}]}}