{"id":101178,"date":"2024-11-01T23:59:12","date_gmt":"2024-11-01T23:59:12","guid":{"rendered":"https:\/\/www.africa-press.net\/congo-kinshasa\/politique\/kinshasa-les-usagers-de-lavenue-poids-lourd-se-plaignent-des-embouteillages-accentues-par-la-mesure-de-sens-unique"},"modified":"2024-11-02T13:22:41","modified_gmt":"2024-11-02T13:22:41","slug":"kinshasa-les-usagers-de-lavenue-poids-lourd-se-plaignent-des-embouteillages-accentues-par-la-mesure-de-sens-unique","status":"publish","type":"post","link":"https:\/\/www.africa-press.net\/congo-kinshasa\/toutes-les-actualites\/kinshasa-les-usagers-de-lavenue-poids-lourd-se-plaignent-des-embouteillages-accentues-par-la-mesure-de-sens-unique","title":{"rendered":"Kinshasa : les usagers de l&rsquo;avenue Poids lourd se plaignent des embouteillages \u201caccentu\u00e9s\u201d par la mesure de sens unique"},"content":{"rendered":"<p><span style=\"color: #ff6600\"><strong>Africa-Press &#8211; Congo Kinshasa. <\/strong><\/span><b>La mesure prise par le ministe\u0300re des Transports pour de\u0301sengorger certaines arte\u0300res de la ville de Kinshasa, bat de l&rsquo;aile.<\/b><\/p>\n<p>En vigueur depuis le lundi 28 octobre sur plusieurs avenues notamment sur les avenues du Tourisme, apre\u0300s le rond-point Lyon et a\u0300 l&rsquo;entre\u0301e du pont Mimosa, cette mesure s&rsquo;est e\u0301tendue depuis jeudi 31 octobre, a\u0300 l&rsquo;avenue Poids lourd, allant de la Gare centrale au pont Matete.<\/p>\n<p>De ce co\u0302te\u0301, les avant-midi la circulation demeure normale comme d&rsquo;habitude. C&rsquo;est de 15 heures a\u0300 21 heures que la mesure du sens unique entre en vigueur, pour les ve\u0301hicules en provenance du centre ville, se rendant vers le Pont Matete.<\/p>\n<p>D&rsquo;apre\u0300s le constat de la re\u0301daction de MCP, il s&rsquo;observe des bouchons le soir malgre\u0301 cette mesure. Selon le te\u0301moignage d&rsquo;un motocycliste, la circulation est plus au moins normale avant-midi quand la mesure du sens unique n&rsquo;est pas en vigueur. C&rsquo;est seulement le soir, souligne t-il, que les embouteillages sont accentue\u0301s.<\/p>\n<p>Quelques usagers de ce tronc\u0327on se plaignent e\u0301galement de cette situation et appellent les autorite\u0301s compe\u0301tentes a\u0300 revoir leur mesure.<\/p>\n<p>Bien qu&rsquo;expe\u0301rimentale, la mesure du sens unique peine a\u0300 re\u0301soudre le proble\u0300me des embouteillages dans la ville province de Kinshasa avec une population estime\u0301e a\u0300 plus moins 15 millions d&rsquo;habitants.<\/p>\n<p>Selon certains observateurs, la construction des nouvelles routes sera une solution durable aux embouteillages qui touchent la capitale de la RDC.<\/p>\n<p><strong>Pour plus d&rsquo;informations et d&rsquo;analyses sur la <span style=\"color: #ff6600\">Congo Kinshasa<\/span>, suivez <span style=\"color: #ff6600\">Africa-Press<\/span><\/strong><\/p>\n","protected":false},"excerpt":{"rendered":"<p>Africa-Press &#8211; Congo Kinshasa. La mesure prise par le ministe\u0300re des Transports pour de\u0301sengorger certaines arte\u0300res de la ville de Kinshasa, bat de l&rsquo;aile. En vigueur depuis le lundi 28 octobre sur plusieurs avenues notamment sur les avenues du Tourisme, apre\u0300s le rond-point Lyon et a\u0300 l&rsquo;entre\u0301e du pont Mimosa, cette mesure s&rsquo;est e\u0301tendue depuis [&hellip;]<\/p>\n","protected":false},"author":82,"featured_media":101177,"comment_status":"open","ping_status":"closed","sticky":false,"template":"","format":"standard","meta":{"footnotes":""},"categories":[21,10],"tags":[46],"class_list":["post-101178","post","type-post","status-publish","format-standard","has-post-thumbnail","hentry","category-communaute","category-toutes-les-actualites","tag-congo-kinshasa"],"yoast_head":"<!-- This site is optimized with the Yoast SEO Premium plugin v26.1 (Yoast SEO v27.0) - https:\/\/yoast.com\/product\/yoast-seo-premium-wordpress\/ -->\n<title>Kinshasa : les usagers de l&#039;avenue Poids lourd se plaignent des embouteillages \u201caccentu\u00e9s\u201d par la mesure de sens unique - Congo-kinshasa<\/title>\n<meta name=\"description\" content=\"La mesure prise par le ministe\u0300re des Transports pour de\u0301sengorger certaines arte\u0300res de la ville de Kinshasa, bat de ...\" \/>\n<meta name=\"robots\" content=\"index, follow, max-snippet:-1, max-image-preview:large, max-video-preview:-1\" \/>\n<link rel=\"canonical\" href=\"https:\/\/www.africa-press.net\/congo-kinshasa\/toutes-les-actualites\/kinshasa-les-usagers-de-lavenue-poids-lourd-se-plaignent-des-embouteillages-accentues-par-la-mesure-de-sens-unique\" \/>\n<meta property=\"og:locale\" content=\"fr_FR\" \/>\n<meta property=\"og:type\" content=\"article\" \/>\n<meta property=\"og:title\" content=\"Kinshasa : les usagers de l&#039;avenue Poids lourd se plaignent des embouteillages \u201caccentu\u00e9s\u201d par la mesure de sens unique\" \/>\n<meta property=\"og:description\" content=\"La mesure prise par le ministe\u0300re des Transports pour de\u0301sengorger certaines arte\u0300res de la ville de Kinshasa, bat de ...\" \/>\n<meta property=\"og:url\" content=\"https:\/\/www.africa-press.net\/congo-kinshasa\/toutes-les-actualites\/kinshasa-les-usagers-de-lavenue-poids-lourd-se-plaignent-des-embouteillages-accentues-par-la-mesure-de-sens-unique\" \/>\n<meta property=\"og:site_name\" content=\"Congo-kinshasa\" \/>\n<meta property=\"article:published_time\" content=\"2024-11-01T23:59:12+00:00\" \/>\n<meta property=\"article:modified_time\" content=\"2024-11-02T13:22:41+00:00\" \/>\n<meta property=\"og:image\" content=\"https:\/\/static.africa-press.net\/congo-kinshasa\/sites\/49\/2024\/11\/sm_1730494418.469301.jpg\" \/>\n\t<meta property=\"og:image:width\" content=\"720\" \/>\n\t<meta property=\"og:image:height\" content=\"539\" \/>\n\t<meta property=\"og:image:type\" content=\"image\/jpeg\" \/>\n<meta name=\"author\" content=\"cfeditorfr\" \/>\n<meta name=\"twitter:card\" content=\"summary_large_image\" \/>\n<meta name=\"twitter:label1\" content=\"\u00c9crit par\" \/>\n\t<meta name=\"twitter:data1\" content=\"cfeditorfr\" \/>\n\t<meta name=\"twitter:label2\" content=\"Dur\u00e9e de lecture estim\u00e9e\" \/>\n\t<meta name=\"twitter:data2\" content=\"1 minute\" \/>\n<script type=\"application\/ld+json\" class=\"yoast-schema-graph\">{\"@context\":\"https:\/\/schema.org\",\"@graph\":[{\"@type\":\"Article\",\"@id\":\"https:\/\/www.africa-press.net\/congo-kinshasa\/toutes-les-actualites\/kinshasa-les-usagers-de-lavenue-poids-lourd-se-plaignent-des-embouteillages-accentues-par-la-mesure-de-sens-unique#article\",\"isPartOf\":{\"@id\":\"https:\/\/www.africa-press.net\/congo-kinshasa\/toutes-les-actualites\/kinshasa-les-usagers-de-lavenue-poids-lourd-se-plaignent-des-embouteillages-accentues-par-la-mesure-de-sens-unique\"},\"author\":{\"name\":\"cfeditorfr\",\"@id\":\"https:\/\/www.africa-press.net\/congo-kinshasa\/#\/schema\/person\/2b1cf3cd81a31e3cd26889ca66d677f1\"},\"headline\":\"Kinshasa : les usagers de l&rsquo;avenue Poids lourd se plaignent des embouteillages \u201caccentu\u00e9s\u201d par la mesure de sens unique\",\"datePublished\":\"2024-11-01T23:59:12+00:00\",\"dateModified\":\"2024-11-02T13:22:41+00:00\",\"mainEntityOfPage\":{\"@id\":\"https:\/\/www.africa-press.net\/congo-kinshasa\/toutes-les-actualites\/kinshasa-les-usagers-de-lavenue-poids-lourd-se-plaignent-des-embouteillages-accentues-par-la-mesure-de-sens-unique\"},\"wordCount\":294,\"commentCount\":0,\"image\":{\"@id\":\"https:\/\/www.africa-press.net\/congo-kinshasa\/toutes-les-actualites\/kinshasa-les-usagers-de-lavenue-poids-lourd-se-plaignent-des-embouteillages-accentues-par-la-mesure-de-sens-unique#primaryimage\"},\"thumbnailUrl\":\"https:\/\/static.africa-press.net\/congo-kinshasa\/sites\/49\/2024\/11\/sm_1730494418.469301.jpg\",\"keywords\":[\"Congo Kinshasa\"],\"articleSection\":[\"Communaut\u00e9\",\"Toutes les actualit\u00e9s\"],\"inLanguage\":\"fr-FR\",\"potentialAction\":[{\"@type\":\"CommentAction\",\"name\":\"Comment\",\"target\":[\"https:\/\/www.africa-press.net\/congo-kinshasa\/toutes-les-actualites\/kinshasa-les-usagers-de-lavenue-poids-lourd-se-plaignent-des-embouteillages-accentues-par-la-mesure-de-sens-unique#respond\"]}]},{\"@type\":\"WebPage\",\"@id\":\"https:\/\/www.africa-press.net\/congo-kinshasa\/toutes-les-actualites\/kinshasa-les-usagers-de-lavenue-poids-lourd-se-plaignent-des-embouteillages-accentues-par-la-mesure-de-sens-unique\",\"url\":\"https:\/\/www.africa-press.net\/congo-kinshasa\/toutes-les-actualites\/kinshasa-les-usagers-de-lavenue-poids-lourd-se-plaignent-des-embouteillages-accentues-par-la-mesure-de-sens-unique\",\"name\":\"Kinshasa : les usagers de l'avenue Poids lourd se plaignent des embouteillages \u201caccentu\u00e9s\u201d par la mesure de sens unique - Congo-kinshasa\",\"isPartOf\":{\"@id\":\"https:\/\/www.africa-press.net\/congo-kinshasa\/#website\"},\"primaryImageOfPage\":{\"@id\":\"https:\/\/www.africa-press.net\/congo-kinshasa\/toutes-les-actualites\/kinshasa-les-usagers-de-lavenue-poids-lourd-se-plaignent-des-embouteillages-accentues-par-la-mesure-de-sens-unique#primaryimage\"},\"image\":{\"@id\":\"https:\/\/www.africa-press.net\/congo-kinshasa\/toutes-les-actualites\/kinshasa-les-usagers-de-lavenue-poids-lourd-se-plaignent-des-embouteillages-accentues-par-la-mesure-de-sens-unique#primaryimage\"},\"thumbnailUrl\":\"https:\/\/static.africa-press.net\/congo-kinshasa\/sites\/49\/2024\/11\/sm_1730494418.469301.jpg\",\"datePublished\":\"2024-11-01T23:59:12+00:00\",\"dateModified\":\"2024-11-02T13:22:41+00:00\",\"author\":{\"@id\":\"https:\/\/www.africa-press.net\/congo-kinshasa\/#\/schema\/person\/2b1cf3cd81a31e3cd26889ca66d677f1\"},\"description\":\"La mesure prise par le ministe\u0300re des Transports pour de\u0301sengorger certaines arte\u0300res de la ville de Kinshasa, bat de ...\",\"breadcrumb\":{\"@id\":\"https:\/\/www.africa-press.net\/congo-kinshasa\/toutes-les-actualites\/kinshasa-les-usagers-de-lavenue-poids-lourd-se-plaignent-des-embouteillages-accentues-par-la-mesure-de-sens-unique#breadcrumb\"},\"inLanguage\":\"fr-FR\",\"potentialAction\":[{\"@type\":\"ReadAction\",\"target\":[\"https:\/\/www.africa-press.net\/congo-kinshasa\/toutes-les-actualites\/kinshasa-les-usagers-de-lavenue-poids-lourd-se-plaignent-des-embouteillages-accentues-par-la-mesure-de-sens-unique\"]}]},{\"@type\":\"ImageObject\",\"inLanguage\":\"fr-FR\",\"@id\":\"https:\/\/www.africa-press.net\/congo-kinshasa\/toutes-les-actualites\/kinshasa-les-usagers-de-lavenue-poids-lourd-se-plaignent-des-embouteillages-accentues-par-la-mesure-de-sens-unique#primaryimage\",\"url\":\"https:\/\/static.africa-press.net\/congo-kinshasa\/sites\/49\/2024\/11\/sm_1730494418.469301.jpg\",\"contentUrl\":\"https:\/\/static.africa-press.net\/congo-kinshasa\/sites\/49\/2024\/11\/sm_1730494418.469301.jpg\",\"width\":720,\"height\":539,\"caption\":\"Kinshasa : les usagers de l'avenue Poids lourd se plaignent des embouteillages \u201caccentu\u00e9s\u201d par la mesure de sens unique\"},{\"@type\":\"BreadcrumbList\",\"@id\":\"https:\/\/www.africa-press.net\/congo-kinshasa\/toutes-les-actualites\/kinshasa-les-usagers-de-lavenue-poids-lourd-se-plaignent-des-embouteillages-accentues-par-la-mesure-de-sens-unique#breadcrumb\",\"itemListElement\":[{\"@type\":\"ListItem\",\"position\":1,\"name\":\"Accueil\",\"item\":\"https:\/\/www.africa-press.net\/congo-kinshasa\/\"},{\"@type\":\"ListItem\",\"position\":2,\"name\":\"Kinshasa : les usagers de l&#8217;avenue Poids lourd se plaignent des embouteillages \u201caccentu\u00e9s\u201d par la mesure de sens unique\"}]},{\"@type\":\"WebSite\",\"@id\":\"https:\/\/www.africa-press.net\/congo-kinshasa\/#website\",\"url\":\"https:\/\/www.africa-press.net\/congo-kinshasa\/\",\"name\":\"Congo-kinshasa\",\"description\":\"Just another Africa News Agency Sites site\",\"potentialAction\":[{\"@type\":\"SearchAction\",\"target\":{\"@type\":\"EntryPoint\",\"urlTemplate\":\"https:\/\/www.africa-press.net\/congo-kinshasa\/?s={search_term_string}\"},\"query-input\":{\"@type\":\"PropertyValueSpecification\",\"valueRequired\":true,\"valueName\":\"search_term_string\"}}],\"inLanguage\":\"fr-FR\"},{\"@type\":\"Person\",\"@id\":\"https:\/\/www.africa-press.net\/congo-kinshasa\/#\/schema\/person\/2b1cf3cd81a31e3cd26889ca66d677f1\",\"name\":\"cfeditorfr\"}]}<\/script>\n<!-- \/ Yoast SEO Premium plugin. -->","yoast_head_json":{"title":"Kinshasa : les usagers de l'avenue Poids lourd se plaignent des embouteillages \u201caccentu\u00e9s\u201d par la mesure de sens unique - Congo-kinshasa","description":"La mesure prise par le ministe\u0300re des Transports pour de\u0301sengorger certaines arte\u0300res de la ville de Kinshasa, bat de ...","robots":{"index":"index","follow":"follow","max-snippet":"max-snippet:-1","max-image-preview":"max-image-preview:large","max-video-preview":"max-video-preview:-1"},"canonical":"https:\/\/www.africa-press.net\/congo-kinshasa\/toutes-les-actualites\/kinshasa-les-usagers-de-lavenue-poids-lourd-se-plaignent-des-embouteillages-accentues-par-la-mesure-de-sens-unique","og_locale":"fr_FR","og_type":"article","og_title":"Kinshasa : les usagers de l'avenue Poids lourd se plaignent des embouteillages \u201caccentu\u00e9s\u201d par la mesure de sens unique","og_description":"La mesure prise par le ministe\u0300re des Transports pour de\u0301sengorger certaines arte\u0300res de la ville de Kinshasa, bat de ...","og_url":"https:\/\/www.africa-press.net\/congo-kinshasa\/toutes-les-actualites\/kinshasa-les-usagers-de-lavenue-poids-lourd-se-plaignent-des-embouteillages-accentues-par-la-mesure-de-sens-unique","og_site_name":"Congo-kinshasa","article_published_time":"2024-11-01T23:59:12+00:00","article_modified_time":"2024-11-02T13:22:41+00:00","og_image":[{"width":720,"height":539,"url":"https:\/\/static.africa-press.net\/congo-kinshasa\/sites\/49\/2024\/11\/sm_1730494418.469301.jpg","type":"image\/jpeg"}],"author":"cfeditorfr","twitter_card":"summary_large_image","twitter_misc":{"\u00c9crit par":"cfeditorfr","Dur\u00e9e de lecture estim\u00e9e":"1 minute"},"schema":{"@context":"https:\/\/schema.org","@graph":[{"@type":"Article","@id":"https:\/\/www.africa-press.net\/congo-kinshasa\/toutes-les-actualites\/kinshasa-les-usagers-de-lavenue-poids-lourd-se-plaignent-des-embouteillages-accentues-par-la-mesure-de-sens-unique#article","isPartOf":{"@id":"https:\/\/www.africa-press.net\/congo-kinshasa\/toutes-les-actualites\/kinshasa-les-usagers-de-lavenue-poids-lourd-se-plaignent-des-embouteillages-accentues-par-la-mesure-de-sens-unique"},"author":{"name":"cfeditorfr","@id":"https:\/\/www.africa-press.net\/congo-kinshasa\/#\/schema\/person\/2b1cf3cd81a31e3cd26889ca66d677f1"},"headline":"Kinshasa : les usagers de l&rsquo;avenue Poids lourd se plaignent des embouteillages \u201caccentu\u00e9s\u201d par la mesure de sens unique","datePublished":"2024-11-01T23:59:12+00:00","dateModified":"2024-11-02T13:22:41+00:00","mainEntityOfPage":{"@id":"https:\/\/www.africa-press.net\/congo-kinshasa\/toutes-les-actualites\/kinshasa-les-usagers-de-lavenue-poids-lourd-se-plaignent-des-embouteillages-accentues-par-la-mesure-de-sens-unique"},"wordCount":294,"commentCount":0,"image":{"@id":"https:\/\/www.africa-press.net\/congo-kinshasa\/toutes-les-actualites\/kinshasa-les-usagers-de-lavenue-poids-lourd-se-plaignent-des-embouteillages-accentues-par-la-mesure-de-sens-unique#primaryimage"},"thumbnailUrl":"https:\/\/static.africa-press.net\/congo-kinshasa\/sites\/49\/2024\/11\/sm_1730494418.469301.jpg","keywords":["Congo Kinshasa"],"articleSection":["Communaut\u00e9","Toutes les actualit\u00e9s"],"inLanguage":"fr-FR","potentialAction":[{"@type":"CommentAction","name":"Comment","target":["https:\/\/www.africa-press.net\/congo-kinshasa\/toutes-les-actualites\/kinshasa-les-usagers-de-lavenue-poids-lourd-se-plaignent-des-embouteillages-accentues-par-la-mesure-de-sens-unique#respond"]}]},{"@type":"WebPage","@id":"https:\/\/www.africa-press.net\/congo-kinshasa\/toutes-les-actualites\/kinshasa-les-usagers-de-lavenue-poids-lourd-se-plaignent-des-embouteillages-accentues-par-la-mesure-de-sens-unique","url":"https:\/\/www.africa-press.net\/congo-kinshasa\/toutes-les-actualites\/kinshasa-les-usagers-de-lavenue-poids-lourd-se-plaignent-des-embouteillages-accentues-par-la-mesure-de-sens-unique","name":"Kinshasa : les usagers de l'avenue Poids lourd se plaignent des embouteillages \u201caccentu\u00e9s\u201d par la mesure de sens unique - Congo-kinshasa","isPartOf":{"@id":"https:\/\/www.africa-press.net\/congo-kinshasa\/#website"},"primaryImageOfPage":{"@id":"https:\/\/www.africa-press.net\/congo-kinshasa\/toutes-les-actualites\/kinshasa-les-usagers-de-lavenue-poids-lourd-se-plaignent-des-embouteillages-accentues-par-la-mesure-de-sens-unique#primaryimage"},"image":{"@id":"https:\/\/www.africa-press.net\/congo-kinshasa\/toutes-les-actualites\/kinshasa-les-usagers-de-lavenue-poids-lourd-se-plaignent-des-embouteillages-accentues-par-la-mesure-de-sens-unique#primaryimage"},"thumbnailUrl":"https:\/\/static.africa-press.net\/congo-kinshasa\/sites\/49\/2024\/11\/sm_1730494418.469301.jpg","datePublished":"2024-11-01T23:59:12+00:00","dateModified":"2024-11-02T13:22:41+00:00","author":{"@id":"https:\/\/www.africa-press.net\/congo-kinshasa\/#\/schema\/person\/2b1cf3cd81a31e3cd26889ca66d677f1"},"description":"La mesure prise par le ministe\u0300re des Transports pour de\u0301sengorger certaines arte\u0300res de la ville de Kinshasa, bat de ...","breadcrumb":{"@id":"https:\/\/www.africa-press.net\/congo-kinshasa\/toutes-les-actualites\/kinshasa-les-usagers-de-lavenue-poids-lourd-se-plaignent-des-embouteillages-accentues-par-la-mesure-de-sens-unique#breadcrumb"},"inLanguage":"fr-FR","potentialAction":[{"@type":"ReadAction","target":["https:\/\/www.africa-press.net\/congo-kinshasa\/toutes-les-actualites\/kinshasa-les-usagers-de-lavenue-poids-lourd-se-plaignent-des-embouteillages-accentues-par-la-mesure-de-sens-unique"]}]},{"@type":"ImageObject","inLanguage":"fr-FR","@id":"https:\/\/www.africa-press.net\/congo-kinshasa\/toutes-les-actualites\/kinshasa-les-usagers-de-lavenue-poids-lourd-se-plaignent-des-embouteillages-accentues-par-la-mesure-de-sens-unique#primaryimage","url":"https:\/\/static.africa-press.net\/congo-kinshasa\/sites\/49\/2024\/11\/sm_1730494418.469301.jpg","contentUrl":"https:\/\/static.africa-press.net\/congo-kinshasa\/sites\/49\/2024\/11\/sm_1730494418.469301.jpg","width":720,"height":539,"caption":"Kinshasa : les usagers de l'avenue Poids lourd se plaignent des embouteillages \u201caccentu\u00e9s\u201d par la mesure de sens unique"},{"@type":"BreadcrumbList","@id":"https:\/\/www.africa-press.net\/congo-kinshasa\/toutes-les-actualites\/kinshasa-les-usagers-de-lavenue-poids-lourd-se-plaignent-des-embouteillages-accentues-par-la-mesure-de-sens-unique#breadcrumb","itemListElement":[{"@type":"ListItem","position":1,"name":"Accueil","item":"https:\/\/www.africa-press.net\/congo-kinshasa\/"},{"@type":"ListItem","position":2,"name":"Kinshasa : les usagers de l&#8217;avenue Poids lourd se plaignent des embouteillages \u201caccentu\u00e9s\u201d par la mesure de sens unique"}]},{"@type":"WebSite","@id":"https:\/\/www.africa-press.net\/congo-kinshasa\/#website","url":"https:\/\/www.africa-press.net\/congo-kinshasa\/","name":"Congo-kinshasa","description":"Just another Africa News Agency Sites site","potentialAction":[{"@type":"SearchAction","target":{"@type":"EntryPoint","urlTemplate":"https:\/\/www.africa-press.net\/congo-kinshasa\/?s={search_term_string}"},"query-input":{"@type":"PropertyValueSpecification","valueRequired":true,"valueName":"search_term_string"}}],"inLanguage":"fr-FR"},{"@type":"Person","@id":"https:\/\/www.africa-press.net\/congo-kinshasa\/#\/schema\/person\/2b1cf3cd81a31e3cd26889ca66d677f1","name":"cfeditorfr"}]}},"_links":{"self":[{"href":"https:\/\/www.africa-press.net\/congo-kinshasa\/wp-json\/wp\/v2\/posts\/101178","targetHints":{"allow":["GET"]}}],"collection":[{"href":"https:\/\/www.africa-press.net\/congo-kinshasa\/wp-json\/wp\/v2\/posts"}],"about":[{"href":"https:\/\/www.africa-press.net\/congo-kinshasa\/wp-json\/wp\/v2\/types\/post"}],"author":[{"embeddable":true,"href":"https:\/\/www.africa-press.net\/congo-kinshasa\/wp-json\/wp\/v2\/users\/82"}],"replies":[{"embeddable":true,"href":"https:\/\/www.africa-press.net\/congo-kinshasa\/wp-json\/wp\/v2\/comments?post=101178"}],"version-history":[{"count":0,"href":"https:\/\/www.africa-press.net\/congo-kinshasa\/wp-json\/wp\/v2\/posts\/101178\/revisions"}],"wp:featuredmedia":[{"embeddable":true,"href":"https:\/\/www.africa-press.net\/congo-kinshasa\/wp-json\/wp\/v2\/media\/101177"}],"wp:attachment":[{"href":"https:\/\/www.africa-press.net\/congo-kinshasa\/wp-json\/wp\/v2\/media?parent=101178"}],"wp:term":[{"taxonomy":"category","embeddable":true,"href":"https:\/\/www.africa-press.net\/congo-kinshasa\/wp-json\/wp\/v2\/categories?post=101178"},{"taxonomy":"post_tag","embeddable":true,"href":"https:\/\/www.africa-press.net\/congo-kinshasa\/wp-json\/wp\/v2\/tags?post=101178"}],"curies":[{"name":"wp","href":"https:\/\/api.w.org\/{rel}","templated":true}]}}