{"id":104559,"date":"2024-12-21T23:01:39","date_gmt":"2024-12-21T23:01:39","guid":{"rendered":"https:\/\/www.africa-press.net\/congo-kinshasa\/politique\/congo-rdc-entretien-a-brazzaville-entre-denis-sassou-nguesso-et-felix-antoine-tshisekedi"},"modified":"2024-12-22T00:24:53","modified_gmt":"2024-12-22T00:24:53","slug":"congo-rdc-entretien-a-brazzaville-entre-denis-sassou-nguesso-et-felix-antoine-tshisekedi","status":"publish","type":"post","link":"https:\/\/www.africa-press.net\/congo-kinshasa\/politique\/congo-rdc-entretien-a-brazzaville-entre-denis-sassou-nguesso-et-felix-antoine-tshisekedi","title":{"rendered":"Congo-RDC : entretien \u00e0 Brazzaville entre Denis Sassou N&rsquo;Guesso et F\u00e9lix Antoine Tshisekedi"},"content":{"rendered":"<p><span style=\"color: #ff6600\"><strong>Africa-Press &#8211; Congo Kinshasa. <\/strong><\/span>Les questions d&rsquo;inte\u0301re\u0302t commun ont domine\u0301, le 21 de\u0301cembre, les entretiens en te\u0302te- a\u0300-te\u0302te entre les pre\u0301sidents de la Re\u0301publique de\u0301mocratique du Congo et de la Re\u0301publique du Congo. Arrive\u0301 a\u0300 Brazzaville samedi dernier pour une visite de travail de plusieurs heures, Fe\u0301lix Antoine Tshisekedi a fait le tour d&rsquo;horizon des questions bilate\u0301rales et multilate\u0301rales avec Denis Sassou N&rsquo;Guesso.<\/p>\n<p>Les deux chefs d&rsquo;Etat se sont notamment fe\u0301licite\u0301s de l&rsquo;excellence des relations entre Brazzaville et Kinshasa, saluant dans un communique\u0301 \u00ab\u00a0les conclusions de la 10e session ordinaire de la Commission mixte spe\u0301ciale de de\u0301fense et de se\u0301curite\u0301 entre les deux pays tenue au mois de novembre dernier\u00a0\u00bb.<\/p>\n<p>Au plan multilateral, les deux dirigeants ont e\u0301voque\u0301 la crise a\u0300 l&rsquo;Est de la RDC et appele\u0301 a\u0300 privile\u0301gier la voie du dialogue entre les parties dans le cadre de l&rsquo;initiative de Luanda mene\u0301e par le pre\u0301sident Joao Lourenco.<\/p>\n<p>Sur la crise libyenne, ils ont salue\u0301 les efforts du comite\u0301 de haut niveau de l\u2019Union africaine dont la direction est assure\u0301e par le pre\u0301sident Denis Sassou N&rsquo;Guesso. Ils se sont dits pre\u0301occupe\u0301s par \u00a0\u00bb la persistance de la guerre entre la Russie et l&rsquo;Ukraine, la crise au Soudan et la situation au Proche-Orient\u00a0\u00bb.<\/p>\n\r\n                <style type=\"text\/css\">\r\n                    \r\n                    #td_uid_1_69f1c4b55e8d6  .td-doubleSlider-2 .td-item1 {\r\n                        background: url(https:\/\/static.africa-press.net\/congo-kinshasa\/sites\/49\/2024\/12\/sm_1734814333.749508-80x60.jpg) 0 0 no-repeat;\r\n                    }\r\n                    #td_uid_1_69f1c4b55e8d6  .td-doubleSlider-2 .td-item2 {\r\n                        background: url(https:\/\/static.africa-press.net\/congo-kinshasa\/sites\/49\/2024\/12\/sm_1734814336.741422-80x60.jpg) 0 0 no-repeat;\r\n                    }\r\n                <\/style>\r\n\r\n                <div id=\"td_uid_1_69f1c4b55e8d6\" class=\"td-gallery td-slide-on-2-columns\">\r\n                    <div class=\"post_td_gallery\">\r\n                        <div class=\"td-gallery-slide-top\">\r\n                           <div class=\"td-gallery-title\"><\/div>\r\n\r\n                            <div class=\"td-gallery-controls-wrapper\">\r\n                                <div class=\"td-gallery-slide-count\"><span class=\"td-gallery-slide-item-focus\">1<\/span> de 2<\/div>\r\n                                <div class=\"td-gallery-slide-prev-next-but\">\r\n                                    <i class = \"td-icon-left doubleSliderPrevButton\"><\/i>\r\n                                    <i class = \"td-icon-right doubleSliderNextButton\"><\/i>\r\n                                <\/div>\r\n                            <\/div>\r\n                        <\/div>\r\n\r\n                        <div class = \"td-doubleSlider-1 \">\r\n                            <div class = \"td-slider\">\r\n                                \r\n                    <div class = \"td-slide-item td-item1\">\r\n                        <figure class=\"td-slide-galery-figure td-slide-popup-gallery\">\r\n                            <a class=\"slide-gallery-image-link\" href=\"https:\/\/static.africa-press.net\/congo-kinshasa\/sites\/49\/2024\/12\/sm_1734814333.749508.jpg\" title=\"sm_1734814333.749508\"  data-caption=\"\"  data-description=\"\">\r\n                                <img decoding=\"async\" src=\"https:\/\/static.africa-press.net\/congo-kinshasa\/sites\/49\/2024\/12\/sm_1734814333.749508.jpg\" srcset=\"https:\/\/static.africa-press.net\/congo-kinshasa\/sites\/49\/2024\/12\/sm_1734814333.749508.jpg 720w, https:\/\/static.africa-press.net\/congo-kinshasa\/sites\/49\/2024\/12\/sm_1734814333.749508-300x200.jpg 300w\" sizes=\"(max-width: 720px) 100vw, 720px\" alt=\"\">\r\n                            <\/a>\r\n                            \r\n                        <\/figure>\r\n                    <\/div>\r\n                    <div class = \"td-slide-item td-item2\">\r\n                        <figure class=\"td-slide-galery-figure td-slide-popup-gallery\">\r\n                            <a class=\"slide-gallery-image-link\" href=\"https:\/\/static.africa-press.net\/congo-kinshasa\/sites\/49\/2024\/12\/sm_1734814336.741422.jpg\" title=\"sm_1734814336.741422\"  data-caption=\"\"  data-description=\"\">\r\n                                <img decoding=\"async\" src=\"https:\/\/static.africa-press.net\/congo-kinshasa\/sites\/49\/2024\/12\/sm_1734814336.741422.jpg\" srcset=\"https:\/\/static.africa-press.net\/congo-kinshasa\/sites\/49\/2024\/12\/sm_1734814336.741422.jpg 720w, https:\/\/static.africa-press.net\/congo-kinshasa\/sites\/49\/2024\/12\/sm_1734814336.741422-300x200.jpg 300w\" sizes=\"(max-width: 720px) 100vw, 720px\" alt=\"\">\r\n                            <\/a>\r\n                            \r\n                        <\/figure>\r\n                    <\/div>\r\n                            <\/div>\r\n                        <\/div>\r\n\r\n                        <div class = \"td-doubleSlider-2\">\r\n                            <div class = \"td-slider\">\r\n                                \r\n                    <div class = \"td-button td-item1\">\r\n                        <div class = \"td-border\"><\/div>\r\n                    <\/div>\r\n                    <div class = \"td-button td-item2\">\r\n                        <div class = \"td-border\"><\/div>\r\n                    <\/div>\r\n                            <\/div>\r\n                        <\/div>\r\n\r\n                    <\/div>\r\n\r\n                <\/div>\r\n                \n<p><strong>Pour plus d&rsquo;informations et d&rsquo;analyses sur la <span style=\"color: #ff6600\">Congo Kinshasa<\/span>, suivez <span style=\"color: #ff6600\">Africa-Press<\/span><\/strong><\/p>\n","protected":false},"excerpt":{"rendered":"<p>Africa-Press &#8211; Congo Kinshasa. Les questions d&rsquo;inte\u0301re\u0302t commun ont domine\u0301, le 21 de\u0301cembre, les entretiens en te\u0302te- a\u0300-te\u0302te entre les pre\u0301sidents de la Re\u0301publique de\u0301mocratique du Congo et de la Re\u0301publique du Congo. Arrive\u0301 a\u0300 Brazzaville samedi dernier pour une visite de travail de plusieurs heures, Fe\u0301lix Antoine Tshisekedi a fait le tour d&rsquo;horizon des [&hellip;]<\/p>\n","protected":false},"author":82,"featured_media":104558,"comment_status":"open","ping_status":"closed","sticky":false,"template":"","format":"standard","meta":{"footnotes":""},"categories":[8,2,20,10],"tags":[46],"class_list":["post-104559","post","type-post","status-publish","format-standard","has-post-thumbnail","hentry","category-photo","category-politique","category-top-nouvelles","category-toutes-les-actualites","tag-congo-kinshasa"],"yoast_head":"<!-- This site is optimized with the Yoast SEO Premium plugin v26.1 (Yoast SEO v27.0) - https:\/\/yoast.com\/product\/yoast-seo-premium-wordpress\/ -->\n<title>Congo-RDC : entretien \u00e0 Brazzaville entre Denis Sassou N&#039;Guesso et F\u00e9lix Antoine Tshisekedi - Congo-kinshasa<\/title>\n<meta name=\"description\" content=\"Les questions d&#039;inte\u0301re\u0302t commun ont domine\u0301, le 21 de\u0301cembre, les entretiens en te\u0302te- a\u0300-te\u0302te entre les pre\u0301sidents d ...\" \/>\n<meta name=\"robots\" content=\"index, follow, max-snippet:-1, max-image-preview:large, max-video-preview:-1\" \/>\n<link rel=\"canonical\" href=\"https:\/\/www.africa-press.net\/congo-kinshasa\/politique\/congo-rdc-entretien-a-brazzaville-entre-denis-sassou-nguesso-et-felix-antoine-tshisekedi\" \/>\n<meta property=\"og:locale\" content=\"fr_FR\" \/>\n<meta property=\"og:type\" content=\"article\" \/>\n<meta property=\"og:title\" content=\"Congo-RDC : entretien \u00e0 Brazzaville entre Denis Sassou N&#039;Guesso et F\u00e9lix Antoine Tshisekedi\" \/>\n<meta property=\"og:description\" content=\"Les questions d&#039;inte\u0301re\u0302t commun ont domine\u0301, le 21 de\u0301cembre, les entretiens en te\u0302te- a\u0300-te\u0302te entre les pre\u0301sidents d ...\" \/>\n<meta property=\"og:url\" content=\"https:\/\/www.africa-press.net\/congo-kinshasa\/politique\/congo-rdc-entretien-a-brazzaville-entre-denis-sassou-nguesso-et-felix-antoine-tshisekedi\" \/>\n<meta property=\"og:site_name\" content=\"Congo-kinshasa\" \/>\n<meta property=\"article:published_time\" content=\"2024-12-21T23:01:39+00:00\" \/>\n<meta property=\"article:modified_time\" content=\"2024-12-22T00:24:53+00:00\" \/>\n<meta property=\"og:image\" content=\"https:\/\/static.africa-press.net\/congo-kinshasa\/sites\/49\/2024\/12\/sm_1734814339.735399.jpg\" \/>\n\t<meta property=\"og:image:width\" content=\"720\" \/>\n\t<meta property=\"og:image:height\" content=\"480\" \/>\n\t<meta property=\"og:image:type\" content=\"image\/jpeg\" \/>\n<meta name=\"author\" content=\"cfeditorfr\" \/>\n<meta name=\"twitter:card\" content=\"summary_large_image\" \/>\n<meta name=\"twitter:label1\" content=\"\u00c9crit par\" \/>\n\t<meta name=\"twitter:data1\" content=\"cfeditorfr\" \/>\n\t<meta name=\"twitter:label2\" content=\"Dur\u00e9e de lecture estim\u00e9e\" \/>\n\t<meta name=\"twitter:data2\" content=\"2 minutes\" \/>\n<script type=\"application\/ld+json\" class=\"yoast-schema-graph\">{\"@context\":\"https:\/\/schema.org\",\"@graph\":[{\"@type\":\"Article\",\"@id\":\"https:\/\/www.africa-press.net\/congo-kinshasa\/politique\/congo-rdc-entretien-a-brazzaville-entre-denis-sassou-nguesso-et-felix-antoine-tshisekedi#article\",\"isPartOf\":{\"@id\":\"https:\/\/www.africa-press.net\/congo-kinshasa\/politique\/congo-rdc-entretien-a-brazzaville-entre-denis-sassou-nguesso-et-felix-antoine-tshisekedi\"},\"author\":{\"name\":\"cfeditorfr\",\"@id\":\"https:\/\/www.africa-press.net\/congo-kinshasa\/#\/schema\/person\/2b1cf3cd81a31e3cd26889ca66d677f1\"},\"headline\":\"Congo-RDC : entretien \u00e0 Brazzaville entre Denis Sassou N&rsquo;Guesso et F\u00e9lix Antoine Tshisekedi\",\"datePublished\":\"2024-12-21T23:01:39+00:00\",\"dateModified\":\"2024-12-22T00:24:53+00:00\",\"mainEntityOfPage\":{\"@id\":\"https:\/\/www.africa-press.net\/congo-kinshasa\/politique\/congo-rdc-entretien-a-brazzaville-entre-denis-sassou-nguesso-et-felix-antoine-tshisekedi\"},\"wordCount\":273,\"commentCount\":0,\"image\":{\"@id\":\"https:\/\/www.africa-press.net\/congo-kinshasa\/politique\/congo-rdc-entretien-a-brazzaville-entre-denis-sassou-nguesso-et-felix-antoine-tshisekedi#primaryimage\"},\"thumbnailUrl\":\"https:\/\/static.africa-press.net\/congo-kinshasa\/sites\/49\/2024\/12\/sm_1734814339.735399.jpg\",\"keywords\":[\"Congo Kinshasa\"],\"articleSection\":[\"Photo\",\"Politique\",\"Top Nouvelles\",\"Toutes les actualit\u00e9s\"],\"inLanguage\":\"fr-FR\",\"potentialAction\":[{\"@type\":\"CommentAction\",\"name\":\"Comment\",\"target\":[\"https:\/\/www.africa-press.net\/congo-kinshasa\/politique\/congo-rdc-entretien-a-brazzaville-entre-denis-sassou-nguesso-et-felix-antoine-tshisekedi#respond\"]}]},{\"@type\":\"WebPage\",\"@id\":\"https:\/\/www.africa-press.net\/congo-kinshasa\/politique\/congo-rdc-entretien-a-brazzaville-entre-denis-sassou-nguesso-et-felix-antoine-tshisekedi\",\"url\":\"https:\/\/www.africa-press.net\/congo-kinshasa\/politique\/congo-rdc-entretien-a-brazzaville-entre-denis-sassou-nguesso-et-felix-antoine-tshisekedi\",\"name\":\"Congo-RDC : entretien \u00e0 Brazzaville entre Denis Sassou N'Guesso et F\u00e9lix Antoine Tshisekedi - Congo-kinshasa\",\"isPartOf\":{\"@id\":\"https:\/\/www.africa-press.net\/congo-kinshasa\/#website\"},\"primaryImageOfPage\":{\"@id\":\"https:\/\/www.africa-press.net\/congo-kinshasa\/politique\/congo-rdc-entretien-a-brazzaville-entre-denis-sassou-nguesso-et-felix-antoine-tshisekedi#primaryimage\"},\"image\":{\"@id\":\"https:\/\/www.africa-press.net\/congo-kinshasa\/politique\/congo-rdc-entretien-a-brazzaville-entre-denis-sassou-nguesso-et-felix-antoine-tshisekedi#primaryimage\"},\"thumbnailUrl\":\"https:\/\/static.africa-press.net\/congo-kinshasa\/sites\/49\/2024\/12\/sm_1734814339.735399.jpg\",\"datePublished\":\"2024-12-21T23:01:39+00:00\",\"dateModified\":\"2024-12-22T00:24:53+00:00\",\"author\":{\"@id\":\"https:\/\/www.africa-press.net\/congo-kinshasa\/#\/schema\/person\/2b1cf3cd81a31e3cd26889ca66d677f1\"},\"description\":\"Les questions d'inte\u0301re\u0302t commun ont domine\u0301, le 21 de\u0301cembre, les entretiens en te\u0302te- a\u0300-te\u0302te entre les pre\u0301sidents d ...\",\"breadcrumb\":{\"@id\":\"https:\/\/www.africa-press.net\/congo-kinshasa\/politique\/congo-rdc-entretien-a-brazzaville-entre-denis-sassou-nguesso-et-felix-antoine-tshisekedi#breadcrumb\"},\"inLanguage\":\"fr-FR\",\"potentialAction\":[{\"@type\":\"ReadAction\",\"target\":[\"https:\/\/www.africa-press.net\/congo-kinshasa\/politique\/congo-rdc-entretien-a-brazzaville-entre-denis-sassou-nguesso-et-felix-antoine-tshisekedi\"]}]},{\"@type\":\"ImageObject\",\"inLanguage\":\"fr-FR\",\"@id\":\"https:\/\/www.africa-press.net\/congo-kinshasa\/politique\/congo-rdc-entretien-a-brazzaville-entre-denis-sassou-nguesso-et-felix-antoine-tshisekedi#primaryimage\",\"url\":\"https:\/\/static.africa-press.net\/congo-kinshasa\/sites\/49\/2024\/12\/sm_1734814339.735399.jpg\",\"contentUrl\":\"https:\/\/static.africa-press.net\/congo-kinshasa\/sites\/49\/2024\/12\/sm_1734814339.735399.jpg\",\"width\":720,\"height\":480,\"caption\":\"Congo-RDC : entretien \u00e0 Brazzaville entre Denis Sassou N'Guesso et F\u00e9lix Antoine Tshisekedi\"},{\"@type\":\"BreadcrumbList\",\"@id\":\"https:\/\/www.africa-press.net\/congo-kinshasa\/politique\/congo-rdc-entretien-a-brazzaville-entre-denis-sassou-nguesso-et-felix-antoine-tshisekedi#breadcrumb\",\"itemListElement\":[{\"@type\":\"ListItem\",\"position\":1,\"name\":\"Accueil\",\"item\":\"https:\/\/www.africa-press.net\/congo-kinshasa\/\"},{\"@type\":\"ListItem\",\"position\":2,\"name\":\"Congo-RDC : entretien \u00e0 Brazzaville entre Denis Sassou N&#8217;Guesso et F\u00e9lix Antoine Tshisekedi\"}]},{\"@type\":\"WebSite\",\"@id\":\"https:\/\/www.africa-press.net\/congo-kinshasa\/#website\",\"url\":\"https:\/\/www.africa-press.net\/congo-kinshasa\/\",\"name\":\"Congo-kinshasa\",\"description\":\"Just another Africa News Agency Sites site\",\"potentialAction\":[{\"@type\":\"SearchAction\",\"target\":{\"@type\":\"EntryPoint\",\"urlTemplate\":\"https:\/\/www.africa-press.net\/congo-kinshasa\/?s={search_term_string}\"},\"query-input\":{\"@type\":\"PropertyValueSpecification\",\"valueRequired\":true,\"valueName\":\"search_term_string\"}}],\"inLanguage\":\"fr-FR\"},{\"@type\":\"Person\",\"@id\":\"https:\/\/www.africa-press.net\/congo-kinshasa\/#\/schema\/person\/2b1cf3cd81a31e3cd26889ca66d677f1\",\"name\":\"cfeditorfr\"}]}<\/script>\n<!-- \/ Yoast SEO Premium plugin. -->","yoast_head_json":{"title":"Congo-RDC : entretien \u00e0 Brazzaville entre Denis Sassou N'Guesso et F\u00e9lix Antoine Tshisekedi - Congo-kinshasa","description":"Les questions d'inte\u0301re\u0302t commun ont domine\u0301, le 21 de\u0301cembre, les entretiens en te\u0302te- a\u0300-te\u0302te entre les pre\u0301sidents d ...","robots":{"index":"index","follow":"follow","max-snippet":"max-snippet:-1","max-image-preview":"max-image-preview:large","max-video-preview":"max-video-preview:-1"},"canonical":"https:\/\/www.africa-press.net\/congo-kinshasa\/politique\/congo-rdc-entretien-a-brazzaville-entre-denis-sassou-nguesso-et-felix-antoine-tshisekedi","og_locale":"fr_FR","og_type":"article","og_title":"Congo-RDC : entretien \u00e0 Brazzaville entre Denis Sassou N'Guesso et F\u00e9lix Antoine Tshisekedi","og_description":"Les questions d'inte\u0301re\u0302t commun ont domine\u0301, le 21 de\u0301cembre, les entretiens en te\u0302te- a\u0300-te\u0302te entre les pre\u0301sidents d ...","og_url":"https:\/\/www.africa-press.net\/congo-kinshasa\/politique\/congo-rdc-entretien-a-brazzaville-entre-denis-sassou-nguesso-et-felix-antoine-tshisekedi","og_site_name":"Congo-kinshasa","article_published_time":"2024-12-21T23:01:39+00:00","article_modified_time":"2024-12-22T00:24:53+00:00","og_image":[{"width":720,"height":480,"url":"https:\/\/static.africa-press.net\/congo-kinshasa\/sites\/49\/2024\/12\/sm_1734814339.735399.jpg","type":"image\/jpeg"}],"author":"cfeditorfr","twitter_card":"summary_large_image","twitter_misc":{"\u00c9crit par":"cfeditorfr","Dur\u00e9e de lecture estim\u00e9e":"2 minutes"},"schema":{"@context":"https:\/\/schema.org","@graph":[{"@type":"Article","@id":"https:\/\/www.africa-press.net\/congo-kinshasa\/politique\/congo-rdc-entretien-a-brazzaville-entre-denis-sassou-nguesso-et-felix-antoine-tshisekedi#article","isPartOf":{"@id":"https:\/\/www.africa-press.net\/congo-kinshasa\/politique\/congo-rdc-entretien-a-brazzaville-entre-denis-sassou-nguesso-et-felix-antoine-tshisekedi"},"author":{"name":"cfeditorfr","@id":"https:\/\/www.africa-press.net\/congo-kinshasa\/#\/schema\/person\/2b1cf3cd81a31e3cd26889ca66d677f1"},"headline":"Congo-RDC : entretien \u00e0 Brazzaville entre Denis Sassou N&rsquo;Guesso et F\u00e9lix Antoine Tshisekedi","datePublished":"2024-12-21T23:01:39+00:00","dateModified":"2024-12-22T00:24:53+00:00","mainEntityOfPage":{"@id":"https:\/\/www.africa-press.net\/congo-kinshasa\/politique\/congo-rdc-entretien-a-brazzaville-entre-denis-sassou-nguesso-et-felix-antoine-tshisekedi"},"wordCount":273,"commentCount":0,"image":{"@id":"https:\/\/www.africa-press.net\/congo-kinshasa\/politique\/congo-rdc-entretien-a-brazzaville-entre-denis-sassou-nguesso-et-felix-antoine-tshisekedi#primaryimage"},"thumbnailUrl":"https:\/\/static.africa-press.net\/congo-kinshasa\/sites\/49\/2024\/12\/sm_1734814339.735399.jpg","keywords":["Congo Kinshasa"],"articleSection":["Photo","Politique","Top Nouvelles","Toutes les actualit\u00e9s"],"inLanguage":"fr-FR","potentialAction":[{"@type":"CommentAction","name":"Comment","target":["https:\/\/www.africa-press.net\/congo-kinshasa\/politique\/congo-rdc-entretien-a-brazzaville-entre-denis-sassou-nguesso-et-felix-antoine-tshisekedi#respond"]}]},{"@type":"WebPage","@id":"https:\/\/www.africa-press.net\/congo-kinshasa\/politique\/congo-rdc-entretien-a-brazzaville-entre-denis-sassou-nguesso-et-felix-antoine-tshisekedi","url":"https:\/\/www.africa-press.net\/congo-kinshasa\/politique\/congo-rdc-entretien-a-brazzaville-entre-denis-sassou-nguesso-et-felix-antoine-tshisekedi","name":"Congo-RDC : entretien \u00e0 Brazzaville entre Denis Sassou N'Guesso et F\u00e9lix Antoine Tshisekedi - Congo-kinshasa","isPartOf":{"@id":"https:\/\/www.africa-press.net\/congo-kinshasa\/#website"},"primaryImageOfPage":{"@id":"https:\/\/www.africa-press.net\/congo-kinshasa\/politique\/congo-rdc-entretien-a-brazzaville-entre-denis-sassou-nguesso-et-felix-antoine-tshisekedi#primaryimage"},"image":{"@id":"https:\/\/www.africa-press.net\/congo-kinshasa\/politique\/congo-rdc-entretien-a-brazzaville-entre-denis-sassou-nguesso-et-felix-antoine-tshisekedi#primaryimage"},"thumbnailUrl":"https:\/\/static.africa-press.net\/congo-kinshasa\/sites\/49\/2024\/12\/sm_1734814339.735399.jpg","datePublished":"2024-12-21T23:01:39+00:00","dateModified":"2024-12-22T00:24:53+00:00","author":{"@id":"https:\/\/www.africa-press.net\/congo-kinshasa\/#\/schema\/person\/2b1cf3cd81a31e3cd26889ca66d677f1"},"description":"Les questions d'inte\u0301re\u0302t commun ont domine\u0301, le 21 de\u0301cembre, les entretiens en te\u0302te- a\u0300-te\u0302te entre les pre\u0301sidents d ...","breadcrumb":{"@id":"https:\/\/www.africa-press.net\/congo-kinshasa\/politique\/congo-rdc-entretien-a-brazzaville-entre-denis-sassou-nguesso-et-felix-antoine-tshisekedi#breadcrumb"},"inLanguage":"fr-FR","potentialAction":[{"@type":"ReadAction","target":["https:\/\/www.africa-press.net\/congo-kinshasa\/politique\/congo-rdc-entretien-a-brazzaville-entre-denis-sassou-nguesso-et-felix-antoine-tshisekedi"]}]},{"@type":"ImageObject","inLanguage":"fr-FR","@id":"https:\/\/www.africa-press.net\/congo-kinshasa\/politique\/congo-rdc-entretien-a-brazzaville-entre-denis-sassou-nguesso-et-felix-antoine-tshisekedi#primaryimage","url":"https:\/\/static.africa-press.net\/congo-kinshasa\/sites\/49\/2024\/12\/sm_1734814339.735399.jpg","contentUrl":"https:\/\/static.africa-press.net\/congo-kinshasa\/sites\/49\/2024\/12\/sm_1734814339.735399.jpg","width":720,"height":480,"caption":"Congo-RDC : entretien \u00e0 Brazzaville entre Denis Sassou N'Guesso et F\u00e9lix Antoine Tshisekedi"},{"@type":"BreadcrumbList","@id":"https:\/\/www.africa-press.net\/congo-kinshasa\/politique\/congo-rdc-entretien-a-brazzaville-entre-denis-sassou-nguesso-et-felix-antoine-tshisekedi#breadcrumb","itemListElement":[{"@type":"ListItem","position":1,"name":"Accueil","item":"https:\/\/www.africa-press.net\/congo-kinshasa\/"},{"@type":"ListItem","position":2,"name":"Congo-RDC : entretien \u00e0 Brazzaville entre Denis Sassou N&#8217;Guesso et F\u00e9lix Antoine Tshisekedi"}]},{"@type":"WebSite","@id":"https:\/\/www.africa-press.net\/congo-kinshasa\/#website","url":"https:\/\/www.africa-press.net\/congo-kinshasa\/","name":"Congo-kinshasa","description":"Just another Africa News Agency Sites site","potentialAction":[{"@type":"SearchAction","target":{"@type":"EntryPoint","urlTemplate":"https:\/\/www.africa-press.net\/congo-kinshasa\/?s={search_term_string}"},"query-input":{"@type":"PropertyValueSpecification","valueRequired":true,"valueName":"search_term_string"}}],"inLanguage":"fr-FR"},{"@type":"Person","@id":"https:\/\/www.africa-press.net\/congo-kinshasa\/#\/schema\/person\/2b1cf3cd81a31e3cd26889ca66d677f1","name":"cfeditorfr"}]}},"_links":{"self":[{"href":"https:\/\/www.africa-press.net\/congo-kinshasa\/wp-json\/wp\/v2\/posts\/104559","targetHints":{"allow":["GET"]}}],"collection":[{"href":"https:\/\/www.africa-press.net\/congo-kinshasa\/wp-json\/wp\/v2\/posts"}],"about":[{"href":"https:\/\/www.africa-press.net\/congo-kinshasa\/wp-json\/wp\/v2\/types\/post"}],"author":[{"embeddable":true,"href":"https:\/\/www.africa-press.net\/congo-kinshasa\/wp-json\/wp\/v2\/users\/82"}],"replies":[{"embeddable":true,"href":"https:\/\/www.africa-press.net\/congo-kinshasa\/wp-json\/wp\/v2\/comments?post=104559"}],"version-history":[{"count":0,"href":"https:\/\/www.africa-press.net\/congo-kinshasa\/wp-json\/wp\/v2\/posts\/104559\/revisions"}],"wp:featuredmedia":[{"embeddable":true,"href":"https:\/\/www.africa-press.net\/congo-kinshasa\/wp-json\/wp\/v2\/media\/104558"}],"wp:attachment":[{"href":"https:\/\/www.africa-press.net\/congo-kinshasa\/wp-json\/wp\/v2\/media?parent=104559"}],"wp:term":[{"taxonomy":"category","embeddable":true,"href":"https:\/\/www.africa-press.net\/congo-kinshasa\/wp-json\/wp\/v2\/categories?post=104559"},{"taxonomy":"post_tag","embeddable":true,"href":"https:\/\/www.africa-press.net\/congo-kinshasa\/wp-json\/wp\/v2\/tags?post=104559"}],"curies":[{"name":"wp","href":"https:\/\/api.w.org\/{rel}","templated":true}]}}