{"id":105000,"date":"2024-12-25T12:01:25","date_gmt":"2024-12-25T12:01:25","guid":{"rendered":"https:\/\/www.africa-press.net\/congo-kinshasa\/politique\/fete-de-noel-a-kindu-decoree-la-place-mapon-attire-du-monde"},"modified":"2024-12-25T12:14:09","modified_gmt":"2024-12-25T12:14:09","slug":"fete-de-noel-a-kindu-decoree-la-place-mapon-attire-du-monde","status":"publish","type":"post","link":"https:\/\/www.africa-press.net\/congo-kinshasa\/parties\/fete-de-noel-a-kindu-decoree-la-place-mapon-attire-du-monde","title":{"rendered":"F\u00eate de No\u00ebl \u00e0 Kindu : d\u00e9cor\u00e9e, la place Mapon attire du monde"},"content":{"rendered":"<p><span style=\"color: #ff6600\"><strong>Africa-Press &#8211; Congo Kinshasa. <\/strong><\/span><b>Un sapin ge\u0301ant installe\u0301 sur la place dite Mapon, a\u0300 Kindu (Maniema) attire, depuis quelques jours, des enfants et parents dans le cadre des fe\u0302tes de Nativite\u0301.<\/b><\/p>\n<p>Des jeunes de cette ville disent n\u2019avoir jamais vu une telle de\u0301coration et viennent passer du temps pour se photographier.<\/p>\n<p>Cet espace dit Mapon est devenu un ve\u0301ritable lieu touristique pour de nombreuses personnes.<\/p>\n<p>L&rsquo;e\u0301cran ge\u0301ant en face et ce ge\u0301ant sapin a\u0300 co\u0302te\u0301 attirent la curiosite\u0301 des gens.<\/p>\n<p>Ces enfants trouve\u0301s sur place ont manifeste\u0301 leur joie: \u00ab Je n\u2019ai jamais vu c\u0327a. Moi je suis content de voir c\u0327a. Je suis content de voir ca ici parce que le voit toujours dans d\u2019autres provinces ou la te\u0301le\u0301vision \u00bb.<\/p>\n<p>Tout celui qui y passe affirme vouloir immortaliser les sce\u0300nes: \u00ab Je suis prendre une photo souvenir ici parce que je n\u2019ai jamais vu ca \u00bb, a fait savoir Ramazani.<\/p>\n<p>Les photographes en font des bonnes affaires.<\/p>\n<p>\u00ab Le sapin ici nous donne l\u2019avantage de faire le business des photos. Gra\u0302ce a\u0300 ce sapin, les vieux, jeunes et enfants viennent se photographier \u00bb, a souligne\u0301 Lumumba Ramazani.<\/p>\n<p>La plupart personnes de Kindu souhaitent que cette initiative soit continuelle.<\/p>\n<p><strong>Pour plus d&rsquo;informations et d&rsquo;analyses sur la <span style=\"color: #ff6600\">Congo Kinshasa<\/span>, suivez <span style=\"color: #ff6600\">Africa-Press<\/span><\/strong><\/p>\n","protected":false},"excerpt":{"rendered":"<p>Africa-Press &#8211; Congo Kinshasa. Un sapin ge\u0301ant installe\u0301 sur la place dite Mapon, a\u0300 Kindu (Maniema) attire, depuis quelques jours, des enfants et parents dans le cadre des fe\u0302tes de Nativite\u0301. Des jeunes de cette ville disent n\u2019avoir jamais vu une telle de\u0301coration et viennent passer du temps pour se photographier. Cet espace dit Mapon [&hellip;]<\/p>\n","protected":false},"author":82,"featured_media":104999,"comment_status":"open","ping_status":"closed","sticky":false,"template":"","format":"standard","meta":{"footnotes":""},"categories":[4,10],"tags":[46],"class_list":["post-105000","post","type-post","status-publish","format-standard","has-post-thumbnail","hentry","category-parties","category-toutes-les-actualites","tag-congo-kinshasa"],"yoast_head":"<!-- This site is optimized with the Yoast SEO Premium plugin v26.1 (Yoast SEO v27.0) - https:\/\/yoast.com\/product\/yoast-seo-premium-wordpress\/ -->\n<title>F\u00eate de No\u00ebl \u00e0 Kindu : d\u00e9cor\u00e9e, la place Mapon attire du monde - Congo-kinshasa<\/title>\n<meta name=\"description\" content=\"Un sapin ge\u0301ant installe\u0301 sur la place dite Mapon, a\u0300 Kindu (Maniema) attire, depuis quelques jours, des enfants et p ...\" \/>\n<meta name=\"robots\" content=\"index, follow, max-snippet:-1, max-image-preview:large, max-video-preview:-1\" \/>\n<link rel=\"canonical\" href=\"https:\/\/www.africa-press.net\/congo-kinshasa\/parties\/fete-de-noel-a-kindu-decoree-la-place-mapon-attire-du-monde\" \/>\n<meta property=\"og:locale\" content=\"fr_FR\" \/>\n<meta property=\"og:type\" content=\"article\" \/>\n<meta property=\"og:title\" content=\"F\u00eate de No\u00ebl \u00e0 Kindu : d\u00e9cor\u00e9e, la place Mapon attire du monde\" \/>\n<meta property=\"og:description\" content=\"Un sapin ge\u0301ant installe\u0301 sur la place dite Mapon, a\u0300 Kindu (Maniema) attire, depuis quelques jours, des enfants et p ...\" \/>\n<meta property=\"og:url\" content=\"https:\/\/www.africa-press.net\/congo-kinshasa\/parties\/fete-de-noel-a-kindu-decoree-la-place-mapon-attire-du-monde\" \/>\n<meta property=\"og:site_name\" content=\"Congo-kinshasa\" \/>\n<meta property=\"article:published_time\" content=\"2024-12-25T12:01:25+00:00\" \/>\n<meta property=\"article:modified_time\" content=\"2024-12-25T12:14:09+00:00\" \/>\n<meta property=\"og:image\" content=\"https:\/\/static.africa-press.net\/congo-kinshasa\/sites\/49\/2024\/12\/sm_1735116133.314462.jpg\" \/>\n\t<meta property=\"og:image:width\" content=\"1200\" \/>\n\t<meta property=\"og:image:height\" content=\"898\" \/>\n\t<meta property=\"og:image:type\" content=\"image\/jpeg\" \/>\n<meta name=\"author\" content=\"cfeditorfr\" \/>\n<meta name=\"twitter:card\" content=\"summary_large_image\" \/>\n<meta name=\"twitter:label1\" content=\"\u00c9crit par\" \/>\n\t<meta name=\"twitter:data1\" content=\"cfeditorfr\" \/>\n\t<meta name=\"twitter:label2\" content=\"Dur\u00e9e de lecture estim\u00e9e\" \/>\n\t<meta name=\"twitter:data2\" content=\"1 minute\" \/>\n<script type=\"application\/ld+json\" class=\"yoast-schema-graph\">{\"@context\":\"https:\/\/schema.org\",\"@graph\":[{\"@type\":\"Article\",\"@id\":\"https:\/\/www.africa-press.net\/congo-kinshasa\/parties\/fete-de-noel-a-kindu-decoree-la-place-mapon-attire-du-monde#article\",\"isPartOf\":{\"@id\":\"https:\/\/www.africa-press.net\/congo-kinshasa\/parties\/fete-de-noel-a-kindu-decoree-la-place-mapon-attire-du-monde\"},\"author\":{\"name\":\"cfeditorfr\",\"@id\":\"https:\/\/www.africa-press.net\/congo-kinshasa\/#\/schema\/person\/2b1cf3cd81a31e3cd26889ca66d677f1\"},\"headline\":\"F\u00eate de No\u00ebl \u00e0 Kindu : d\u00e9cor\u00e9e, la place Mapon attire du monde\",\"datePublished\":\"2024-12-25T12:01:25+00:00\",\"dateModified\":\"2024-12-25T12:14:09+00:00\",\"mainEntityOfPage\":{\"@id\":\"https:\/\/www.africa-press.net\/congo-kinshasa\/parties\/fete-de-noel-a-kindu-decoree-la-place-mapon-attire-du-monde\"},\"wordCount\":242,\"commentCount\":0,\"image\":{\"@id\":\"https:\/\/www.africa-press.net\/congo-kinshasa\/parties\/fete-de-noel-a-kindu-decoree-la-place-mapon-attire-du-monde#primaryimage\"},\"thumbnailUrl\":\"https:\/\/static.africa-press.net\/congo-kinshasa\/sites\/49\/2024\/12\/sm_1735116133.314462.jpg\",\"keywords\":[\"Congo Kinshasa\"],\"articleSection\":[\"Parties\",\"Toutes les actualit\u00e9s\"],\"inLanguage\":\"fr-FR\",\"potentialAction\":[{\"@type\":\"CommentAction\",\"name\":\"Comment\",\"target\":[\"https:\/\/www.africa-press.net\/congo-kinshasa\/parties\/fete-de-noel-a-kindu-decoree-la-place-mapon-attire-du-monde#respond\"]}]},{\"@type\":\"WebPage\",\"@id\":\"https:\/\/www.africa-press.net\/congo-kinshasa\/parties\/fete-de-noel-a-kindu-decoree-la-place-mapon-attire-du-monde\",\"url\":\"https:\/\/www.africa-press.net\/congo-kinshasa\/parties\/fete-de-noel-a-kindu-decoree-la-place-mapon-attire-du-monde\",\"name\":\"F\u00eate de No\u00ebl \u00e0 Kindu : d\u00e9cor\u00e9e, la place Mapon attire du monde - Congo-kinshasa\",\"isPartOf\":{\"@id\":\"https:\/\/www.africa-press.net\/congo-kinshasa\/#website\"},\"primaryImageOfPage\":{\"@id\":\"https:\/\/www.africa-press.net\/congo-kinshasa\/parties\/fete-de-noel-a-kindu-decoree-la-place-mapon-attire-du-monde#primaryimage\"},\"image\":{\"@id\":\"https:\/\/www.africa-press.net\/congo-kinshasa\/parties\/fete-de-noel-a-kindu-decoree-la-place-mapon-attire-du-monde#primaryimage\"},\"thumbnailUrl\":\"https:\/\/static.africa-press.net\/congo-kinshasa\/sites\/49\/2024\/12\/sm_1735116133.314462.jpg\",\"datePublished\":\"2024-12-25T12:01:25+00:00\",\"dateModified\":\"2024-12-25T12:14:09+00:00\",\"author\":{\"@id\":\"https:\/\/www.africa-press.net\/congo-kinshasa\/#\/schema\/person\/2b1cf3cd81a31e3cd26889ca66d677f1\"},\"description\":\"Un sapin ge\u0301ant installe\u0301 sur la place dite Mapon, a\u0300 Kindu (Maniema) attire, depuis quelques jours, des enfants et p ...\",\"breadcrumb\":{\"@id\":\"https:\/\/www.africa-press.net\/congo-kinshasa\/parties\/fete-de-noel-a-kindu-decoree-la-place-mapon-attire-du-monde#breadcrumb\"},\"inLanguage\":\"fr-FR\",\"potentialAction\":[{\"@type\":\"ReadAction\",\"target\":[\"https:\/\/www.africa-press.net\/congo-kinshasa\/parties\/fete-de-noel-a-kindu-decoree-la-place-mapon-attire-du-monde\"]}]},{\"@type\":\"ImageObject\",\"inLanguage\":\"fr-FR\",\"@id\":\"https:\/\/www.africa-press.net\/congo-kinshasa\/parties\/fete-de-noel-a-kindu-decoree-la-place-mapon-attire-du-monde#primaryimage\",\"url\":\"https:\/\/static.africa-press.net\/congo-kinshasa\/sites\/49\/2024\/12\/sm_1735116133.314462.jpg\",\"contentUrl\":\"https:\/\/static.africa-press.net\/congo-kinshasa\/sites\/49\/2024\/12\/sm_1735116133.314462.jpg\",\"width\":1200,\"height\":898,\"caption\":\"F\u00eate de No\u00ebl \u00e0 Kindu : d\u00e9cor\u00e9e, la place Mapon attire du monde\"},{\"@type\":\"BreadcrumbList\",\"@id\":\"https:\/\/www.africa-press.net\/congo-kinshasa\/parties\/fete-de-noel-a-kindu-decoree-la-place-mapon-attire-du-monde#breadcrumb\",\"itemListElement\":[{\"@type\":\"ListItem\",\"position\":1,\"name\":\"Accueil\",\"item\":\"https:\/\/www.africa-press.net\/congo-kinshasa\/\"},{\"@type\":\"ListItem\",\"position\":2,\"name\":\"F\u00eate de No\u00ebl \u00e0 Kindu : d\u00e9cor\u00e9e, la place Mapon attire du monde\"}]},{\"@type\":\"WebSite\",\"@id\":\"https:\/\/www.africa-press.net\/congo-kinshasa\/#website\",\"url\":\"https:\/\/www.africa-press.net\/congo-kinshasa\/\",\"name\":\"Congo-kinshasa\",\"description\":\"Just another Africa News Agency Sites site\",\"potentialAction\":[{\"@type\":\"SearchAction\",\"target\":{\"@type\":\"EntryPoint\",\"urlTemplate\":\"https:\/\/www.africa-press.net\/congo-kinshasa\/?s={search_term_string}\"},\"query-input\":{\"@type\":\"PropertyValueSpecification\",\"valueRequired\":true,\"valueName\":\"search_term_string\"}}],\"inLanguage\":\"fr-FR\"},{\"@type\":\"Person\",\"@id\":\"https:\/\/www.africa-press.net\/congo-kinshasa\/#\/schema\/person\/2b1cf3cd81a31e3cd26889ca66d677f1\",\"name\":\"cfeditorfr\"}]}<\/script>\n<!-- \/ Yoast SEO Premium plugin. -->","yoast_head_json":{"title":"F\u00eate de No\u00ebl \u00e0 Kindu : d\u00e9cor\u00e9e, la place Mapon attire du monde - Congo-kinshasa","description":"Un sapin ge\u0301ant installe\u0301 sur la place dite Mapon, a\u0300 Kindu (Maniema) attire, depuis quelques jours, des enfants et p ...","robots":{"index":"index","follow":"follow","max-snippet":"max-snippet:-1","max-image-preview":"max-image-preview:large","max-video-preview":"max-video-preview:-1"},"canonical":"https:\/\/www.africa-press.net\/congo-kinshasa\/parties\/fete-de-noel-a-kindu-decoree-la-place-mapon-attire-du-monde","og_locale":"fr_FR","og_type":"article","og_title":"F\u00eate de No\u00ebl \u00e0 Kindu : d\u00e9cor\u00e9e, la place Mapon attire du monde","og_description":"Un sapin ge\u0301ant installe\u0301 sur la place dite Mapon, a\u0300 Kindu (Maniema) attire, depuis quelques jours, des enfants et p ...","og_url":"https:\/\/www.africa-press.net\/congo-kinshasa\/parties\/fete-de-noel-a-kindu-decoree-la-place-mapon-attire-du-monde","og_site_name":"Congo-kinshasa","article_published_time":"2024-12-25T12:01:25+00:00","article_modified_time":"2024-12-25T12:14:09+00:00","og_image":[{"width":1200,"height":898,"url":"https:\/\/static.africa-press.net\/congo-kinshasa\/sites\/49\/2024\/12\/sm_1735116133.314462.jpg","type":"image\/jpeg"}],"author":"cfeditorfr","twitter_card":"summary_large_image","twitter_misc":{"\u00c9crit par":"cfeditorfr","Dur\u00e9e de lecture estim\u00e9e":"1 minute"},"schema":{"@context":"https:\/\/schema.org","@graph":[{"@type":"Article","@id":"https:\/\/www.africa-press.net\/congo-kinshasa\/parties\/fete-de-noel-a-kindu-decoree-la-place-mapon-attire-du-monde#article","isPartOf":{"@id":"https:\/\/www.africa-press.net\/congo-kinshasa\/parties\/fete-de-noel-a-kindu-decoree-la-place-mapon-attire-du-monde"},"author":{"name":"cfeditorfr","@id":"https:\/\/www.africa-press.net\/congo-kinshasa\/#\/schema\/person\/2b1cf3cd81a31e3cd26889ca66d677f1"},"headline":"F\u00eate de No\u00ebl \u00e0 Kindu : d\u00e9cor\u00e9e, la place Mapon attire du monde","datePublished":"2024-12-25T12:01:25+00:00","dateModified":"2024-12-25T12:14:09+00:00","mainEntityOfPage":{"@id":"https:\/\/www.africa-press.net\/congo-kinshasa\/parties\/fete-de-noel-a-kindu-decoree-la-place-mapon-attire-du-monde"},"wordCount":242,"commentCount":0,"image":{"@id":"https:\/\/www.africa-press.net\/congo-kinshasa\/parties\/fete-de-noel-a-kindu-decoree-la-place-mapon-attire-du-monde#primaryimage"},"thumbnailUrl":"https:\/\/static.africa-press.net\/congo-kinshasa\/sites\/49\/2024\/12\/sm_1735116133.314462.jpg","keywords":["Congo Kinshasa"],"articleSection":["Parties","Toutes les actualit\u00e9s"],"inLanguage":"fr-FR","potentialAction":[{"@type":"CommentAction","name":"Comment","target":["https:\/\/www.africa-press.net\/congo-kinshasa\/parties\/fete-de-noel-a-kindu-decoree-la-place-mapon-attire-du-monde#respond"]}]},{"@type":"WebPage","@id":"https:\/\/www.africa-press.net\/congo-kinshasa\/parties\/fete-de-noel-a-kindu-decoree-la-place-mapon-attire-du-monde","url":"https:\/\/www.africa-press.net\/congo-kinshasa\/parties\/fete-de-noel-a-kindu-decoree-la-place-mapon-attire-du-monde","name":"F\u00eate de No\u00ebl \u00e0 Kindu : d\u00e9cor\u00e9e, la place Mapon attire du monde - Congo-kinshasa","isPartOf":{"@id":"https:\/\/www.africa-press.net\/congo-kinshasa\/#website"},"primaryImageOfPage":{"@id":"https:\/\/www.africa-press.net\/congo-kinshasa\/parties\/fete-de-noel-a-kindu-decoree-la-place-mapon-attire-du-monde#primaryimage"},"image":{"@id":"https:\/\/www.africa-press.net\/congo-kinshasa\/parties\/fete-de-noel-a-kindu-decoree-la-place-mapon-attire-du-monde#primaryimage"},"thumbnailUrl":"https:\/\/static.africa-press.net\/congo-kinshasa\/sites\/49\/2024\/12\/sm_1735116133.314462.jpg","datePublished":"2024-12-25T12:01:25+00:00","dateModified":"2024-12-25T12:14:09+00:00","author":{"@id":"https:\/\/www.africa-press.net\/congo-kinshasa\/#\/schema\/person\/2b1cf3cd81a31e3cd26889ca66d677f1"},"description":"Un sapin ge\u0301ant installe\u0301 sur la place dite Mapon, a\u0300 Kindu (Maniema) attire, depuis quelques jours, des enfants et p ...","breadcrumb":{"@id":"https:\/\/www.africa-press.net\/congo-kinshasa\/parties\/fete-de-noel-a-kindu-decoree-la-place-mapon-attire-du-monde#breadcrumb"},"inLanguage":"fr-FR","potentialAction":[{"@type":"ReadAction","target":["https:\/\/www.africa-press.net\/congo-kinshasa\/parties\/fete-de-noel-a-kindu-decoree-la-place-mapon-attire-du-monde"]}]},{"@type":"ImageObject","inLanguage":"fr-FR","@id":"https:\/\/www.africa-press.net\/congo-kinshasa\/parties\/fete-de-noel-a-kindu-decoree-la-place-mapon-attire-du-monde#primaryimage","url":"https:\/\/static.africa-press.net\/congo-kinshasa\/sites\/49\/2024\/12\/sm_1735116133.314462.jpg","contentUrl":"https:\/\/static.africa-press.net\/congo-kinshasa\/sites\/49\/2024\/12\/sm_1735116133.314462.jpg","width":1200,"height":898,"caption":"F\u00eate de No\u00ebl \u00e0 Kindu : d\u00e9cor\u00e9e, la place Mapon attire du monde"},{"@type":"BreadcrumbList","@id":"https:\/\/www.africa-press.net\/congo-kinshasa\/parties\/fete-de-noel-a-kindu-decoree-la-place-mapon-attire-du-monde#breadcrumb","itemListElement":[{"@type":"ListItem","position":1,"name":"Accueil","item":"https:\/\/www.africa-press.net\/congo-kinshasa\/"},{"@type":"ListItem","position":2,"name":"F\u00eate de No\u00ebl \u00e0 Kindu : d\u00e9cor\u00e9e, la place Mapon attire du monde"}]},{"@type":"WebSite","@id":"https:\/\/www.africa-press.net\/congo-kinshasa\/#website","url":"https:\/\/www.africa-press.net\/congo-kinshasa\/","name":"Congo-kinshasa","description":"Just another Africa News Agency Sites site","potentialAction":[{"@type":"SearchAction","target":{"@type":"EntryPoint","urlTemplate":"https:\/\/www.africa-press.net\/congo-kinshasa\/?s={search_term_string}"},"query-input":{"@type":"PropertyValueSpecification","valueRequired":true,"valueName":"search_term_string"}}],"inLanguage":"fr-FR"},{"@type":"Person","@id":"https:\/\/www.africa-press.net\/congo-kinshasa\/#\/schema\/person\/2b1cf3cd81a31e3cd26889ca66d677f1","name":"cfeditorfr"}]}},"_links":{"self":[{"href":"https:\/\/www.africa-press.net\/congo-kinshasa\/wp-json\/wp\/v2\/posts\/105000","targetHints":{"allow":["GET"]}}],"collection":[{"href":"https:\/\/www.africa-press.net\/congo-kinshasa\/wp-json\/wp\/v2\/posts"}],"about":[{"href":"https:\/\/www.africa-press.net\/congo-kinshasa\/wp-json\/wp\/v2\/types\/post"}],"author":[{"embeddable":true,"href":"https:\/\/www.africa-press.net\/congo-kinshasa\/wp-json\/wp\/v2\/users\/82"}],"replies":[{"embeddable":true,"href":"https:\/\/www.africa-press.net\/congo-kinshasa\/wp-json\/wp\/v2\/comments?post=105000"}],"version-history":[{"count":0,"href":"https:\/\/www.africa-press.net\/congo-kinshasa\/wp-json\/wp\/v2\/posts\/105000\/revisions"}],"wp:featuredmedia":[{"embeddable":true,"href":"https:\/\/www.africa-press.net\/congo-kinshasa\/wp-json\/wp\/v2\/media\/104999"}],"wp:attachment":[{"href":"https:\/\/www.africa-press.net\/congo-kinshasa\/wp-json\/wp\/v2\/media?parent=105000"}],"wp:term":[{"taxonomy":"category","embeddable":true,"href":"https:\/\/www.africa-press.net\/congo-kinshasa\/wp-json\/wp\/v2\/categories?post=105000"},{"taxonomy":"post_tag","embeddable":true,"href":"https:\/\/www.africa-press.net\/congo-kinshasa\/wp-json\/wp\/v2\/tags?post=105000"}],"curies":[{"name":"wp","href":"https:\/\/api.w.org\/{rel}","templated":true}]}}