{"id":1062,"date":"2021-02-24T22:13:39","date_gmt":"2021-02-24T22:13:39","guid":{"rendered":"https:\/\/www.africa-press.net\/congo-kinshasa\/?p=1062"},"modified":"2021-02-24T20:41:24","modified_gmt":"2021-02-24T20:41:24","slug":"chronique-joseph-kabila-prive-de-sa-garde-republicaine-un-ex-roi-nu","status":"publish","type":"post","link":"https:\/\/www.africa-press.net\/congo-kinshasa\/dossiers\/chronique-joseph-kabila-prive-de-sa-garde-republicaine-un-ex-roi-nu","title":{"rendered":"Joseph Kabila priv\u00e9 de sa Garde r\u00e9publicaine\u00a0: un ex-roi nu ?"},"content":{"rendered":"<p><span style=\"color: #ff6600\"><strong><a href=\"https:\/\/www.africa-press.net\/\">Africa-Press<\/a> &#8211; <a href=\"https:\/\/www.africa-press.net\/congo-kinshasa\">Congo Kinshasa<\/a>. <\/strong><\/span>Est-ce l\u2019ultime passe d\u2019armes entre l\u2019ancien pr\u00e9sident et son successeur ? Alors que la Garde r\u00e9publicaine qui assurait la s\u00e9curit\u00e9 de Joseph Kabila est remplac\u00e9e par des policiers, certains d\u00e9noncent une d\u00e9sacralisation de l\u2019ex-chef de l\u2019\u00c9tat.<\/p>\n<p>Machiavel machiavelis\u00e9 ? Au jeu du \u00ab je te tiens, tu me tiens par la barbichette \u00bb, le clan du pr\u00e9sident F\u00e9lix Tshisekedi excelle et ass\u00e8ne des coups symboliques \u00e0 l\u2019ancien r\u00e9gime. Beaucoup d\u2019observateurs riaient pourtant sous cape quand le Medvedev congolais d\u00e9cida de s\u2019\u00e9manciper de son Poutine local. \u00c0 l\u2019issue de la derni\u00e8re pr\u00e9sidentielle, le chef de l\u2019\u00c9tat \u00e9lu apparaissait comme le b\u00e9n\u00e9ficiaire d\u2019une alternance en trompe-l\u2019\u0153il, tout comme le candidat de l\u2019ancien r\u00e9gime, Emmanuel Ramazani Shadary, ressemblait, a posteriori, \u00e0 un dauphin en carton-p\u00e2te.<\/p>\n<p>Dans l\u2019ombre, aux manettes d\u2019une majorit\u00e9 cens\u00e9ment solide, confortablement install\u00e9 dans son fauteuil de s\u00e9nateur \u00e0 vie, l\u2019imp\u00e9n\u00e9trable Joseph Kabila attendait que le pouvoir lui revienne comme un boomerang.<\/p>\n<p><b>Cheval de Troie<\/b><\/p>\n<p>M\u00fb par un regain d\u2019orgueil, l\u2019\u00e9lu d\u00e9ploya patiemment sa strat\u00e9gie : un cheval de Troie dans le cheval de Troie d\u2019une majorit\u00e9 kabiliste qu\u2019on croyait verrouill\u00e9e. Deux ans apr\u00e8s son accession \u00e0 la magistrature supr\u00eame, au tournant de l\u2019ann\u00e9e 2020 et au d\u00e9but de 2021, \u00ab Fatshi \u00bb a fissur\u00e9 patiemment le clan de son alli\u00e9 de circonstance.<\/p>\n<p>Apr\u00e8s avoir obtenu le d\u00e9part de la pr\u00e9sidente de l\u2019Assembl\u00e9e nationale, une majorit\u00e9 d\u2019\u00ab Union sacr\u00e9e de la nation \u00bb de 391 d\u00e9put\u00e9s et le changement de Premier ministre, il restait \u00e0 Tshisekedi quelques mesures symboliques \u00e0 prendre, qui frisent l\u2019humiliation de son pr\u00e9d\u00e9cesseur\u2026<\/p>\n<p>Celui qui r\u00e9gna sur la RDC pendant dix-huit ans sera d\u00e9sormais gard\u00e9 par 75 \u00ab simples \u00bb policiers\u2026 Quelques jours auparavant, plusieurs centaines de Gardes r\u00e9publicains qui prot\u00e9geaient Joseph Kabila et l\u2019ensemble des lieux o\u00f9 \u00e9voluait sa famille proche ont \u00e9t\u00e9 rapatri\u00e9s dans leur unit\u00e9 d\u2019origine.<\/p>\n<p>Il y a deux semaines d\u00e9j\u00e0, \u00e0 Kinshasa, \u00e9taient enlev\u00e9s les barri\u00e8res, voitures blind\u00e9es et chars qui emp\u00eachaient l\u2019acc\u00e8s au monument \u00e9rig\u00e9 en hommage \u00e0 Laurent-D\u00e9sir\u00e9 Kabila et \u00e0 la rue kinoise o\u00f9 se situe la r\u00e9sidence du \u00ab pr\u00e9sident honoraire \u00bb et \u00ab s\u00e9nateur \u00e0 vie \u00bb Joseph Kabila. Celui qui r\u00e9gna sur la RDC pendant dix-huit ans sera d\u00e9sormais gard\u00e9 par 75 \u00ab simples \u00bb policiers\u2026<\/p>\n<p><b>Kabila d\u00e9sacralis\u00e9<\/b><\/p>\n<p>Bien entendu, les tshisekedistes ont beau jeu de rappeler que la loi affecte la Garde r\u00e9publicaine \u00e0 la seule protection du chef de l\u2019\u00c9tat en exercice. Il n\u2019emp\u00eache. La figure de Kabila est d\u2019autant plus d\u00e9sacralis\u00e9e que des badauds curieux peuvent d\u00e9sormais faire des selfies \u00e0 proximit\u00e9 de sa porte d\u2019entr\u00e9e. Ce week-end, \u00e0 Lubumbashi, le d\u00e9part des Gardes r\u00e9publicains affect\u00e9s aux propri\u00e9t\u00e9s de l\u2019ancien pr\u00e9sident a m\u00eame suscit\u00e9 des rumeurs\u2026<\/p>\n<p>\u00c0 malin, malin et demi ? Reste \u00e0 savoir si la gu\u00e9guerre entre le fils d\u2019\u00c9tienne et celui de Laurent-D\u00e9sir\u00e9 sera une partie de billard fran\u00e7ais \u00e0 trois bandes. \u00c0 malin, malin et demi ? Toujours jeune pour un dirigeant politique, Joseph Kabila sortira-t-il un ultime tour de sa besace politicienne ? Il aurait quitt\u00e9 sa ferme de Lubumbashi pour chercher l\u2019inspiration en Zambie puis aux \u00c9mirats arabes unis. Objectif 2023 ?<\/p>\n<div id=\"gtx-trans\">\n<div class=\"gtx-trans-icon\"><\/div>\n<\/div>\n","protected":false},"excerpt":{"rendered":"<p>Africa-Press &#8211; Congo Kinshasa. Est-ce l\u2019ultime passe d\u2019armes entre l\u2019ancien pr\u00e9sident et son successeur ? Alors que la Garde r\u00e9publicaine qui assurait la s\u00e9curit\u00e9 de Joseph Kabila est remplac\u00e9e par des policiers, certains d\u00e9noncent une d\u00e9sacralisation de l\u2019ex-chef de l\u2019\u00c9tat. Machiavel machiavelis\u00e9 ? Au jeu du \u00ab je te tiens, tu me tiens par la [&hellip;]<\/p>\n","protected":false},"author":82,"featured_media":1104,"comment_status":"open","ping_status":"closed","sticky":false,"template":"","format":"standard","meta":{"footnotes":""},"categories":[7,11,10],"tags":[36,47,46,49],"class_list":["post-1062","post","type-post","status-publish","format-standard","has-post-thumbnail","hentry","category-dossiers","category-homepage-french","category-toutes-les-actualites","tag-africa-press","tag-africa-press-congo-kinshasa","tag-congo-kinshasa","tag-joseph-kabila"],"yoast_head":"<!-- This site is optimized with the Yoast SEO Premium plugin v26.1 (Yoast SEO v27.0) - https:\/\/yoast.com\/product\/yoast-seo-premium-wordpress\/ -->\n<title>Joseph Kabila priv\u00e9 de sa Garde r\u00e9publicaine\u00a0: un ex-roi nu ? - Congo-kinshasa<\/title>\n<meta name=\"description\" content=\"Est-ce l\u2019ultime passe d\u2019armes entre l\u2019ancien pr\u00e9sident et son successeur ? Alors que la Garde r\u00e9publicaine qui assurait ...\" \/>\n<meta name=\"robots\" content=\"index, follow, max-snippet:-1, max-image-preview:large, max-video-preview:-1\" \/>\n<link rel=\"canonical\" href=\"https:\/\/www.africa-press.net\/congo-kinshasa\/dossiers\/chronique-joseph-kabila-prive-de-sa-garde-republicaine-un-ex-roi-nu\" \/>\n<meta property=\"og:locale\" content=\"fr_FR\" \/>\n<meta property=\"og:type\" content=\"article\" \/>\n<meta property=\"og:title\" content=\"Joseph Kabila priv\u00e9 de sa Garde r\u00e9publicaine\u00a0: un ex-roi nu ?\" \/>\n<meta property=\"og:description\" content=\"Est-ce l\u2019ultime passe d\u2019armes entre l\u2019ancien pr\u00e9sident et son successeur ? Alors que la Garde r\u00e9publicaine qui assurait ...\" \/>\n<meta property=\"og:url\" content=\"https:\/\/www.africa-press.net\/congo-kinshasa\/dossiers\/chronique-joseph-kabila-prive-de-sa-garde-republicaine-un-ex-roi-nu\" \/>\n<meta property=\"og:site_name\" content=\"Congo-kinshasa\" \/>\n<meta property=\"article:published_time\" content=\"2021-02-24T22:13:39+00:00\" \/>\n<meta property=\"og:image\" content=\"https:\/\/static.africa-press.net\/centrafricaine\/sites\/49\/2021\/02\/89.jpg\" \/>\n\t<meta property=\"og:image:width\" content=\"731\" \/>\n\t<meta property=\"og:image:height\" content=\"419\" \/>\n\t<meta property=\"og:image:type\" content=\"image\/jpeg\" \/>\n<meta name=\"author\" content=\"cfeditorfr\" \/>\n<meta name=\"twitter:card\" content=\"summary_large_image\" \/>\n<meta name=\"twitter:label1\" content=\"\u00c9crit par\" \/>\n\t<meta name=\"twitter:data1\" content=\"cfeditorfr\" \/>\n\t<meta name=\"twitter:label2\" content=\"Dur\u00e9e de lecture estim\u00e9e\" \/>\n\t<meta name=\"twitter:data2\" content=\"3 minutes\" \/>\n<script type=\"application\/ld+json\" class=\"yoast-schema-graph\">{\"@context\":\"https:\/\/schema.org\",\"@graph\":[{\"@type\":\"Article\",\"@id\":\"https:\/\/www.africa-press.net\/congo-kinshasa\/dossiers\/chronique-joseph-kabila-prive-de-sa-garde-republicaine-un-ex-roi-nu#article\",\"isPartOf\":{\"@id\":\"https:\/\/www.africa-press.net\/congo-kinshasa\/dossiers\/chronique-joseph-kabila-prive-de-sa-garde-republicaine-un-ex-roi-nu\"},\"author\":{\"name\":\"cfeditorfr\",\"@id\":\"https:\/\/www.africa-press.net\/congo-kinshasa\/#\/schema\/person\/2b1cf3cd81a31e3cd26889ca66d677f1\"},\"headline\":\"Joseph Kabila priv\u00e9 de sa Garde r\u00e9publicaine\u00a0: un ex-roi nu ?\",\"datePublished\":\"2021-02-24T22:13:39+00:00\",\"mainEntityOfPage\":{\"@id\":\"https:\/\/www.africa-press.net\/congo-kinshasa\/dossiers\/chronique-joseph-kabila-prive-de-sa-garde-republicaine-un-ex-roi-nu\"},\"wordCount\":590,\"commentCount\":0,\"image\":{\"@id\":\"https:\/\/www.africa-press.net\/congo-kinshasa\/dossiers\/chronique-joseph-kabila-prive-de-sa-garde-republicaine-un-ex-roi-nu#primaryimage\"},\"thumbnailUrl\":\"https:\/\/static.africa-press.net\/centrafricaine\/sites\/49\/2021\/02\/89.jpg\",\"keywords\":[\"Africa Press\",\"Africa Press-Congo Kinshasa\",\"Congo Kinshasa\",\"Joseph Kabila\"],\"articleSection\":[\"Dossiers\",\"homepage-french\",\"Toutes les actualit\u00e9s\"],\"inLanguage\":\"fr-FR\",\"potentialAction\":[{\"@type\":\"CommentAction\",\"name\":\"Comment\",\"target\":[\"https:\/\/www.africa-press.net\/congo-kinshasa\/dossiers\/chronique-joseph-kabila-prive-de-sa-garde-republicaine-un-ex-roi-nu#respond\"]}]},{\"@type\":\"WebPage\",\"@id\":\"https:\/\/www.africa-press.net\/congo-kinshasa\/dossiers\/chronique-joseph-kabila-prive-de-sa-garde-republicaine-un-ex-roi-nu\",\"url\":\"https:\/\/www.africa-press.net\/congo-kinshasa\/dossiers\/chronique-joseph-kabila-prive-de-sa-garde-republicaine-un-ex-roi-nu\",\"name\":\"Joseph Kabila priv\u00e9 de sa Garde r\u00e9publicaine\u00a0: un ex-roi nu ? - Congo-kinshasa\",\"isPartOf\":{\"@id\":\"https:\/\/www.africa-press.net\/congo-kinshasa\/#website\"},\"primaryImageOfPage\":{\"@id\":\"https:\/\/www.africa-press.net\/congo-kinshasa\/dossiers\/chronique-joseph-kabila-prive-de-sa-garde-republicaine-un-ex-roi-nu#primaryimage\"},\"image\":{\"@id\":\"https:\/\/www.africa-press.net\/congo-kinshasa\/dossiers\/chronique-joseph-kabila-prive-de-sa-garde-republicaine-un-ex-roi-nu#primaryimage\"},\"thumbnailUrl\":\"https:\/\/static.africa-press.net\/centrafricaine\/sites\/49\/2021\/02\/89.jpg\",\"datePublished\":\"2021-02-24T22:13:39+00:00\",\"author\":{\"@id\":\"https:\/\/www.africa-press.net\/congo-kinshasa\/#\/schema\/person\/2b1cf3cd81a31e3cd26889ca66d677f1\"},\"description\":\"Est-ce l\u2019ultime passe d\u2019armes entre l\u2019ancien pr\u00e9sident et son successeur ? Alors que la Garde r\u00e9publicaine qui assurait ...\",\"breadcrumb\":{\"@id\":\"https:\/\/www.africa-press.net\/congo-kinshasa\/dossiers\/chronique-joseph-kabila-prive-de-sa-garde-republicaine-un-ex-roi-nu#breadcrumb\"},\"inLanguage\":\"fr-FR\",\"potentialAction\":[{\"@type\":\"ReadAction\",\"target\":[\"https:\/\/www.africa-press.net\/congo-kinshasa\/dossiers\/chronique-joseph-kabila-prive-de-sa-garde-republicaine-un-ex-roi-nu\"]}]},{\"@type\":\"ImageObject\",\"inLanguage\":\"fr-FR\",\"@id\":\"https:\/\/www.africa-press.net\/congo-kinshasa\/dossiers\/chronique-joseph-kabila-prive-de-sa-garde-republicaine-un-ex-roi-nu#primaryimage\",\"url\":\"https:\/\/static.africa-press.net\/centrafricaine\/sites\/49\/2021\/02\/89.jpg\",\"contentUrl\":\"https:\/\/static.africa-press.net\/centrafricaine\/sites\/49\/2021\/02\/89.jpg\",\"width\":731,\"height\":419},{\"@type\":\"BreadcrumbList\",\"@id\":\"https:\/\/www.africa-press.net\/congo-kinshasa\/dossiers\/chronique-joseph-kabila-prive-de-sa-garde-republicaine-un-ex-roi-nu#breadcrumb\",\"itemListElement\":[{\"@type\":\"ListItem\",\"position\":1,\"name\":\"Accueil\",\"item\":\"https:\/\/www.africa-press.net\/congo-kinshasa\/\"},{\"@type\":\"ListItem\",\"position\":2,\"name\":\"Joseph Kabila priv\u00e9 de sa Garde r\u00e9publicaine\u00a0: un ex-roi nu ?\"}]},{\"@type\":\"WebSite\",\"@id\":\"https:\/\/www.africa-press.net\/congo-kinshasa\/#website\",\"url\":\"https:\/\/www.africa-press.net\/congo-kinshasa\/\",\"name\":\"Congo-kinshasa\",\"description\":\"Just another Africa News Agency Sites site\",\"potentialAction\":[{\"@type\":\"SearchAction\",\"target\":{\"@type\":\"EntryPoint\",\"urlTemplate\":\"https:\/\/www.africa-press.net\/congo-kinshasa\/?s={search_term_string}\"},\"query-input\":{\"@type\":\"PropertyValueSpecification\",\"valueRequired\":true,\"valueName\":\"search_term_string\"}}],\"inLanguage\":\"fr-FR\"},{\"@type\":\"Person\",\"@id\":\"https:\/\/www.africa-press.net\/congo-kinshasa\/#\/schema\/person\/2b1cf3cd81a31e3cd26889ca66d677f1\",\"name\":\"cfeditorfr\"}]}<\/script>\n<!-- \/ Yoast SEO Premium plugin. -->","yoast_head_json":{"title":"Joseph Kabila priv\u00e9 de sa Garde r\u00e9publicaine\u00a0: un ex-roi nu ? - Congo-kinshasa","description":"Est-ce l\u2019ultime passe d\u2019armes entre l\u2019ancien pr\u00e9sident et son successeur ? Alors que la Garde r\u00e9publicaine qui assurait ...","robots":{"index":"index","follow":"follow","max-snippet":"max-snippet:-1","max-image-preview":"max-image-preview:large","max-video-preview":"max-video-preview:-1"},"canonical":"https:\/\/www.africa-press.net\/congo-kinshasa\/dossiers\/chronique-joseph-kabila-prive-de-sa-garde-republicaine-un-ex-roi-nu","og_locale":"fr_FR","og_type":"article","og_title":"Joseph Kabila priv\u00e9 de sa Garde r\u00e9publicaine\u00a0: un ex-roi nu ?","og_description":"Est-ce l\u2019ultime passe d\u2019armes entre l\u2019ancien pr\u00e9sident et son successeur ? Alors que la Garde r\u00e9publicaine qui assurait ...","og_url":"https:\/\/www.africa-press.net\/congo-kinshasa\/dossiers\/chronique-joseph-kabila-prive-de-sa-garde-republicaine-un-ex-roi-nu","og_site_name":"Congo-kinshasa","article_published_time":"2021-02-24T22:13:39+00:00","og_image":[{"width":731,"height":419,"url":"https:\/\/static.africa-press.net\/centrafricaine\/sites\/49\/2021\/02\/89.jpg","type":"image\/jpeg"}],"author":"cfeditorfr","twitter_card":"summary_large_image","twitter_misc":{"\u00c9crit par":"cfeditorfr","Dur\u00e9e de lecture estim\u00e9e":"3 minutes"},"schema":{"@context":"https:\/\/schema.org","@graph":[{"@type":"Article","@id":"https:\/\/www.africa-press.net\/congo-kinshasa\/dossiers\/chronique-joseph-kabila-prive-de-sa-garde-republicaine-un-ex-roi-nu#article","isPartOf":{"@id":"https:\/\/www.africa-press.net\/congo-kinshasa\/dossiers\/chronique-joseph-kabila-prive-de-sa-garde-republicaine-un-ex-roi-nu"},"author":{"name":"cfeditorfr","@id":"https:\/\/www.africa-press.net\/congo-kinshasa\/#\/schema\/person\/2b1cf3cd81a31e3cd26889ca66d677f1"},"headline":"Joseph Kabila priv\u00e9 de sa Garde r\u00e9publicaine\u00a0: un ex-roi nu ?","datePublished":"2021-02-24T22:13:39+00:00","mainEntityOfPage":{"@id":"https:\/\/www.africa-press.net\/congo-kinshasa\/dossiers\/chronique-joseph-kabila-prive-de-sa-garde-republicaine-un-ex-roi-nu"},"wordCount":590,"commentCount":0,"image":{"@id":"https:\/\/www.africa-press.net\/congo-kinshasa\/dossiers\/chronique-joseph-kabila-prive-de-sa-garde-republicaine-un-ex-roi-nu#primaryimage"},"thumbnailUrl":"https:\/\/static.africa-press.net\/centrafricaine\/sites\/49\/2021\/02\/89.jpg","keywords":["Africa Press","Africa Press-Congo Kinshasa","Congo Kinshasa","Joseph Kabila"],"articleSection":["Dossiers","homepage-french","Toutes les actualit\u00e9s"],"inLanguage":"fr-FR","potentialAction":[{"@type":"CommentAction","name":"Comment","target":["https:\/\/www.africa-press.net\/congo-kinshasa\/dossiers\/chronique-joseph-kabila-prive-de-sa-garde-republicaine-un-ex-roi-nu#respond"]}]},{"@type":"WebPage","@id":"https:\/\/www.africa-press.net\/congo-kinshasa\/dossiers\/chronique-joseph-kabila-prive-de-sa-garde-republicaine-un-ex-roi-nu","url":"https:\/\/www.africa-press.net\/congo-kinshasa\/dossiers\/chronique-joseph-kabila-prive-de-sa-garde-republicaine-un-ex-roi-nu","name":"Joseph Kabila priv\u00e9 de sa Garde r\u00e9publicaine\u00a0: un ex-roi nu ? - Congo-kinshasa","isPartOf":{"@id":"https:\/\/www.africa-press.net\/congo-kinshasa\/#website"},"primaryImageOfPage":{"@id":"https:\/\/www.africa-press.net\/congo-kinshasa\/dossiers\/chronique-joseph-kabila-prive-de-sa-garde-republicaine-un-ex-roi-nu#primaryimage"},"image":{"@id":"https:\/\/www.africa-press.net\/congo-kinshasa\/dossiers\/chronique-joseph-kabila-prive-de-sa-garde-republicaine-un-ex-roi-nu#primaryimage"},"thumbnailUrl":"https:\/\/static.africa-press.net\/centrafricaine\/sites\/49\/2021\/02\/89.jpg","datePublished":"2021-02-24T22:13:39+00:00","author":{"@id":"https:\/\/www.africa-press.net\/congo-kinshasa\/#\/schema\/person\/2b1cf3cd81a31e3cd26889ca66d677f1"},"description":"Est-ce l\u2019ultime passe d\u2019armes entre l\u2019ancien pr\u00e9sident et son successeur ? Alors que la Garde r\u00e9publicaine qui assurait ...","breadcrumb":{"@id":"https:\/\/www.africa-press.net\/congo-kinshasa\/dossiers\/chronique-joseph-kabila-prive-de-sa-garde-republicaine-un-ex-roi-nu#breadcrumb"},"inLanguage":"fr-FR","potentialAction":[{"@type":"ReadAction","target":["https:\/\/www.africa-press.net\/congo-kinshasa\/dossiers\/chronique-joseph-kabila-prive-de-sa-garde-republicaine-un-ex-roi-nu"]}]},{"@type":"ImageObject","inLanguage":"fr-FR","@id":"https:\/\/www.africa-press.net\/congo-kinshasa\/dossiers\/chronique-joseph-kabila-prive-de-sa-garde-republicaine-un-ex-roi-nu#primaryimage","url":"https:\/\/static.africa-press.net\/centrafricaine\/sites\/49\/2021\/02\/89.jpg","contentUrl":"https:\/\/static.africa-press.net\/centrafricaine\/sites\/49\/2021\/02\/89.jpg","width":731,"height":419},{"@type":"BreadcrumbList","@id":"https:\/\/www.africa-press.net\/congo-kinshasa\/dossiers\/chronique-joseph-kabila-prive-de-sa-garde-republicaine-un-ex-roi-nu#breadcrumb","itemListElement":[{"@type":"ListItem","position":1,"name":"Accueil","item":"https:\/\/www.africa-press.net\/congo-kinshasa\/"},{"@type":"ListItem","position":2,"name":"Joseph Kabila priv\u00e9 de sa Garde r\u00e9publicaine\u00a0: un ex-roi nu ?"}]},{"@type":"WebSite","@id":"https:\/\/www.africa-press.net\/congo-kinshasa\/#website","url":"https:\/\/www.africa-press.net\/congo-kinshasa\/","name":"Congo-kinshasa","description":"Just another Africa News Agency Sites site","potentialAction":[{"@type":"SearchAction","target":{"@type":"EntryPoint","urlTemplate":"https:\/\/www.africa-press.net\/congo-kinshasa\/?s={search_term_string}"},"query-input":{"@type":"PropertyValueSpecification","valueRequired":true,"valueName":"search_term_string"}}],"inLanguage":"fr-FR"},{"@type":"Person","@id":"https:\/\/www.africa-press.net\/congo-kinshasa\/#\/schema\/person\/2b1cf3cd81a31e3cd26889ca66d677f1","name":"cfeditorfr"}]}},"_links":{"self":[{"href":"https:\/\/www.africa-press.net\/congo-kinshasa\/wp-json\/wp\/v2\/posts\/1062","targetHints":{"allow":["GET"]}}],"collection":[{"href":"https:\/\/www.africa-press.net\/congo-kinshasa\/wp-json\/wp\/v2\/posts"}],"about":[{"href":"https:\/\/www.africa-press.net\/congo-kinshasa\/wp-json\/wp\/v2\/types\/post"}],"author":[{"embeddable":true,"href":"https:\/\/www.africa-press.net\/congo-kinshasa\/wp-json\/wp\/v2\/users\/82"}],"replies":[{"embeddable":true,"href":"https:\/\/www.africa-press.net\/congo-kinshasa\/wp-json\/wp\/v2\/comments?post=1062"}],"version-history":[{"count":0,"href":"https:\/\/www.africa-press.net\/congo-kinshasa\/wp-json\/wp\/v2\/posts\/1062\/revisions"}],"wp:featuredmedia":[{"embeddable":true,"href":"https:\/\/www.africa-press.net\/congo-kinshasa\/wp-json\/wp\/v2\/media\/1104"}],"wp:attachment":[{"href":"https:\/\/www.africa-press.net\/congo-kinshasa\/wp-json\/wp\/v2\/media?parent=1062"}],"wp:term":[{"taxonomy":"category","embeddable":true,"href":"https:\/\/www.africa-press.net\/congo-kinshasa\/wp-json\/wp\/v2\/categories?post=1062"},{"taxonomy":"post_tag","embeddable":true,"href":"https:\/\/www.africa-press.net\/congo-kinshasa\/wp-json\/wp\/v2\/tags?post=1062"}],"curies":[{"name":"wp","href":"https:\/\/api.w.org\/{rel}","templated":true}]}}