{"id":107348,"date":"2025-02-05T18:08:09","date_gmt":"2025-02-05T18:08:09","guid":{"rendered":"https:\/\/www.africa-press.net\/congo-kinshasa\/politique\/can-2025-claude-makelele-voit-la-rdc-championne"},"modified":"2025-04-04T03:08:00","modified_gmt":"2025-04-04T03:08:00","slug":"can-2025-claude-makelele-voit-la-rdc-championne","status":"publish","type":"post","link":"https:\/\/www.africa-press.net\/congo-kinshasa\/sports\/can-2025-claude-makelele-voit-la-rdc-championne","title":{"rendered":"CAN 2025 : Claude Makelele voit la RDC championne !"},"content":{"rendered":"<p><span style=\"color: #ff6600\"><strong>Africa-Press &#8211; Congo Kinshasa. <\/strong><\/span><b>Claude Makelele ne cache pas son enthousiasme pour l\u2019essor du football congolais. Ne\u0301 a\u0300 Kinshasa, l\u2019ancien international franc\u0327ais suit avec passion le parcours des Le\u0301opards et croit fermement en leur potentiel pour la prochaine Coupe d\u2019Afrique des Nations.<\/b><\/p>\n<p>Dans un entretien accorde\u0301 a\u0300 Le\u0301opards Foot TV, l&rsquo;ancien me\u0301tronome du Real Madrid, de Chelsea et du PSG a exprime\u0301 son souhait ardent de voir la RDC renouer avec la gloire continentale.<\/p>\n<p><b>Une se\u0301lection en pleine ascension<\/b><\/p>\n<p>Makelele a ainsi salue\u0301 les progre\u0300s conside\u0301rables re\u0301alise\u0301s par la se\u0301lection congolaise ces dernie\u0300res anne\u0301es:<\/p>\n<p>\u00ab C\u2019est vrai que depuis la dernie\u0300re CAN le Congo s\u2019est tre\u0300s tre\u0300s bien ame\u0301liore\u0301. La structuration de l\u2019e\u0301quipe, la qualite\u0301 du collectif et l\u2019e\u0301mergence d\u2019une ge\u0301ne\u0301ration talentueuse laissent pre\u0301sager un avenir prometteur. L\u2019objectif est de\u0301sormais d\u2019aller au-dela\u0300 des phases de groupes et de rivaliser avec les cadors africains, comme le Maroc par exemple. \u00bb<\/p>\n<p><b>Un sacre en ligne de mire<\/b><\/p>\n<p>L\u2019ancien milieu de\u0301fensif met en avant le travail de Se\u0301bastien Desabre, qu\u2019il conside\u0300re comme un atout majeur pour la RD Congo:<\/p>\n<p>\u00ab Nous avons un se\u0301lectionneur qui installe une rigueur et une vision de jeu cohe\u0301rente. Avec cet encadrement et cette dynamique, atteindre la finale de la CAN et soulever le trophe\u0301e est un re\u0302ve re\u0301alisable. Mon souhait est que le Congo puisse gagner la CAN, car c\u0327a fait longtemps qu\u2019on ne l\u2019a pas gagne\u0301. \u00bb<\/p>\n<p>Demi-finaliste lors de l\u2019e\u0301dition 2024, la RDC tentera de confirmer sa progression dans un groupe D releve\u0301, ou\u0300 elle affrontera le Se\u0301ne\u0301gal, le Be\u0301nin et le Botswana.<\/p>\n<p><strong>Pour plus d&rsquo;informations et d&rsquo;analyses sur la <span style=\"color: #ff6600\">Congo Kinshasa<\/span>, suivez <span style=\"color: #ff6600\">Africa-Press<\/span><\/strong><\/p>\n","protected":false},"excerpt":{"rendered":"<p>Africa-Press &#8211; Congo Kinshasa. Claude Makelele ne cache pas son enthousiasme pour l\u2019essor du football congolais. Ne\u0301 a\u0300 Kinshasa, l\u2019ancien international franc\u0327ais suit avec passion le parcours des Le\u0301opards et croit fermement en leur potentiel pour la prochaine Coupe d\u2019Afrique des Nations. Dans un entretien accorde\u0301 a\u0300 Le\u0301opards Foot TV, l&rsquo;ancien me\u0301tronome du Real Madrid, [&hellip;]<\/p>\n","protected":false},"author":82,"featured_media":107347,"comment_status":"open","ping_status":"closed","sticky":false,"template":"","format":"standard","meta":{"footnotes":""},"categories":[6,10],"tags":[46],"class_list":["post-107348","post","type-post","status-publish","format-standard","has-post-thumbnail","hentry","category-sports","category-toutes-les-actualites","tag-congo-kinshasa"],"yoast_head":"<!-- This site is optimized with the Yoast SEO Premium plugin v26.1 (Yoast SEO v27.0) - https:\/\/yoast.com\/product\/yoast-seo-premium-wordpress\/ -->\n<title>CAN 2025 : Claude Makelele voit la RDC championne ! - Congo-kinshasa<\/title>\n<meta name=\"description\" content=\"Claude Makelele ne cache pas son enthousiasme pour l\u2019essor du football congolais. Ne\u0301 a\u0300 Kinshasa, l\u2019ancien internati ...\" \/>\n<meta name=\"robots\" content=\"index, follow, max-snippet:-1, max-image-preview:large, max-video-preview:-1\" \/>\n<link rel=\"canonical\" href=\"https:\/\/www.africa-press.net\/congo-kinshasa\/sports\/can-2025-claude-makelele-voit-la-rdc-championne\" \/>\n<meta property=\"og:locale\" content=\"fr_FR\" \/>\n<meta property=\"og:type\" content=\"article\" \/>\n<meta property=\"og:title\" content=\"CAN 2025 : Claude Makelele voit la RDC championne !\" \/>\n<meta property=\"og:description\" content=\"Claude Makelele ne cache pas son enthousiasme pour l\u2019essor du football congolais. Ne\u0301 a\u0300 Kinshasa, l\u2019ancien internati ...\" \/>\n<meta property=\"og:url\" content=\"https:\/\/www.africa-press.net\/congo-kinshasa\/sports\/can-2025-claude-makelele-voit-la-rdc-championne\" \/>\n<meta property=\"og:site_name\" content=\"Congo-kinshasa\" \/>\n<meta property=\"article:published_time\" content=\"2025-02-05T18:08:09+00:00\" \/>\n<meta property=\"article:modified_time\" content=\"2025-04-04T03:08:00+00:00\" \/>\n<meta property=\"og:image\" content=\"https:\/\/static.africa-press.net\/congo-kinshasa\/sites\/49\/2025\/02\/sm_1738767581.547826.jpg\" \/>\n\t<meta property=\"og:image:width\" content=\"720\" \/>\n\t<meta property=\"og:image:height\" content=\"476\" \/>\n\t<meta property=\"og:image:type\" content=\"image\/jpeg\" \/>\n<meta name=\"author\" content=\"cfeditorfr\" \/>\n<meta name=\"twitter:card\" content=\"summary_large_image\" \/>\n<meta name=\"twitter:label1\" content=\"\u00c9crit par\" \/>\n\t<meta name=\"twitter:data1\" content=\"cfeditorfr\" \/>\n\t<meta name=\"twitter:label2\" content=\"Dur\u00e9e de lecture estim\u00e9e\" \/>\n\t<meta name=\"twitter:data2\" content=\"2 minutes\" \/>\n<script type=\"application\/ld+json\" class=\"yoast-schema-graph\">{\"@context\":\"https:\/\/schema.org\",\"@graph\":[{\"@type\":\"Article\",\"@id\":\"https:\/\/www.africa-press.net\/congo-kinshasa\/sports\/can-2025-claude-makelele-voit-la-rdc-championne#article\",\"isPartOf\":{\"@id\":\"https:\/\/www.africa-press.net\/congo-kinshasa\/sports\/can-2025-claude-makelele-voit-la-rdc-championne\"},\"author\":{\"name\":\"cfeditorfr\",\"@id\":\"https:\/\/www.africa-press.net\/congo-kinshasa\/#\/schema\/person\/2b1cf3cd81a31e3cd26889ca66d677f1\"},\"headline\":\"CAN 2025 : Claude Makelele voit la RDC championne !\",\"datePublished\":\"2025-02-05T18:08:09+00:00\",\"dateModified\":\"2025-04-04T03:08:00+00:00\",\"mainEntityOfPage\":{\"@id\":\"https:\/\/www.africa-press.net\/congo-kinshasa\/sports\/can-2025-claude-makelele-voit-la-rdc-championne\"},\"wordCount\":324,\"commentCount\":0,\"image\":{\"@id\":\"https:\/\/www.africa-press.net\/congo-kinshasa\/sports\/can-2025-claude-makelele-voit-la-rdc-championne#primaryimage\"},\"thumbnailUrl\":\"https:\/\/static.africa-press.net\/congo-kinshasa\/sites\/49\/2025\/02\/sm_1738767581.547826.jpg\",\"keywords\":[\"Congo Kinshasa\"],\"articleSection\":[\"Sports\",\"Toutes les actualit\u00e9s\"],\"inLanguage\":\"fr-FR\",\"potentialAction\":[{\"@type\":\"CommentAction\",\"name\":\"Comment\",\"target\":[\"https:\/\/www.africa-press.net\/congo-kinshasa\/sports\/can-2025-claude-makelele-voit-la-rdc-championne#respond\"]}]},{\"@type\":\"WebPage\",\"@id\":\"https:\/\/www.africa-press.net\/congo-kinshasa\/sports\/can-2025-claude-makelele-voit-la-rdc-championne\",\"url\":\"https:\/\/www.africa-press.net\/congo-kinshasa\/sports\/can-2025-claude-makelele-voit-la-rdc-championne\",\"name\":\"CAN 2025 : Claude Makelele voit la RDC championne ! - Congo-kinshasa\",\"isPartOf\":{\"@id\":\"https:\/\/www.africa-press.net\/congo-kinshasa\/#website\"},\"primaryImageOfPage\":{\"@id\":\"https:\/\/www.africa-press.net\/congo-kinshasa\/sports\/can-2025-claude-makelele-voit-la-rdc-championne#primaryimage\"},\"image\":{\"@id\":\"https:\/\/www.africa-press.net\/congo-kinshasa\/sports\/can-2025-claude-makelele-voit-la-rdc-championne#primaryimage\"},\"thumbnailUrl\":\"https:\/\/static.africa-press.net\/congo-kinshasa\/sites\/49\/2025\/02\/sm_1738767581.547826.jpg\",\"datePublished\":\"2025-02-05T18:08:09+00:00\",\"dateModified\":\"2025-04-04T03:08:00+00:00\",\"author\":{\"@id\":\"https:\/\/www.africa-press.net\/congo-kinshasa\/#\/schema\/person\/2b1cf3cd81a31e3cd26889ca66d677f1\"},\"description\":\"Claude Makelele ne cache pas son enthousiasme pour l\u2019essor du football congolais. Ne\u0301 a\u0300 Kinshasa, l\u2019ancien internati ...\",\"breadcrumb\":{\"@id\":\"https:\/\/www.africa-press.net\/congo-kinshasa\/sports\/can-2025-claude-makelele-voit-la-rdc-championne#breadcrumb\"},\"inLanguage\":\"fr-FR\",\"potentialAction\":[{\"@type\":\"ReadAction\",\"target\":[\"https:\/\/www.africa-press.net\/congo-kinshasa\/sports\/can-2025-claude-makelele-voit-la-rdc-championne\"]}]},{\"@type\":\"ImageObject\",\"inLanguage\":\"fr-FR\",\"@id\":\"https:\/\/www.africa-press.net\/congo-kinshasa\/sports\/can-2025-claude-makelele-voit-la-rdc-championne#primaryimage\",\"url\":\"https:\/\/static.africa-press.net\/congo-kinshasa\/sites\/49\/2025\/02\/sm_1738767581.547826.jpg\",\"contentUrl\":\"https:\/\/static.africa-press.net\/congo-kinshasa\/sites\/49\/2025\/02\/sm_1738767581.547826.jpg\",\"width\":720,\"height\":476,\"caption\":\"CAN 2025 : Claude Makelele voit la RDC championne !\"},{\"@type\":\"BreadcrumbList\",\"@id\":\"https:\/\/www.africa-press.net\/congo-kinshasa\/sports\/can-2025-claude-makelele-voit-la-rdc-championne#breadcrumb\",\"itemListElement\":[{\"@type\":\"ListItem\",\"position\":1,\"name\":\"Accueil\",\"item\":\"https:\/\/www.africa-press.net\/congo-kinshasa\/\"},{\"@type\":\"ListItem\",\"position\":2,\"name\":\"CAN 2025 : Claude Makelele voit la RDC championne !\"}]},{\"@type\":\"WebSite\",\"@id\":\"https:\/\/www.africa-press.net\/congo-kinshasa\/#website\",\"url\":\"https:\/\/www.africa-press.net\/congo-kinshasa\/\",\"name\":\"Congo-kinshasa\",\"description\":\"Just another Africa News Agency Sites site\",\"potentialAction\":[{\"@type\":\"SearchAction\",\"target\":{\"@type\":\"EntryPoint\",\"urlTemplate\":\"https:\/\/www.africa-press.net\/congo-kinshasa\/?s={search_term_string}\"},\"query-input\":{\"@type\":\"PropertyValueSpecification\",\"valueRequired\":true,\"valueName\":\"search_term_string\"}}],\"inLanguage\":\"fr-FR\"},{\"@type\":\"Person\",\"@id\":\"https:\/\/www.africa-press.net\/congo-kinshasa\/#\/schema\/person\/2b1cf3cd81a31e3cd26889ca66d677f1\",\"name\":\"cfeditorfr\"}]}<\/script>\n<!-- \/ Yoast SEO Premium plugin. -->","yoast_head_json":{"title":"CAN 2025 : Claude Makelele voit la RDC championne ! - Congo-kinshasa","description":"Claude Makelele ne cache pas son enthousiasme pour l\u2019essor du football congolais. Ne\u0301 a\u0300 Kinshasa, l\u2019ancien internati ...","robots":{"index":"index","follow":"follow","max-snippet":"max-snippet:-1","max-image-preview":"max-image-preview:large","max-video-preview":"max-video-preview:-1"},"canonical":"https:\/\/www.africa-press.net\/congo-kinshasa\/sports\/can-2025-claude-makelele-voit-la-rdc-championne","og_locale":"fr_FR","og_type":"article","og_title":"CAN 2025 : Claude Makelele voit la RDC championne !","og_description":"Claude Makelele ne cache pas son enthousiasme pour l\u2019essor du football congolais. Ne\u0301 a\u0300 Kinshasa, l\u2019ancien internati ...","og_url":"https:\/\/www.africa-press.net\/congo-kinshasa\/sports\/can-2025-claude-makelele-voit-la-rdc-championne","og_site_name":"Congo-kinshasa","article_published_time":"2025-02-05T18:08:09+00:00","article_modified_time":"2025-04-04T03:08:00+00:00","og_image":[{"width":720,"height":476,"url":"https:\/\/static.africa-press.net\/congo-kinshasa\/sites\/49\/2025\/02\/sm_1738767581.547826.jpg","type":"image\/jpeg"}],"author":"cfeditorfr","twitter_card":"summary_large_image","twitter_misc":{"\u00c9crit par":"cfeditorfr","Dur\u00e9e de lecture estim\u00e9e":"2 minutes"},"schema":{"@context":"https:\/\/schema.org","@graph":[{"@type":"Article","@id":"https:\/\/www.africa-press.net\/congo-kinshasa\/sports\/can-2025-claude-makelele-voit-la-rdc-championne#article","isPartOf":{"@id":"https:\/\/www.africa-press.net\/congo-kinshasa\/sports\/can-2025-claude-makelele-voit-la-rdc-championne"},"author":{"name":"cfeditorfr","@id":"https:\/\/www.africa-press.net\/congo-kinshasa\/#\/schema\/person\/2b1cf3cd81a31e3cd26889ca66d677f1"},"headline":"CAN 2025 : Claude Makelele voit la RDC championne !","datePublished":"2025-02-05T18:08:09+00:00","dateModified":"2025-04-04T03:08:00+00:00","mainEntityOfPage":{"@id":"https:\/\/www.africa-press.net\/congo-kinshasa\/sports\/can-2025-claude-makelele-voit-la-rdc-championne"},"wordCount":324,"commentCount":0,"image":{"@id":"https:\/\/www.africa-press.net\/congo-kinshasa\/sports\/can-2025-claude-makelele-voit-la-rdc-championne#primaryimage"},"thumbnailUrl":"https:\/\/static.africa-press.net\/congo-kinshasa\/sites\/49\/2025\/02\/sm_1738767581.547826.jpg","keywords":["Congo Kinshasa"],"articleSection":["Sports","Toutes les actualit\u00e9s"],"inLanguage":"fr-FR","potentialAction":[{"@type":"CommentAction","name":"Comment","target":["https:\/\/www.africa-press.net\/congo-kinshasa\/sports\/can-2025-claude-makelele-voit-la-rdc-championne#respond"]}]},{"@type":"WebPage","@id":"https:\/\/www.africa-press.net\/congo-kinshasa\/sports\/can-2025-claude-makelele-voit-la-rdc-championne","url":"https:\/\/www.africa-press.net\/congo-kinshasa\/sports\/can-2025-claude-makelele-voit-la-rdc-championne","name":"CAN 2025 : Claude Makelele voit la RDC championne ! - Congo-kinshasa","isPartOf":{"@id":"https:\/\/www.africa-press.net\/congo-kinshasa\/#website"},"primaryImageOfPage":{"@id":"https:\/\/www.africa-press.net\/congo-kinshasa\/sports\/can-2025-claude-makelele-voit-la-rdc-championne#primaryimage"},"image":{"@id":"https:\/\/www.africa-press.net\/congo-kinshasa\/sports\/can-2025-claude-makelele-voit-la-rdc-championne#primaryimage"},"thumbnailUrl":"https:\/\/static.africa-press.net\/congo-kinshasa\/sites\/49\/2025\/02\/sm_1738767581.547826.jpg","datePublished":"2025-02-05T18:08:09+00:00","dateModified":"2025-04-04T03:08:00+00:00","author":{"@id":"https:\/\/www.africa-press.net\/congo-kinshasa\/#\/schema\/person\/2b1cf3cd81a31e3cd26889ca66d677f1"},"description":"Claude Makelele ne cache pas son enthousiasme pour l\u2019essor du football congolais. Ne\u0301 a\u0300 Kinshasa, l\u2019ancien internati ...","breadcrumb":{"@id":"https:\/\/www.africa-press.net\/congo-kinshasa\/sports\/can-2025-claude-makelele-voit-la-rdc-championne#breadcrumb"},"inLanguage":"fr-FR","potentialAction":[{"@type":"ReadAction","target":["https:\/\/www.africa-press.net\/congo-kinshasa\/sports\/can-2025-claude-makelele-voit-la-rdc-championne"]}]},{"@type":"ImageObject","inLanguage":"fr-FR","@id":"https:\/\/www.africa-press.net\/congo-kinshasa\/sports\/can-2025-claude-makelele-voit-la-rdc-championne#primaryimage","url":"https:\/\/static.africa-press.net\/congo-kinshasa\/sites\/49\/2025\/02\/sm_1738767581.547826.jpg","contentUrl":"https:\/\/static.africa-press.net\/congo-kinshasa\/sites\/49\/2025\/02\/sm_1738767581.547826.jpg","width":720,"height":476,"caption":"CAN 2025 : Claude Makelele voit la RDC championne !"},{"@type":"BreadcrumbList","@id":"https:\/\/www.africa-press.net\/congo-kinshasa\/sports\/can-2025-claude-makelele-voit-la-rdc-championne#breadcrumb","itemListElement":[{"@type":"ListItem","position":1,"name":"Accueil","item":"https:\/\/www.africa-press.net\/congo-kinshasa\/"},{"@type":"ListItem","position":2,"name":"CAN 2025 : Claude Makelele voit la RDC championne !"}]},{"@type":"WebSite","@id":"https:\/\/www.africa-press.net\/congo-kinshasa\/#website","url":"https:\/\/www.africa-press.net\/congo-kinshasa\/","name":"Congo-kinshasa","description":"Just another Africa News Agency Sites site","potentialAction":[{"@type":"SearchAction","target":{"@type":"EntryPoint","urlTemplate":"https:\/\/www.africa-press.net\/congo-kinshasa\/?s={search_term_string}"},"query-input":{"@type":"PropertyValueSpecification","valueRequired":true,"valueName":"search_term_string"}}],"inLanguage":"fr-FR"},{"@type":"Person","@id":"https:\/\/www.africa-press.net\/congo-kinshasa\/#\/schema\/person\/2b1cf3cd81a31e3cd26889ca66d677f1","name":"cfeditorfr"}]}},"_links":{"self":[{"href":"https:\/\/www.africa-press.net\/congo-kinshasa\/wp-json\/wp\/v2\/posts\/107348","targetHints":{"allow":["GET"]}}],"collection":[{"href":"https:\/\/www.africa-press.net\/congo-kinshasa\/wp-json\/wp\/v2\/posts"}],"about":[{"href":"https:\/\/www.africa-press.net\/congo-kinshasa\/wp-json\/wp\/v2\/types\/post"}],"author":[{"embeddable":true,"href":"https:\/\/www.africa-press.net\/congo-kinshasa\/wp-json\/wp\/v2\/users\/82"}],"replies":[{"embeddable":true,"href":"https:\/\/www.africa-press.net\/congo-kinshasa\/wp-json\/wp\/v2\/comments?post=107348"}],"version-history":[{"count":0,"href":"https:\/\/www.africa-press.net\/congo-kinshasa\/wp-json\/wp\/v2\/posts\/107348\/revisions"}],"wp:featuredmedia":[{"embeddable":true,"href":"https:\/\/www.africa-press.net\/congo-kinshasa\/wp-json\/wp\/v2\/media\/107347"}],"wp:attachment":[{"href":"https:\/\/www.africa-press.net\/congo-kinshasa\/wp-json\/wp\/v2\/media?parent=107348"}],"wp:term":[{"taxonomy":"category","embeddable":true,"href":"https:\/\/www.africa-press.net\/congo-kinshasa\/wp-json\/wp\/v2\/categories?post=107348"},{"taxonomy":"post_tag","embeddable":true,"href":"https:\/\/www.africa-press.net\/congo-kinshasa\/wp-json\/wp\/v2\/tags?post=107348"}],"curies":[{"name":"wp","href":"https:\/\/api.w.org\/{rel}","templated":true}]}}