{"id":112693,"date":"2025-04-10T19:16:43","date_gmt":"2025-04-10T19:16:43","guid":{"rendered":"https:\/\/www.africa-press.net\/congo-kinshasa\/politique\/deplacement-massif-a-lubutu-suite-a-des-affrontements"},"modified":"2025-04-10T19:34:38","modified_gmt":"2025-04-10T19:34:38","slug":"deplacement-massif-a-lubutu-suite-a-des-affrontements","status":"publish","type":"post","link":"https:\/\/www.africa-press.net\/congo-kinshasa\/toutes-les-actualites\/deplacement-massif-a-lubutu-suite-a-des-affrontements","title":{"rendered":"D\u00e9placement massif \u00e0 Lubutu suite \u00e0 des affrontements"},"content":{"rendered":"<p><span style=\"color: #ff6600\"><strong>Africa-Press &#8211; Congo Kinshasa. <\/strong><\/span><b>Un important de\u0301placement de populations est observe\u0301 depuis deux jours dans le territoire de Lubutu, dans la province du Maniema. En cause: des affrontements violents ayant e\u0301clate\u0301 mardi 8 avril entre deux factions rivales des Wazalendo. D\u2019un co\u0302te\u0301, celle dirige\u0301e par Mando, chef du groupe arme\u0301 \u00ab\u00a0Force divine sainte\u00a0\u00bb, et de l\u2019autre, celle de Bukuyu, ancien allie\u0301 de Mando devenu aujourd\u2019hui son adversaire.<\/b><\/p>\n<p>Selon le ministre provincial de l\u2019Inte\u0301rieur du Maniema, Lawamo Selemani Taylor, qui s\u2019est exprime\u0301 devant la presse le 9 avril, la situation reste tendue et confuse. Toutes les activite\u0301s socio-e\u0301conomiques sont a\u0300 l&rsquo;arre\u0302t. Il appelle a\u0300 une cessation imme\u0301diate des hostilite\u0301s et a\u0300 un retour au calme.<\/p>\n<p>\u00ab\u00a0La situation est encore confuse dans le territoire de Lubutu. Il y a eu des affrontements entre Mando et son ancien compagnon d\u2019e\u0301lite, Bukuyu. Cela a entrai\u0302ne\u0301 des de\u0301placements massifs et la paralysie des activite\u0301s. Nous n\u2019avons pas encore de bilan pre\u0301cis, mais nous travaillons avec les services locaux. Ce conflit repose sur une lutte de leadership et la gestion de butins acquis de manie\u0300re ille\u0301gale. C\u2019est tre\u0300s de\u0301cevant, surtout en cette pe\u0301riode ou\u0300 nous avons besoin de l\u2019unite\u0301 de tous les Congolais pour faire face a\u0300 l\u2019agression a\u0300 l\u2019Est\u00a0\u00bb, a-t-il de\u0301clare\u0301.<\/p>\n<p>Et d\u2019ajouter:<\/p>\n<p>\u00ab\u00a0Le sang des Congolais a de\u0301ja\u0300 trop coule\u0301 face a\u0300 l\u2019agression du M23 soutenu par le Rwanda. Il est inutile de semer davantage la panique. L\u2019ide\u0301al, pour le chef de l\u2019E\u0301tat comme pour toute la population congolaise, est que les Wazalendo s\u2019alignent derrie\u0300re les FARDC pour mettre hors d\u2019e\u0301tat de nuire l\u2019ennemi du pays\u00a0\u00bb.<\/p>\n<p>Le ministre a e\u0301galement souligne\u0301 que ce conflit de\u0301coule de rivalite\u0301s personnelles. Il a annonce\u0301 la suppression des barrie\u0300res ille\u0301gales tenues par les factions Wazalendo, ainsi que l\u2019ouverture d\u2019enque\u0302tes pour documenter les exactions commises. Des poursuites judiciaires sont pre\u0301vues a\u0300 l\u2019encontre des auteurs de ces troubles.<\/p>\n<p><strong>Pour plus d&rsquo;informations et d&rsquo;analyses sur la <span style=\"color: #ff6600\">Congo Kinshasa<\/span>, suivez <span style=\"color: #ff6600\">Africa-Press<\/span><\/strong><\/p>\n","protected":false},"excerpt":{"rendered":"<p>Africa-Press &#8211; Congo Kinshasa. Un important de\u0301placement de populations est observe\u0301 depuis deux jours dans le territoire de Lubutu, dans la province du Maniema. En cause: des affrontements violents ayant e\u0301clate\u0301 mardi 8 avril entre deux factions rivales des Wazalendo. D\u2019un co\u0302te\u0301, celle dirige\u0301e par Mando, chef du groupe arme\u0301 \u00ab\u00a0Force divine sainte\u00a0\u00bb, et de [&hellip;]<\/p>\n","protected":false},"author":82,"featured_media":112692,"comment_status":"open","ping_status":"closed","sticky":false,"template":"","format":"standard","meta":{"footnotes":""},"categories":[21,10],"tags":[46],"class_list":["post-112693","post","type-post","status-publish","format-standard","has-post-thumbnail","hentry","category-communaute","category-toutes-les-actualites","tag-congo-kinshasa"],"yoast_head":"<!-- This site is optimized with the Yoast SEO Premium plugin v26.1 (Yoast SEO v27.0) - https:\/\/yoast.com\/product\/yoast-seo-premium-wordpress\/ -->\n<title>D\u00e9placement massif \u00e0 Lubutu suite \u00e0 des affrontements - Congo-kinshasa<\/title>\n<meta name=\"description\" content=\"Un important de\u0301placement de populations est observe\u0301 depuis deux jours dans le territoire de Lubutu, dans la provinc ...\" \/>\n<meta name=\"robots\" content=\"index, follow, max-snippet:-1, max-image-preview:large, max-video-preview:-1\" \/>\n<link rel=\"canonical\" href=\"https:\/\/www.africa-press.net\/congo-kinshasa\/toutes-les-actualites\/deplacement-massif-a-lubutu-suite-a-des-affrontements\" \/>\n<meta property=\"og:locale\" content=\"fr_FR\" \/>\n<meta property=\"og:type\" content=\"article\" \/>\n<meta property=\"og:title\" content=\"D\u00e9placement massif \u00e0 Lubutu suite \u00e0 des affrontements\" \/>\n<meta property=\"og:description\" content=\"Un important de\u0301placement de populations est observe\u0301 depuis deux jours dans le territoire de Lubutu, dans la provinc ...\" \/>\n<meta property=\"og:url\" content=\"https:\/\/www.africa-press.net\/congo-kinshasa\/toutes-les-actualites\/deplacement-massif-a-lubutu-suite-a-des-affrontements\" \/>\n<meta property=\"og:site_name\" content=\"Congo-kinshasa\" \/>\n<meta property=\"article:published_time\" content=\"2025-04-10T19:16:43+00:00\" \/>\n<meta property=\"article:modified_time\" content=\"2025-04-10T19:34:38+00:00\" \/>\n<meta property=\"og:image\" content=\"https:\/\/static.africa-press.net\/congo-kinshasa\/sites\/49\/2025\/04\/sm_1744300831.596258.jpg\" \/>\n\t<meta property=\"og:image:width\" content=\"720\" \/>\n\t<meta property=\"og:image:height\" content=\"540\" \/>\n\t<meta property=\"og:image:type\" content=\"image\/jpeg\" \/>\n<meta name=\"author\" content=\"cfeditorfr\" \/>\n<meta name=\"twitter:card\" content=\"summary_large_image\" \/>\n<meta name=\"twitter:label1\" content=\"\u00c9crit par\" \/>\n\t<meta name=\"twitter:data1\" content=\"cfeditorfr\" \/>\n\t<meta name=\"twitter:label2\" content=\"Dur\u00e9e de lecture estim\u00e9e\" \/>\n\t<meta name=\"twitter:data2\" content=\"2 minutes\" \/>\n<script type=\"application\/ld+json\" class=\"yoast-schema-graph\">{\"@context\":\"https:\/\/schema.org\",\"@graph\":[{\"@type\":\"Article\",\"@id\":\"https:\/\/www.africa-press.net\/congo-kinshasa\/toutes-les-actualites\/deplacement-massif-a-lubutu-suite-a-des-affrontements#article\",\"isPartOf\":{\"@id\":\"https:\/\/www.africa-press.net\/congo-kinshasa\/toutes-les-actualites\/deplacement-massif-a-lubutu-suite-a-des-affrontements\"},\"author\":{\"name\":\"cfeditorfr\",\"@id\":\"https:\/\/www.africa-press.net\/congo-kinshasa\/#\/schema\/person\/2b1cf3cd81a31e3cd26889ca66d677f1\"},\"headline\":\"D\u00e9placement massif \u00e0 Lubutu suite \u00e0 des affrontements\",\"datePublished\":\"2025-04-10T19:16:43+00:00\",\"dateModified\":\"2025-04-10T19:34:38+00:00\",\"mainEntityOfPage\":{\"@id\":\"https:\/\/www.africa-press.net\/congo-kinshasa\/toutes-les-actualites\/deplacement-massif-a-lubutu-suite-a-des-affrontements\"},\"wordCount\":381,\"commentCount\":0,\"image\":{\"@id\":\"https:\/\/www.africa-press.net\/congo-kinshasa\/toutes-les-actualites\/deplacement-massif-a-lubutu-suite-a-des-affrontements#primaryimage\"},\"thumbnailUrl\":\"https:\/\/static.africa-press.net\/congo-kinshasa\/sites\/49\/2025\/04\/sm_1744300831.596258.jpg\",\"keywords\":[\"Congo Kinshasa\"],\"articleSection\":[\"Communaut\u00e9\",\"Toutes les actualit\u00e9s\"],\"inLanguage\":\"fr-FR\",\"potentialAction\":[{\"@type\":\"CommentAction\",\"name\":\"Comment\",\"target\":[\"https:\/\/www.africa-press.net\/congo-kinshasa\/toutes-les-actualites\/deplacement-massif-a-lubutu-suite-a-des-affrontements#respond\"]}]},{\"@type\":\"WebPage\",\"@id\":\"https:\/\/www.africa-press.net\/congo-kinshasa\/toutes-les-actualites\/deplacement-massif-a-lubutu-suite-a-des-affrontements\",\"url\":\"https:\/\/www.africa-press.net\/congo-kinshasa\/toutes-les-actualites\/deplacement-massif-a-lubutu-suite-a-des-affrontements\",\"name\":\"D\u00e9placement massif \u00e0 Lubutu suite \u00e0 des affrontements - Congo-kinshasa\",\"isPartOf\":{\"@id\":\"https:\/\/www.africa-press.net\/congo-kinshasa\/#website\"},\"primaryImageOfPage\":{\"@id\":\"https:\/\/www.africa-press.net\/congo-kinshasa\/toutes-les-actualites\/deplacement-massif-a-lubutu-suite-a-des-affrontements#primaryimage\"},\"image\":{\"@id\":\"https:\/\/www.africa-press.net\/congo-kinshasa\/toutes-les-actualites\/deplacement-massif-a-lubutu-suite-a-des-affrontements#primaryimage\"},\"thumbnailUrl\":\"https:\/\/static.africa-press.net\/congo-kinshasa\/sites\/49\/2025\/04\/sm_1744300831.596258.jpg\",\"datePublished\":\"2025-04-10T19:16:43+00:00\",\"dateModified\":\"2025-04-10T19:34:38+00:00\",\"author\":{\"@id\":\"https:\/\/www.africa-press.net\/congo-kinshasa\/#\/schema\/person\/2b1cf3cd81a31e3cd26889ca66d677f1\"},\"description\":\"Un important de\u0301placement de populations est observe\u0301 depuis deux jours dans le territoire de Lubutu, dans la provinc ...\",\"breadcrumb\":{\"@id\":\"https:\/\/www.africa-press.net\/congo-kinshasa\/toutes-les-actualites\/deplacement-massif-a-lubutu-suite-a-des-affrontements#breadcrumb\"},\"inLanguage\":\"fr-FR\",\"potentialAction\":[{\"@type\":\"ReadAction\",\"target\":[\"https:\/\/www.africa-press.net\/congo-kinshasa\/toutes-les-actualites\/deplacement-massif-a-lubutu-suite-a-des-affrontements\"]}]},{\"@type\":\"ImageObject\",\"inLanguage\":\"fr-FR\",\"@id\":\"https:\/\/www.africa-press.net\/congo-kinshasa\/toutes-les-actualites\/deplacement-massif-a-lubutu-suite-a-des-affrontements#primaryimage\",\"url\":\"https:\/\/static.africa-press.net\/congo-kinshasa\/sites\/49\/2025\/04\/sm_1744300831.596258.jpg\",\"contentUrl\":\"https:\/\/static.africa-press.net\/congo-kinshasa\/sites\/49\/2025\/04\/sm_1744300831.596258.jpg\",\"width\":720,\"height\":540,\"caption\":\"D\u00e9placement massif \u00e0 Lubutu suite \u00e0 des affrontements\"},{\"@type\":\"BreadcrumbList\",\"@id\":\"https:\/\/www.africa-press.net\/congo-kinshasa\/toutes-les-actualites\/deplacement-massif-a-lubutu-suite-a-des-affrontements#breadcrumb\",\"itemListElement\":[{\"@type\":\"ListItem\",\"position\":1,\"name\":\"Accueil\",\"item\":\"https:\/\/www.africa-press.net\/congo-kinshasa\/\"},{\"@type\":\"ListItem\",\"position\":2,\"name\":\"D\u00e9placement massif \u00e0 Lubutu suite \u00e0 des affrontements\"}]},{\"@type\":\"WebSite\",\"@id\":\"https:\/\/www.africa-press.net\/congo-kinshasa\/#website\",\"url\":\"https:\/\/www.africa-press.net\/congo-kinshasa\/\",\"name\":\"Congo-kinshasa\",\"description\":\"Just another Africa News Agency Sites site\",\"potentialAction\":[{\"@type\":\"SearchAction\",\"target\":{\"@type\":\"EntryPoint\",\"urlTemplate\":\"https:\/\/www.africa-press.net\/congo-kinshasa\/?s={search_term_string}\"},\"query-input\":{\"@type\":\"PropertyValueSpecification\",\"valueRequired\":true,\"valueName\":\"search_term_string\"}}],\"inLanguage\":\"fr-FR\"},{\"@type\":\"Person\",\"@id\":\"https:\/\/www.africa-press.net\/congo-kinshasa\/#\/schema\/person\/2b1cf3cd81a31e3cd26889ca66d677f1\",\"name\":\"cfeditorfr\"}]}<\/script>\n<!-- \/ Yoast SEO Premium plugin. -->","yoast_head_json":{"title":"D\u00e9placement massif \u00e0 Lubutu suite \u00e0 des affrontements - Congo-kinshasa","description":"Un important de\u0301placement de populations est observe\u0301 depuis deux jours dans le territoire de Lubutu, dans la provinc ...","robots":{"index":"index","follow":"follow","max-snippet":"max-snippet:-1","max-image-preview":"max-image-preview:large","max-video-preview":"max-video-preview:-1"},"canonical":"https:\/\/www.africa-press.net\/congo-kinshasa\/toutes-les-actualites\/deplacement-massif-a-lubutu-suite-a-des-affrontements","og_locale":"fr_FR","og_type":"article","og_title":"D\u00e9placement massif \u00e0 Lubutu suite \u00e0 des affrontements","og_description":"Un important de\u0301placement de populations est observe\u0301 depuis deux jours dans le territoire de Lubutu, dans la provinc ...","og_url":"https:\/\/www.africa-press.net\/congo-kinshasa\/toutes-les-actualites\/deplacement-massif-a-lubutu-suite-a-des-affrontements","og_site_name":"Congo-kinshasa","article_published_time":"2025-04-10T19:16:43+00:00","article_modified_time":"2025-04-10T19:34:38+00:00","og_image":[{"width":720,"height":540,"url":"https:\/\/static.africa-press.net\/congo-kinshasa\/sites\/49\/2025\/04\/sm_1744300831.596258.jpg","type":"image\/jpeg"}],"author":"cfeditorfr","twitter_card":"summary_large_image","twitter_misc":{"\u00c9crit par":"cfeditorfr","Dur\u00e9e de lecture estim\u00e9e":"2 minutes"},"schema":{"@context":"https:\/\/schema.org","@graph":[{"@type":"Article","@id":"https:\/\/www.africa-press.net\/congo-kinshasa\/toutes-les-actualites\/deplacement-massif-a-lubutu-suite-a-des-affrontements#article","isPartOf":{"@id":"https:\/\/www.africa-press.net\/congo-kinshasa\/toutes-les-actualites\/deplacement-massif-a-lubutu-suite-a-des-affrontements"},"author":{"name":"cfeditorfr","@id":"https:\/\/www.africa-press.net\/congo-kinshasa\/#\/schema\/person\/2b1cf3cd81a31e3cd26889ca66d677f1"},"headline":"D\u00e9placement massif \u00e0 Lubutu suite \u00e0 des affrontements","datePublished":"2025-04-10T19:16:43+00:00","dateModified":"2025-04-10T19:34:38+00:00","mainEntityOfPage":{"@id":"https:\/\/www.africa-press.net\/congo-kinshasa\/toutes-les-actualites\/deplacement-massif-a-lubutu-suite-a-des-affrontements"},"wordCount":381,"commentCount":0,"image":{"@id":"https:\/\/www.africa-press.net\/congo-kinshasa\/toutes-les-actualites\/deplacement-massif-a-lubutu-suite-a-des-affrontements#primaryimage"},"thumbnailUrl":"https:\/\/static.africa-press.net\/congo-kinshasa\/sites\/49\/2025\/04\/sm_1744300831.596258.jpg","keywords":["Congo Kinshasa"],"articleSection":["Communaut\u00e9","Toutes les actualit\u00e9s"],"inLanguage":"fr-FR","potentialAction":[{"@type":"CommentAction","name":"Comment","target":["https:\/\/www.africa-press.net\/congo-kinshasa\/toutes-les-actualites\/deplacement-massif-a-lubutu-suite-a-des-affrontements#respond"]}]},{"@type":"WebPage","@id":"https:\/\/www.africa-press.net\/congo-kinshasa\/toutes-les-actualites\/deplacement-massif-a-lubutu-suite-a-des-affrontements","url":"https:\/\/www.africa-press.net\/congo-kinshasa\/toutes-les-actualites\/deplacement-massif-a-lubutu-suite-a-des-affrontements","name":"D\u00e9placement massif \u00e0 Lubutu suite \u00e0 des affrontements - Congo-kinshasa","isPartOf":{"@id":"https:\/\/www.africa-press.net\/congo-kinshasa\/#website"},"primaryImageOfPage":{"@id":"https:\/\/www.africa-press.net\/congo-kinshasa\/toutes-les-actualites\/deplacement-massif-a-lubutu-suite-a-des-affrontements#primaryimage"},"image":{"@id":"https:\/\/www.africa-press.net\/congo-kinshasa\/toutes-les-actualites\/deplacement-massif-a-lubutu-suite-a-des-affrontements#primaryimage"},"thumbnailUrl":"https:\/\/static.africa-press.net\/congo-kinshasa\/sites\/49\/2025\/04\/sm_1744300831.596258.jpg","datePublished":"2025-04-10T19:16:43+00:00","dateModified":"2025-04-10T19:34:38+00:00","author":{"@id":"https:\/\/www.africa-press.net\/congo-kinshasa\/#\/schema\/person\/2b1cf3cd81a31e3cd26889ca66d677f1"},"description":"Un important de\u0301placement de populations est observe\u0301 depuis deux jours dans le territoire de Lubutu, dans la provinc ...","breadcrumb":{"@id":"https:\/\/www.africa-press.net\/congo-kinshasa\/toutes-les-actualites\/deplacement-massif-a-lubutu-suite-a-des-affrontements#breadcrumb"},"inLanguage":"fr-FR","potentialAction":[{"@type":"ReadAction","target":["https:\/\/www.africa-press.net\/congo-kinshasa\/toutes-les-actualites\/deplacement-massif-a-lubutu-suite-a-des-affrontements"]}]},{"@type":"ImageObject","inLanguage":"fr-FR","@id":"https:\/\/www.africa-press.net\/congo-kinshasa\/toutes-les-actualites\/deplacement-massif-a-lubutu-suite-a-des-affrontements#primaryimage","url":"https:\/\/static.africa-press.net\/congo-kinshasa\/sites\/49\/2025\/04\/sm_1744300831.596258.jpg","contentUrl":"https:\/\/static.africa-press.net\/congo-kinshasa\/sites\/49\/2025\/04\/sm_1744300831.596258.jpg","width":720,"height":540,"caption":"D\u00e9placement massif \u00e0 Lubutu suite \u00e0 des affrontements"},{"@type":"BreadcrumbList","@id":"https:\/\/www.africa-press.net\/congo-kinshasa\/toutes-les-actualites\/deplacement-massif-a-lubutu-suite-a-des-affrontements#breadcrumb","itemListElement":[{"@type":"ListItem","position":1,"name":"Accueil","item":"https:\/\/www.africa-press.net\/congo-kinshasa\/"},{"@type":"ListItem","position":2,"name":"D\u00e9placement massif \u00e0 Lubutu suite \u00e0 des affrontements"}]},{"@type":"WebSite","@id":"https:\/\/www.africa-press.net\/congo-kinshasa\/#website","url":"https:\/\/www.africa-press.net\/congo-kinshasa\/","name":"Congo-kinshasa","description":"Just another Africa News Agency Sites site","potentialAction":[{"@type":"SearchAction","target":{"@type":"EntryPoint","urlTemplate":"https:\/\/www.africa-press.net\/congo-kinshasa\/?s={search_term_string}"},"query-input":{"@type":"PropertyValueSpecification","valueRequired":true,"valueName":"search_term_string"}}],"inLanguage":"fr-FR"},{"@type":"Person","@id":"https:\/\/www.africa-press.net\/congo-kinshasa\/#\/schema\/person\/2b1cf3cd81a31e3cd26889ca66d677f1","name":"cfeditorfr"}]}},"_links":{"self":[{"href":"https:\/\/www.africa-press.net\/congo-kinshasa\/wp-json\/wp\/v2\/posts\/112693","targetHints":{"allow":["GET"]}}],"collection":[{"href":"https:\/\/www.africa-press.net\/congo-kinshasa\/wp-json\/wp\/v2\/posts"}],"about":[{"href":"https:\/\/www.africa-press.net\/congo-kinshasa\/wp-json\/wp\/v2\/types\/post"}],"author":[{"embeddable":true,"href":"https:\/\/www.africa-press.net\/congo-kinshasa\/wp-json\/wp\/v2\/users\/82"}],"replies":[{"embeddable":true,"href":"https:\/\/www.africa-press.net\/congo-kinshasa\/wp-json\/wp\/v2\/comments?post=112693"}],"version-history":[{"count":0,"href":"https:\/\/www.africa-press.net\/congo-kinshasa\/wp-json\/wp\/v2\/posts\/112693\/revisions"}],"wp:featuredmedia":[{"embeddable":true,"href":"https:\/\/www.africa-press.net\/congo-kinshasa\/wp-json\/wp\/v2\/media\/112692"}],"wp:attachment":[{"href":"https:\/\/www.africa-press.net\/congo-kinshasa\/wp-json\/wp\/v2\/media?parent=112693"}],"wp:term":[{"taxonomy":"category","embeddable":true,"href":"https:\/\/www.africa-press.net\/congo-kinshasa\/wp-json\/wp\/v2\/categories?post=112693"},{"taxonomy":"post_tag","embeddable":true,"href":"https:\/\/www.africa-press.net\/congo-kinshasa\/wp-json\/wp\/v2\/tags?post=112693"}],"curies":[{"name":"wp","href":"https:\/\/api.w.org\/{rel}","templated":true}]}}