{"id":112805,"date":"2025-04-12T19:43:52","date_gmt":"2025-04-12T19:43:52","guid":{"rendered":"https:\/\/www.africa-press.net\/congo-kinshasa\/politique\/menaces-militaires-du-groupe-afc-m23-en-rdc-expliquees"},"modified":"2025-04-12T19:58:33","modified_gmt":"2025-04-12T19:58:33","slug":"menaces-militaires-du-groupe-afc-m23-en-rdc-expliquees","status":"publish","type":"post","link":"https:\/\/www.africa-press.net\/congo-kinshasa\/politique\/menaces-militaires-du-groupe-afc-m23-en-rdc-expliquees","title":{"rendered":"Menaces Militaires du Groupe AFC\/M23 en RDC Expliqu\u00e9es"},"content":{"rendered":"<p><span style=\"color: #ff6600\"><strong>Africa-Press &#8211; Congo Kinshasa. <\/strong><\/span><b>L\u2019Alliance Fleuve Congo\/Mouvement du 23-Mars (AFC\/M23) a menace\u0301 le 10 avril 2025 de re\u0301activer ses fronts militaires. Le mouvement accuse les Forces arme\u0301es de la RDC (FARDC) de violer la tre\u0302ve qui semblait en voie de se mettre en place, notamment apre\u0300s le retrait de ce groupe de la zone de Walikale-centre, il y a une semaine. L&rsquo;AFC\/M23 annonce sa volonte\u0301, dit-elle, d\u2019e\u0301liminer toute menace a\u0300 la source. Ce communique\u0301 survient alors que des pourparlers de paix se de\u0301roulent a\u0300 Doha, re\u0301unissant les de\u0301le\u0301gue\u0301s de Kinshasa et de l\u2019AFC\/M23. Qu\u2019est-ce qui explique cette annonce, alors que des discussions sont en cours ? De\u0301tails.<\/b><\/p>\n<p>Ce communique\u0301 de l\u2019AFC\/M23 peut d\u2019abord s\u2019expliquer par la situation sur le terrain, ou\u0300 des accrochages durent depuis au moins trois jours, principalement dans la province du Sud-Kivu, dans l\u2019est de la RDC.<\/p>\n<p>Dans le territoire de Kalehe, plusieurs sources locales e\u0301voquent une offensive de Wazalendo, des combattants en appui aux FARDC, qui ont re\u0301ussi a\u0300 occuper au moins huit villages.<\/p>\n<p>Dans ces zones et certains autres villages, l\u2019AFC\/M23 n\u2019avait pas maintenu une pre\u0301sence permanente de ses combattants.<\/p>\n<p>Le 10 avril 2025, de nouveaux combats ont e\u0301clate\u0301, particulie\u0300rement dans les villages de Bushaku 1 et 2, ou\u0300 les Wazalendo ont pris le contro\u0302le apre\u0300s des accrochages violents. Dans cette zone, ce sont surtout les Wazalendo et non les FARDC qui sont pre\u0301sents.<\/p>\n<p>Une situation similaire a e\u0301te\u0301 observe\u0301e dans le territoire de Kabare, toujours au Sud-Kivu, pre\u0300s du Parc national de Kahuzi-Biega, ou\u0300 des accrochages ont eu lieu jeudi a\u0300 Tshivanga et Mudaka.<\/p>\n<p>D\u2019autres accrochages ont e\u0301galement eu lieu dans le territoire de Masisi depuis quelques jours, augmentant ainsi les tensions sur le terrain.<\/p>\n<p><b>\u00ab Me\u0301fiance palpable \u00bb lors des discussions au Qatar<\/b><\/p>\n<p>Un autre facteur expliquant cette menace de re\u0301activation des fronts militaires de l\u2019AFC\/M23 pourrait e\u0302tre lie\u0301 aux tensions actuelles a\u0300 Doha, ou\u0300 se de\u0301roulent les pourparlers de paix entre le gouvernement congolais et l\u2019AFC\/M23. Peu d\u2019informations filtrent des discussions, car les me\u0301diateurs insistent sur la discre\u0301tion. Les deux de\u0301le\u0301gations sont encore bloque\u0301es au stade des pre\u0301alables, avec peu de re\u0301ponses concre\u0300tes sur les mesures de confiance a\u0300 instaurer avant d\u2019aborder les questions de fond. C\u2019est ce que confirme une source diplomatique qui explique que les discussions sont encore marque\u0301es par une \u00ab me\u0301fiance palpable \u00bb.<\/p>\n<p><strong>Pour plus d&rsquo;informations et d&rsquo;analyses sur la <span style=\"color: #ff6600\">Congo Kinshasa<\/span>, suivez <span style=\"color: #ff6600\">Africa-Press<\/span><\/strong><\/p>\n","protected":false},"excerpt":{"rendered":"<p>Africa-Press &#8211; Congo Kinshasa. L\u2019Alliance Fleuve Congo\/Mouvement du 23-Mars (AFC\/M23) a menace\u0301 le 10 avril 2025 de re\u0301activer ses fronts militaires. Le mouvement accuse les Forces arme\u0301es de la RDC (FARDC) de violer la tre\u0302ve qui semblait en voie de se mettre en place, notamment apre\u0300s le retrait de ce groupe de la zone de [&hellip;]<\/p>\n","protected":false},"author":82,"featured_media":112803,"comment_status":"open","ping_status":"closed","sticky":false,"template":"","format":"standard","meta":{"footnotes":""},"categories":[2,10],"tags":[46],"class_list":["post-112805","post","type-post","status-publish","format-standard","has-post-thumbnail","hentry","category-politique","category-toutes-les-actualites","tag-congo-kinshasa"],"yoast_head":"<!-- This site is optimized with the Yoast SEO Premium plugin v26.1 (Yoast SEO v27.0) - https:\/\/yoast.com\/product\/yoast-seo-premium-wordpress\/ -->\n<title>Menaces Militaires du Groupe AFC\/M23 en RDC Expliqu\u00e9es - Congo-kinshasa<\/title>\n<meta name=\"description\" content=\"L\u2019Alliance Fleuve Congo\/Mouvement du 23-Mars (AFC\/M23) a menace\u0301 le 10 avril 2025 de re\u0301activer ses fronts militaires ...\" \/>\n<meta name=\"robots\" content=\"index, follow, max-snippet:-1, max-image-preview:large, max-video-preview:-1\" \/>\n<link rel=\"canonical\" href=\"https:\/\/www.africa-press.net\/congo-kinshasa\/politique\/menaces-militaires-du-groupe-afc-m23-en-rdc-expliquees\" \/>\n<meta property=\"og:locale\" content=\"fr_FR\" \/>\n<meta property=\"og:type\" content=\"article\" \/>\n<meta property=\"og:title\" content=\"Menaces Militaires du Groupe AFC\/M23 en RDC Expliqu\u00e9es\" \/>\n<meta property=\"og:description\" content=\"L\u2019Alliance Fleuve Congo\/Mouvement du 23-Mars (AFC\/M23) a menace\u0301 le 10 avril 2025 de re\u0301activer ses fronts militaires ...\" \/>\n<meta property=\"og:url\" content=\"https:\/\/www.africa-press.net\/congo-kinshasa\/politique\/menaces-militaires-du-groupe-afc-m23-en-rdc-expliquees\" \/>\n<meta property=\"og:site_name\" content=\"Congo-kinshasa\" \/>\n<meta property=\"article:published_time\" content=\"2025-04-12T19:43:52+00:00\" \/>\n<meta property=\"article:modified_time\" content=\"2025-04-12T19:58:33+00:00\" \/>\n<meta property=\"og:image\" content=\"https:\/\/static.africa-press.net\/congo-kinshasa\/sites\/49\/2025\/04\/sm_1744475206.016129.jpg\" \/>\n\t<meta property=\"og:image:width\" content=\"980\" \/>\n\t<meta property=\"og:image:height\" content=\"551\" \/>\n\t<meta property=\"og:image:type\" content=\"image\/jpeg\" \/>\n<meta name=\"author\" content=\"cfeditorfr\" \/>\n<meta name=\"twitter:card\" content=\"summary_large_image\" \/>\n<meta name=\"twitter:label1\" content=\"\u00c9crit par\" \/>\n\t<meta name=\"twitter:data1\" content=\"cfeditorfr\" \/>\n\t<meta name=\"twitter:label2\" content=\"Dur\u00e9e de lecture estim\u00e9e\" \/>\n\t<meta name=\"twitter:data2\" content=\"3 minutes\" \/>\n<script type=\"application\/ld+json\" class=\"yoast-schema-graph\">{\"@context\":\"https:\/\/schema.org\",\"@graph\":[{\"@type\":\"Article\",\"@id\":\"https:\/\/www.africa-press.net\/congo-kinshasa\/politique\/menaces-militaires-du-groupe-afc-m23-en-rdc-expliquees#article\",\"isPartOf\":{\"@id\":\"https:\/\/www.africa-press.net\/congo-kinshasa\/politique\/menaces-militaires-du-groupe-afc-m23-en-rdc-expliquees\"},\"author\":{\"name\":\"cfeditorfr\",\"@id\":\"https:\/\/www.africa-press.net\/congo-kinshasa\/#\/schema\/person\/2b1cf3cd81a31e3cd26889ca66d677f1\"},\"headline\":\"Menaces Militaires du Groupe AFC\/M23 en RDC Expliqu\u00e9es\",\"datePublished\":\"2025-04-12T19:43:52+00:00\",\"dateModified\":\"2025-04-12T19:58:33+00:00\",\"mainEntityOfPage\":{\"@id\":\"https:\/\/www.africa-press.net\/congo-kinshasa\/politique\/menaces-militaires-du-groupe-afc-m23-en-rdc-expliquees\"},\"wordCount\":459,\"commentCount\":0,\"image\":{\"@id\":\"https:\/\/www.africa-press.net\/congo-kinshasa\/politique\/menaces-militaires-du-groupe-afc-m23-en-rdc-expliquees#primaryimage\"},\"thumbnailUrl\":\"https:\/\/static.africa-press.net\/congo-kinshasa\/sites\/49\/2025\/04\/sm_1744475206.016129.jpg\",\"keywords\":[\"Congo Kinshasa\"],\"articleSection\":[\"Politique\",\"Toutes les actualit\u00e9s\"],\"inLanguage\":\"fr-FR\",\"potentialAction\":[{\"@type\":\"CommentAction\",\"name\":\"Comment\",\"target\":[\"https:\/\/www.africa-press.net\/congo-kinshasa\/politique\/menaces-militaires-du-groupe-afc-m23-en-rdc-expliquees#respond\"]}]},{\"@type\":\"WebPage\",\"@id\":\"https:\/\/www.africa-press.net\/congo-kinshasa\/politique\/menaces-militaires-du-groupe-afc-m23-en-rdc-expliquees\",\"url\":\"https:\/\/www.africa-press.net\/congo-kinshasa\/politique\/menaces-militaires-du-groupe-afc-m23-en-rdc-expliquees\",\"name\":\"Menaces Militaires du Groupe AFC\/M23 en RDC Expliqu\u00e9es - Congo-kinshasa\",\"isPartOf\":{\"@id\":\"https:\/\/www.africa-press.net\/congo-kinshasa\/#website\"},\"primaryImageOfPage\":{\"@id\":\"https:\/\/www.africa-press.net\/congo-kinshasa\/politique\/menaces-militaires-du-groupe-afc-m23-en-rdc-expliquees#primaryimage\"},\"image\":{\"@id\":\"https:\/\/www.africa-press.net\/congo-kinshasa\/politique\/menaces-militaires-du-groupe-afc-m23-en-rdc-expliquees#primaryimage\"},\"thumbnailUrl\":\"https:\/\/static.africa-press.net\/congo-kinshasa\/sites\/49\/2025\/04\/sm_1744475206.016129.jpg\",\"datePublished\":\"2025-04-12T19:43:52+00:00\",\"dateModified\":\"2025-04-12T19:58:33+00:00\",\"author\":{\"@id\":\"https:\/\/www.africa-press.net\/congo-kinshasa\/#\/schema\/person\/2b1cf3cd81a31e3cd26889ca66d677f1\"},\"description\":\"L\u2019Alliance Fleuve Congo\/Mouvement du 23-Mars (AFC\/M23) a menace\u0301 le 10 avril 2025 de re\u0301activer ses fronts militaires ...\",\"breadcrumb\":{\"@id\":\"https:\/\/www.africa-press.net\/congo-kinshasa\/politique\/menaces-militaires-du-groupe-afc-m23-en-rdc-expliquees#breadcrumb\"},\"inLanguage\":\"fr-FR\",\"potentialAction\":[{\"@type\":\"ReadAction\",\"target\":[\"https:\/\/www.africa-press.net\/congo-kinshasa\/politique\/menaces-militaires-du-groupe-afc-m23-en-rdc-expliquees\"]}]},{\"@type\":\"ImageObject\",\"inLanguage\":\"fr-FR\",\"@id\":\"https:\/\/www.africa-press.net\/congo-kinshasa\/politique\/menaces-militaires-du-groupe-afc-m23-en-rdc-expliquees#primaryimage\",\"url\":\"https:\/\/static.africa-press.net\/congo-kinshasa\/sites\/49\/2025\/04\/sm_1744475206.016129.jpg\",\"contentUrl\":\"https:\/\/static.africa-press.net\/congo-kinshasa\/sites\/49\/2025\/04\/sm_1744475206.016129.jpg\",\"width\":980,\"height\":551,\"caption\":\"Menaces Militaires du Groupe AFC\/M23 en RDC Expliqu\u00e9es\"},{\"@type\":\"BreadcrumbList\",\"@id\":\"https:\/\/www.africa-press.net\/congo-kinshasa\/politique\/menaces-militaires-du-groupe-afc-m23-en-rdc-expliquees#breadcrumb\",\"itemListElement\":[{\"@type\":\"ListItem\",\"position\":1,\"name\":\"Accueil\",\"item\":\"https:\/\/www.africa-press.net\/congo-kinshasa\/\"},{\"@type\":\"ListItem\",\"position\":2,\"name\":\"Menaces Militaires du Groupe AFC\/M23 en RDC Expliqu\u00e9es\"}]},{\"@type\":\"WebSite\",\"@id\":\"https:\/\/www.africa-press.net\/congo-kinshasa\/#website\",\"url\":\"https:\/\/www.africa-press.net\/congo-kinshasa\/\",\"name\":\"Congo-kinshasa\",\"description\":\"Just another Africa News Agency Sites site\",\"potentialAction\":[{\"@type\":\"SearchAction\",\"target\":{\"@type\":\"EntryPoint\",\"urlTemplate\":\"https:\/\/www.africa-press.net\/congo-kinshasa\/?s={search_term_string}\"},\"query-input\":{\"@type\":\"PropertyValueSpecification\",\"valueRequired\":true,\"valueName\":\"search_term_string\"}}],\"inLanguage\":\"fr-FR\"},{\"@type\":\"Person\",\"@id\":\"https:\/\/www.africa-press.net\/congo-kinshasa\/#\/schema\/person\/2b1cf3cd81a31e3cd26889ca66d677f1\",\"name\":\"cfeditorfr\"}]}<\/script>\n<!-- \/ Yoast SEO Premium plugin. -->","yoast_head_json":{"title":"Menaces Militaires du Groupe AFC\/M23 en RDC Expliqu\u00e9es - Congo-kinshasa","description":"L\u2019Alliance Fleuve Congo\/Mouvement du 23-Mars (AFC\/M23) a menace\u0301 le 10 avril 2025 de re\u0301activer ses fronts militaires ...","robots":{"index":"index","follow":"follow","max-snippet":"max-snippet:-1","max-image-preview":"max-image-preview:large","max-video-preview":"max-video-preview:-1"},"canonical":"https:\/\/www.africa-press.net\/congo-kinshasa\/politique\/menaces-militaires-du-groupe-afc-m23-en-rdc-expliquees","og_locale":"fr_FR","og_type":"article","og_title":"Menaces Militaires du Groupe AFC\/M23 en RDC Expliqu\u00e9es","og_description":"L\u2019Alliance Fleuve Congo\/Mouvement du 23-Mars (AFC\/M23) a menace\u0301 le 10 avril 2025 de re\u0301activer ses fronts militaires ...","og_url":"https:\/\/www.africa-press.net\/congo-kinshasa\/politique\/menaces-militaires-du-groupe-afc-m23-en-rdc-expliquees","og_site_name":"Congo-kinshasa","article_published_time":"2025-04-12T19:43:52+00:00","article_modified_time":"2025-04-12T19:58:33+00:00","og_image":[{"width":980,"height":551,"url":"https:\/\/static.africa-press.net\/congo-kinshasa\/sites\/49\/2025\/04\/sm_1744475206.016129.jpg","type":"image\/jpeg"}],"author":"cfeditorfr","twitter_card":"summary_large_image","twitter_misc":{"\u00c9crit par":"cfeditorfr","Dur\u00e9e de lecture estim\u00e9e":"3 minutes"},"schema":{"@context":"https:\/\/schema.org","@graph":[{"@type":"Article","@id":"https:\/\/www.africa-press.net\/congo-kinshasa\/politique\/menaces-militaires-du-groupe-afc-m23-en-rdc-expliquees#article","isPartOf":{"@id":"https:\/\/www.africa-press.net\/congo-kinshasa\/politique\/menaces-militaires-du-groupe-afc-m23-en-rdc-expliquees"},"author":{"name":"cfeditorfr","@id":"https:\/\/www.africa-press.net\/congo-kinshasa\/#\/schema\/person\/2b1cf3cd81a31e3cd26889ca66d677f1"},"headline":"Menaces Militaires du Groupe AFC\/M23 en RDC Expliqu\u00e9es","datePublished":"2025-04-12T19:43:52+00:00","dateModified":"2025-04-12T19:58:33+00:00","mainEntityOfPage":{"@id":"https:\/\/www.africa-press.net\/congo-kinshasa\/politique\/menaces-militaires-du-groupe-afc-m23-en-rdc-expliquees"},"wordCount":459,"commentCount":0,"image":{"@id":"https:\/\/www.africa-press.net\/congo-kinshasa\/politique\/menaces-militaires-du-groupe-afc-m23-en-rdc-expliquees#primaryimage"},"thumbnailUrl":"https:\/\/static.africa-press.net\/congo-kinshasa\/sites\/49\/2025\/04\/sm_1744475206.016129.jpg","keywords":["Congo Kinshasa"],"articleSection":["Politique","Toutes les actualit\u00e9s"],"inLanguage":"fr-FR","potentialAction":[{"@type":"CommentAction","name":"Comment","target":["https:\/\/www.africa-press.net\/congo-kinshasa\/politique\/menaces-militaires-du-groupe-afc-m23-en-rdc-expliquees#respond"]}]},{"@type":"WebPage","@id":"https:\/\/www.africa-press.net\/congo-kinshasa\/politique\/menaces-militaires-du-groupe-afc-m23-en-rdc-expliquees","url":"https:\/\/www.africa-press.net\/congo-kinshasa\/politique\/menaces-militaires-du-groupe-afc-m23-en-rdc-expliquees","name":"Menaces Militaires du Groupe AFC\/M23 en RDC Expliqu\u00e9es - Congo-kinshasa","isPartOf":{"@id":"https:\/\/www.africa-press.net\/congo-kinshasa\/#website"},"primaryImageOfPage":{"@id":"https:\/\/www.africa-press.net\/congo-kinshasa\/politique\/menaces-militaires-du-groupe-afc-m23-en-rdc-expliquees#primaryimage"},"image":{"@id":"https:\/\/www.africa-press.net\/congo-kinshasa\/politique\/menaces-militaires-du-groupe-afc-m23-en-rdc-expliquees#primaryimage"},"thumbnailUrl":"https:\/\/static.africa-press.net\/congo-kinshasa\/sites\/49\/2025\/04\/sm_1744475206.016129.jpg","datePublished":"2025-04-12T19:43:52+00:00","dateModified":"2025-04-12T19:58:33+00:00","author":{"@id":"https:\/\/www.africa-press.net\/congo-kinshasa\/#\/schema\/person\/2b1cf3cd81a31e3cd26889ca66d677f1"},"description":"L\u2019Alliance Fleuve Congo\/Mouvement du 23-Mars (AFC\/M23) a menace\u0301 le 10 avril 2025 de re\u0301activer ses fronts militaires ...","breadcrumb":{"@id":"https:\/\/www.africa-press.net\/congo-kinshasa\/politique\/menaces-militaires-du-groupe-afc-m23-en-rdc-expliquees#breadcrumb"},"inLanguage":"fr-FR","potentialAction":[{"@type":"ReadAction","target":["https:\/\/www.africa-press.net\/congo-kinshasa\/politique\/menaces-militaires-du-groupe-afc-m23-en-rdc-expliquees"]}]},{"@type":"ImageObject","inLanguage":"fr-FR","@id":"https:\/\/www.africa-press.net\/congo-kinshasa\/politique\/menaces-militaires-du-groupe-afc-m23-en-rdc-expliquees#primaryimage","url":"https:\/\/static.africa-press.net\/congo-kinshasa\/sites\/49\/2025\/04\/sm_1744475206.016129.jpg","contentUrl":"https:\/\/static.africa-press.net\/congo-kinshasa\/sites\/49\/2025\/04\/sm_1744475206.016129.jpg","width":980,"height":551,"caption":"Menaces Militaires du Groupe AFC\/M23 en RDC Expliqu\u00e9es"},{"@type":"BreadcrumbList","@id":"https:\/\/www.africa-press.net\/congo-kinshasa\/politique\/menaces-militaires-du-groupe-afc-m23-en-rdc-expliquees#breadcrumb","itemListElement":[{"@type":"ListItem","position":1,"name":"Accueil","item":"https:\/\/www.africa-press.net\/congo-kinshasa\/"},{"@type":"ListItem","position":2,"name":"Menaces Militaires du Groupe AFC\/M23 en RDC Expliqu\u00e9es"}]},{"@type":"WebSite","@id":"https:\/\/www.africa-press.net\/congo-kinshasa\/#website","url":"https:\/\/www.africa-press.net\/congo-kinshasa\/","name":"Congo-kinshasa","description":"Just another Africa News Agency Sites site","potentialAction":[{"@type":"SearchAction","target":{"@type":"EntryPoint","urlTemplate":"https:\/\/www.africa-press.net\/congo-kinshasa\/?s={search_term_string}"},"query-input":{"@type":"PropertyValueSpecification","valueRequired":true,"valueName":"search_term_string"}}],"inLanguage":"fr-FR"},{"@type":"Person","@id":"https:\/\/www.africa-press.net\/congo-kinshasa\/#\/schema\/person\/2b1cf3cd81a31e3cd26889ca66d677f1","name":"cfeditorfr"}]}},"_links":{"self":[{"href":"https:\/\/www.africa-press.net\/congo-kinshasa\/wp-json\/wp\/v2\/posts\/112805","targetHints":{"allow":["GET"]}}],"collection":[{"href":"https:\/\/www.africa-press.net\/congo-kinshasa\/wp-json\/wp\/v2\/posts"}],"about":[{"href":"https:\/\/www.africa-press.net\/congo-kinshasa\/wp-json\/wp\/v2\/types\/post"}],"author":[{"embeddable":true,"href":"https:\/\/www.africa-press.net\/congo-kinshasa\/wp-json\/wp\/v2\/users\/82"}],"replies":[{"embeddable":true,"href":"https:\/\/www.africa-press.net\/congo-kinshasa\/wp-json\/wp\/v2\/comments?post=112805"}],"version-history":[{"count":0,"href":"https:\/\/www.africa-press.net\/congo-kinshasa\/wp-json\/wp\/v2\/posts\/112805\/revisions"}],"wp:featuredmedia":[{"embeddable":true,"href":"https:\/\/www.africa-press.net\/congo-kinshasa\/wp-json\/wp\/v2\/media\/112803"}],"wp:attachment":[{"href":"https:\/\/www.africa-press.net\/congo-kinshasa\/wp-json\/wp\/v2\/media?parent=112805"}],"wp:term":[{"taxonomy":"category","embeddable":true,"href":"https:\/\/www.africa-press.net\/congo-kinshasa\/wp-json\/wp\/v2\/categories?post=112805"},{"taxonomy":"post_tag","embeddable":true,"href":"https:\/\/www.africa-press.net\/congo-kinshasa\/wp-json\/wp\/v2\/tags?post=112805"}],"curies":[{"name":"wp","href":"https:\/\/api.w.org\/{rel}","templated":true}]}}