{"id":117142,"date":"2025-06-06T17:26:25","date_gmt":"2025-06-06T17:26:25","guid":{"rendered":"https:\/\/www.africa-press.net\/congo-kinshasa\/politique\/guerre-des-six-jours-film-choc-sur-kisangani"},"modified":"2025-06-06T17:58:16","modified_gmt":"2025-06-06T17:58:16","slug":"guerre-des-six-jours-film-choc-sur-kisangani","status":"publish","type":"post","link":"https:\/\/www.africa-press.net\/congo-kinshasa\/culture-et-art\/guerre-des-six-jours-film-choc-sur-kisangani","title":{"rendered":"Guerre Des Six Jours Film-Choc Sur Kisangani"},"content":{"rendered":"<p><span style=\"color: #ff6600\"><strong>Africa-Press &#8211; Congo Kinshasa. <\/strong><\/span><b>Vingt-cinq ans apre\u0300s l\u2019horreur de Kisangani, la me\u0301moire refait surface. Non pas pour raviver les douleurs, mais pour panser les plaies.<\/b><\/p>\n<p>Jeudi soir dans la salle de spectacles Showbuzz a\u0300 Kinshasa, le rideau s\u2019est leve\u0301 sur une avant-premie\u0300re tre\u0300s attendue: celle du documentaire \u00ab Genocost \u00bb, un film-choc produit et re\u0301alise\u0301 par l\u2019agence Divo, qui a retrace\u0301 la guerre des Six Jours de cette ville. Le ministe\u0300re de la Justice, mai\u0302tre d\u2019\u0153uvre de cette soire\u0301e me\u0301morielle, a voulu, a\u0300 travers cet e\u0301ve\u0301nement, honorer les victimes d\u2019un conflit sanglant reste\u0301 trop longtemps dans l\u2019oubli, tout en ouvrant la voie a\u0300 une justice encore trop lente a\u0300 se dessiner.<\/p>\n<p>Un quart de sie\u0300cle apre\u0300s les bombardements aveugles entre les arme\u0301es rwandaise et ougandaise en pleine ville, la douleur des survivants est reste\u0301e intacte. Ce film s\u2019est voulu un cri visuel, un outil de me\u0301moire mais aussi un acte politique fort dans une Re\u0301publique de\u0301mocratique du Congo qui continue a\u0300 panser ses plaies.<\/p>\n<p><b>L\u2019histoire convoque\u0301e pour e\u0301clairer l\u2019avenir <\/b><\/p>\n<p>Selon le coordonnateur du Fonds spe\u0301cial de re\u0301paration et d\u2019indemnisation aux victimes des activite\u0301s illicites de l\u2019Ouganda (FRIVAO), l\u2019histoire tragique entre le 5 et le 10 juin 2000, restait une plaie ouverte. Chancard Bolukola a e\u0301voque\u0301 les violations massives des droits humains perpe\u0301tre\u0301es lors des affrontements entre les troupes ougandaises et rwandaises sur le sol congolais, qui avaient laisse\u0301 derrie\u0300re elles des milliers de morts, des blessures morales profondes et des infrastructures en ruines.<\/p>\n<p>Il a explique\u0301 que ce film documentaire n\u2019e\u0301tait pas une \u0153uvre parmi d\u2019autres, mais un geste profonde\u0301ment re\u0301fle\u0301chi. Le FRIVAO, a-t-il soutenu, avait voulu ce projet, l\u2019avait porte\u0301 et re\u0301alise\u0301 avec la conviction que la me\u0301moire pouvait e\u0302tre un ferment de paix.<\/p>\n<p><b>Une \u0153uvre pour re\u0301parer l\u2019irre\u0301parable <\/b><\/p>\n<p>Le responsable du FRIVAO a de\u0301clare\u0301 que l\u2019objectif de ce film allait bien au-dela\u0300 de la simple comme\u0301moration. Il l\u2019a pre\u0301sente\u0301 comme une tentative de \u00ab re\u0301parer l\u2019irre\u0301parable \u00bb, de \u00ab penser l\u2019invisible \u00bb, de \u00ab redonner un nom aux anonymes \u00bb et \u00ab une voix aux oublie\u0301s \u00bb. Pour lui, cette production repre\u0301sentait une lec\u0327on d\u2019histoire, un hymne a\u0300 la justice et un plaidoyer pour la dignite\u0301 humaine. D\u2019ailleurs, il a affirme\u0301 que cette \u0153uvre appelait chacun a\u0300 sortir de l\u2019indiffe\u0301rence, a\u0300 se confronter a\u0300 ce que beaucoup avaient pre\u0301fe\u0301re\u0301 oublier, et a\u0300 assumer collectivement le devoir de me\u0301moire.<\/p>\n<p><b>La Re\u0301publique, les yeux ouverts <\/b><\/p>\n<p>M. Bolukola a souligne\u0301 que la projection du film symbolisait l\u2019engagement renouvele\u0301 de l\u2019E\u0301tat a\u0300 reconnai\u0302tre ses responsabilite\u0301s et a\u0300 rendre hommage aux survivants. Il a rappele\u0301 que ce soir-la\u0300, la Re\u0301publique ne fermait pas les yeux, mais qu\u2019au contraire, elle les ouvrait grands sur son passe\u0301, pour mieux comprendre le pre\u0301sent et construire l\u2019avenir. Il a fait savoir que ce moment ne devait pas se limiter a\u0300 une se\u0301ance de projection, mais qu\u2019il constituait un ve\u0301ritable engagement en faveur de la justice, de la ve\u0301rite\u0301 et de la paix.<\/p>\n<p><b>L\u2019appel a\u0300 la jeunesse <\/b><\/p>\n<p>S\u2019adressant a\u0300 la jeunesse congolaise, le nume\u0301ro 1 du FRIVAO l\u2019a invite\u0301e a\u0300 se souvenir, non pour se venger, mais pour construire. A haute voix, il a invite\u0301 a\u0300 l\u2019action pluto\u0302t qu\u2019a\u0300 la plainte, a\u0300 la compre\u0301hension pluto\u0302t qu\u2019a\u0300 la haine, insistant sur le fait que la me\u0301moire devait conduire a\u0300 des transformations concre\u0300tes. Pour conclure, le dirigeant a indique\u0301 que ce documentaire devait e\u0302tre perc\u0327u comme un acte fondateur, une pierre blanche sur le chemin d\u2019une nation qui refusait de\u0301sormais de fuir son passe\u0301. Il est temps, estime-t-il, que la douleur se transforme en dignite\u0301, que la me\u0301moire de\u0301bouche sur l\u2019action, et que l\u2019histoire inscrive enfin sa parole dans le marbre de la justice. Cre\u0301e\u0301 par de\u0301cret pre\u0301sidentiel en de\u0301cembre 2019, FRIVAO a pour mission de redistribuer des indemnisations tant individuelles que collectives, en faveur des victimes de l\u2019occupation militaire ougandaise, conforme\u0301ment aux standards du droit international et aux lois nationales en vigueur.<\/p>\n<p><b>Blessures ouvertes <\/b><\/p>\n<p>Cette rencontre s\u2019est de\u0301roule\u0301e dans un climat charge\u0301 par la me\u0301moire nationale. Ce me\u0302me jour, Amnesty International publiait un rapport poignant intitule\u0301 \u00ab Le Congo, c\u0327a n\u2019e\u0301meut personne? \u00bb, ce document ravive les douleurs d\u2019un conflit meurtrier opposant les arme\u0301es ougandaise et rwandaise sur le sol congolais entre le 5 et le 10 juin 2000.<\/p>\n<p>L\u2019ONG de\u0301nonce l\u2019absence totale de justice, le silence des institutions, et une gestion opaque des re\u0301parations. Des re\u0301cits glac\u0327ants d\u2019enfants mutile\u0301s, de familles de\u0301cime\u0301es, et de survivants abandonne\u0301s dans l\u2019oubli. Une fillette de sept ans mutile\u0301e apre\u0300s avoir e\u0301te\u0301 atteinte par un e\u0301clat de bombe. Un pe\u0300re retrouvant sa femme et ses enfants morts dans leur maison de\u0301truite. Un militant de la socie\u0301te\u0301 civile re\u0301sumant six jours d\u2019enfer par cette phrase: \u00ab Il n\u2019y avait que de bombes. On ne savait pas si on allait survivre \u00bb.<\/p>\n<p>L\u2019organisation appelle a\u0300 des enque\u0302tes imme\u0301diates, a\u0300 des proce\u0300s cre\u0301dibles, et a\u0300 une re\u0301elle e\u0301coute des victimes. La Cour pe\u0301nale internationale, incompe\u0301tente pour les crimes commis avant 2002, n\u2019a pu intervenir. Et les survivants, eux, continuent de crier dans le de\u0301sert.<\/p>\n<p>Selon l\u2019organisation, cette impunite\u0301 a nourri un cycle de violences qui se poursuit jusqu\u2019a\u0300 ce jour. Tigere Chagutah, directeur re\u0301gional pour l\u2019Afrique de l\u2019Est et australe, de\u0301nonce une situation inacceptable: \u00ab Pas une seule personne n\u2019a e\u0301te\u0301 tenue responsable. Cela alimente l\u2019ide\u0301e que l\u2019on peut tuer en toute impunite\u0301 en RDC \u00bb.<\/p>\n<p><strong>Pour plus d&rsquo;informations et d&rsquo;analyses sur la <span style=\"color: #ff6600\">Congo Kinshasa<\/span>, suivez <span style=\"color: #ff6600\">Africa-Press<\/span><\/strong><\/p>\n","protected":false},"excerpt":{"rendered":"<p>Africa-Press &#8211; Congo Kinshasa. Vingt-cinq ans apre\u0300s l\u2019horreur de Kisangani, la me\u0301moire refait surface. Non pas pour raviver les douleurs, mais pour panser les plaies. Jeudi soir dans la salle de spectacles Showbuzz a\u0300 Kinshasa, le rideau s\u2019est leve\u0301 sur une avant-premie\u0300re tre\u0300s attendue: celle du documentaire \u00ab Genocost \u00bb, un film-choc produit et re\u0301alise\u0301 [&hellip;]<\/p>\n","protected":false},"author":82,"featured_media":117141,"comment_status":"open","ping_status":"closed","sticky":false,"template":"","format":"standard","meta":{"footnotes":""},"categories":[5,10],"tags":[46],"class_list":["post-117142","post","type-post","status-publish","format-standard","has-post-thumbnail","hentry","category-culture-et-art","category-toutes-les-actualites","tag-congo-kinshasa"],"yoast_head":"<!-- This site is optimized with the Yoast SEO Premium plugin v26.1 (Yoast SEO v27.0) - https:\/\/yoast.com\/product\/yoast-seo-premium-wordpress\/ -->\n<title>Guerre Des Six Jours Film-Choc Sur Kisangani - Congo-kinshasa<\/title>\n<meta name=\"description\" content=\"Vingt-cinq ans apre\u0300s l\u2019horreur de Kisangani, la me\u0301moire refait surface. Non pas pour raviver les douleurs, mais pou ...\" \/>\n<meta name=\"robots\" content=\"index, follow, max-snippet:-1, max-image-preview:large, max-video-preview:-1\" \/>\n<link rel=\"canonical\" href=\"https:\/\/www.africa-press.net\/congo-kinshasa\/culture-et-art\/guerre-des-six-jours-film-choc-sur-kisangani\" \/>\n<meta property=\"og:locale\" content=\"fr_FR\" \/>\n<meta property=\"og:type\" content=\"article\" \/>\n<meta property=\"og:title\" content=\"Guerre Des Six Jours Film-Choc Sur Kisangani\" \/>\n<meta property=\"og:description\" content=\"Vingt-cinq ans apre\u0300s l\u2019horreur de Kisangani, la me\u0301moire refait surface. Non pas pour raviver les douleurs, mais pou ...\" \/>\n<meta property=\"og:url\" content=\"https:\/\/www.africa-press.net\/congo-kinshasa\/culture-et-art\/guerre-des-six-jours-film-choc-sur-kisangani\" \/>\n<meta property=\"og:site_name\" content=\"Congo-kinshasa\" \/>\n<meta property=\"article:published_time\" content=\"2025-06-06T17:26:25+00:00\" \/>\n<meta property=\"article:modified_time\" content=\"2025-06-06T17:58:16+00:00\" \/>\n<meta property=\"og:image\" content=\"https:\/\/static.africa-press.net\/congo-kinshasa\/sites\/49\/2025\/06\/sm_1749219654.410115.jpg\" \/>\n\t<meta property=\"og:image:width\" content=\"960\" \/>\n\t<meta property=\"og:image:height\" content=\"720\" \/>\n\t<meta property=\"og:image:type\" content=\"image\/jpeg\" \/>\n<meta name=\"author\" content=\"cfeditorfr\" \/>\n<meta name=\"twitter:card\" content=\"summary_large_image\" \/>\n<meta name=\"twitter:label1\" content=\"\u00c9crit par\" \/>\n\t<meta name=\"twitter:data1\" content=\"cfeditorfr\" \/>\n\t<meta name=\"twitter:label2\" content=\"Dur\u00e9e de lecture estim\u00e9e\" \/>\n\t<meta name=\"twitter:data2\" content=\"5 minutes\" \/>\n<script type=\"application\/ld+json\" class=\"yoast-schema-graph\">{\"@context\":\"https:\/\/schema.org\",\"@graph\":[{\"@type\":\"Article\",\"@id\":\"https:\/\/www.africa-press.net\/congo-kinshasa\/culture-et-art\/guerre-des-six-jours-film-choc-sur-kisangani#article\",\"isPartOf\":{\"@id\":\"https:\/\/www.africa-press.net\/congo-kinshasa\/culture-et-art\/guerre-des-six-jours-film-choc-sur-kisangani\"},\"author\":{\"name\":\"cfeditorfr\",\"@id\":\"https:\/\/www.africa-press.net\/congo-kinshasa\/#\/schema\/person\/2b1cf3cd81a31e3cd26889ca66d677f1\"},\"headline\":\"Guerre Des Six Jours Film-Choc Sur Kisangani\",\"datePublished\":\"2025-06-06T17:26:25+00:00\",\"dateModified\":\"2025-06-06T17:58:16+00:00\",\"mainEntityOfPage\":{\"@id\":\"https:\/\/www.africa-press.net\/congo-kinshasa\/culture-et-art\/guerre-des-six-jours-film-choc-sur-kisangani\"},\"wordCount\":1041,\"commentCount\":0,\"image\":{\"@id\":\"https:\/\/www.africa-press.net\/congo-kinshasa\/culture-et-art\/guerre-des-six-jours-film-choc-sur-kisangani#primaryimage\"},\"thumbnailUrl\":\"https:\/\/static.africa-press.net\/congo-kinshasa\/sites\/49\/2025\/06\/sm_1749219654.410115.jpg\",\"keywords\":[\"Congo Kinshasa\"],\"articleSection\":[\"Culture et Art\",\"Toutes les actualit\u00e9s\"],\"inLanguage\":\"fr-FR\",\"potentialAction\":[{\"@type\":\"CommentAction\",\"name\":\"Comment\",\"target\":[\"https:\/\/www.africa-press.net\/congo-kinshasa\/culture-et-art\/guerre-des-six-jours-film-choc-sur-kisangani#respond\"]}]},{\"@type\":\"WebPage\",\"@id\":\"https:\/\/www.africa-press.net\/congo-kinshasa\/culture-et-art\/guerre-des-six-jours-film-choc-sur-kisangani\",\"url\":\"https:\/\/www.africa-press.net\/congo-kinshasa\/culture-et-art\/guerre-des-six-jours-film-choc-sur-kisangani\",\"name\":\"Guerre Des Six Jours Film-Choc Sur Kisangani - Congo-kinshasa\",\"isPartOf\":{\"@id\":\"https:\/\/www.africa-press.net\/congo-kinshasa\/#website\"},\"primaryImageOfPage\":{\"@id\":\"https:\/\/www.africa-press.net\/congo-kinshasa\/culture-et-art\/guerre-des-six-jours-film-choc-sur-kisangani#primaryimage\"},\"image\":{\"@id\":\"https:\/\/www.africa-press.net\/congo-kinshasa\/culture-et-art\/guerre-des-six-jours-film-choc-sur-kisangani#primaryimage\"},\"thumbnailUrl\":\"https:\/\/static.africa-press.net\/congo-kinshasa\/sites\/49\/2025\/06\/sm_1749219654.410115.jpg\",\"datePublished\":\"2025-06-06T17:26:25+00:00\",\"dateModified\":\"2025-06-06T17:58:16+00:00\",\"author\":{\"@id\":\"https:\/\/www.africa-press.net\/congo-kinshasa\/#\/schema\/person\/2b1cf3cd81a31e3cd26889ca66d677f1\"},\"description\":\"Vingt-cinq ans apre\u0300s l\u2019horreur de Kisangani, la me\u0301moire refait surface. Non pas pour raviver les douleurs, mais pou ...\",\"breadcrumb\":{\"@id\":\"https:\/\/www.africa-press.net\/congo-kinshasa\/culture-et-art\/guerre-des-six-jours-film-choc-sur-kisangani#breadcrumb\"},\"inLanguage\":\"fr-FR\",\"potentialAction\":[{\"@type\":\"ReadAction\",\"target\":[\"https:\/\/www.africa-press.net\/congo-kinshasa\/culture-et-art\/guerre-des-six-jours-film-choc-sur-kisangani\"]}]},{\"@type\":\"ImageObject\",\"inLanguage\":\"fr-FR\",\"@id\":\"https:\/\/www.africa-press.net\/congo-kinshasa\/culture-et-art\/guerre-des-six-jours-film-choc-sur-kisangani#primaryimage\",\"url\":\"https:\/\/static.africa-press.net\/congo-kinshasa\/sites\/49\/2025\/06\/sm_1749219654.410115.jpg\",\"contentUrl\":\"https:\/\/static.africa-press.net\/congo-kinshasa\/sites\/49\/2025\/06\/sm_1749219654.410115.jpg\",\"width\":960,\"height\":720,\"caption\":\"Guerre Des Six Jours Film-Choc Sur Kisangani\"},{\"@type\":\"BreadcrumbList\",\"@id\":\"https:\/\/www.africa-press.net\/congo-kinshasa\/culture-et-art\/guerre-des-six-jours-film-choc-sur-kisangani#breadcrumb\",\"itemListElement\":[{\"@type\":\"ListItem\",\"position\":1,\"name\":\"Accueil\",\"item\":\"https:\/\/www.africa-press.net\/congo-kinshasa\/\"},{\"@type\":\"ListItem\",\"position\":2,\"name\":\"Guerre Des Six Jours Film-Choc Sur Kisangani\"}]},{\"@type\":\"WebSite\",\"@id\":\"https:\/\/www.africa-press.net\/congo-kinshasa\/#website\",\"url\":\"https:\/\/www.africa-press.net\/congo-kinshasa\/\",\"name\":\"Congo-kinshasa\",\"description\":\"Just another Africa News Agency Sites site\",\"potentialAction\":[{\"@type\":\"SearchAction\",\"target\":{\"@type\":\"EntryPoint\",\"urlTemplate\":\"https:\/\/www.africa-press.net\/congo-kinshasa\/?s={search_term_string}\"},\"query-input\":{\"@type\":\"PropertyValueSpecification\",\"valueRequired\":true,\"valueName\":\"search_term_string\"}}],\"inLanguage\":\"fr-FR\"},{\"@type\":\"Person\",\"@id\":\"https:\/\/www.africa-press.net\/congo-kinshasa\/#\/schema\/person\/2b1cf3cd81a31e3cd26889ca66d677f1\",\"name\":\"cfeditorfr\"}]}<\/script>\n<!-- \/ Yoast SEO Premium plugin. -->","yoast_head_json":{"title":"Guerre Des Six Jours Film-Choc Sur Kisangani - Congo-kinshasa","description":"Vingt-cinq ans apre\u0300s l\u2019horreur de Kisangani, la me\u0301moire refait surface. Non pas pour raviver les douleurs, mais pou ...","robots":{"index":"index","follow":"follow","max-snippet":"max-snippet:-1","max-image-preview":"max-image-preview:large","max-video-preview":"max-video-preview:-1"},"canonical":"https:\/\/www.africa-press.net\/congo-kinshasa\/culture-et-art\/guerre-des-six-jours-film-choc-sur-kisangani","og_locale":"fr_FR","og_type":"article","og_title":"Guerre Des Six Jours Film-Choc Sur Kisangani","og_description":"Vingt-cinq ans apre\u0300s l\u2019horreur de Kisangani, la me\u0301moire refait surface. Non pas pour raviver les douleurs, mais pou ...","og_url":"https:\/\/www.africa-press.net\/congo-kinshasa\/culture-et-art\/guerre-des-six-jours-film-choc-sur-kisangani","og_site_name":"Congo-kinshasa","article_published_time":"2025-06-06T17:26:25+00:00","article_modified_time":"2025-06-06T17:58:16+00:00","og_image":[{"width":960,"height":720,"url":"https:\/\/static.africa-press.net\/congo-kinshasa\/sites\/49\/2025\/06\/sm_1749219654.410115.jpg","type":"image\/jpeg"}],"author":"cfeditorfr","twitter_card":"summary_large_image","twitter_misc":{"\u00c9crit par":"cfeditorfr","Dur\u00e9e de lecture estim\u00e9e":"5 minutes"},"schema":{"@context":"https:\/\/schema.org","@graph":[{"@type":"Article","@id":"https:\/\/www.africa-press.net\/congo-kinshasa\/culture-et-art\/guerre-des-six-jours-film-choc-sur-kisangani#article","isPartOf":{"@id":"https:\/\/www.africa-press.net\/congo-kinshasa\/culture-et-art\/guerre-des-six-jours-film-choc-sur-kisangani"},"author":{"name":"cfeditorfr","@id":"https:\/\/www.africa-press.net\/congo-kinshasa\/#\/schema\/person\/2b1cf3cd81a31e3cd26889ca66d677f1"},"headline":"Guerre Des Six Jours Film-Choc Sur Kisangani","datePublished":"2025-06-06T17:26:25+00:00","dateModified":"2025-06-06T17:58:16+00:00","mainEntityOfPage":{"@id":"https:\/\/www.africa-press.net\/congo-kinshasa\/culture-et-art\/guerre-des-six-jours-film-choc-sur-kisangani"},"wordCount":1041,"commentCount":0,"image":{"@id":"https:\/\/www.africa-press.net\/congo-kinshasa\/culture-et-art\/guerre-des-six-jours-film-choc-sur-kisangani#primaryimage"},"thumbnailUrl":"https:\/\/static.africa-press.net\/congo-kinshasa\/sites\/49\/2025\/06\/sm_1749219654.410115.jpg","keywords":["Congo Kinshasa"],"articleSection":["Culture et Art","Toutes les actualit\u00e9s"],"inLanguage":"fr-FR","potentialAction":[{"@type":"CommentAction","name":"Comment","target":["https:\/\/www.africa-press.net\/congo-kinshasa\/culture-et-art\/guerre-des-six-jours-film-choc-sur-kisangani#respond"]}]},{"@type":"WebPage","@id":"https:\/\/www.africa-press.net\/congo-kinshasa\/culture-et-art\/guerre-des-six-jours-film-choc-sur-kisangani","url":"https:\/\/www.africa-press.net\/congo-kinshasa\/culture-et-art\/guerre-des-six-jours-film-choc-sur-kisangani","name":"Guerre Des Six Jours Film-Choc Sur Kisangani - Congo-kinshasa","isPartOf":{"@id":"https:\/\/www.africa-press.net\/congo-kinshasa\/#website"},"primaryImageOfPage":{"@id":"https:\/\/www.africa-press.net\/congo-kinshasa\/culture-et-art\/guerre-des-six-jours-film-choc-sur-kisangani#primaryimage"},"image":{"@id":"https:\/\/www.africa-press.net\/congo-kinshasa\/culture-et-art\/guerre-des-six-jours-film-choc-sur-kisangani#primaryimage"},"thumbnailUrl":"https:\/\/static.africa-press.net\/congo-kinshasa\/sites\/49\/2025\/06\/sm_1749219654.410115.jpg","datePublished":"2025-06-06T17:26:25+00:00","dateModified":"2025-06-06T17:58:16+00:00","author":{"@id":"https:\/\/www.africa-press.net\/congo-kinshasa\/#\/schema\/person\/2b1cf3cd81a31e3cd26889ca66d677f1"},"description":"Vingt-cinq ans apre\u0300s l\u2019horreur de Kisangani, la me\u0301moire refait surface. Non pas pour raviver les douleurs, mais pou ...","breadcrumb":{"@id":"https:\/\/www.africa-press.net\/congo-kinshasa\/culture-et-art\/guerre-des-six-jours-film-choc-sur-kisangani#breadcrumb"},"inLanguage":"fr-FR","potentialAction":[{"@type":"ReadAction","target":["https:\/\/www.africa-press.net\/congo-kinshasa\/culture-et-art\/guerre-des-six-jours-film-choc-sur-kisangani"]}]},{"@type":"ImageObject","inLanguage":"fr-FR","@id":"https:\/\/www.africa-press.net\/congo-kinshasa\/culture-et-art\/guerre-des-six-jours-film-choc-sur-kisangani#primaryimage","url":"https:\/\/static.africa-press.net\/congo-kinshasa\/sites\/49\/2025\/06\/sm_1749219654.410115.jpg","contentUrl":"https:\/\/static.africa-press.net\/congo-kinshasa\/sites\/49\/2025\/06\/sm_1749219654.410115.jpg","width":960,"height":720,"caption":"Guerre Des Six Jours Film-Choc Sur Kisangani"},{"@type":"BreadcrumbList","@id":"https:\/\/www.africa-press.net\/congo-kinshasa\/culture-et-art\/guerre-des-six-jours-film-choc-sur-kisangani#breadcrumb","itemListElement":[{"@type":"ListItem","position":1,"name":"Accueil","item":"https:\/\/www.africa-press.net\/congo-kinshasa\/"},{"@type":"ListItem","position":2,"name":"Guerre Des Six Jours Film-Choc Sur Kisangani"}]},{"@type":"WebSite","@id":"https:\/\/www.africa-press.net\/congo-kinshasa\/#website","url":"https:\/\/www.africa-press.net\/congo-kinshasa\/","name":"Congo-kinshasa","description":"Just another Africa News Agency Sites site","potentialAction":[{"@type":"SearchAction","target":{"@type":"EntryPoint","urlTemplate":"https:\/\/www.africa-press.net\/congo-kinshasa\/?s={search_term_string}"},"query-input":{"@type":"PropertyValueSpecification","valueRequired":true,"valueName":"search_term_string"}}],"inLanguage":"fr-FR"},{"@type":"Person","@id":"https:\/\/www.africa-press.net\/congo-kinshasa\/#\/schema\/person\/2b1cf3cd81a31e3cd26889ca66d677f1","name":"cfeditorfr"}]}},"_links":{"self":[{"href":"https:\/\/www.africa-press.net\/congo-kinshasa\/wp-json\/wp\/v2\/posts\/117142","targetHints":{"allow":["GET"]}}],"collection":[{"href":"https:\/\/www.africa-press.net\/congo-kinshasa\/wp-json\/wp\/v2\/posts"}],"about":[{"href":"https:\/\/www.africa-press.net\/congo-kinshasa\/wp-json\/wp\/v2\/types\/post"}],"author":[{"embeddable":true,"href":"https:\/\/www.africa-press.net\/congo-kinshasa\/wp-json\/wp\/v2\/users\/82"}],"replies":[{"embeddable":true,"href":"https:\/\/www.africa-press.net\/congo-kinshasa\/wp-json\/wp\/v2\/comments?post=117142"}],"version-history":[{"count":0,"href":"https:\/\/www.africa-press.net\/congo-kinshasa\/wp-json\/wp\/v2\/posts\/117142\/revisions"}],"wp:featuredmedia":[{"embeddable":true,"href":"https:\/\/www.africa-press.net\/congo-kinshasa\/wp-json\/wp\/v2\/media\/117141"}],"wp:attachment":[{"href":"https:\/\/www.africa-press.net\/congo-kinshasa\/wp-json\/wp\/v2\/media?parent=117142"}],"wp:term":[{"taxonomy":"category","embeddable":true,"href":"https:\/\/www.africa-press.net\/congo-kinshasa\/wp-json\/wp\/v2\/categories?post=117142"},{"taxonomy":"post_tag","embeddable":true,"href":"https:\/\/www.africa-press.net\/congo-kinshasa\/wp-json\/wp\/v2\/tags?post=117142"}],"curies":[{"name":"wp","href":"https:\/\/api.w.org\/{rel}","templated":true}]}}