{"id":118937,"date":"2025-07-10T17:49:58","date_gmt":"2025-07-10T17:49:58","guid":{"rendered":"https:\/\/www.africa-press.net\/congo-kinshasa\/politique\/doha-un-nouveau-pas-vers-la-paix-dans-lest-rdc"},"modified":"2025-07-10T18:17:45","modified_gmt":"2025-07-10T18:17:45","slug":"doha-un-nouveau-pas-vers-la-paix-dans-lest-rdc","status":"publish","type":"post","link":"https:\/\/www.africa-press.net\/congo-kinshasa\/dossiers\/doha-un-nouveau-pas-vers-la-paix-dans-lest-rdc","title":{"rendered":"Doha un Nouveau pas vers la Paix dans L&rsquo;Est RDC"},"content":{"rendered":"<p><span style=\"color: #ff6600\"><strong>Africa-Press &#8211; Congo Kinshasa. <\/strong><\/span><b>C\u2019est \u00ab le de\u0301fi de Doha \u00bb, avec cette interrogation de Jeune Afrique: \u00ab Kinshasa et le M23 peuvent-ils trouver un accord? \u00bb. Il y a une semaine, la Re\u0301publique de\u0301mocratique du Congo et le Rwanda ont trouve\u0301 un accord, sous la houlette ame\u0301ricaine ; a\u0300 pre\u0301sent, raconte le magazine, \u00ab un nouveau round \u00bb de discussions va avoir lieu, \u00ab cette fois entre les autorite\u0301s congolaises et les rebelles du M23, que soutient le Rwanda \u00bb. Avec un objectif que rappelle Actualite\u0301.cd: \u00ab aboutir e\u0301galement a\u0300 la signature d\u2019un accord de paix \u00bb pour \u00ab mettre fin aux hostilite\u0301s dans l\u2019est de la RDC \u00bb.<\/b><\/p>\n<p>Une perspective a\u0300 laquelle le New Times, au Rwanda, ne croit pas vraiment: \u00ab aucun texte final n\u2019est pre\u0302t a\u0300 e\u0302tre signe\u0301 au Qatar, contrairement a\u0300 ce que pre\u0301tendent les re\u0301seaux sociaux \u00bb, a affirme\u0301 au journal un porte-parole des rebelles. Ces derniers multiplient les prises de parole publique, dont une confe\u0301rence de presse la semaine dernie\u0300re au cours, relate Jeune Afrique, ils \u00ab ont e\u0301nonce\u0301 une se\u0301rie de \u2018mesures de confiance\u2019 cense\u0301es faciliter la suite des discussions \u00bb &#8211; dit autrement, des dole\u0301ances pour la suite du processus&#8230; L\u2019AFC-M23 \u00ab n\u2019a pas l\u2019intention, alors qu\u2019il a eu l\u2019avantage sur le terrain militaire, de subir la discussion \u00bb, juge une source diplomatique aupre\u0300s du site spe\u0301cialise\u0301.<\/p>\n<p><b>Rien n&rsquo;est encore fait<\/b><\/p>\n<p>Certes, \u00ab les E\u0301tasuniens ont force\u0301 tout le monde a\u0300 jouer carte sur table \u00bb. Pour autant, \u00ab les deux protagonistes poursuivront-ils dans cette voie? \u00bb. Rien de moins su\u0302r pour Afrique XXI, qui rappelle, pessimiste, que \u00ab la re\u0301alite\u0301 a d\u2019autres facettes \u00bb. D\u2019autant que, dans l\u2019accord de principe signe\u0301 la semaine dernie\u0300re, \u00ab aucune mesure contraignante ne semble avoir e\u0301te\u0301 prise a\u0300 l\u2019encontre \u00bb de l\u2019AFC-M23, ni pour les forcer a\u0300 faire preuve de bonne foi, ni sur la gouvernance des territoires conquis, ge\u0301re\u0301s \u00ab avec la brutalite\u0301 d\u2019une force d\u2019occupation \u00bb. Et puis, insiste encore le journal, le pre\u0301sident congolais Fe\u0301lix Tshisekedi \u00ab a besoin d\u2019un succe\u0300s diplomatique a\u0300 son actif et les apparences d\u2019un accord pourraient lui suffire \u00bb.<\/p>\n<p><b>Des turbulences pour le clan pre\u0301sidentiel<\/b><\/p>\n<p>Plusieurs proches de Fe\u0301lix Tshisekedi sont attaque\u0301s en justice en Belgique. Un dossier \u00ab lourd de plus de cinquante pages \u00bb raconte l\u2019Observateur Paalga, apre\u0300s le re\u0301cent rapport d\u2019une ONG dans lequel \u00ab il e\u0301tait question d\u2019une pre\u0301dation du clan Tshisekedi, dont une dizaine de membres posse\u0301deraient des exploitations minie\u0300res au Katanga \u00bb, explique le journal. \u00ab Sale temps pour le re\u0301gime Tshisekedi ! \u00bb renche\u0301rit le Pays&#8230; Car cette situation, juge le journal \u00ab pointe directement du doigt la gouvernance du successeur de Joseph Kabila, qui promettait pourtant de faire dans la rupture \u00bb. Un scandale dont le chef d\u2019E\u0301tat se serait bien passe\u0301, lui qui \u00ab ne sait de\u0301ja\u0300 pas ou\u0300 donner de la te\u0302te avec la grave crise se\u0301curitaire dans l\u2019est du pays \u00bb. Entre \u00ab un contexte sociopolitique continuel conflictuel \u00bb et \u00ab une gestion juge\u0301e chaotique \u00bb, la situation \u00ab n\u2019est gue\u0300re reluisante&#8230; \u00bb et a\u0300 des milliers de kilome\u0300tres de la\u0300, soupire Afrique XXI, \u00ab depuis Bukavu, Goma, Masisi, Kalehe, loin des joutes diplomatiques, un seul cri nous parvient: \u2018et nous, maintenant? qu\u2019allons-nous devenir?\u2019 \u00bb<\/p>\n<p><b>A\u0300 la Une e\u0301galement, la situation tragique au Darfour<\/b><\/p>\n<p>En un peu plus de deux ans de guerre au Soudan, le conflit a de\u0301place\u0301 11,3 millions de personnes, et les camps de de\u0301place\u0301s sont surcharge\u0301s. Particulie\u0300rement donc le Darfour du nord, qui \u00ab abrite 18% du nombre total de personnes de\u0301place\u0301es \u00bb du pays, explique le Monde Afrique. Les besoins en nourriture, e\u0301normes, sont difficilement satisfaits: \u00ab l\u2019acheminement de l&rsquo;aide jusqu\u2019au Darfour est un ve\u0301ritable de\u0301fi logistique. Les chai\u0302nes d\u2019approvisionnement e\u0301voluent avec le de\u0301placement de la ligne de front \u00bb, mais aussi au gre\u0301 des autorisations de transit, et des blocages des routes. Et, ajoute le quotidien, \u00ab a\u0300 l\u2019urgence alimentaire s\u2019ajoute le risque sanitaire \u00bb, car la surpopulation des camps \u00ab favorise la propagation des maladies \u00bb avec le risque notamment d\u2019une e\u0301pide\u0301mie de chole\u0301ra. Et pour encore compliquer la situation, il y a le \u00ab manque de protection apporte\u0301 aux infrastructures de sante\u0301 \u00bb et \u00ab la diminution de l\u2019aide publique au de\u0301veloppement \u00bb. D\u2019ici la fin de l\u2019e\u0301te\u0301, conclut le Monde, \u00ab le programme alimentaire mondial pre\u0301voit la rupture de plusieurs canaux d\u2019approvisionnement \u00bb, aggravant encore ce qui ne peut plus qu\u2019e\u0302tre appele\u0301 \u00ab une trage\u0301die humanitaire \u00bb.<\/p>\n<p><strong>Pour plus d&rsquo;informations et d&rsquo;analyses sur la <span style=\"color: #ff6600\">Congo Kinshasa<\/span>, suivez <span style=\"color: #ff6600\">Africa-Press<\/span><\/strong><\/p>\n","protected":false},"excerpt":{"rendered":"<p>Africa-Press &#8211; Congo Kinshasa. C\u2019est \u00ab le de\u0301fi de Doha \u00bb, avec cette interrogation de Jeune Afrique: \u00ab Kinshasa et le M23 peuvent-ils trouver un accord? \u00bb. Il y a une semaine, la Re\u0301publique de\u0301mocratique du Congo et le Rwanda ont trouve\u0301 un accord, sous la houlette ame\u0301ricaine ; a\u0300 pre\u0301sent, raconte le magazine, \u00ab [&hellip;]<\/p>\n","protected":false},"author":82,"featured_media":118936,"comment_status":"open","ping_status":"closed","sticky":false,"template":"","format":"standard","meta":{"footnotes":""},"categories":[7,57,10],"tags":[46],"class_list":["post-118937","post","type-post","status-publish","format-standard","has-post-thumbnail","hentry","category-dossiers","category-to-homepage","category-toutes-les-actualites","tag-congo-kinshasa"],"yoast_head":"<!-- This site is optimized with the Yoast SEO Premium plugin v26.1 (Yoast SEO v27.0) - https:\/\/yoast.com\/product\/yoast-seo-premium-wordpress\/ -->\n<title>Doha un Nouveau pas vers la Paix dans L&#039;Est RDC - Congo-kinshasa<\/title>\n<meta name=\"description\" content=\"C\u2019est \u00ab le de\u0301fi de Doha \u00bb, avec cette interrogation de Jeune Afrique: \u00ab Kinshasa et le M23 peuvent-ils trouver un ac ...\" \/>\n<meta name=\"robots\" content=\"index, follow, max-snippet:-1, max-image-preview:large, max-video-preview:-1\" \/>\n<link rel=\"canonical\" href=\"https:\/\/www.africa-press.net\/congo-kinshasa\/dossiers\/doha-un-nouveau-pas-vers-la-paix-dans-lest-rdc\" \/>\n<meta property=\"og:locale\" content=\"fr_FR\" \/>\n<meta property=\"og:type\" content=\"article\" \/>\n<meta property=\"og:title\" content=\"Doha un Nouveau pas vers la Paix dans L&#039;Est RDC\" \/>\n<meta property=\"og:description\" content=\"C\u2019est \u00ab le de\u0301fi de Doha \u00bb, avec cette interrogation de Jeune Afrique: \u00ab Kinshasa et le M23 peuvent-ils trouver un ac ...\" \/>\n<meta property=\"og:url\" content=\"https:\/\/www.africa-press.net\/congo-kinshasa\/dossiers\/doha-un-nouveau-pas-vers-la-paix-dans-lest-rdc\" \/>\n<meta property=\"og:site_name\" content=\"Congo-kinshasa\" \/>\n<meta property=\"article:published_time\" content=\"2025-07-10T17:49:58+00:00\" \/>\n<meta property=\"article:modified_time\" content=\"2025-07-10T18:17:45+00:00\" \/>\n<meta property=\"og:image\" content=\"https:\/\/static.africa-press.net\/congo-kinshasa\/sites\/49\/2025\/07\/sm_1752158594.016795.jpg\" \/>\n\t<meta property=\"og:image:width\" content=\"1200\" \/>\n\t<meta property=\"og:image:height\" content=\"788\" \/>\n\t<meta property=\"og:image:type\" content=\"image\/jpeg\" \/>\n<meta name=\"author\" content=\"cfeditorfr\" \/>\n<meta name=\"twitter:card\" content=\"summary_large_image\" \/>\n<meta name=\"twitter:label1\" content=\"\u00c9crit par\" \/>\n\t<meta name=\"twitter:data1\" content=\"cfeditorfr\" \/>\n\t<meta name=\"twitter:label2\" content=\"Dur\u00e9e de lecture estim\u00e9e\" \/>\n\t<meta name=\"twitter:data2\" content=\"4 minutes\" \/>\n<script type=\"application\/ld+json\" class=\"yoast-schema-graph\">{\"@context\":\"https:\/\/schema.org\",\"@graph\":[{\"@type\":\"Article\",\"@id\":\"https:\/\/www.africa-press.net\/congo-kinshasa\/dossiers\/doha-un-nouveau-pas-vers-la-paix-dans-lest-rdc#article\",\"isPartOf\":{\"@id\":\"https:\/\/www.africa-press.net\/congo-kinshasa\/dossiers\/doha-un-nouveau-pas-vers-la-paix-dans-lest-rdc\"},\"author\":{\"name\":\"cfeditorfr\",\"@id\":\"https:\/\/www.africa-press.net\/congo-kinshasa\/#\/schema\/person\/2b1cf3cd81a31e3cd26889ca66d677f1\"},\"headline\":\"Doha un Nouveau pas vers la Paix dans L&rsquo;Est RDC\",\"datePublished\":\"2025-07-10T17:49:58+00:00\",\"dateModified\":\"2025-07-10T18:17:45+00:00\",\"mainEntityOfPage\":{\"@id\":\"https:\/\/www.africa-press.net\/congo-kinshasa\/dossiers\/doha-un-nouveau-pas-vers-la-paix-dans-lest-rdc\"},\"wordCount\":806,\"commentCount\":0,\"image\":{\"@id\":\"https:\/\/www.africa-press.net\/congo-kinshasa\/dossiers\/doha-un-nouveau-pas-vers-la-paix-dans-lest-rdc#primaryimage\"},\"thumbnailUrl\":\"https:\/\/static.africa-press.net\/congo-kinshasa\/sites\/49\/2025\/07\/sm_1752158594.016795.jpg\",\"keywords\":[\"Congo Kinshasa\"],\"articleSection\":[\"Dossiers\",\"to-homepage\",\"Toutes les actualit\u00e9s\"],\"inLanguage\":\"fr-FR\",\"potentialAction\":[{\"@type\":\"CommentAction\",\"name\":\"Comment\",\"target\":[\"https:\/\/www.africa-press.net\/congo-kinshasa\/dossiers\/doha-un-nouveau-pas-vers-la-paix-dans-lest-rdc#respond\"]}]},{\"@type\":\"WebPage\",\"@id\":\"https:\/\/www.africa-press.net\/congo-kinshasa\/dossiers\/doha-un-nouveau-pas-vers-la-paix-dans-lest-rdc\",\"url\":\"https:\/\/www.africa-press.net\/congo-kinshasa\/dossiers\/doha-un-nouveau-pas-vers-la-paix-dans-lest-rdc\",\"name\":\"Doha un Nouveau pas vers la Paix dans L'Est RDC - Congo-kinshasa\",\"isPartOf\":{\"@id\":\"https:\/\/www.africa-press.net\/congo-kinshasa\/#website\"},\"primaryImageOfPage\":{\"@id\":\"https:\/\/www.africa-press.net\/congo-kinshasa\/dossiers\/doha-un-nouveau-pas-vers-la-paix-dans-lest-rdc#primaryimage\"},\"image\":{\"@id\":\"https:\/\/www.africa-press.net\/congo-kinshasa\/dossiers\/doha-un-nouveau-pas-vers-la-paix-dans-lest-rdc#primaryimage\"},\"thumbnailUrl\":\"https:\/\/static.africa-press.net\/congo-kinshasa\/sites\/49\/2025\/07\/sm_1752158594.016795.jpg\",\"datePublished\":\"2025-07-10T17:49:58+00:00\",\"dateModified\":\"2025-07-10T18:17:45+00:00\",\"author\":{\"@id\":\"https:\/\/www.africa-press.net\/congo-kinshasa\/#\/schema\/person\/2b1cf3cd81a31e3cd26889ca66d677f1\"},\"description\":\"C\u2019est \u00ab le de\u0301fi de Doha \u00bb, avec cette interrogation de Jeune Afrique: \u00ab Kinshasa et le M23 peuvent-ils trouver un ac ...\",\"breadcrumb\":{\"@id\":\"https:\/\/www.africa-press.net\/congo-kinshasa\/dossiers\/doha-un-nouveau-pas-vers-la-paix-dans-lest-rdc#breadcrumb\"},\"inLanguage\":\"fr-FR\",\"potentialAction\":[{\"@type\":\"ReadAction\",\"target\":[\"https:\/\/www.africa-press.net\/congo-kinshasa\/dossiers\/doha-un-nouveau-pas-vers-la-paix-dans-lest-rdc\"]}]},{\"@type\":\"ImageObject\",\"inLanguage\":\"fr-FR\",\"@id\":\"https:\/\/www.africa-press.net\/congo-kinshasa\/dossiers\/doha-un-nouveau-pas-vers-la-paix-dans-lest-rdc#primaryimage\",\"url\":\"https:\/\/static.africa-press.net\/congo-kinshasa\/sites\/49\/2025\/07\/sm_1752158594.016795.jpg\",\"contentUrl\":\"https:\/\/static.africa-press.net\/congo-kinshasa\/sites\/49\/2025\/07\/sm_1752158594.016795.jpg\",\"width\":1200,\"height\":788,\"caption\":\"Doha un Nouveau pas vers la Paix dans L'Est RDC\"},{\"@type\":\"BreadcrumbList\",\"@id\":\"https:\/\/www.africa-press.net\/congo-kinshasa\/dossiers\/doha-un-nouveau-pas-vers-la-paix-dans-lest-rdc#breadcrumb\",\"itemListElement\":[{\"@type\":\"ListItem\",\"position\":1,\"name\":\"Accueil\",\"item\":\"https:\/\/www.africa-press.net\/congo-kinshasa\/\"},{\"@type\":\"ListItem\",\"position\":2,\"name\":\"Doha un Nouveau pas vers la Paix dans L&#8217;Est RDC\"}]},{\"@type\":\"WebSite\",\"@id\":\"https:\/\/www.africa-press.net\/congo-kinshasa\/#website\",\"url\":\"https:\/\/www.africa-press.net\/congo-kinshasa\/\",\"name\":\"Congo-kinshasa\",\"description\":\"Just another Africa News Agency Sites site\",\"potentialAction\":[{\"@type\":\"SearchAction\",\"target\":{\"@type\":\"EntryPoint\",\"urlTemplate\":\"https:\/\/www.africa-press.net\/congo-kinshasa\/?s={search_term_string}\"},\"query-input\":{\"@type\":\"PropertyValueSpecification\",\"valueRequired\":true,\"valueName\":\"search_term_string\"}}],\"inLanguage\":\"fr-FR\"},{\"@type\":\"Person\",\"@id\":\"https:\/\/www.africa-press.net\/congo-kinshasa\/#\/schema\/person\/2b1cf3cd81a31e3cd26889ca66d677f1\",\"name\":\"cfeditorfr\"}]}<\/script>\n<!-- \/ Yoast SEO Premium plugin. -->","yoast_head_json":{"title":"Doha un Nouveau pas vers la Paix dans L'Est RDC - Congo-kinshasa","description":"C\u2019est \u00ab le de\u0301fi de Doha \u00bb, avec cette interrogation de Jeune Afrique: \u00ab Kinshasa et le M23 peuvent-ils trouver un ac ...","robots":{"index":"index","follow":"follow","max-snippet":"max-snippet:-1","max-image-preview":"max-image-preview:large","max-video-preview":"max-video-preview:-1"},"canonical":"https:\/\/www.africa-press.net\/congo-kinshasa\/dossiers\/doha-un-nouveau-pas-vers-la-paix-dans-lest-rdc","og_locale":"fr_FR","og_type":"article","og_title":"Doha un Nouveau pas vers la Paix dans L'Est RDC","og_description":"C\u2019est \u00ab le de\u0301fi de Doha \u00bb, avec cette interrogation de Jeune Afrique: \u00ab Kinshasa et le M23 peuvent-ils trouver un ac ...","og_url":"https:\/\/www.africa-press.net\/congo-kinshasa\/dossiers\/doha-un-nouveau-pas-vers-la-paix-dans-lest-rdc","og_site_name":"Congo-kinshasa","article_published_time":"2025-07-10T17:49:58+00:00","article_modified_time":"2025-07-10T18:17:45+00:00","og_image":[{"width":1200,"height":788,"url":"https:\/\/static.africa-press.net\/congo-kinshasa\/sites\/49\/2025\/07\/sm_1752158594.016795.jpg","type":"image\/jpeg"}],"author":"cfeditorfr","twitter_card":"summary_large_image","twitter_misc":{"\u00c9crit par":"cfeditorfr","Dur\u00e9e de lecture estim\u00e9e":"4 minutes"},"schema":{"@context":"https:\/\/schema.org","@graph":[{"@type":"Article","@id":"https:\/\/www.africa-press.net\/congo-kinshasa\/dossiers\/doha-un-nouveau-pas-vers-la-paix-dans-lest-rdc#article","isPartOf":{"@id":"https:\/\/www.africa-press.net\/congo-kinshasa\/dossiers\/doha-un-nouveau-pas-vers-la-paix-dans-lest-rdc"},"author":{"name":"cfeditorfr","@id":"https:\/\/www.africa-press.net\/congo-kinshasa\/#\/schema\/person\/2b1cf3cd81a31e3cd26889ca66d677f1"},"headline":"Doha un Nouveau pas vers la Paix dans L&rsquo;Est RDC","datePublished":"2025-07-10T17:49:58+00:00","dateModified":"2025-07-10T18:17:45+00:00","mainEntityOfPage":{"@id":"https:\/\/www.africa-press.net\/congo-kinshasa\/dossiers\/doha-un-nouveau-pas-vers-la-paix-dans-lest-rdc"},"wordCount":806,"commentCount":0,"image":{"@id":"https:\/\/www.africa-press.net\/congo-kinshasa\/dossiers\/doha-un-nouveau-pas-vers-la-paix-dans-lest-rdc#primaryimage"},"thumbnailUrl":"https:\/\/static.africa-press.net\/congo-kinshasa\/sites\/49\/2025\/07\/sm_1752158594.016795.jpg","keywords":["Congo Kinshasa"],"articleSection":["Dossiers","to-homepage","Toutes les actualit\u00e9s"],"inLanguage":"fr-FR","potentialAction":[{"@type":"CommentAction","name":"Comment","target":["https:\/\/www.africa-press.net\/congo-kinshasa\/dossiers\/doha-un-nouveau-pas-vers-la-paix-dans-lest-rdc#respond"]}]},{"@type":"WebPage","@id":"https:\/\/www.africa-press.net\/congo-kinshasa\/dossiers\/doha-un-nouveau-pas-vers-la-paix-dans-lest-rdc","url":"https:\/\/www.africa-press.net\/congo-kinshasa\/dossiers\/doha-un-nouveau-pas-vers-la-paix-dans-lest-rdc","name":"Doha un Nouveau pas vers la Paix dans L'Est RDC - Congo-kinshasa","isPartOf":{"@id":"https:\/\/www.africa-press.net\/congo-kinshasa\/#website"},"primaryImageOfPage":{"@id":"https:\/\/www.africa-press.net\/congo-kinshasa\/dossiers\/doha-un-nouveau-pas-vers-la-paix-dans-lest-rdc#primaryimage"},"image":{"@id":"https:\/\/www.africa-press.net\/congo-kinshasa\/dossiers\/doha-un-nouveau-pas-vers-la-paix-dans-lest-rdc#primaryimage"},"thumbnailUrl":"https:\/\/static.africa-press.net\/congo-kinshasa\/sites\/49\/2025\/07\/sm_1752158594.016795.jpg","datePublished":"2025-07-10T17:49:58+00:00","dateModified":"2025-07-10T18:17:45+00:00","author":{"@id":"https:\/\/www.africa-press.net\/congo-kinshasa\/#\/schema\/person\/2b1cf3cd81a31e3cd26889ca66d677f1"},"description":"C\u2019est \u00ab le de\u0301fi de Doha \u00bb, avec cette interrogation de Jeune Afrique: \u00ab Kinshasa et le M23 peuvent-ils trouver un ac ...","breadcrumb":{"@id":"https:\/\/www.africa-press.net\/congo-kinshasa\/dossiers\/doha-un-nouveau-pas-vers-la-paix-dans-lest-rdc#breadcrumb"},"inLanguage":"fr-FR","potentialAction":[{"@type":"ReadAction","target":["https:\/\/www.africa-press.net\/congo-kinshasa\/dossiers\/doha-un-nouveau-pas-vers-la-paix-dans-lest-rdc"]}]},{"@type":"ImageObject","inLanguage":"fr-FR","@id":"https:\/\/www.africa-press.net\/congo-kinshasa\/dossiers\/doha-un-nouveau-pas-vers-la-paix-dans-lest-rdc#primaryimage","url":"https:\/\/static.africa-press.net\/congo-kinshasa\/sites\/49\/2025\/07\/sm_1752158594.016795.jpg","contentUrl":"https:\/\/static.africa-press.net\/congo-kinshasa\/sites\/49\/2025\/07\/sm_1752158594.016795.jpg","width":1200,"height":788,"caption":"Doha un Nouveau pas vers la Paix dans L'Est RDC"},{"@type":"BreadcrumbList","@id":"https:\/\/www.africa-press.net\/congo-kinshasa\/dossiers\/doha-un-nouveau-pas-vers-la-paix-dans-lest-rdc#breadcrumb","itemListElement":[{"@type":"ListItem","position":1,"name":"Accueil","item":"https:\/\/www.africa-press.net\/congo-kinshasa\/"},{"@type":"ListItem","position":2,"name":"Doha un Nouveau pas vers la Paix dans L&#8217;Est RDC"}]},{"@type":"WebSite","@id":"https:\/\/www.africa-press.net\/congo-kinshasa\/#website","url":"https:\/\/www.africa-press.net\/congo-kinshasa\/","name":"Congo-kinshasa","description":"Just another Africa News Agency Sites site","potentialAction":[{"@type":"SearchAction","target":{"@type":"EntryPoint","urlTemplate":"https:\/\/www.africa-press.net\/congo-kinshasa\/?s={search_term_string}"},"query-input":{"@type":"PropertyValueSpecification","valueRequired":true,"valueName":"search_term_string"}}],"inLanguage":"fr-FR"},{"@type":"Person","@id":"https:\/\/www.africa-press.net\/congo-kinshasa\/#\/schema\/person\/2b1cf3cd81a31e3cd26889ca66d677f1","name":"cfeditorfr"}]}},"_links":{"self":[{"href":"https:\/\/www.africa-press.net\/congo-kinshasa\/wp-json\/wp\/v2\/posts\/118937","targetHints":{"allow":["GET"]}}],"collection":[{"href":"https:\/\/www.africa-press.net\/congo-kinshasa\/wp-json\/wp\/v2\/posts"}],"about":[{"href":"https:\/\/www.africa-press.net\/congo-kinshasa\/wp-json\/wp\/v2\/types\/post"}],"author":[{"embeddable":true,"href":"https:\/\/www.africa-press.net\/congo-kinshasa\/wp-json\/wp\/v2\/users\/82"}],"replies":[{"embeddable":true,"href":"https:\/\/www.africa-press.net\/congo-kinshasa\/wp-json\/wp\/v2\/comments?post=118937"}],"version-history":[{"count":0,"href":"https:\/\/www.africa-press.net\/congo-kinshasa\/wp-json\/wp\/v2\/posts\/118937\/revisions"}],"wp:featuredmedia":[{"embeddable":true,"href":"https:\/\/www.africa-press.net\/congo-kinshasa\/wp-json\/wp\/v2\/media\/118936"}],"wp:attachment":[{"href":"https:\/\/www.africa-press.net\/congo-kinshasa\/wp-json\/wp\/v2\/media?parent=118937"}],"wp:term":[{"taxonomy":"category","embeddable":true,"href":"https:\/\/www.africa-press.net\/congo-kinshasa\/wp-json\/wp\/v2\/categories?post=118937"},{"taxonomy":"post_tag","embeddable":true,"href":"https:\/\/www.africa-press.net\/congo-kinshasa\/wp-json\/wp\/v2\/tags?post=118937"}],"curies":[{"name":"wp","href":"https:\/\/api.w.org\/{rel}","templated":true}]}}