{"id":120115,"date":"2025-07-27T20:42:31","date_gmt":"2025-07-27T20:42:31","guid":{"rendered":"https:\/\/www.africa-press.net\/congo-kinshasa\/politique\/fayulu-prone-cohesion-nationale-et-rejet-des-armes"},"modified":"2025-07-27T21:11:45","modified_gmt":"2025-07-27T21:11:45","slug":"fayulu-prone-cohesion-nationale-et-rejet-des-armes","status":"publish","type":"post","link":"https:\/\/www.africa-press.net\/congo-kinshasa\/politique\/fayulu-prone-cohesion-nationale-et-rejet-des-armes","title":{"rendered":"Fayulu Pr\u00f4ne Coh\u00e9sion Nationale et Rejet des Armes"},"content":{"rendered":"<p><span style=\"color: #ff6600\"><strong>Africa-Press &#8211; Congo Kinshasa. <\/strong><\/span><b>Devant un auditoire d&rsquo;e\u0301tudiants re\u0301unis a\u0300 l\u2019ULK (Universite\u0301 Libre de Kinshasa), samedi 26 juillet 2025, Martin Fayulu a livre\u0301 un discours marque\u0301 par la retenue et l&rsquo;appel au patriotisme, malgre\u0301 ses critiques ouvertes contre le re\u0301gime actuel. L\u2019opposant congolais est revenu sur l\u2019e\u0301lection pre\u0301sidentielle de 2018, qu\u2019il continue de conside\u0301rer comme entache\u0301e de fraude.<\/b><\/p>\n<p>\u00ab\u00a0Moi, on m\u2019a vole\u0301 la victoire a\u0300 l\u2019e\u0301lection pre\u0301sidentielle. Est-ce que j\u2019ai pris les armes?\u00a0\u00bb, a-t-il interroge\u0301, dans un ton a\u0300 la fois ferme et pe\u0301dagogique, en guise de mise en garde contre la tentation de la violence politique.<\/p>\n<p>S\u2019appuyant sur son propre parcours, Fayulu a exhorte\u0301 la jeunesse congolaise a\u0300 adopter une posture responsable face aux crises multiformes qui frappent la Re\u0301publique de\u0301mocratique du Congo: conflits arme\u0301s, instabilite\u0301 politique, pauvrete\u0301 persistante.<\/p>\n<p>\u00ab\u00a0Il n\u2019y a pas trente-six solutions a\u0300 la crise actuelle, pas me\u0302me deux. Il n\u2019y en a qu\u2019une seule: la cohe\u0301sion nationale\u00a0\u00bb, a-t-il martele\u0301.<\/p>\n<p>L\u2019ancien candidat a\u0300 la pre\u0301sidentielle a ainsi appele\u0301 ses compatriotes a\u0300 se regrouper sous la bannie\u0300re de ce qu\u2019il qualifie de \u00ab\u00a0camp de la patrie\u00a0\u00bb, une ide\u0301e qu\u2019il distingue clairement d\u2019un parti politique. \u00ab\u00a0Rejoignez le camp de la patrie. Ce n\u2019est pas un parti politique, et de\u0301fendons ensemble notre pays\u00a0\u00bb, a-t-il insiste\u0301.<\/p>\n<p>Dans un contexte ou\u0300 les tensions politiques demeurent vives et les de\u0301fis se\u0301curitaires nombreux, l\u2019appel de Martin Fayulu prend des allures de manifeste, pour une mobilisation citoyenne non violente. Une manie\u0300re de se repositionner sur l\u2019e\u0301chiquier politique, tout en pro\u0302nant une issue re\u0301publicaine a\u0300 la crise que traverse la RDC.<\/p>\n<p>Son message, adresse\u0301 a\u0300 la jeunesse, vise a\u0300 encourager une implication active et pacifique dans la reconstruction du pays, loin des clivages partisans et des violences qui ont souvent marque\u0301 la vie politique congolaise.<\/p>\n<p><strong>Pour plus d&rsquo;informations et d&rsquo;analyses sur la <span style=\"color: #ff6600\">Congo Kinshasa<\/span>, suivez <span style=\"color: #ff6600\">Africa-Press<\/span><\/strong><\/p>\n","protected":false},"excerpt":{"rendered":"<p>Africa-Press &#8211; Congo Kinshasa. Devant un auditoire d&rsquo;e\u0301tudiants re\u0301unis a\u0300 l\u2019ULK (Universite\u0301 Libre de Kinshasa), samedi 26 juillet 2025, Martin Fayulu a livre\u0301 un discours marque\u0301 par la retenue et l&rsquo;appel au patriotisme, malgre\u0301 ses critiques ouvertes contre le re\u0301gime actuel. L\u2019opposant congolais est revenu sur l\u2019e\u0301lection pre\u0301sidentielle de 2018, qu\u2019il continue de conside\u0301rer comme [&hellip;]<\/p>\n","protected":false},"author":82,"featured_media":120114,"comment_status":"open","ping_status":"closed","sticky":false,"template":"","format":"standard","meta":{"footnotes":""},"categories":[4,2,10],"tags":[46],"class_list":["post-120115","post","type-post","status-publish","format-standard","has-post-thumbnail","hentry","category-parties","category-politique","category-toutes-les-actualites","tag-congo-kinshasa"],"yoast_head":"<!-- This site is optimized with the Yoast SEO Premium plugin v26.1 (Yoast SEO v27.0) - https:\/\/yoast.com\/product\/yoast-seo-premium-wordpress\/ -->\n<title>Fayulu Pr\u00f4ne Coh\u00e9sion Nationale et Rejet des Armes - Congo-kinshasa<\/title>\n<meta name=\"description\" content=\"Devant un auditoire d&#039;e\u0301tudiants re\u0301unis a\u0300 l\u2019ULK (Universite\u0301 Libre de Kinshasa), samedi 26 juillet 2025, Martin Fay ...\" \/>\n<meta name=\"robots\" content=\"index, follow, max-snippet:-1, max-image-preview:large, max-video-preview:-1\" \/>\n<link rel=\"canonical\" href=\"https:\/\/www.africa-press.net\/congo-kinshasa\/politique\/fayulu-prone-cohesion-nationale-et-rejet-des-armes\" \/>\n<meta property=\"og:locale\" content=\"fr_FR\" \/>\n<meta property=\"og:type\" content=\"article\" \/>\n<meta property=\"og:title\" content=\"Fayulu Pr\u00f4ne Coh\u00e9sion Nationale et Rejet des Armes\" \/>\n<meta property=\"og:description\" content=\"Devant un auditoire d&#039;e\u0301tudiants re\u0301unis a\u0300 l\u2019ULK (Universite\u0301 Libre de Kinshasa), samedi 26 juillet 2025, Martin Fay ...\" \/>\n<meta property=\"og:url\" content=\"https:\/\/www.africa-press.net\/congo-kinshasa\/politique\/fayulu-prone-cohesion-nationale-et-rejet-des-armes\" \/>\n<meta property=\"og:site_name\" content=\"Congo-kinshasa\" \/>\n<meta property=\"article:published_time\" content=\"2025-07-27T20:42:31+00:00\" \/>\n<meta property=\"article:modified_time\" content=\"2025-07-27T21:11:45+00:00\" \/>\n<meta property=\"og:image\" content=\"https:\/\/static.africa-press.net\/congo-kinshasa\/sites\/49\/2025\/07\/sm_1753637701.755355.jpg\" \/>\n\t<meta property=\"og:image:width\" content=\"1080\" \/>\n\t<meta property=\"og:image:height\" content=\"715\" \/>\n\t<meta property=\"og:image:type\" content=\"image\/jpeg\" \/>\n<meta name=\"author\" content=\"cfeditorfr\" \/>\n<meta name=\"twitter:card\" content=\"summary_large_image\" \/>\n<meta name=\"twitter:label1\" content=\"\u00c9crit par\" \/>\n\t<meta name=\"twitter:data1\" content=\"cfeditorfr\" \/>\n\t<meta name=\"twitter:label2\" content=\"Dur\u00e9e de lecture estim\u00e9e\" \/>\n\t<meta name=\"twitter:data2\" content=\"2 minutes\" \/>\n<script type=\"application\/ld+json\" class=\"yoast-schema-graph\">{\"@context\":\"https:\/\/schema.org\",\"@graph\":[{\"@type\":\"Article\",\"@id\":\"https:\/\/www.africa-press.net\/congo-kinshasa\/politique\/fayulu-prone-cohesion-nationale-et-rejet-des-armes#article\",\"isPartOf\":{\"@id\":\"https:\/\/www.africa-press.net\/congo-kinshasa\/politique\/fayulu-prone-cohesion-nationale-et-rejet-des-armes\"},\"author\":{\"name\":\"cfeditorfr\",\"@id\":\"https:\/\/www.africa-press.net\/congo-kinshasa\/#\/schema\/person\/2b1cf3cd81a31e3cd26889ca66d677f1\"},\"headline\":\"Fayulu Pr\u00f4ne Coh\u00e9sion Nationale et Rejet des Armes\",\"datePublished\":\"2025-07-27T20:42:31+00:00\",\"dateModified\":\"2025-07-27T21:11:45+00:00\",\"mainEntityOfPage\":{\"@id\":\"https:\/\/www.africa-press.net\/congo-kinshasa\/politique\/fayulu-prone-cohesion-nationale-et-rejet-des-armes\"},\"wordCount\":355,\"commentCount\":0,\"image\":{\"@id\":\"https:\/\/www.africa-press.net\/congo-kinshasa\/politique\/fayulu-prone-cohesion-nationale-et-rejet-des-armes#primaryimage\"},\"thumbnailUrl\":\"https:\/\/static.africa-press.net\/congo-kinshasa\/sites\/49\/2025\/07\/sm_1753637701.755355.jpg\",\"keywords\":[\"Congo Kinshasa\"],\"articleSection\":[\"Parties\",\"Politique\",\"Toutes les actualit\u00e9s\"],\"inLanguage\":\"fr-FR\",\"potentialAction\":[{\"@type\":\"CommentAction\",\"name\":\"Comment\",\"target\":[\"https:\/\/www.africa-press.net\/congo-kinshasa\/politique\/fayulu-prone-cohesion-nationale-et-rejet-des-armes#respond\"]}]},{\"@type\":\"WebPage\",\"@id\":\"https:\/\/www.africa-press.net\/congo-kinshasa\/politique\/fayulu-prone-cohesion-nationale-et-rejet-des-armes\",\"url\":\"https:\/\/www.africa-press.net\/congo-kinshasa\/politique\/fayulu-prone-cohesion-nationale-et-rejet-des-armes\",\"name\":\"Fayulu Pr\u00f4ne Coh\u00e9sion Nationale et Rejet des Armes - Congo-kinshasa\",\"isPartOf\":{\"@id\":\"https:\/\/www.africa-press.net\/congo-kinshasa\/#website\"},\"primaryImageOfPage\":{\"@id\":\"https:\/\/www.africa-press.net\/congo-kinshasa\/politique\/fayulu-prone-cohesion-nationale-et-rejet-des-armes#primaryimage\"},\"image\":{\"@id\":\"https:\/\/www.africa-press.net\/congo-kinshasa\/politique\/fayulu-prone-cohesion-nationale-et-rejet-des-armes#primaryimage\"},\"thumbnailUrl\":\"https:\/\/static.africa-press.net\/congo-kinshasa\/sites\/49\/2025\/07\/sm_1753637701.755355.jpg\",\"datePublished\":\"2025-07-27T20:42:31+00:00\",\"dateModified\":\"2025-07-27T21:11:45+00:00\",\"author\":{\"@id\":\"https:\/\/www.africa-press.net\/congo-kinshasa\/#\/schema\/person\/2b1cf3cd81a31e3cd26889ca66d677f1\"},\"description\":\"Devant un auditoire d'e\u0301tudiants re\u0301unis a\u0300 l\u2019ULK (Universite\u0301 Libre de Kinshasa), samedi 26 juillet 2025, Martin Fay ...\",\"breadcrumb\":{\"@id\":\"https:\/\/www.africa-press.net\/congo-kinshasa\/politique\/fayulu-prone-cohesion-nationale-et-rejet-des-armes#breadcrumb\"},\"inLanguage\":\"fr-FR\",\"potentialAction\":[{\"@type\":\"ReadAction\",\"target\":[\"https:\/\/www.africa-press.net\/congo-kinshasa\/politique\/fayulu-prone-cohesion-nationale-et-rejet-des-armes\"]}]},{\"@type\":\"ImageObject\",\"inLanguage\":\"fr-FR\",\"@id\":\"https:\/\/www.africa-press.net\/congo-kinshasa\/politique\/fayulu-prone-cohesion-nationale-et-rejet-des-armes#primaryimage\",\"url\":\"https:\/\/static.africa-press.net\/congo-kinshasa\/sites\/49\/2025\/07\/sm_1753637701.755355.jpg\",\"contentUrl\":\"https:\/\/static.africa-press.net\/congo-kinshasa\/sites\/49\/2025\/07\/sm_1753637701.755355.jpg\",\"width\":1080,\"height\":715,\"caption\":\"Fayulu Pr\u00f4ne Coh\u00e9sion Nationale et Rejet des Armes\"},{\"@type\":\"BreadcrumbList\",\"@id\":\"https:\/\/www.africa-press.net\/congo-kinshasa\/politique\/fayulu-prone-cohesion-nationale-et-rejet-des-armes#breadcrumb\",\"itemListElement\":[{\"@type\":\"ListItem\",\"position\":1,\"name\":\"Accueil\",\"item\":\"https:\/\/www.africa-press.net\/congo-kinshasa\/\"},{\"@type\":\"ListItem\",\"position\":2,\"name\":\"Fayulu Pr\u00f4ne Coh\u00e9sion Nationale et Rejet des Armes\"}]},{\"@type\":\"WebSite\",\"@id\":\"https:\/\/www.africa-press.net\/congo-kinshasa\/#website\",\"url\":\"https:\/\/www.africa-press.net\/congo-kinshasa\/\",\"name\":\"Congo-kinshasa\",\"description\":\"Just another Africa News Agency Sites site\",\"potentialAction\":[{\"@type\":\"SearchAction\",\"target\":{\"@type\":\"EntryPoint\",\"urlTemplate\":\"https:\/\/www.africa-press.net\/congo-kinshasa\/?s={search_term_string}\"},\"query-input\":{\"@type\":\"PropertyValueSpecification\",\"valueRequired\":true,\"valueName\":\"search_term_string\"}}],\"inLanguage\":\"fr-FR\"},{\"@type\":\"Person\",\"@id\":\"https:\/\/www.africa-press.net\/congo-kinshasa\/#\/schema\/person\/2b1cf3cd81a31e3cd26889ca66d677f1\",\"name\":\"cfeditorfr\"}]}<\/script>\n<!-- \/ Yoast SEO Premium plugin. -->","yoast_head_json":{"title":"Fayulu Pr\u00f4ne Coh\u00e9sion Nationale et Rejet des Armes - Congo-kinshasa","description":"Devant un auditoire d'e\u0301tudiants re\u0301unis a\u0300 l\u2019ULK (Universite\u0301 Libre de Kinshasa), samedi 26 juillet 2025, Martin Fay ...","robots":{"index":"index","follow":"follow","max-snippet":"max-snippet:-1","max-image-preview":"max-image-preview:large","max-video-preview":"max-video-preview:-1"},"canonical":"https:\/\/www.africa-press.net\/congo-kinshasa\/politique\/fayulu-prone-cohesion-nationale-et-rejet-des-armes","og_locale":"fr_FR","og_type":"article","og_title":"Fayulu Pr\u00f4ne Coh\u00e9sion Nationale et Rejet des Armes","og_description":"Devant un auditoire d'e\u0301tudiants re\u0301unis a\u0300 l\u2019ULK (Universite\u0301 Libre de Kinshasa), samedi 26 juillet 2025, Martin Fay ...","og_url":"https:\/\/www.africa-press.net\/congo-kinshasa\/politique\/fayulu-prone-cohesion-nationale-et-rejet-des-armes","og_site_name":"Congo-kinshasa","article_published_time":"2025-07-27T20:42:31+00:00","article_modified_time":"2025-07-27T21:11:45+00:00","og_image":[{"width":1080,"height":715,"url":"https:\/\/static.africa-press.net\/congo-kinshasa\/sites\/49\/2025\/07\/sm_1753637701.755355.jpg","type":"image\/jpeg"}],"author":"cfeditorfr","twitter_card":"summary_large_image","twitter_misc":{"\u00c9crit par":"cfeditorfr","Dur\u00e9e de lecture estim\u00e9e":"2 minutes"},"schema":{"@context":"https:\/\/schema.org","@graph":[{"@type":"Article","@id":"https:\/\/www.africa-press.net\/congo-kinshasa\/politique\/fayulu-prone-cohesion-nationale-et-rejet-des-armes#article","isPartOf":{"@id":"https:\/\/www.africa-press.net\/congo-kinshasa\/politique\/fayulu-prone-cohesion-nationale-et-rejet-des-armes"},"author":{"name":"cfeditorfr","@id":"https:\/\/www.africa-press.net\/congo-kinshasa\/#\/schema\/person\/2b1cf3cd81a31e3cd26889ca66d677f1"},"headline":"Fayulu Pr\u00f4ne Coh\u00e9sion Nationale et Rejet des Armes","datePublished":"2025-07-27T20:42:31+00:00","dateModified":"2025-07-27T21:11:45+00:00","mainEntityOfPage":{"@id":"https:\/\/www.africa-press.net\/congo-kinshasa\/politique\/fayulu-prone-cohesion-nationale-et-rejet-des-armes"},"wordCount":355,"commentCount":0,"image":{"@id":"https:\/\/www.africa-press.net\/congo-kinshasa\/politique\/fayulu-prone-cohesion-nationale-et-rejet-des-armes#primaryimage"},"thumbnailUrl":"https:\/\/static.africa-press.net\/congo-kinshasa\/sites\/49\/2025\/07\/sm_1753637701.755355.jpg","keywords":["Congo Kinshasa"],"articleSection":["Parties","Politique","Toutes les actualit\u00e9s"],"inLanguage":"fr-FR","potentialAction":[{"@type":"CommentAction","name":"Comment","target":["https:\/\/www.africa-press.net\/congo-kinshasa\/politique\/fayulu-prone-cohesion-nationale-et-rejet-des-armes#respond"]}]},{"@type":"WebPage","@id":"https:\/\/www.africa-press.net\/congo-kinshasa\/politique\/fayulu-prone-cohesion-nationale-et-rejet-des-armes","url":"https:\/\/www.africa-press.net\/congo-kinshasa\/politique\/fayulu-prone-cohesion-nationale-et-rejet-des-armes","name":"Fayulu Pr\u00f4ne Coh\u00e9sion Nationale et Rejet des Armes - Congo-kinshasa","isPartOf":{"@id":"https:\/\/www.africa-press.net\/congo-kinshasa\/#website"},"primaryImageOfPage":{"@id":"https:\/\/www.africa-press.net\/congo-kinshasa\/politique\/fayulu-prone-cohesion-nationale-et-rejet-des-armes#primaryimage"},"image":{"@id":"https:\/\/www.africa-press.net\/congo-kinshasa\/politique\/fayulu-prone-cohesion-nationale-et-rejet-des-armes#primaryimage"},"thumbnailUrl":"https:\/\/static.africa-press.net\/congo-kinshasa\/sites\/49\/2025\/07\/sm_1753637701.755355.jpg","datePublished":"2025-07-27T20:42:31+00:00","dateModified":"2025-07-27T21:11:45+00:00","author":{"@id":"https:\/\/www.africa-press.net\/congo-kinshasa\/#\/schema\/person\/2b1cf3cd81a31e3cd26889ca66d677f1"},"description":"Devant un auditoire d'e\u0301tudiants re\u0301unis a\u0300 l\u2019ULK (Universite\u0301 Libre de Kinshasa), samedi 26 juillet 2025, Martin Fay ...","breadcrumb":{"@id":"https:\/\/www.africa-press.net\/congo-kinshasa\/politique\/fayulu-prone-cohesion-nationale-et-rejet-des-armes#breadcrumb"},"inLanguage":"fr-FR","potentialAction":[{"@type":"ReadAction","target":["https:\/\/www.africa-press.net\/congo-kinshasa\/politique\/fayulu-prone-cohesion-nationale-et-rejet-des-armes"]}]},{"@type":"ImageObject","inLanguage":"fr-FR","@id":"https:\/\/www.africa-press.net\/congo-kinshasa\/politique\/fayulu-prone-cohesion-nationale-et-rejet-des-armes#primaryimage","url":"https:\/\/static.africa-press.net\/congo-kinshasa\/sites\/49\/2025\/07\/sm_1753637701.755355.jpg","contentUrl":"https:\/\/static.africa-press.net\/congo-kinshasa\/sites\/49\/2025\/07\/sm_1753637701.755355.jpg","width":1080,"height":715,"caption":"Fayulu Pr\u00f4ne Coh\u00e9sion Nationale et Rejet des Armes"},{"@type":"BreadcrumbList","@id":"https:\/\/www.africa-press.net\/congo-kinshasa\/politique\/fayulu-prone-cohesion-nationale-et-rejet-des-armes#breadcrumb","itemListElement":[{"@type":"ListItem","position":1,"name":"Accueil","item":"https:\/\/www.africa-press.net\/congo-kinshasa\/"},{"@type":"ListItem","position":2,"name":"Fayulu Pr\u00f4ne Coh\u00e9sion Nationale et Rejet des Armes"}]},{"@type":"WebSite","@id":"https:\/\/www.africa-press.net\/congo-kinshasa\/#website","url":"https:\/\/www.africa-press.net\/congo-kinshasa\/","name":"Congo-kinshasa","description":"Just another Africa News Agency Sites site","potentialAction":[{"@type":"SearchAction","target":{"@type":"EntryPoint","urlTemplate":"https:\/\/www.africa-press.net\/congo-kinshasa\/?s={search_term_string}"},"query-input":{"@type":"PropertyValueSpecification","valueRequired":true,"valueName":"search_term_string"}}],"inLanguage":"fr-FR"},{"@type":"Person","@id":"https:\/\/www.africa-press.net\/congo-kinshasa\/#\/schema\/person\/2b1cf3cd81a31e3cd26889ca66d677f1","name":"cfeditorfr"}]}},"_links":{"self":[{"href":"https:\/\/www.africa-press.net\/congo-kinshasa\/wp-json\/wp\/v2\/posts\/120115","targetHints":{"allow":["GET"]}}],"collection":[{"href":"https:\/\/www.africa-press.net\/congo-kinshasa\/wp-json\/wp\/v2\/posts"}],"about":[{"href":"https:\/\/www.africa-press.net\/congo-kinshasa\/wp-json\/wp\/v2\/types\/post"}],"author":[{"embeddable":true,"href":"https:\/\/www.africa-press.net\/congo-kinshasa\/wp-json\/wp\/v2\/users\/82"}],"replies":[{"embeddable":true,"href":"https:\/\/www.africa-press.net\/congo-kinshasa\/wp-json\/wp\/v2\/comments?post=120115"}],"version-history":[{"count":0,"href":"https:\/\/www.africa-press.net\/congo-kinshasa\/wp-json\/wp\/v2\/posts\/120115\/revisions"}],"wp:featuredmedia":[{"embeddable":true,"href":"https:\/\/www.africa-press.net\/congo-kinshasa\/wp-json\/wp\/v2\/media\/120114"}],"wp:attachment":[{"href":"https:\/\/www.africa-press.net\/congo-kinshasa\/wp-json\/wp\/v2\/media?parent=120115"}],"wp:term":[{"taxonomy":"category","embeddable":true,"href":"https:\/\/www.africa-press.net\/congo-kinshasa\/wp-json\/wp\/v2\/categories?post=120115"},{"taxonomy":"post_tag","embeddable":true,"href":"https:\/\/www.africa-press.net\/congo-kinshasa\/wp-json\/wp\/v2\/tags?post=120115"}],"curies":[{"name":"wp","href":"https:\/\/api.w.org\/{rel}","templated":true}]}}