{"id":120151,"date":"2025-07-27T20:44:59","date_gmt":"2025-07-27T20:44:59","guid":{"rendered":"https:\/\/www.africa-press.net\/congo-kinshasa\/politique\/tensions-a-kibulungu-apres-lassassinat-de-kalunga-sha-nyebe"},"modified":"2025-07-27T21:15:59","modified_gmt":"2025-07-27T21:15:59","slug":"tensions-a-kibulungu-apres-lassassinat-de-kalunga-sha-nyebe","status":"publish","type":"post","link":"https:\/\/www.africa-press.net\/congo-kinshasa\/politique\/tensions-a-kibulungu-apres-lassassinat-de-kalunga-sha-nyebe","title":{"rendered":"Tensions \u00e0 Kibulungu Apr\u00e8s L&rsquo;Assassinat de Kalunga Sha Nyebe"},"content":{"rendered":"<p><span style=\"color: #ff6600\"><strong>Africa-Press &#8211; Congo Kinshasa. <\/strong><\/span><b>Une vive tension re\u0300gne a\u0300 Kibulungu, localite\u0301 situe\u0301e a\u0300 15 kilome\u0300tres de Tshikapa (province du Kasai\u0308), apre\u0300s l\u2019assassinat du chef de groupement Kalunga Sha Nyebe, survenu le vendredi 25 juillet 2025.<\/b><\/p>\n<p>Selon les informations recueillies aupre\u0300s de sources locales, l\u2019incident s\u2019est produit alors que le chef Kalunga participait a\u0300 une ce\u0301re\u0301monie d\u2019intronisation d\u2019un autre chef traditionnel dans la me\u0302me entite\u0301. Il aurait e\u0301te\u0301 poignarde\u0301 a\u0300 l\u2019arme blanche par un rival coutumier, Nyama Mijilu, e\u0301galement chef de groupement, avec qui il e\u0301tait en conflit depuis plusieurs anne\u0301es au sujet du leadership sur Kibulungu.<\/p>\n<p>Gravement blesse\u0301, Kalunga Sha Nyebe aurait succombe\u0301 a\u0300 ses blessures quelques heures apre\u0300s l\u2019attaque.<\/p>\n<p>Alors que les autorite\u0301s n&rsquo;ont pas encore communique\u0301 officiellement sur les circonstances exactes du drame, des enque\u0302tes sont annonce\u0301es pour e\u0301tablir les responsabilite\u0301s. En attendant, la situation reste tendue sur place. La population, prise de panique, a fui en masse vers la brousse ou vers d\u2019autres localite\u0301s, redoutant des violences en repre\u0301sailles.<\/p>\n<p><strong>Pour plus d&rsquo;informations et d&rsquo;analyses sur la <span style=\"color: #ff6600\">Congo Kinshasa<\/span>, suivez <span style=\"color: #ff6600\">Africa-Press<\/span><\/strong><\/p>\n","protected":false},"excerpt":{"rendered":"<p>Africa-Press &#8211; Congo Kinshasa. Une vive tension re\u0300gne a\u0300 Kibulungu, localite\u0301 situe\u0301e a\u0300 15 kilome\u0300tres de Tshikapa (province du Kasai\u0308), apre\u0300s l\u2019assassinat du chef de groupement Kalunga Sha Nyebe, survenu le vendredi 25 juillet 2025. Selon les informations recueillies aupre\u0300s de sources locales, l\u2019incident s\u2019est produit alors que le chef Kalunga participait a\u0300 une ce\u0301re\u0301monie [&hellip;]<\/p>\n","protected":false},"author":82,"featured_media":120150,"comment_status":"open","ping_status":"closed","sticky":false,"template":"","format":"standard","meta":{"footnotes":""},"categories":[4,2,20,10],"tags":[46],"class_list":["post-120151","post","type-post","status-publish","format-standard","has-post-thumbnail","hentry","category-parties","category-politique","category-top-nouvelles","category-toutes-les-actualites","tag-congo-kinshasa"],"yoast_head":"<!-- This site is optimized with the Yoast SEO Premium plugin v26.1 (Yoast SEO v27.0) - https:\/\/yoast.com\/product\/yoast-seo-premium-wordpress\/ -->\n<title>Tensions \u00e0 Kibulungu Apr\u00e8s L&#039;Assassinat de Kalunga Sha Nyebe - Congo-kinshasa<\/title>\n<meta name=\"description\" content=\"Une vive tension re\u0300gne a\u0300 Kibulungu, localite\u0301 situe\u0301e a\u0300 15 kilome\u0300tres de Tshikapa (province du Kasai\u0308), apre\u0300s l\u2019 ...\" \/>\n<meta name=\"robots\" content=\"index, follow, max-snippet:-1, max-image-preview:large, max-video-preview:-1\" \/>\n<link rel=\"canonical\" href=\"https:\/\/www.africa-press.net\/congo-kinshasa\/politique\/tensions-a-kibulungu-apres-lassassinat-de-kalunga-sha-nyebe\" \/>\n<meta property=\"og:locale\" content=\"fr_FR\" \/>\n<meta property=\"og:type\" content=\"article\" \/>\n<meta property=\"og:title\" content=\"Tensions \u00e0 Kibulungu Apr\u00e8s L&#039;Assassinat de Kalunga Sha Nyebe\" \/>\n<meta property=\"og:description\" content=\"Une vive tension re\u0300gne a\u0300 Kibulungu, localite\u0301 situe\u0301e a\u0300 15 kilome\u0300tres de Tshikapa (province du Kasai\u0308), apre\u0300s l\u2019 ...\" \/>\n<meta property=\"og:url\" content=\"https:\/\/www.africa-press.net\/congo-kinshasa\/politique\/tensions-a-kibulungu-apres-lassassinat-de-kalunga-sha-nyebe\" \/>\n<meta property=\"og:site_name\" content=\"Congo-kinshasa\" \/>\n<meta property=\"article:published_time\" content=\"2025-07-27T20:44:59+00:00\" \/>\n<meta property=\"article:modified_time\" content=\"2025-07-27T21:15:59+00:00\" \/>\n<meta property=\"og:image\" content=\"https:\/\/static.africa-press.net\/congo-kinshasa\/sites\/49\/2025\/07\/sm_1753637901.569513.jpg\" \/>\n\t<meta property=\"og:image:width\" content=\"720\" \/>\n\t<meta property=\"og:image:height\" content=\"548\" \/>\n\t<meta property=\"og:image:type\" content=\"image\/jpeg\" \/>\n<meta name=\"author\" content=\"cfeditorfr\" \/>\n<meta name=\"twitter:card\" content=\"summary_large_image\" \/>\n<meta name=\"twitter:label1\" content=\"\u00c9crit par\" \/>\n\t<meta name=\"twitter:data1\" content=\"cfeditorfr\" \/>\n\t<meta name=\"twitter:label2\" content=\"Dur\u00e9e de lecture estim\u00e9e\" \/>\n\t<meta name=\"twitter:data2\" content=\"2 minutes\" \/>\n<script type=\"application\/ld+json\" class=\"yoast-schema-graph\">{\"@context\":\"https:\/\/schema.org\",\"@graph\":[{\"@type\":\"Article\",\"@id\":\"https:\/\/www.africa-press.net\/congo-kinshasa\/politique\/tensions-a-kibulungu-apres-lassassinat-de-kalunga-sha-nyebe#article\",\"isPartOf\":{\"@id\":\"https:\/\/www.africa-press.net\/congo-kinshasa\/politique\/tensions-a-kibulungu-apres-lassassinat-de-kalunga-sha-nyebe\"},\"author\":{\"name\":\"cfeditorfr\",\"@id\":\"https:\/\/www.africa-press.net\/congo-kinshasa\/#\/schema\/person\/2b1cf3cd81a31e3cd26889ca66d677f1\"},\"headline\":\"Tensions \u00e0 Kibulungu Apr\u00e8s L&rsquo;Assassinat de Kalunga Sha Nyebe\",\"datePublished\":\"2025-07-27T20:44:59+00:00\",\"dateModified\":\"2025-07-27T21:15:59+00:00\",\"mainEntityOfPage\":{\"@id\":\"https:\/\/www.africa-press.net\/congo-kinshasa\/politique\/tensions-a-kibulungu-apres-lassassinat-de-kalunga-sha-nyebe\"},\"wordCount\":211,\"commentCount\":0,\"image\":{\"@id\":\"https:\/\/www.africa-press.net\/congo-kinshasa\/politique\/tensions-a-kibulungu-apres-lassassinat-de-kalunga-sha-nyebe#primaryimage\"},\"thumbnailUrl\":\"https:\/\/static.africa-press.net\/congo-kinshasa\/sites\/49\/2025\/07\/sm_1753637901.569513.jpg\",\"keywords\":[\"Congo Kinshasa\"],\"articleSection\":[\"Parties\",\"Politique\",\"Top Nouvelles\",\"Toutes les actualit\u00e9s\"],\"inLanguage\":\"fr-FR\",\"potentialAction\":[{\"@type\":\"CommentAction\",\"name\":\"Comment\",\"target\":[\"https:\/\/www.africa-press.net\/congo-kinshasa\/politique\/tensions-a-kibulungu-apres-lassassinat-de-kalunga-sha-nyebe#respond\"]}]},{\"@type\":\"WebPage\",\"@id\":\"https:\/\/www.africa-press.net\/congo-kinshasa\/politique\/tensions-a-kibulungu-apres-lassassinat-de-kalunga-sha-nyebe\",\"url\":\"https:\/\/www.africa-press.net\/congo-kinshasa\/politique\/tensions-a-kibulungu-apres-lassassinat-de-kalunga-sha-nyebe\",\"name\":\"Tensions \u00e0 Kibulungu Apr\u00e8s L'Assassinat de Kalunga Sha Nyebe - Congo-kinshasa\",\"isPartOf\":{\"@id\":\"https:\/\/www.africa-press.net\/congo-kinshasa\/#website\"},\"primaryImageOfPage\":{\"@id\":\"https:\/\/www.africa-press.net\/congo-kinshasa\/politique\/tensions-a-kibulungu-apres-lassassinat-de-kalunga-sha-nyebe#primaryimage\"},\"image\":{\"@id\":\"https:\/\/www.africa-press.net\/congo-kinshasa\/politique\/tensions-a-kibulungu-apres-lassassinat-de-kalunga-sha-nyebe#primaryimage\"},\"thumbnailUrl\":\"https:\/\/static.africa-press.net\/congo-kinshasa\/sites\/49\/2025\/07\/sm_1753637901.569513.jpg\",\"datePublished\":\"2025-07-27T20:44:59+00:00\",\"dateModified\":\"2025-07-27T21:15:59+00:00\",\"author\":{\"@id\":\"https:\/\/www.africa-press.net\/congo-kinshasa\/#\/schema\/person\/2b1cf3cd81a31e3cd26889ca66d677f1\"},\"description\":\"Une vive tension re\u0300gne a\u0300 Kibulungu, localite\u0301 situe\u0301e a\u0300 15 kilome\u0300tres de Tshikapa (province du Kasai\u0308), apre\u0300s l\u2019 ...\",\"breadcrumb\":{\"@id\":\"https:\/\/www.africa-press.net\/congo-kinshasa\/politique\/tensions-a-kibulungu-apres-lassassinat-de-kalunga-sha-nyebe#breadcrumb\"},\"inLanguage\":\"fr-FR\",\"potentialAction\":[{\"@type\":\"ReadAction\",\"target\":[\"https:\/\/www.africa-press.net\/congo-kinshasa\/politique\/tensions-a-kibulungu-apres-lassassinat-de-kalunga-sha-nyebe\"]}]},{\"@type\":\"ImageObject\",\"inLanguage\":\"fr-FR\",\"@id\":\"https:\/\/www.africa-press.net\/congo-kinshasa\/politique\/tensions-a-kibulungu-apres-lassassinat-de-kalunga-sha-nyebe#primaryimage\",\"url\":\"https:\/\/static.africa-press.net\/congo-kinshasa\/sites\/49\/2025\/07\/sm_1753637901.569513.jpg\",\"contentUrl\":\"https:\/\/static.africa-press.net\/congo-kinshasa\/sites\/49\/2025\/07\/sm_1753637901.569513.jpg\",\"width\":720,\"height\":548,\"caption\":\"Tensions \u00e0 Kibulungu Apr\u00e8s L'Assassinat de Kalunga Sha Nyebe\"},{\"@type\":\"BreadcrumbList\",\"@id\":\"https:\/\/www.africa-press.net\/congo-kinshasa\/politique\/tensions-a-kibulungu-apres-lassassinat-de-kalunga-sha-nyebe#breadcrumb\",\"itemListElement\":[{\"@type\":\"ListItem\",\"position\":1,\"name\":\"Accueil\",\"item\":\"https:\/\/www.africa-press.net\/congo-kinshasa\/\"},{\"@type\":\"ListItem\",\"position\":2,\"name\":\"Tensions \u00e0 Kibulungu Apr\u00e8s L&#8217;Assassinat de Kalunga Sha Nyebe\"}]},{\"@type\":\"WebSite\",\"@id\":\"https:\/\/www.africa-press.net\/congo-kinshasa\/#website\",\"url\":\"https:\/\/www.africa-press.net\/congo-kinshasa\/\",\"name\":\"Congo-kinshasa\",\"description\":\"Just another Africa News Agency Sites site\",\"potentialAction\":[{\"@type\":\"SearchAction\",\"target\":{\"@type\":\"EntryPoint\",\"urlTemplate\":\"https:\/\/www.africa-press.net\/congo-kinshasa\/?s={search_term_string}\"},\"query-input\":{\"@type\":\"PropertyValueSpecification\",\"valueRequired\":true,\"valueName\":\"search_term_string\"}}],\"inLanguage\":\"fr-FR\"},{\"@type\":\"Person\",\"@id\":\"https:\/\/www.africa-press.net\/congo-kinshasa\/#\/schema\/person\/2b1cf3cd81a31e3cd26889ca66d677f1\",\"name\":\"cfeditorfr\"}]}<\/script>\n<!-- \/ Yoast SEO Premium plugin. -->","yoast_head_json":{"title":"Tensions \u00e0 Kibulungu Apr\u00e8s L'Assassinat de Kalunga Sha Nyebe - Congo-kinshasa","description":"Une vive tension re\u0300gne a\u0300 Kibulungu, localite\u0301 situe\u0301e a\u0300 15 kilome\u0300tres de Tshikapa (province du Kasai\u0308), apre\u0300s l\u2019 ...","robots":{"index":"index","follow":"follow","max-snippet":"max-snippet:-1","max-image-preview":"max-image-preview:large","max-video-preview":"max-video-preview:-1"},"canonical":"https:\/\/www.africa-press.net\/congo-kinshasa\/politique\/tensions-a-kibulungu-apres-lassassinat-de-kalunga-sha-nyebe","og_locale":"fr_FR","og_type":"article","og_title":"Tensions \u00e0 Kibulungu Apr\u00e8s L'Assassinat de Kalunga Sha Nyebe","og_description":"Une vive tension re\u0300gne a\u0300 Kibulungu, localite\u0301 situe\u0301e a\u0300 15 kilome\u0300tres de Tshikapa (province du Kasai\u0308), apre\u0300s l\u2019 ...","og_url":"https:\/\/www.africa-press.net\/congo-kinshasa\/politique\/tensions-a-kibulungu-apres-lassassinat-de-kalunga-sha-nyebe","og_site_name":"Congo-kinshasa","article_published_time":"2025-07-27T20:44:59+00:00","article_modified_time":"2025-07-27T21:15:59+00:00","og_image":[{"width":720,"height":548,"url":"https:\/\/static.africa-press.net\/congo-kinshasa\/sites\/49\/2025\/07\/sm_1753637901.569513.jpg","type":"image\/jpeg"}],"author":"cfeditorfr","twitter_card":"summary_large_image","twitter_misc":{"\u00c9crit par":"cfeditorfr","Dur\u00e9e de lecture estim\u00e9e":"2 minutes"},"schema":{"@context":"https:\/\/schema.org","@graph":[{"@type":"Article","@id":"https:\/\/www.africa-press.net\/congo-kinshasa\/politique\/tensions-a-kibulungu-apres-lassassinat-de-kalunga-sha-nyebe#article","isPartOf":{"@id":"https:\/\/www.africa-press.net\/congo-kinshasa\/politique\/tensions-a-kibulungu-apres-lassassinat-de-kalunga-sha-nyebe"},"author":{"name":"cfeditorfr","@id":"https:\/\/www.africa-press.net\/congo-kinshasa\/#\/schema\/person\/2b1cf3cd81a31e3cd26889ca66d677f1"},"headline":"Tensions \u00e0 Kibulungu Apr\u00e8s L&rsquo;Assassinat de Kalunga Sha Nyebe","datePublished":"2025-07-27T20:44:59+00:00","dateModified":"2025-07-27T21:15:59+00:00","mainEntityOfPage":{"@id":"https:\/\/www.africa-press.net\/congo-kinshasa\/politique\/tensions-a-kibulungu-apres-lassassinat-de-kalunga-sha-nyebe"},"wordCount":211,"commentCount":0,"image":{"@id":"https:\/\/www.africa-press.net\/congo-kinshasa\/politique\/tensions-a-kibulungu-apres-lassassinat-de-kalunga-sha-nyebe#primaryimage"},"thumbnailUrl":"https:\/\/static.africa-press.net\/congo-kinshasa\/sites\/49\/2025\/07\/sm_1753637901.569513.jpg","keywords":["Congo Kinshasa"],"articleSection":["Parties","Politique","Top Nouvelles","Toutes les actualit\u00e9s"],"inLanguage":"fr-FR","potentialAction":[{"@type":"CommentAction","name":"Comment","target":["https:\/\/www.africa-press.net\/congo-kinshasa\/politique\/tensions-a-kibulungu-apres-lassassinat-de-kalunga-sha-nyebe#respond"]}]},{"@type":"WebPage","@id":"https:\/\/www.africa-press.net\/congo-kinshasa\/politique\/tensions-a-kibulungu-apres-lassassinat-de-kalunga-sha-nyebe","url":"https:\/\/www.africa-press.net\/congo-kinshasa\/politique\/tensions-a-kibulungu-apres-lassassinat-de-kalunga-sha-nyebe","name":"Tensions \u00e0 Kibulungu Apr\u00e8s L'Assassinat de Kalunga Sha Nyebe - Congo-kinshasa","isPartOf":{"@id":"https:\/\/www.africa-press.net\/congo-kinshasa\/#website"},"primaryImageOfPage":{"@id":"https:\/\/www.africa-press.net\/congo-kinshasa\/politique\/tensions-a-kibulungu-apres-lassassinat-de-kalunga-sha-nyebe#primaryimage"},"image":{"@id":"https:\/\/www.africa-press.net\/congo-kinshasa\/politique\/tensions-a-kibulungu-apres-lassassinat-de-kalunga-sha-nyebe#primaryimage"},"thumbnailUrl":"https:\/\/static.africa-press.net\/congo-kinshasa\/sites\/49\/2025\/07\/sm_1753637901.569513.jpg","datePublished":"2025-07-27T20:44:59+00:00","dateModified":"2025-07-27T21:15:59+00:00","author":{"@id":"https:\/\/www.africa-press.net\/congo-kinshasa\/#\/schema\/person\/2b1cf3cd81a31e3cd26889ca66d677f1"},"description":"Une vive tension re\u0300gne a\u0300 Kibulungu, localite\u0301 situe\u0301e a\u0300 15 kilome\u0300tres de Tshikapa (province du Kasai\u0308), apre\u0300s l\u2019 ...","breadcrumb":{"@id":"https:\/\/www.africa-press.net\/congo-kinshasa\/politique\/tensions-a-kibulungu-apres-lassassinat-de-kalunga-sha-nyebe#breadcrumb"},"inLanguage":"fr-FR","potentialAction":[{"@type":"ReadAction","target":["https:\/\/www.africa-press.net\/congo-kinshasa\/politique\/tensions-a-kibulungu-apres-lassassinat-de-kalunga-sha-nyebe"]}]},{"@type":"ImageObject","inLanguage":"fr-FR","@id":"https:\/\/www.africa-press.net\/congo-kinshasa\/politique\/tensions-a-kibulungu-apres-lassassinat-de-kalunga-sha-nyebe#primaryimage","url":"https:\/\/static.africa-press.net\/congo-kinshasa\/sites\/49\/2025\/07\/sm_1753637901.569513.jpg","contentUrl":"https:\/\/static.africa-press.net\/congo-kinshasa\/sites\/49\/2025\/07\/sm_1753637901.569513.jpg","width":720,"height":548,"caption":"Tensions \u00e0 Kibulungu Apr\u00e8s L'Assassinat de Kalunga Sha Nyebe"},{"@type":"BreadcrumbList","@id":"https:\/\/www.africa-press.net\/congo-kinshasa\/politique\/tensions-a-kibulungu-apres-lassassinat-de-kalunga-sha-nyebe#breadcrumb","itemListElement":[{"@type":"ListItem","position":1,"name":"Accueil","item":"https:\/\/www.africa-press.net\/congo-kinshasa\/"},{"@type":"ListItem","position":2,"name":"Tensions \u00e0 Kibulungu Apr\u00e8s L&#8217;Assassinat de Kalunga Sha Nyebe"}]},{"@type":"WebSite","@id":"https:\/\/www.africa-press.net\/congo-kinshasa\/#website","url":"https:\/\/www.africa-press.net\/congo-kinshasa\/","name":"Congo-kinshasa","description":"Just another Africa News Agency Sites site","potentialAction":[{"@type":"SearchAction","target":{"@type":"EntryPoint","urlTemplate":"https:\/\/www.africa-press.net\/congo-kinshasa\/?s={search_term_string}"},"query-input":{"@type":"PropertyValueSpecification","valueRequired":true,"valueName":"search_term_string"}}],"inLanguage":"fr-FR"},{"@type":"Person","@id":"https:\/\/www.africa-press.net\/congo-kinshasa\/#\/schema\/person\/2b1cf3cd81a31e3cd26889ca66d677f1","name":"cfeditorfr"}]}},"_links":{"self":[{"href":"https:\/\/www.africa-press.net\/congo-kinshasa\/wp-json\/wp\/v2\/posts\/120151","targetHints":{"allow":["GET"]}}],"collection":[{"href":"https:\/\/www.africa-press.net\/congo-kinshasa\/wp-json\/wp\/v2\/posts"}],"about":[{"href":"https:\/\/www.africa-press.net\/congo-kinshasa\/wp-json\/wp\/v2\/types\/post"}],"author":[{"embeddable":true,"href":"https:\/\/www.africa-press.net\/congo-kinshasa\/wp-json\/wp\/v2\/users\/82"}],"replies":[{"embeddable":true,"href":"https:\/\/www.africa-press.net\/congo-kinshasa\/wp-json\/wp\/v2\/comments?post=120151"}],"version-history":[{"count":0,"href":"https:\/\/www.africa-press.net\/congo-kinshasa\/wp-json\/wp\/v2\/posts\/120151\/revisions"}],"wp:featuredmedia":[{"embeddable":true,"href":"https:\/\/www.africa-press.net\/congo-kinshasa\/wp-json\/wp\/v2\/media\/120150"}],"wp:attachment":[{"href":"https:\/\/www.africa-press.net\/congo-kinshasa\/wp-json\/wp\/v2\/media?parent=120151"}],"wp:term":[{"taxonomy":"category","embeddable":true,"href":"https:\/\/www.africa-press.net\/congo-kinshasa\/wp-json\/wp\/v2\/categories?post=120151"},{"taxonomy":"post_tag","embeddable":true,"href":"https:\/\/www.africa-press.net\/congo-kinshasa\/wp-json\/wp\/v2\/tags?post=120151"}],"curies":[{"name":"wp","href":"https:\/\/api.w.org\/{rel}","templated":true}]}}