{"id":121769,"date":"2025-08-18T21:28:42","date_gmt":"2025-08-18T21:28:42","guid":{"rendered":"https:\/\/www.africa-press.net\/congo-kinshasa\/politique\/retraite-sacerdotale-annuelle-des-pretres-de-mbandaka-bikoro"},"modified":"2025-08-18T22:10:02","modified_gmt":"2025-08-18T22:10:02","slug":"retraite-sacerdotale-annuelle-des-pretres-de-mbandaka-bikoro","status":"publish","type":"post","link":"https:\/\/www.africa-press.net\/congo-kinshasa\/toutes-les-actualites\/retraite-sacerdotale-annuelle-des-pretres-de-mbandaka-bikoro","title":{"rendered":"Retraite Sacerdotale Annuelle des Pr\u00eatres de Mbandaka-Bikoro"},"content":{"rendered":"<p><span style=\"color: #ff6600\"><strong>Africa-Press &#8211; Congo Kinshasa. <\/strong><\/span><b>La retraite sacerdotale annuelle des pre\u0302tres de l\u2019archidioce\u0300se de Mbandaka-Bikoro a de\u0301bute\u0301 ce lundi 18 aou\u0302t 2025. Elle se tient au centre Motema Moko de Lyonda, situe\u0301 a\u0300 une douzaine de kilome\u0300tres de la ville de Mbandaka, et s\u2019e\u0301tendra jusqu\u2019au 22 aou\u0302t.<\/b><\/p>\n<p>La messe d\u2019ouverture a e\u0301te\u0301 ce\u0301le\u0301bre\u0301e par l\u2019archeve\u0302que Ernest Ngboko en pre\u0301sence de plus de soixante pre\u0302tres re\u0301guliers et se\u0301culiers. Le the\u0300me choisi pour cette e\u0301dition est: \u00ab Tu nous as estime\u0301s dignes de nous tenir devant toi pour te servir et nous te rendons gra\u0302ce \u00bb.<\/p>\n<p>Les enseignements de cette retraite seront assure\u0301s par l\u2019abbe\u0301 Ze\u0301phyrin Ligopi, pre\u0302tre du dioce\u0300se de Lisala.<\/p>\n<p>Ce rendez-vous spirituel vise a\u0300 offrir aux pre\u0302tres un temps de me\u0301ditation, de ressourcement et de renforcement de leur engagement pastoral.<\/p>\n<p><strong>Pour plus d&rsquo;informations et d&rsquo;analyses sur la <span style=\"color: #ff6600\">Congo Kinshasa<\/span>, suivez <span style=\"color: #ff6600\">Africa-Press<\/span><\/strong><\/p>\n","protected":false},"excerpt":{"rendered":"<p>Africa-Press &#8211; Congo Kinshasa. La retraite sacerdotale annuelle des pre\u0302tres de l\u2019archidioce\u0300se de Mbandaka-Bikoro a de\u0301bute\u0301 ce lundi 18 aou\u0302t 2025. Elle se tient au centre Motema Moko de Lyonda, situe\u0301 a\u0300 une douzaine de kilome\u0300tres de la ville de Mbandaka, et s\u2019e\u0301tendra jusqu\u2019au 22 aou\u0302t. La messe d\u2019ouverture a e\u0301te\u0301 ce\u0301le\u0301bre\u0301e par l\u2019archeve\u0302que Ernest [&hellip;]<\/p>\n","protected":false},"author":82,"featured_media":121768,"comment_status":"open","ping_status":"closed","sticky":false,"template":"","format":"standard","meta":{"footnotes":""},"categories":[21,10],"tags":[46],"class_list":["post-121769","post","type-post","status-publish","format-standard","has-post-thumbnail","hentry","category-communaute","category-toutes-les-actualites","tag-congo-kinshasa"],"yoast_head":"<!-- This site is optimized with the Yoast SEO Premium plugin v26.1 (Yoast SEO v27.0) - https:\/\/yoast.com\/product\/yoast-seo-premium-wordpress\/ -->\n<title>Retraite Sacerdotale Annuelle des Pr\u00eatres de Mbandaka-Bikoro - Congo-kinshasa<\/title>\n<meta name=\"description\" content=\"La retraite sacerdotale annuelle des pre\u0302tres de l\u2019archidioce\u0300se de Mbandaka-Bikoro a de\u0301bute\u0301 ce lundi 18 aou\u0302t 2025 ...\" \/>\n<meta name=\"robots\" content=\"index, follow, max-snippet:-1, max-image-preview:large, max-video-preview:-1\" \/>\n<link rel=\"canonical\" href=\"https:\/\/www.africa-press.net\/congo-kinshasa\/toutes-les-actualites\/retraite-sacerdotale-annuelle-des-pretres-de-mbandaka-bikoro\" \/>\n<meta property=\"og:locale\" content=\"fr_FR\" \/>\n<meta property=\"og:type\" content=\"article\" \/>\n<meta property=\"og:title\" content=\"Retraite Sacerdotale Annuelle des Pr\u00eatres de Mbandaka-Bikoro\" \/>\n<meta property=\"og:description\" content=\"La retraite sacerdotale annuelle des pre\u0302tres de l\u2019archidioce\u0300se de Mbandaka-Bikoro a de\u0301bute\u0301 ce lundi 18 aou\u0302t 2025 ...\" \/>\n<meta property=\"og:url\" content=\"https:\/\/www.africa-press.net\/congo-kinshasa\/toutes-les-actualites\/retraite-sacerdotale-annuelle-des-pretres-de-mbandaka-bikoro\" \/>\n<meta property=\"og:site_name\" content=\"Congo-kinshasa\" \/>\n<meta property=\"article:published_time\" content=\"2025-08-18T21:28:42+00:00\" \/>\n<meta property=\"article:modified_time\" content=\"2025-08-18T22:10:02+00:00\" \/>\n<meta property=\"og:image\" content=\"https:\/\/static.africa-press.net\/congo-kinshasa\/sites\/49\/2025\/08\/sm_1755541709.819962.jpg\" \/>\n\t<meta property=\"og:image:width\" content=\"720\" \/>\n\t<meta property=\"og:image:height\" content=\"540\" \/>\n\t<meta property=\"og:image:type\" content=\"image\/jpeg\" \/>\n<meta name=\"author\" content=\"cfeditorfr\" \/>\n<meta name=\"twitter:card\" content=\"summary_large_image\" \/>\n<meta name=\"twitter:label1\" content=\"\u00c9crit par\" \/>\n\t<meta name=\"twitter:data1\" content=\"cfeditorfr\" \/>\n\t<meta name=\"twitter:label2\" content=\"Dur\u00e9e de lecture estim\u00e9e\" \/>\n\t<meta name=\"twitter:data2\" content=\"1 minute\" \/>\n<script type=\"application\/ld+json\" class=\"yoast-schema-graph\">{\"@context\":\"https:\/\/schema.org\",\"@graph\":[{\"@type\":\"Article\",\"@id\":\"https:\/\/www.africa-press.net\/congo-kinshasa\/toutes-les-actualites\/retraite-sacerdotale-annuelle-des-pretres-de-mbandaka-bikoro#article\",\"isPartOf\":{\"@id\":\"https:\/\/www.africa-press.net\/congo-kinshasa\/toutes-les-actualites\/retraite-sacerdotale-annuelle-des-pretres-de-mbandaka-bikoro\"},\"author\":{\"name\":\"cfeditorfr\",\"@id\":\"https:\/\/www.africa-press.net\/congo-kinshasa\/#\/schema\/person\/2b1cf3cd81a31e3cd26889ca66d677f1\"},\"headline\":\"Retraite Sacerdotale Annuelle des Pr\u00eatres de Mbandaka-Bikoro\",\"datePublished\":\"2025-08-18T21:28:42+00:00\",\"dateModified\":\"2025-08-18T22:10:02+00:00\",\"mainEntityOfPage\":{\"@id\":\"https:\/\/www.africa-press.net\/congo-kinshasa\/toutes-les-actualites\/retraite-sacerdotale-annuelle-des-pretres-de-mbandaka-bikoro\"},\"wordCount\":178,\"commentCount\":0,\"image\":{\"@id\":\"https:\/\/www.africa-press.net\/congo-kinshasa\/toutes-les-actualites\/retraite-sacerdotale-annuelle-des-pretres-de-mbandaka-bikoro#primaryimage\"},\"thumbnailUrl\":\"https:\/\/static.africa-press.net\/congo-kinshasa\/sites\/49\/2025\/08\/sm_1755541709.819962.jpg\",\"keywords\":[\"Congo Kinshasa\"],\"articleSection\":[\"Communaut\u00e9\",\"Toutes les actualit\u00e9s\"],\"inLanguage\":\"fr-FR\",\"potentialAction\":[{\"@type\":\"CommentAction\",\"name\":\"Comment\",\"target\":[\"https:\/\/www.africa-press.net\/congo-kinshasa\/toutes-les-actualites\/retraite-sacerdotale-annuelle-des-pretres-de-mbandaka-bikoro#respond\"]}]},{\"@type\":\"WebPage\",\"@id\":\"https:\/\/www.africa-press.net\/congo-kinshasa\/toutes-les-actualites\/retraite-sacerdotale-annuelle-des-pretres-de-mbandaka-bikoro\",\"url\":\"https:\/\/www.africa-press.net\/congo-kinshasa\/toutes-les-actualites\/retraite-sacerdotale-annuelle-des-pretres-de-mbandaka-bikoro\",\"name\":\"Retraite Sacerdotale Annuelle des Pr\u00eatres de Mbandaka-Bikoro - Congo-kinshasa\",\"isPartOf\":{\"@id\":\"https:\/\/www.africa-press.net\/congo-kinshasa\/#website\"},\"primaryImageOfPage\":{\"@id\":\"https:\/\/www.africa-press.net\/congo-kinshasa\/toutes-les-actualites\/retraite-sacerdotale-annuelle-des-pretres-de-mbandaka-bikoro#primaryimage\"},\"image\":{\"@id\":\"https:\/\/www.africa-press.net\/congo-kinshasa\/toutes-les-actualites\/retraite-sacerdotale-annuelle-des-pretres-de-mbandaka-bikoro#primaryimage\"},\"thumbnailUrl\":\"https:\/\/static.africa-press.net\/congo-kinshasa\/sites\/49\/2025\/08\/sm_1755541709.819962.jpg\",\"datePublished\":\"2025-08-18T21:28:42+00:00\",\"dateModified\":\"2025-08-18T22:10:02+00:00\",\"author\":{\"@id\":\"https:\/\/www.africa-press.net\/congo-kinshasa\/#\/schema\/person\/2b1cf3cd81a31e3cd26889ca66d677f1\"},\"description\":\"La retraite sacerdotale annuelle des pre\u0302tres de l\u2019archidioce\u0300se de Mbandaka-Bikoro a de\u0301bute\u0301 ce lundi 18 aou\u0302t 2025 ...\",\"breadcrumb\":{\"@id\":\"https:\/\/www.africa-press.net\/congo-kinshasa\/toutes-les-actualites\/retraite-sacerdotale-annuelle-des-pretres-de-mbandaka-bikoro#breadcrumb\"},\"inLanguage\":\"fr-FR\",\"potentialAction\":[{\"@type\":\"ReadAction\",\"target\":[\"https:\/\/www.africa-press.net\/congo-kinshasa\/toutes-les-actualites\/retraite-sacerdotale-annuelle-des-pretres-de-mbandaka-bikoro\"]}]},{\"@type\":\"ImageObject\",\"inLanguage\":\"fr-FR\",\"@id\":\"https:\/\/www.africa-press.net\/congo-kinshasa\/toutes-les-actualites\/retraite-sacerdotale-annuelle-des-pretres-de-mbandaka-bikoro#primaryimage\",\"url\":\"https:\/\/static.africa-press.net\/congo-kinshasa\/sites\/49\/2025\/08\/sm_1755541709.819962.jpg\",\"contentUrl\":\"https:\/\/static.africa-press.net\/congo-kinshasa\/sites\/49\/2025\/08\/sm_1755541709.819962.jpg\",\"width\":720,\"height\":540,\"caption\":\"Retraite Sacerdotale Annuelle des Pr\u00eatres de Mbandaka-Bikoro\"},{\"@type\":\"BreadcrumbList\",\"@id\":\"https:\/\/www.africa-press.net\/congo-kinshasa\/toutes-les-actualites\/retraite-sacerdotale-annuelle-des-pretres-de-mbandaka-bikoro#breadcrumb\",\"itemListElement\":[{\"@type\":\"ListItem\",\"position\":1,\"name\":\"Accueil\",\"item\":\"https:\/\/www.africa-press.net\/congo-kinshasa\/\"},{\"@type\":\"ListItem\",\"position\":2,\"name\":\"Retraite Sacerdotale Annuelle des Pr\u00eatres de Mbandaka-Bikoro\"}]},{\"@type\":\"WebSite\",\"@id\":\"https:\/\/www.africa-press.net\/congo-kinshasa\/#website\",\"url\":\"https:\/\/www.africa-press.net\/congo-kinshasa\/\",\"name\":\"Congo-kinshasa\",\"description\":\"Just another Africa News Agency Sites site\",\"potentialAction\":[{\"@type\":\"SearchAction\",\"target\":{\"@type\":\"EntryPoint\",\"urlTemplate\":\"https:\/\/www.africa-press.net\/congo-kinshasa\/?s={search_term_string}\"},\"query-input\":{\"@type\":\"PropertyValueSpecification\",\"valueRequired\":true,\"valueName\":\"search_term_string\"}}],\"inLanguage\":\"fr-FR\"},{\"@type\":\"Person\",\"@id\":\"https:\/\/www.africa-press.net\/congo-kinshasa\/#\/schema\/person\/2b1cf3cd81a31e3cd26889ca66d677f1\",\"name\":\"cfeditorfr\"}]}<\/script>\n<!-- \/ Yoast SEO Premium plugin. -->","yoast_head_json":{"title":"Retraite Sacerdotale Annuelle des Pr\u00eatres de Mbandaka-Bikoro - Congo-kinshasa","description":"La retraite sacerdotale annuelle des pre\u0302tres de l\u2019archidioce\u0300se de Mbandaka-Bikoro a de\u0301bute\u0301 ce lundi 18 aou\u0302t 2025 ...","robots":{"index":"index","follow":"follow","max-snippet":"max-snippet:-1","max-image-preview":"max-image-preview:large","max-video-preview":"max-video-preview:-1"},"canonical":"https:\/\/www.africa-press.net\/congo-kinshasa\/toutes-les-actualites\/retraite-sacerdotale-annuelle-des-pretres-de-mbandaka-bikoro","og_locale":"fr_FR","og_type":"article","og_title":"Retraite Sacerdotale Annuelle des Pr\u00eatres de Mbandaka-Bikoro","og_description":"La retraite sacerdotale annuelle des pre\u0302tres de l\u2019archidioce\u0300se de Mbandaka-Bikoro a de\u0301bute\u0301 ce lundi 18 aou\u0302t 2025 ...","og_url":"https:\/\/www.africa-press.net\/congo-kinshasa\/toutes-les-actualites\/retraite-sacerdotale-annuelle-des-pretres-de-mbandaka-bikoro","og_site_name":"Congo-kinshasa","article_published_time":"2025-08-18T21:28:42+00:00","article_modified_time":"2025-08-18T22:10:02+00:00","og_image":[{"width":720,"height":540,"url":"https:\/\/static.africa-press.net\/congo-kinshasa\/sites\/49\/2025\/08\/sm_1755541709.819962.jpg","type":"image\/jpeg"}],"author":"cfeditorfr","twitter_card":"summary_large_image","twitter_misc":{"\u00c9crit par":"cfeditorfr","Dur\u00e9e de lecture estim\u00e9e":"1 minute"},"schema":{"@context":"https:\/\/schema.org","@graph":[{"@type":"Article","@id":"https:\/\/www.africa-press.net\/congo-kinshasa\/toutes-les-actualites\/retraite-sacerdotale-annuelle-des-pretres-de-mbandaka-bikoro#article","isPartOf":{"@id":"https:\/\/www.africa-press.net\/congo-kinshasa\/toutes-les-actualites\/retraite-sacerdotale-annuelle-des-pretres-de-mbandaka-bikoro"},"author":{"name":"cfeditorfr","@id":"https:\/\/www.africa-press.net\/congo-kinshasa\/#\/schema\/person\/2b1cf3cd81a31e3cd26889ca66d677f1"},"headline":"Retraite Sacerdotale Annuelle des Pr\u00eatres de Mbandaka-Bikoro","datePublished":"2025-08-18T21:28:42+00:00","dateModified":"2025-08-18T22:10:02+00:00","mainEntityOfPage":{"@id":"https:\/\/www.africa-press.net\/congo-kinshasa\/toutes-les-actualites\/retraite-sacerdotale-annuelle-des-pretres-de-mbandaka-bikoro"},"wordCount":178,"commentCount":0,"image":{"@id":"https:\/\/www.africa-press.net\/congo-kinshasa\/toutes-les-actualites\/retraite-sacerdotale-annuelle-des-pretres-de-mbandaka-bikoro#primaryimage"},"thumbnailUrl":"https:\/\/static.africa-press.net\/congo-kinshasa\/sites\/49\/2025\/08\/sm_1755541709.819962.jpg","keywords":["Congo Kinshasa"],"articleSection":["Communaut\u00e9","Toutes les actualit\u00e9s"],"inLanguage":"fr-FR","potentialAction":[{"@type":"CommentAction","name":"Comment","target":["https:\/\/www.africa-press.net\/congo-kinshasa\/toutes-les-actualites\/retraite-sacerdotale-annuelle-des-pretres-de-mbandaka-bikoro#respond"]}]},{"@type":"WebPage","@id":"https:\/\/www.africa-press.net\/congo-kinshasa\/toutes-les-actualites\/retraite-sacerdotale-annuelle-des-pretres-de-mbandaka-bikoro","url":"https:\/\/www.africa-press.net\/congo-kinshasa\/toutes-les-actualites\/retraite-sacerdotale-annuelle-des-pretres-de-mbandaka-bikoro","name":"Retraite Sacerdotale Annuelle des Pr\u00eatres de Mbandaka-Bikoro - Congo-kinshasa","isPartOf":{"@id":"https:\/\/www.africa-press.net\/congo-kinshasa\/#website"},"primaryImageOfPage":{"@id":"https:\/\/www.africa-press.net\/congo-kinshasa\/toutes-les-actualites\/retraite-sacerdotale-annuelle-des-pretres-de-mbandaka-bikoro#primaryimage"},"image":{"@id":"https:\/\/www.africa-press.net\/congo-kinshasa\/toutes-les-actualites\/retraite-sacerdotale-annuelle-des-pretres-de-mbandaka-bikoro#primaryimage"},"thumbnailUrl":"https:\/\/static.africa-press.net\/congo-kinshasa\/sites\/49\/2025\/08\/sm_1755541709.819962.jpg","datePublished":"2025-08-18T21:28:42+00:00","dateModified":"2025-08-18T22:10:02+00:00","author":{"@id":"https:\/\/www.africa-press.net\/congo-kinshasa\/#\/schema\/person\/2b1cf3cd81a31e3cd26889ca66d677f1"},"description":"La retraite sacerdotale annuelle des pre\u0302tres de l\u2019archidioce\u0300se de Mbandaka-Bikoro a de\u0301bute\u0301 ce lundi 18 aou\u0302t 2025 ...","breadcrumb":{"@id":"https:\/\/www.africa-press.net\/congo-kinshasa\/toutes-les-actualites\/retraite-sacerdotale-annuelle-des-pretres-de-mbandaka-bikoro#breadcrumb"},"inLanguage":"fr-FR","potentialAction":[{"@type":"ReadAction","target":["https:\/\/www.africa-press.net\/congo-kinshasa\/toutes-les-actualites\/retraite-sacerdotale-annuelle-des-pretres-de-mbandaka-bikoro"]}]},{"@type":"ImageObject","inLanguage":"fr-FR","@id":"https:\/\/www.africa-press.net\/congo-kinshasa\/toutes-les-actualites\/retraite-sacerdotale-annuelle-des-pretres-de-mbandaka-bikoro#primaryimage","url":"https:\/\/static.africa-press.net\/congo-kinshasa\/sites\/49\/2025\/08\/sm_1755541709.819962.jpg","contentUrl":"https:\/\/static.africa-press.net\/congo-kinshasa\/sites\/49\/2025\/08\/sm_1755541709.819962.jpg","width":720,"height":540,"caption":"Retraite Sacerdotale Annuelle des Pr\u00eatres de Mbandaka-Bikoro"},{"@type":"BreadcrumbList","@id":"https:\/\/www.africa-press.net\/congo-kinshasa\/toutes-les-actualites\/retraite-sacerdotale-annuelle-des-pretres-de-mbandaka-bikoro#breadcrumb","itemListElement":[{"@type":"ListItem","position":1,"name":"Accueil","item":"https:\/\/www.africa-press.net\/congo-kinshasa\/"},{"@type":"ListItem","position":2,"name":"Retraite Sacerdotale Annuelle des Pr\u00eatres de Mbandaka-Bikoro"}]},{"@type":"WebSite","@id":"https:\/\/www.africa-press.net\/congo-kinshasa\/#website","url":"https:\/\/www.africa-press.net\/congo-kinshasa\/","name":"Congo-kinshasa","description":"Just another Africa News Agency Sites site","potentialAction":[{"@type":"SearchAction","target":{"@type":"EntryPoint","urlTemplate":"https:\/\/www.africa-press.net\/congo-kinshasa\/?s={search_term_string}"},"query-input":{"@type":"PropertyValueSpecification","valueRequired":true,"valueName":"search_term_string"}}],"inLanguage":"fr-FR"},{"@type":"Person","@id":"https:\/\/www.africa-press.net\/congo-kinshasa\/#\/schema\/person\/2b1cf3cd81a31e3cd26889ca66d677f1","name":"cfeditorfr"}]}},"_links":{"self":[{"href":"https:\/\/www.africa-press.net\/congo-kinshasa\/wp-json\/wp\/v2\/posts\/121769","targetHints":{"allow":["GET"]}}],"collection":[{"href":"https:\/\/www.africa-press.net\/congo-kinshasa\/wp-json\/wp\/v2\/posts"}],"about":[{"href":"https:\/\/www.africa-press.net\/congo-kinshasa\/wp-json\/wp\/v2\/types\/post"}],"author":[{"embeddable":true,"href":"https:\/\/www.africa-press.net\/congo-kinshasa\/wp-json\/wp\/v2\/users\/82"}],"replies":[{"embeddable":true,"href":"https:\/\/www.africa-press.net\/congo-kinshasa\/wp-json\/wp\/v2\/comments?post=121769"}],"version-history":[{"count":0,"href":"https:\/\/www.africa-press.net\/congo-kinshasa\/wp-json\/wp\/v2\/posts\/121769\/revisions"}],"wp:featuredmedia":[{"embeddable":true,"href":"https:\/\/www.africa-press.net\/congo-kinshasa\/wp-json\/wp\/v2\/media\/121768"}],"wp:attachment":[{"href":"https:\/\/www.africa-press.net\/congo-kinshasa\/wp-json\/wp\/v2\/media?parent=121769"}],"wp:term":[{"taxonomy":"category","embeddable":true,"href":"https:\/\/www.africa-press.net\/congo-kinshasa\/wp-json\/wp\/v2\/categories?post=121769"},{"taxonomy":"post_tag","embeddable":true,"href":"https:\/\/www.africa-press.net\/congo-kinshasa\/wp-json\/wp\/v2\/tags?post=121769"}],"curies":[{"name":"wp","href":"https:\/\/api.w.org\/{rel}","templated":true}]}}