{"id":123407,"date":"2025-08-28T12:55:39","date_gmt":"2025-08-28T12:55:39","guid":{"rendered":"https:\/\/www.africa-press.net\/congo-kinshasa\/politique\/rdc-peine-de-mort-requise-contre-lex-president-kabila"},"modified":"2025-09-07T13:08:59","modified_gmt":"2025-09-07T13:08:59","slug":"rdc-peine-de-mort-requise-contre-lex-president-kabila","status":"publish","type":"post","link":"https:\/\/www.africa-press.net\/congo-kinshasa\/dossiers\/rdc-peine-de-mort-requise-contre-lex-president-kabila","title":{"rendered":"RDC\u202f: Peine de Mort Requise Contre L\u2019ex-pr\u00e9sident Kabila"},"content":{"rendered":"<p><b>Anouar CHENNOUFI <\/b><\/p>\n<p><span style=\"color: #ff6600\"><strong>Africa-Press &#8211; Congo Kinshasa. <\/strong><\/span>Apre\u0300s des anne\u0301es de silence, l&rsquo;ancien pre\u0301sident de la Re\u0301publique de\u0301mocratique du Congo (RDC), Joseph Kabila, e\u0301tait revenu sur la sce\u0300ne politique dans un contexte de tensions croissantes. Cette nouvelle apparition, que certains conside\u0300rent comme une mesure de repre\u0301sailles, refle\u0301tait l&rsquo;ambition de Kabila de retrouver son ro\u0302le politique a\u0300 un moment ou\u0300 le pays est confronte\u0301 a\u0300 des de\u0301fis se\u0301curitaires et diplomatiques complexes.<\/p>\n<p>Sauf que Kabila est accuse\u0301 par l&rsquo;actuel pre\u0301sident Fe\u0301lix Tshisekedi de ses liens possibles avec l&rsquo;Alliance du fleuve Congo, dont le mouvement M23 est une composante majeure.<\/p>\n<p>Nous entamons ce dossier avec un peu de recul pour analyser la situation en Re\u0301publique de\u0301mocratique du Congo.<\/p>\n<p><b>\u2022 Une strate\u0301gie de silence limite\u0301<\/b><\/p>\n<p>Il importe de rappeler que, depuis son de\u0301part du pouvoir en janvier 2019, Joseph Kabila a choisi de rester discret, adoptant une strate\u0301gie du silence qui a contribue\u0301 a\u0300 cre\u0301er une ambigui\u0308te\u0301 quant a\u0300 ses positions et ses objectifs.<\/p>\n<p>Durant cette pe\u0301riode, son image publique est reste\u0301e ternie, ses proches cherchant a\u0300 le pre\u0301senter comme un \u00ab pre\u0301sident serein \u00bb apre\u0300s la premie\u0300re passation pacifique du pouvoir de l&rsquo;histoire du Congo, malgre\u0301 la controverse entourant les e\u0301lections qui ont conduit a\u0300 l&rsquo;e\u0301lection de son successeur et actuel pre\u0301sident, Fe\u0301lix Tshisekedi.<\/p>\n<p>A\u0300 mesure que le temps passait et que la situation se\u0301curitaire dans l&rsquo;est du pays se de\u0301te\u0301riorait, avec notamment la reprise du conflit dans des re\u0301gions comme Goma et Bukavu, et les accusations de Tshisekedi envers Kabila d&rsquo;e\u0302tre implique\u0301 dans cette crise en soutenant le mouvement M23, ce silence semblait faire plus de mal que de bien, car il permettait a\u0300 ses proches d&rsquo;intensifier les rumeurs sur son intention de revenir sur la sce\u0300ne politique.<\/p>\n<p><b>\u2022 Un retour me\u0301diatique suivi d\u2019une leve\u0301e d\u2019immunite\u0301 a\u0300 J. Kabila<\/b><\/p>\n<p>Son retour a\u0300 Goma, le vendredi 18 avril 2025, dans un contexte de crise se\u0301curitaire en Re\u0301publique de\u0301mocratique du Congo, n\u2019a fait que raviver davantage les tensions politiques.<\/p>\n<p>Revenu dans son pays par la zone sous contro\u0302le du M23, qu\u2019il est accuse\u0301 par les autorite\u0301s de soutenir, l\u2019ancien pre\u0301sident multiplie les apparitions publiques. Un retour au premier plan soigneusement pre\u0301pare\u0301 par une poigne\u0301e de ses fide\u0300les, lesquels tentent d\u2019imposer un face-a\u0300-face avec son successeur.<\/p>\n<p>On rele\u0300ve que les se\u0301nateurs, quelques semaines apre\u0300s son retour, ont vote\u0301 le 22 mai 2025, avec une e\u0301crasante majorite\u0301, en faveur de la leve\u0301e de l\u2019immunite\u0301 de l\u2019ancien chef de l\u2019E\u0301tat et se\u0301nateur a\u0300 vie, accuse\u0301 par Fe\u0301lix Tshisekedi de soutenir les rebelles de l\u2019AFC\/M23. Joseph Kabila, qui pre\u0301tend toujours e\u0302tre en exil, est donc officiellement poursuivi pour trahison.<\/p>\n<p>Ce retour me\u0301diatique intervient a\u0300 un moment tre\u0300s de\u0301licat, a\u0300 un moment ou\u0300 Tshisekedi peine a\u0300 ge\u0301rer la crise du M23, qui s&rsquo;est e\u0301tendue a\u0300 l&rsquo;est du pays, de\u0301stabilisant son re\u0301gime.<\/p>\n<p>A noter que l&rsquo;ONU accuse le M23 d&rsquo;avoir commis des crimes ge\u0301ne\u0301ralise\u0301s contre des civils et de recevoir un soutien du Rwanda, selon les me\u0301dias d&rsquo;E\u0301tat congolais.<\/p>\n<p><img loading=\"lazy\" decoding=\"async\" width=\"1024\" height=\"576\" class=\"alignnone wp-image-123404 size-full\" src=\"https:\/\/static.africa-press.net\/congo-kinshasa\/sites\/49\/2025\/09\/sm_1757237661.301457.jpg\" srcset=\"https:\/\/static.africa-press.net\/congo-kinshasa\/sites\/49\/2025\/09\/sm_1757237661.301457.jpg 1024w, https:\/\/static.africa-press.net\/congo-kinshasa\/sites\/49\/2025\/09\/sm_1757237661.301457-300x169.jpg 300w, https:\/\/static.africa-press.net\/congo-kinshasa\/sites\/49\/2025\/09\/sm_1757237661.301457-768x432.jpg 768w\" sizes=\"auto, (max-width: 1024px) 100vw, 1024px\" \/><br \/>\n<b>\u2022 Ouverture d\u2019un proce\u0300s a\u0300 l\u2019encontre de Kabila<\/b><\/p>\n<p>Un proce\u0300s contre l&rsquo;ancien pre\u0301sident congolais Joseph Kabila s&rsquo;est ouvert en Re\u0301publique de\u0301mocratique du Congo devant la Cour militaire supre\u0302me, apre\u0300s la leve\u0301e de son immunite\u0301 par le Se\u0301nat, en mai dernier, et Kabila se retrouve ainsi poursuivi par de graves accusations.<\/p>\n<p>Selon certains medias internationaux, l&rsquo;acte d&rsquo;accusation comprend des chefs d&rsquo;accusation graves, notamment:<br \/>\na) participation a\u0300 une re\u0301bellion,<br \/>\nb) crime contre la paix,<br \/>\nc) meurtre avec pre\u0301me\u0301ditation,<br \/>\nd) trahison,<br \/>\ne) incitation,<br \/>\nf) viol,<br \/>\ng) torture,<br \/>\nh) de\u0301placement force\u0301,<br \/>\ni) et prise de contro\u0302le de Goma par la force.<\/p>\n<p>Certaines de ces accusations ont e\u0301te\u0301 re\u0301ve\u0301le\u0301es lors de la proce\u0301dure de leve\u0301e d&rsquo;immunite\u0301 du Se\u0301nat. L&rsquo;accusation se concentre spe\u0301cifiquement sur la pre\u0301sence de Kabila a\u0300 Goma, ville sous contro\u0302le du mouvement rebelle M23.<\/p>\n<p>Il s\u2019agit donc d\u2019un proce\u0300s qui suscite un vif inte\u0301re\u0302t tant a\u0300 l&rsquo;inte\u0301rieur qu&rsquo;a\u0300 l&rsquo;exte\u0301rieur du pays, car il est sans pre\u0301ce\u0301dent dans l&rsquo;histoire de la Re\u0301publique de\u0301mocratique du Congo qu&rsquo;un ancien pre\u0301sident soit juge\u0301 pour des accusations aussi graves devant un tribunal militaire.<\/p>\n<p>Evidemment, Kabila n\u2019a pas assiste\u0301 a\u0300 l&rsquo;audience du vendredi 25 juillet dernier, car il est pre\u0301sume\u0301 e\u0302tre en exil depuis plus de deux ans, malgre\u0301 sa re\u0301cente visite a\u0300 Goma, ou\u0300 il a se\u0301journe\u0301 pendant plusieurs semaines (et peut-e\u0302tre qu\u2019il y est encore).<\/p>\n<p><b>\u2022 Justice ou re\u0300glement de comptes?<\/b><\/p>\n<p>Le procureur militaire de la Re\u0301publique de\u0301mocratique du Congo, a requis le vendredi 22 aou\u0302t \u00ab la peine de mort \u00bb contre l&rsquo;ancien pre\u0301sident Joseph Kabila, \u00ab juge\u0301 par contumace \u00bb devant les tribunaux militaires de son pays pour crimes de guerre, notamment meurtre, torture et viol, et autres de\u0301lits.<\/p>\n<p>En effet, le ge\u0301ne\u0301ral Lucien Rene\u0301 Likulia, repre\u0301sentant du ministe\u0300re public, a appele\u0301 les juges de la Haute cour militaire a\u0300 condamner a\u0300 la peine de mort l\u2019ex-pre\u0301sident Joseph Kabila pour crimes de guerre, trahison, et organisation d&rsquo;un mouvement insurrectionnel, ainsi qu&rsquo;a\u0300 20 ans de prison pour apologie de crimes de guerre et 15 ans de prison pour complot.<\/p>\n<p>On rele\u0300ve que le re\u0301gime de l&rsquo;actuel pre\u0301sident de la RDC, Fe\u0301lix Tshisekedi, a exige\u0301 de traduire son pre\u0301de\u0301cesseur en justice, l&rsquo;accusant de soutien aux rebelles et de crimes contre l&rsquo;humanite\u0301.<\/p>\n<p>Pour rappel, Kabila a dirige\u0301 la RDC pendant pre\u0300s de deux de\u0301cennies avant de de\u0301missionner en 2018 et de fuir le pays vers, principalement, l\u2019Afrique du Sud, sachant qu\u2019il a e\u0301te\u0301 vu pour la dernie\u0300re fois dans une zone rebelle de l&rsquo;est du pays.<\/p>\n<p>Des informations ont confirme\u0301 qu\u2019il e\u0301tait apparu fin mai a\u0300 Goma, une ville sous contro\u0302le du groupe antigouvernemental M23 (dirige\u0301 politiquement par Bertrand Bisimwa, bien que le commandement militaire des attaques soit assure\u0301 par Sultani Makenga), ou\u0300 il avait mene\u0301 des consultations avec des repre\u0301sentants politiques et de la socie\u0301te\u0301 civile en vue, selon lui, de contribuer au retour de la paix en RDC.<\/p>\n<p>Le procureur militaire, le ge\u0301ne\u0301ral Lucien Rene\u0301 Likulia, a de\u0301clare\u0301 a\u0300 la Cour supre\u0302me qu&rsquo;il reque\u0301rait la peine de mort contre Kabila pour meurtre, viol, de\u0301portation et torture, entre autres crimes.<\/p>\n<p>A noter que Joseph Kabila avait annonce\u0301 en avril dernier son intention de retourner au Congo pour contribuer aux efforts de paix dans l&rsquo;est du pays, de\u0301chire\u0301 par la guerre. Cependant, plus tard dans le mois, le gouvernement a rapidement interdit son parti politique et confisque\u0301 ses biens.<\/p>\n<p>Dans ce contexte, Ferdinand Kambere, secre\u0301taire exe\u0301cutif national du Parti du Peuple pour la Reconstruction et le De\u0301veloppement (PPRD) de Kabila, a de\u0301clare\u0301 il y a quelques jours que les actions du gouvernement constituaient des mesures arbitraires et un acte de perse\u0301cution contre un membre de l&rsquo;opposition.<\/p>\n<p>\u00ab C\u2019est un proce\u0300s politique, le re\u0301gime cherche a\u0300 dissimuler son e\u0301chec diplomatique et militaire \u00bb, a de\u0301clare\u0301 re\u0301cemment Kambere a\u0300 l\u2019issue du re\u0301quisitoire. Pour lui, cette condamnation revient a\u0300 \u00ab perse\u0301cuter un opposant, car les conditions actuelles ne garantissent pas un proce\u0300s e\u0301quitable \u00bb.<\/p>\n<p>Kambere a accorde\u0301 e\u0301galement une de\u0301claration a\u0300 l\u2019agence Reuters, dans laquelle il a indique\u0301 que la de\u0301cision de suspension, qui visait le parti et ses dirigeants, constituait une violation flagrante de la Constitution et des lois de la Re\u0301publique de\u0301mocratique du Congo.<\/p>\n<p>La de\u0301cision de suspendre le parti et de confisquer ses biens est intervenue seulement deux jours apre\u0300s le retour de l&rsquo;ancien pre\u0301sident a\u0300 Goma, apre\u0300s son exil volontaire en Afrique du Sud, de\u0301clarant a\u0300 l\u2019occasion son intention de participer au processus de paix et mettre fin aux combats qui opposent depuis le de\u0301but de l&rsquo;anne\u0301e les rebelles a\u0300 l&rsquo;arme\u0301e re\u0301gulie\u0300re.<\/p>\n<p>Ne\u0301anmoins, la demande de peine de mort du ministe\u0300re public contre Kabila a seme\u0301 la confusion en Re\u0301publique de\u0301mocratique du Congo tout en soulevant des questions quant a\u0300 ses implications.<\/p>\n<p>Cette e\u0301volution intervient quelques semaines apre\u0300s que Kabila soit apparu dans les zones contro\u0302le\u0301es par les rebelles du M23 dans l&rsquo;est de la Re\u0301publique de\u0301mocratique du Congo, ou\u0300 il aurait rencontre\u0301 des chefs religieux et me\u0302me d&rsquo;autres acteurs politiques et discute\u0301 des moyens d&rsquo;instaurer la paix dans le pays.<\/p>\n<p><img loading=\"lazy\" decoding=\"async\" width=\"1280\" height=\"851\" class=\"alignnone wp-image-123405 size-full\" src=\"https:\/\/static.africa-press.net\/congo-kinshasa\/sites\/49\/2025\/09\/sm_1757237665.7772.jpg\" srcset=\"https:\/\/static.africa-press.net\/congo-kinshasa\/sites\/49\/2025\/09\/sm_1757237665.7772.jpg 1280w, https:\/\/static.africa-press.net\/congo-kinshasa\/sites\/49\/2025\/09\/sm_1757237665.7772-300x199.jpg 300w, https:\/\/static.africa-press.net\/congo-kinshasa\/sites\/49\/2025\/09\/sm_1757237665.7772-1024x681.jpg 1024w, https:\/\/static.africa-press.net\/congo-kinshasa\/sites\/49\/2025\/09\/sm_1757237665.7772-768x511.jpg 768w\" sizes=\"auto, (max-width: 1280px) 100vw, 1280px\" \/><br \/>\nLe 25 mai 2025 a\u0300 Goma Kabila rencontrant des Chefs religieux<\/p>\n<p>Dans le me\u0302me contexte, un analyste politique congolais a souligne\u0301 que \u00ab la de\u0301marche du procureur ge\u0301ne\u0301ral et de l&rsquo;auditeur militaire de la Re\u0301publique du Congo te\u0301moigne d&rsquo;une approche judicieuse, car des fuites indiquent que Kabila soutient effectivement le mouvement M23, me\u0302me s&rsquo;il ne l&rsquo;a pas annonce\u0301 \u00bb.<\/p>\n<p>Avec son retour, notamment dans les re\u0301gions de l&rsquo;est, le pays entre dans un nouveau chapitre d&rsquo;un conflit qui a fait plus de 7.000 morts et de\u0301place\u0301 des centaines de milliers de personnes depuis fin de\u0301cembre dernier 2024.<\/p>\n<p>Par ailleurs, le Procureur a estime\u0301 que les violences perpe\u0301tre\u0301es par le groupe M23 dans l&rsquo;est ont cause\u0301 de \u00ab graves dommages \u00bb a\u0300 la Re\u0301publique, tenant Kabila \u00ab pe\u0301nalement et individuellement responsable \u00bb.<\/p>\n<p>Selon le ge\u0301ne\u0301ral Lucien Rene\u0301 Lekulia, Kabila, \u00ab de connivence avec le Rwanda \u00bb, a cherche\u0301 a\u0300 perpe\u0301trer un coup d&rsquo;E\u0301tat contre le re\u0301gime du pre\u0301sident Fe\u0301lix Tshisekedi, qui lui a succe\u0301de\u0301 en 2019 a\u0300 l&rsquo;issue d&rsquo;e\u0301lections conteste\u0301es.<\/p>\n<p>Au cours d&rsquo;une longue plaidoirie, le ge\u0301ne\u0301ral Lucien Rene\u0301 Lekulia, a exhorte\u0301 la cour a\u0300 prononcer les peines les plus se\u0301ve\u0300res, soulignant que Kabila porte une \u00ab responsabilite\u0301 pe\u0301nale individuelle \u00bb pour les graves dommages cause\u0301s a\u0300 la Re\u0301publique par les activite\u0301s du groupe arme\u0301 M23, soutenu par le Rwanda.<\/p>\n<p>Les partisans de Kabila ont rapidement rejete\u0301 ce proce\u0300s, affirmant qu&rsquo;il e\u0301tait motive\u0301 par des conside\u0301rations politiques et visait a\u0300 re\u0301gler ses comptes avec l&rsquo;ancien pre\u0301sident, notamment apre\u0300s l&rsquo;apparition de profonds de\u0301saccords entre lui et l&rsquo;actuel pre\u0301sident Fe\u0301lix Tshisekedi. Ils ont e\u0301galement mis en doute l&rsquo;impartialite\u0301 du pouvoir judiciaire, au vu de ce qu&rsquo;ils ont qualifie\u0301 d&rsquo;\u00ab utilisation se\u0301lective de la justice \u00bb.<\/p>\n<p>L&rsquo;affaire a suscite\u0301 une vive controverse aux niveaux national et international, notamment en raison des demandes croissantes des organisations de de\u0301fense des droits humains et des organisations internationales pour un proce\u0300s e\u0301quitable et transparent, exempt de toute contestation politique.<\/p>\n<p><b>\u2022 Quel est le Statut de la Peine de Mort en RDC?<\/b><\/p>\n<p>Selon les recherches entreprises a\u0300 ce sujet, on constate que la Re\u0301publique de\u0301mocratique du Congo maintient la peine de mort dans son code pe\u0301nal pour des crimes graves (trahison, espionnage, meurtre, etc.).<\/p>\n<p>Cependant, la RDC observe un moratoire de fait sur les exe\u0301cutions depuis 2003, or les dernie\u0300res exe\u0301cutions remontent a\u0300 2001.<\/p>\n<p>Les condamnations a\u0300 mort sont re\u0301gulie\u0300rement prononce\u0301es (souvent contre des combattants rebelles ou pour des crimes de droit commun), mais elles sont syste\u0301matiquement commue\u0301es en peines de prison a\u0300 perpe\u0301tuite\u0301.<\/p>\n<p>C\u2019est pourquoi il est tre\u0300s improbable, me\u0302me en cas de condamnation de Joseph Kabila a\u0300 la peine capitale, qu&rsquo;une exe\u0301cution ait lieu. La peine serait tre\u0300s probablement symbolique ou convertie.<\/p>\n<p>Finalement, on peut dire que la proce\u0301dure est conside\u0301re\u0301e par une grande partie de la communaute\u0301 internationale et des observateurs comme e\u0301tant motive\u0301e par des conside\u0301rations politiques pluto\u0302t que par une recherche inde\u0301pendante de justice.<\/p>\n<p>Il s&rsquo;agirait donc d&rsquo;un de\u0301veloppement significatif dans la crise politique congolaise, mais il faut le comprendre aussi comme e\u0301tant un acte dans \u00ab un bras de fer politique \u00bb bien plus large, et non comme une proce\u0301dure judiciaire conventionnelle.<\/p>\n<p><strong>Pour plus d&rsquo;informations et d&rsquo;analyses sur la <span style=\"color: #ff6600\">Congo Kinshasa<\/span>, suivez <span style=\"color: #ff6600\">Africa-Press<\/span><\/strong><\/p>\n","protected":false},"excerpt":{"rendered":"<p>Anouar CHENNOUFI Africa-Press &#8211; Congo Kinshasa. Apre\u0300s des anne\u0301es de silence, l&rsquo;ancien pre\u0301sident de la Re\u0301publique de\u0301mocratique du Congo (RDC), Joseph Kabila, e\u0301tait revenu sur la sce\u0300ne politique dans un contexte de tensions croissantes. Cette nouvelle apparition, que certains conside\u0300rent comme une mesure de repre\u0301sailles, refle\u0301tait l&rsquo;ambition de Kabila de retrouver son ro\u0302le politique a\u0300 [&hellip;]<\/p>\n","protected":false},"author":82,"featured_media":123406,"comment_status":"open","ping_status":"closed","sticky":false,"template":"","format":"standard","meta":{"footnotes":""},"categories":[7,57,10],"tags":[46,48,49,857,650,858,504,435],"class_list":["post-123407","post","type-post","status-publish","format-standard","has-post-thumbnail","hentry","category-dossiers","category-to-homepage","category-toutes-les-actualites","tag-congo-kinshasa","tag-felix-tshisekedi","tag-joseph-kabila","tag-lucien-rene-likulia","tag-m23","tag-pprd","tag-rdc","tag-terrorisme"],"yoast_head":"<!-- This site is optimized with the Yoast SEO Premium plugin v26.1 (Yoast SEO v27.0) - https:\/\/yoast.com\/product\/yoast-seo-premium-wordpress\/ -->\n<title>RDC\u202f: Peine de Mort Requise Contre L\u2019ex-pr\u00e9sident Kabila - Congo-kinshasa<\/title>\n<meta name=\"description\" content=\"Apre\u0300s des anne\u0301es de silence, l&#039;ancien pre\u0301sident de la Re\u0301publique de\u0301mocratique du Congo (RDC), Joseph Kabila, e\u0301tait ...\" \/>\n<meta name=\"robots\" content=\"index, follow, max-snippet:-1, max-image-preview:large, max-video-preview:-1\" \/>\n<link rel=\"canonical\" href=\"https:\/\/www.africa-press.net\/congo-kinshasa\/dossiers\/rdc-peine-de-mort-requise-contre-lex-president-kabila\" \/>\n<meta property=\"og:locale\" content=\"fr_FR\" \/>\n<meta property=\"og:type\" content=\"article\" \/>\n<meta property=\"og:title\" content=\"RDC\u202f: Peine de Mort Requise Contre L\u2019ex-pr\u00e9sident Kabila\" \/>\n<meta property=\"og:description\" content=\"Apre\u0300s des anne\u0301es de silence, l&#039;ancien pre\u0301sident de la Re\u0301publique de\u0301mocratique du Congo (RDC), Joseph Kabila, e\u0301tait ...\" \/>\n<meta property=\"og:url\" content=\"https:\/\/www.africa-press.net\/congo-kinshasa\/dossiers\/rdc-peine-de-mort-requise-contre-lex-president-kabila\" \/>\n<meta property=\"og:site_name\" content=\"Congo-kinshasa\" \/>\n<meta property=\"article:published_time\" content=\"2025-08-28T12:55:39+00:00\" \/>\n<meta property=\"article:modified_time\" content=\"2025-09-07T13:08:59+00:00\" \/>\n<meta property=\"og:image\" content=\"https:\/\/static.africa-press.net\/congo-kinshasa\/sites\/49\/2025\/09\/sm_1757237672.654397.jpg\" \/>\n\t<meta property=\"og:image:width\" content=\"1246\" \/>\n\t<meta property=\"og:image:height\" content=\"570\" \/>\n\t<meta property=\"og:image:type\" content=\"image\/jpeg\" \/>\n<meta name=\"author\" content=\"cfeditorfr\" \/>\n<meta name=\"twitter:card\" content=\"summary_large_image\" \/>\n<meta name=\"twitter:label1\" content=\"\u00c9crit par\" \/>\n\t<meta name=\"twitter:data1\" content=\"cfeditorfr\" \/>\n\t<meta name=\"twitter:label2\" content=\"Dur\u00e9e de lecture estim\u00e9e\" \/>\n\t<meta name=\"twitter:data2\" content=\"10 minutes\" \/>\n<script type=\"application\/ld+json\" class=\"yoast-schema-graph\">{\"@context\":\"https:\/\/schema.org\",\"@graph\":[{\"@type\":\"Article\",\"@id\":\"https:\/\/www.africa-press.net\/congo-kinshasa\/dossiers\/rdc-peine-de-mort-requise-contre-lex-president-kabila#article\",\"isPartOf\":{\"@id\":\"https:\/\/www.africa-press.net\/congo-kinshasa\/dossiers\/rdc-peine-de-mort-requise-contre-lex-president-kabila\"},\"author\":{\"name\":\"cfeditorfr\",\"@id\":\"https:\/\/www.africa-press.net\/congo-kinshasa\/#\/schema\/person\/2b1cf3cd81a31e3cd26889ca66d677f1\"},\"headline\":\"RDC\u202f: Peine de Mort Requise Contre L\u2019ex-pr\u00e9sident Kabila\",\"datePublished\":\"2025-08-28T12:55:39+00:00\",\"dateModified\":\"2025-09-07T13:08:59+00:00\",\"mainEntityOfPage\":{\"@id\":\"https:\/\/www.africa-press.net\/congo-kinshasa\/dossiers\/rdc-peine-de-mort-requise-contre-lex-president-kabila\"},\"wordCount\":2156,\"commentCount\":0,\"image\":{\"@id\":\"https:\/\/www.africa-press.net\/congo-kinshasa\/dossiers\/rdc-peine-de-mort-requise-contre-lex-president-kabila#primaryimage\"},\"thumbnailUrl\":\"https:\/\/static.africa-press.net\/congo-kinshasa\/sites\/49\/2025\/09\/sm_1757237672.654397.jpg\",\"keywords\":[\"Congo Kinshasa\",\"F\u00e9lix Tshisekedi\",\"Joseph Kabila\",\"Lucien Rene\u0301 Likulia\",\"M23\",\"PPRD\",\"RDC\",\"Terrorisme\"],\"articleSection\":[\"Dossiers\",\"to-homepage\",\"Toutes les actualit\u00e9s\"],\"inLanguage\":\"fr-FR\",\"potentialAction\":[{\"@type\":\"CommentAction\",\"name\":\"Comment\",\"target\":[\"https:\/\/www.africa-press.net\/congo-kinshasa\/dossiers\/rdc-peine-de-mort-requise-contre-lex-president-kabila#respond\"]}]},{\"@type\":\"WebPage\",\"@id\":\"https:\/\/www.africa-press.net\/congo-kinshasa\/dossiers\/rdc-peine-de-mort-requise-contre-lex-president-kabila\",\"url\":\"https:\/\/www.africa-press.net\/congo-kinshasa\/dossiers\/rdc-peine-de-mort-requise-contre-lex-president-kabila\",\"name\":\"RDC\u202f: Peine de Mort Requise Contre L\u2019ex-pr\u00e9sident Kabila - Congo-kinshasa\",\"isPartOf\":{\"@id\":\"https:\/\/www.africa-press.net\/congo-kinshasa\/#website\"},\"primaryImageOfPage\":{\"@id\":\"https:\/\/www.africa-press.net\/congo-kinshasa\/dossiers\/rdc-peine-de-mort-requise-contre-lex-president-kabila#primaryimage\"},\"image\":{\"@id\":\"https:\/\/www.africa-press.net\/congo-kinshasa\/dossiers\/rdc-peine-de-mort-requise-contre-lex-president-kabila#primaryimage\"},\"thumbnailUrl\":\"https:\/\/static.africa-press.net\/congo-kinshasa\/sites\/49\/2025\/09\/sm_1757237672.654397.jpg\",\"datePublished\":\"2025-08-28T12:55:39+00:00\",\"dateModified\":\"2025-09-07T13:08:59+00:00\",\"author\":{\"@id\":\"https:\/\/www.africa-press.net\/congo-kinshasa\/#\/schema\/person\/2b1cf3cd81a31e3cd26889ca66d677f1\"},\"description\":\"Apre\u0300s des anne\u0301es de silence, l'ancien pre\u0301sident de la Re\u0301publique de\u0301mocratique du Congo (RDC), Joseph Kabila, e\u0301tait ...\",\"breadcrumb\":{\"@id\":\"https:\/\/www.africa-press.net\/congo-kinshasa\/dossiers\/rdc-peine-de-mort-requise-contre-lex-president-kabila#breadcrumb\"},\"inLanguage\":\"fr-FR\",\"potentialAction\":[{\"@type\":\"ReadAction\",\"target\":[\"https:\/\/www.africa-press.net\/congo-kinshasa\/dossiers\/rdc-peine-de-mort-requise-contre-lex-president-kabila\"]}]},{\"@type\":\"ImageObject\",\"inLanguage\":\"fr-FR\",\"@id\":\"https:\/\/www.africa-press.net\/congo-kinshasa\/dossiers\/rdc-peine-de-mort-requise-contre-lex-president-kabila#primaryimage\",\"url\":\"https:\/\/static.africa-press.net\/congo-kinshasa\/sites\/49\/2025\/09\/sm_1757237672.654397.jpg\",\"contentUrl\":\"https:\/\/static.africa-press.net\/congo-kinshasa\/sites\/49\/2025\/09\/sm_1757237672.654397.jpg\",\"width\":1246,\"height\":570,\"caption\":\"RDC\u202f: Peine de Mort Requise Contre L\u2019ex-pr\u00e9sident Kabila\"},{\"@type\":\"BreadcrumbList\",\"@id\":\"https:\/\/www.africa-press.net\/congo-kinshasa\/dossiers\/rdc-peine-de-mort-requise-contre-lex-president-kabila#breadcrumb\",\"itemListElement\":[{\"@type\":\"ListItem\",\"position\":1,\"name\":\"Accueil\",\"item\":\"https:\/\/www.africa-press.net\/congo-kinshasa\/\"},{\"@type\":\"ListItem\",\"position\":2,\"name\":\"RDC\u202f: Peine de Mort Requise Contre L\u2019ex-pr\u00e9sident Kabila\"}]},{\"@type\":\"WebSite\",\"@id\":\"https:\/\/www.africa-press.net\/congo-kinshasa\/#website\",\"url\":\"https:\/\/www.africa-press.net\/congo-kinshasa\/\",\"name\":\"Congo-kinshasa\",\"description\":\"Just another Africa News Agency Sites site\",\"potentialAction\":[{\"@type\":\"SearchAction\",\"target\":{\"@type\":\"EntryPoint\",\"urlTemplate\":\"https:\/\/www.africa-press.net\/congo-kinshasa\/?s={search_term_string}\"},\"query-input\":{\"@type\":\"PropertyValueSpecification\",\"valueRequired\":true,\"valueName\":\"search_term_string\"}}],\"inLanguage\":\"fr-FR\"},{\"@type\":\"Person\",\"@id\":\"https:\/\/www.africa-press.net\/congo-kinshasa\/#\/schema\/person\/2b1cf3cd81a31e3cd26889ca66d677f1\",\"name\":\"cfeditorfr\"}]}<\/script>\n<!-- \/ Yoast SEO Premium plugin. -->","yoast_head_json":{"title":"RDC\u202f: Peine de Mort Requise Contre L\u2019ex-pr\u00e9sident Kabila - Congo-kinshasa","description":"Apre\u0300s des anne\u0301es de silence, l'ancien pre\u0301sident de la Re\u0301publique de\u0301mocratique du Congo (RDC), Joseph Kabila, e\u0301tait ...","robots":{"index":"index","follow":"follow","max-snippet":"max-snippet:-1","max-image-preview":"max-image-preview:large","max-video-preview":"max-video-preview:-1"},"canonical":"https:\/\/www.africa-press.net\/congo-kinshasa\/dossiers\/rdc-peine-de-mort-requise-contre-lex-president-kabila","og_locale":"fr_FR","og_type":"article","og_title":"RDC\u202f: Peine de Mort Requise Contre L\u2019ex-pr\u00e9sident Kabila","og_description":"Apre\u0300s des anne\u0301es de silence, l'ancien pre\u0301sident de la Re\u0301publique de\u0301mocratique du Congo (RDC), Joseph Kabila, e\u0301tait ...","og_url":"https:\/\/www.africa-press.net\/congo-kinshasa\/dossiers\/rdc-peine-de-mort-requise-contre-lex-president-kabila","og_site_name":"Congo-kinshasa","article_published_time":"2025-08-28T12:55:39+00:00","article_modified_time":"2025-09-07T13:08:59+00:00","og_image":[{"width":1246,"height":570,"url":"https:\/\/static.africa-press.net\/congo-kinshasa\/sites\/49\/2025\/09\/sm_1757237672.654397.jpg","type":"image\/jpeg"}],"author":"cfeditorfr","twitter_card":"summary_large_image","twitter_misc":{"\u00c9crit par":"cfeditorfr","Dur\u00e9e de lecture estim\u00e9e":"10 minutes"},"schema":{"@context":"https:\/\/schema.org","@graph":[{"@type":"Article","@id":"https:\/\/www.africa-press.net\/congo-kinshasa\/dossiers\/rdc-peine-de-mort-requise-contre-lex-president-kabila#article","isPartOf":{"@id":"https:\/\/www.africa-press.net\/congo-kinshasa\/dossiers\/rdc-peine-de-mort-requise-contre-lex-president-kabila"},"author":{"name":"cfeditorfr","@id":"https:\/\/www.africa-press.net\/congo-kinshasa\/#\/schema\/person\/2b1cf3cd81a31e3cd26889ca66d677f1"},"headline":"RDC\u202f: Peine de Mort Requise Contre L\u2019ex-pr\u00e9sident Kabila","datePublished":"2025-08-28T12:55:39+00:00","dateModified":"2025-09-07T13:08:59+00:00","mainEntityOfPage":{"@id":"https:\/\/www.africa-press.net\/congo-kinshasa\/dossiers\/rdc-peine-de-mort-requise-contre-lex-president-kabila"},"wordCount":2156,"commentCount":0,"image":{"@id":"https:\/\/www.africa-press.net\/congo-kinshasa\/dossiers\/rdc-peine-de-mort-requise-contre-lex-president-kabila#primaryimage"},"thumbnailUrl":"https:\/\/static.africa-press.net\/congo-kinshasa\/sites\/49\/2025\/09\/sm_1757237672.654397.jpg","keywords":["Congo Kinshasa","F\u00e9lix Tshisekedi","Joseph Kabila","Lucien Rene\u0301 Likulia","M23","PPRD","RDC","Terrorisme"],"articleSection":["Dossiers","to-homepage","Toutes les actualit\u00e9s"],"inLanguage":"fr-FR","potentialAction":[{"@type":"CommentAction","name":"Comment","target":["https:\/\/www.africa-press.net\/congo-kinshasa\/dossiers\/rdc-peine-de-mort-requise-contre-lex-president-kabila#respond"]}]},{"@type":"WebPage","@id":"https:\/\/www.africa-press.net\/congo-kinshasa\/dossiers\/rdc-peine-de-mort-requise-contre-lex-president-kabila","url":"https:\/\/www.africa-press.net\/congo-kinshasa\/dossiers\/rdc-peine-de-mort-requise-contre-lex-president-kabila","name":"RDC\u202f: Peine de Mort Requise Contre L\u2019ex-pr\u00e9sident Kabila - Congo-kinshasa","isPartOf":{"@id":"https:\/\/www.africa-press.net\/congo-kinshasa\/#website"},"primaryImageOfPage":{"@id":"https:\/\/www.africa-press.net\/congo-kinshasa\/dossiers\/rdc-peine-de-mort-requise-contre-lex-president-kabila#primaryimage"},"image":{"@id":"https:\/\/www.africa-press.net\/congo-kinshasa\/dossiers\/rdc-peine-de-mort-requise-contre-lex-president-kabila#primaryimage"},"thumbnailUrl":"https:\/\/static.africa-press.net\/congo-kinshasa\/sites\/49\/2025\/09\/sm_1757237672.654397.jpg","datePublished":"2025-08-28T12:55:39+00:00","dateModified":"2025-09-07T13:08:59+00:00","author":{"@id":"https:\/\/www.africa-press.net\/congo-kinshasa\/#\/schema\/person\/2b1cf3cd81a31e3cd26889ca66d677f1"},"description":"Apre\u0300s des anne\u0301es de silence, l'ancien pre\u0301sident de la Re\u0301publique de\u0301mocratique du Congo (RDC), Joseph Kabila, e\u0301tait ...","breadcrumb":{"@id":"https:\/\/www.africa-press.net\/congo-kinshasa\/dossiers\/rdc-peine-de-mort-requise-contre-lex-president-kabila#breadcrumb"},"inLanguage":"fr-FR","potentialAction":[{"@type":"ReadAction","target":["https:\/\/www.africa-press.net\/congo-kinshasa\/dossiers\/rdc-peine-de-mort-requise-contre-lex-president-kabila"]}]},{"@type":"ImageObject","inLanguage":"fr-FR","@id":"https:\/\/www.africa-press.net\/congo-kinshasa\/dossiers\/rdc-peine-de-mort-requise-contre-lex-president-kabila#primaryimage","url":"https:\/\/static.africa-press.net\/congo-kinshasa\/sites\/49\/2025\/09\/sm_1757237672.654397.jpg","contentUrl":"https:\/\/static.africa-press.net\/congo-kinshasa\/sites\/49\/2025\/09\/sm_1757237672.654397.jpg","width":1246,"height":570,"caption":"RDC\u202f: Peine de Mort Requise Contre L\u2019ex-pr\u00e9sident Kabila"},{"@type":"BreadcrumbList","@id":"https:\/\/www.africa-press.net\/congo-kinshasa\/dossiers\/rdc-peine-de-mort-requise-contre-lex-president-kabila#breadcrumb","itemListElement":[{"@type":"ListItem","position":1,"name":"Accueil","item":"https:\/\/www.africa-press.net\/congo-kinshasa\/"},{"@type":"ListItem","position":2,"name":"RDC\u202f: Peine de Mort Requise Contre L\u2019ex-pr\u00e9sident Kabila"}]},{"@type":"WebSite","@id":"https:\/\/www.africa-press.net\/congo-kinshasa\/#website","url":"https:\/\/www.africa-press.net\/congo-kinshasa\/","name":"Congo-kinshasa","description":"Just another Africa News Agency Sites site","potentialAction":[{"@type":"SearchAction","target":{"@type":"EntryPoint","urlTemplate":"https:\/\/www.africa-press.net\/congo-kinshasa\/?s={search_term_string}"},"query-input":{"@type":"PropertyValueSpecification","valueRequired":true,"valueName":"search_term_string"}}],"inLanguage":"fr-FR"},{"@type":"Person","@id":"https:\/\/www.africa-press.net\/congo-kinshasa\/#\/schema\/person\/2b1cf3cd81a31e3cd26889ca66d677f1","name":"cfeditorfr"}]}},"_links":{"self":[{"href":"https:\/\/www.africa-press.net\/congo-kinshasa\/wp-json\/wp\/v2\/posts\/123407","targetHints":{"allow":["GET"]}}],"collection":[{"href":"https:\/\/www.africa-press.net\/congo-kinshasa\/wp-json\/wp\/v2\/posts"}],"about":[{"href":"https:\/\/www.africa-press.net\/congo-kinshasa\/wp-json\/wp\/v2\/types\/post"}],"author":[{"embeddable":true,"href":"https:\/\/www.africa-press.net\/congo-kinshasa\/wp-json\/wp\/v2\/users\/82"}],"replies":[{"embeddable":true,"href":"https:\/\/www.africa-press.net\/congo-kinshasa\/wp-json\/wp\/v2\/comments?post=123407"}],"version-history":[{"count":0,"href":"https:\/\/www.africa-press.net\/congo-kinshasa\/wp-json\/wp\/v2\/posts\/123407\/revisions"}],"wp:featuredmedia":[{"embeddable":true,"href":"https:\/\/www.africa-press.net\/congo-kinshasa\/wp-json\/wp\/v2\/media\/123406"}],"wp:attachment":[{"href":"https:\/\/www.africa-press.net\/congo-kinshasa\/wp-json\/wp\/v2\/media?parent=123407"}],"wp:term":[{"taxonomy":"category","embeddable":true,"href":"https:\/\/www.africa-press.net\/congo-kinshasa\/wp-json\/wp\/v2\/categories?post=123407"},{"taxonomy":"post_tag","embeddable":true,"href":"https:\/\/www.africa-press.net\/congo-kinshasa\/wp-json\/wp\/v2\/tags?post=123407"}],"curies":[{"name":"wp","href":"https:\/\/api.w.org\/{rel}","templated":true}]}}