{"id":127169,"date":"2025-10-26T18:06:56","date_gmt":"2025-10-26T18:06:56","guid":{"rendered":"https:\/\/www.africa-press.net\/congo-kinshasa\/politique\/barbara-kanam-remporte-la-medaille-vermeil-de-letoile-civique"},"modified":"2025-10-26T18:29:24","modified_gmt":"2025-10-26T18:29:24","slug":"barbara-kanam-remporte-la-medaille-vermeil-de-letoile-civique","status":"publish","type":"post","link":"https:\/\/www.africa-press.net\/congo-kinshasa\/culture-et-art\/barbara-kanam-remporte-la-medaille-vermeil-de-letoile-civique","title":{"rendered":"Barbara Kanam Remporte la M\u00e9daille Vermeil de l&rsquo;\u00c9toile Civique"},"content":{"rendered":"<p><span style=\"color: #ff6600\"><strong>Africa-Press &#8211; Congo Kinshasa. <\/strong><\/span><b>Elle fait l&rsquo;honneur de la Re\u0301publique de\u0301mocratique du Congo. Chanteuse de renom, artiste de talent, Barbara Kanam Mutund vient d&rsquo;e\u0302tre a\u0300 nouveau honore\u0301e a\u0300 l&rsquo;International. Le 15 octobre dernier, une Commission des Distinctions, re\u0301unie a\u0300 Paris, s&rsquo;est re\u0301solue de lui de\u0301cerner la me\u0301daille Vermeil de l&rsquo;E\u0301toile Civique, sous le parrainage de M. Richard Joffo, membre de cette Institution.<\/b><\/p>\n<p>Au regard de la lettre de notification qui lui a e\u0301te\u0301 re\u0301cemment envoye\u0301e, Barbara Kanam a mis d&rsquo;accord les membres de cette prestigieuse Commission des distinctions. \u00ab\u00a0Tous les membres du Conseil d&rsquo;administration se joignent a\u0300 moi pour vous adresser nos plus since\u0300res fe\u0301licitations pour l&rsquo;obtention de cette distinction qui re\u0301compense votre action au service des valeurs che\u0300res a\u0300 notre association: le de\u0301vouement et le civisme\u00a0\u00bb, lui a signifie\u0301 l&rsquo;auteur de la missive.<\/p>\n<p>\u00ab\u00a0Nous sommes honore\u0301s de vous compter de\u0301sormais parmi les membres de notre association. Nous vous remettrons votre distinction, si vous e\u0302tes disponible, lors de la prochaine ce\u0301re\u0301monie qui se tiendra le jeudi 6 novembre 2025 a\u0300 17h45 pre\u0301cise dans les salons Napole\u0301on et Pourpre du Palais du Luxembourg (Se\u0301nat)\u00a0\u00bb, lui a fait savoir Jean-Luc Chauve, le Pre\u0301sident de l&rsquo;E\u0301toile Civique.<\/p>\n<p><b>&#8230;Couronne\u0301e par l&rsquo;Acade\u0301mie franc\u0327aise<\/b><\/p>\n<p>\u00ab\u00a0L&rsquo;Etoile civique est une association (loi 1901) qui existe depuis 1930 et qui est couronne\u0301e par l&rsquo;Acade\u0301mie franc\u0327aise, renseigne l&rsquo;auteur de la correspondance. Cette association honore le courage et le de\u0301vouement aux autres, en rendant hommage aux actes et aux comportements, tout en distinguant, du plus humble au plus grand, ceux qui contribuent a\u0300 l&rsquo;enrichissement du patrimoine collectif, a\u0300 l&rsquo;ame\u0301lioration de la vie sociale, au progre\u0300s de l&rsquo;Humanite\u0301\u00a0\u00bb.<\/p>\n<p>\u00ab\u00a0L&rsquo;Etoile civique a donc pour but de distinguer ceux qui, en France et a\u0300 l&rsquo;e\u0301tranger, par leurs actions, \u0153uvrent au prestige national et de\u0301fendent les valeurs lie\u0301es a\u0300 l&rsquo;humanisme et au civisme afin de cre\u0301er une communaute\u0301 de personnes pro\u0302nant ces valeurs\u00a0\u00bb, a releve\u0301 Jean Luc Chauve.<\/p>\n<p><b>Engage\u0301e dans l&rsquo;humanitaire<\/b><\/p>\n<p>Comble\u0301e de distinctions et de re\u0301compenses honorifiques tout le long de sa carrie\u0300re musicale, Barbara Kanam s&rsquo;est davantage engage\u0301e dans l&rsquo;humanitaire. Nomme\u0301e Directeur ge\u0301ne\u0301ral du Fonds de promotion culturelle (FPC) par une ordonnance pre\u0301sidentielle rendue publique le 8 juillet 2023, Barbara Kanam a e\u0301te\u0301 promue femme de valeur par la Ministre de Genre et Famille et Enfant de la RDC).<\/p>\n<p>Elle a ainsi participe\u0301 a\u0300 de nombreuses initiatives tels que le projet \u00ab\u00a0Stop a\u0300 la guerre\u00a0\u00bb (2012) et le projet de scolarisation des enfants de\u0301favorise\u0301s en Afrique.<\/p>\n<p>Barbara Kanam est aussi une femme engage\u0301e pour la promotion de la paix, des droits de la femme et de l&rsquo;enfant aupre\u0300s de l&rsquo;ONU, l&rsquo;Unicef et l&rsquo;Unesco. C&rsquo;est dans l&rsquo;esprit de cet engagement qu&rsquo;elle a cre\u0301e\u0301 La fondation Kanam pour porter ses actions humanitaires.<\/p>\n<p><strong>Pour plus d&rsquo;informations et d&rsquo;analyses sur la <span style=\"color: #ff6600\">Congo Kinshasa<\/span>, suivez <span style=\"color: #ff6600\">Africa-Press<\/span><\/strong><\/p>\n","protected":false},"excerpt":{"rendered":"<p>Africa-Press &#8211; Congo Kinshasa. Elle fait l&rsquo;honneur de la Re\u0301publique de\u0301mocratique du Congo. Chanteuse de renom, artiste de talent, Barbara Kanam Mutund vient d&rsquo;e\u0302tre a\u0300 nouveau honore\u0301e a\u0300 l&rsquo;International. Le 15 octobre dernier, une Commission des Distinctions, re\u0301unie a\u0300 Paris, s&rsquo;est re\u0301solue de lui de\u0301cerner la me\u0301daille Vermeil de l&rsquo;E\u0301toile Civique, sous le parrainage de [&hellip;]<\/p>\n","protected":false},"author":82,"featured_media":127168,"comment_status":"open","ping_status":"closed","sticky":false,"template":"","format":"standard","meta":{"footnotes":""},"categories":[5,10],"tags":[46],"class_list":["post-127169","post","type-post","status-publish","format-standard","has-post-thumbnail","hentry","category-culture-et-art","category-toutes-les-actualites","tag-congo-kinshasa"],"yoast_head":"<!-- This site is optimized with the Yoast SEO Premium plugin v26.1 (Yoast SEO v27.0) - https:\/\/yoast.com\/product\/yoast-seo-premium-wordpress\/ -->\n<title>Barbara Kanam Remporte la M\u00e9daille Vermeil de l&#039;\u00c9toile Civique - Congo-kinshasa<\/title>\n<meta name=\"description\" content=\"Elle fait l&#039;honneur de la Re\u0301publique de\u0301mocratique du Congo. Chanteuse de renom, artiste de talent, Barbara Kanam Mu ...\" \/>\n<meta name=\"robots\" content=\"index, follow, max-snippet:-1, max-image-preview:large, max-video-preview:-1\" \/>\n<link rel=\"canonical\" href=\"https:\/\/www.africa-press.net\/congo-kinshasa\/culture-et-art\/barbara-kanam-remporte-la-medaille-vermeil-de-letoile-civique\" \/>\n<meta property=\"og:locale\" content=\"fr_FR\" \/>\n<meta property=\"og:type\" content=\"article\" \/>\n<meta property=\"og:title\" content=\"Barbara Kanam Remporte la M\u00e9daille Vermeil de l&#039;\u00c9toile Civique\" \/>\n<meta property=\"og:description\" content=\"Elle fait l&#039;honneur de la Re\u0301publique de\u0301mocratique du Congo. Chanteuse de renom, artiste de talent, Barbara Kanam Mu ...\" \/>\n<meta property=\"og:url\" content=\"https:\/\/www.africa-press.net\/congo-kinshasa\/culture-et-art\/barbara-kanam-remporte-la-medaille-vermeil-de-letoile-civique\" \/>\n<meta property=\"og:site_name\" content=\"Congo-kinshasa\" \/>\n<meta property=\"article:published_time\" content=\"2025-10-26T18:06:56+00:00\" \/>\n<meta property=\"article:modified_time\" content=\"2025-10-26T18:29:24+00:00\" \/>\n<meta property=\"og:image\" content=\"https:\/\/static.africa-press.net\/congo-kinshasa\/sites\/49\/2025\/10\/sm_1761490378.170624.jpg\" \/>\n\t<meta property=\"og:image:width\" content=\"720\" \/>\n\t<meta property=\"og:image:height\" content=\"520\" \/>\n\t<meta property=\"og:image:type\" content=\"image\/jpeg\" \/>\n<meta name=\"author\" content=\"cfeditorfr\" \/>\n<meta name=\"twitter:card\" content=\"summary_large_image\" \/>\n<meta name=\"twitter:label1\" content=\"\u00c9crit par\" \/>\n\t<meta name=\"twitter:data1\" content=\"cfeditorfr\" \/>\n\t<meta name=\"twitter:label2\" content=\"Dur\u00e9e de lecture estim\u00e9e\" \/>\n\t<meta name=\"twitter:data2\" content=\"3 minutes\" \/>\n<script type=\"application\/ld+json\" class=\"yoast-schema-graph\">{\"@context\":\"https:\/\/schema.org\",\"@graph\":[{\"@type\":\"Article\",\"@id\":\"https:\/\/www.africa-press.net\/congo-kinshasa\/culture-et-art\/barbara-kanam-remporte-la-medaille-vermeil-de-letoile-civique#article\",\"isPartOf\":{\"@id\":\"https:\/\/www.africa-press.net\/congo-kinshasa\/culture-et-art\/barbara-kanam-remporte-la-medaille-vermeil-de-letoile-civique\"},\"author\":{\"name\":\"cfeditorfr\",\"@id\":\"https:\/\/www.africa-press.net\/congo-kinshasa\/#\/schema\/person\/2b1cf3cd81a31e3cd26889ca66d677f1\"},\"headline\":\"Barbara Kanam Remporte la M\u00e9daille Vermeil de l&rsquo;\u00c9toile Civique\",\"datePublished\":\"2025-10-26T18:06:56+00:00\",\"dateModified\":\"2025-10-26T18:29:24+00:00\",\"mainEntityOfPage\":{\"@id\":\"https:\/\/www.africa-press.net\/congo-kinshasa\/culture-et-art\/barbara-kanam-remporte-la-medaille-vermeil-de-letoile-civique\"},\"wordCount\":549,\"commentCount\":0,\"image\":{\"@id\":\"https:\/\/www.africa-press.net\/congo-kinshasa\/culture-et-art\/barbara-kanam-remporte-la-medaille-vermeil-de-letoile-civique#primaryimage\"},\"thumbnailUrl\":\"https:\/\/static.africa-press.net\/congo-kinshasa\/sites\/49\/2025\/10\/sm_1761490378.170624.jpg\",\"keywords\":[\"Congo Kinshasa\"],\"articleSection\":[\"Culture et Art\",\"Toutes les actualit\u00e9s\"],\"inLanguage\":\"fr-FR\",\"potentialAction\":[{\"@type\":\"CommentAction\",\"name\":\"Comment\",\"target\":[\"https:\/\/www.africa-press.net\/congo-kinshasa\/culture-et-art\/barbara-kanam-remporte-la-medaille-vermeil-de-letoile-civique#respond\"]}]},{\"@type\":\"WebPage\",\"@id\":\"https:\/\/www.africa-press.net\/congo-kinshasa\/culture-et-art\/barbara-kanam-remporte-la-medaille-vermeil-de-letoile-civique\",\"url\":\"https:\/\/www.africa-press.net\/congo-kinshasa\/culture-et-art\/barbara-kanam-remporte-la-medaille-vermeil-de-letoile-civique\",\"name\":\"Barbara Kanam Remporte la M\u00e9daille Vermeil de l'\u00c9toile Civique - Congo-kinshasa\",\"isPartOf\":{\"@id\":\"https:\/\/www.africa-press.net\/congo-kinshasa\/#website\"},\"primaryImageOfPage\":{\"@id\":\"https:\/\/www.africa-press.net\/congo-kinshasa\/culture-et-art\/barbara-kanam-remporte-la-medaille-vermeil-de-letoile-civique#primaryimage\"},\"image\":{\"@id\":\"https:\/\/www.africa-press.net\/congo-kinshasa\/culture-et-art\/barbara-kanam-remporte-la-medaille-vermeil-de-letoile-civique#primaryimage\"},\"thumbnailUrl\":\"https:\/\/static.africa-press.net\/congo-kinshasa\/sites\/49\/2025\/10\/sm_1761490378.170624.jpg\",\"datePublished\":\"2025-10-26T18:06:56+00:00\",\"dateModified\":\"2025-10-26T18:29:24+00:00\",\"author\":{\"@id\":\"https:\/\/www.africa-press.net\/congo-kinshasa\/#\/schema\/person\/2b1cf3cd81a31e3cd26889ca66d677f1\"},\"description\":\"Elle fait l'honneur de la Re\u0301publique de\u0301mocratique du Congo. Chanteuse de renom, artiste de talent, Barbara Kanam Mu ...\",\"breadcrumb\":{\"@id\":\"https:\/\/www.africa-press.net\/congo-kinshasa\/culture-et-art\/barbara-kanam-remporte-la-medaille-vermeil-de-letoile-civique#breadcrumb\"},\"inLanguage\":\"fr-FR\",\"potentialAction\":[{\"@type\":\"ReadAction\",\"target\":[\"https:\/\/www.africa-press.net\/congo-kinshasa\/culture-et-art\/barbara-kanam-remporte-la-medaille-vermeil-de-letoile-civique\"]}]},{\"@type\":\"ImageObject\",\"inLanguage\":\"fr-FR\",\"@id\":\"https:\/\/www.africa-press.net\/congo-kinshasa\/culture-et-art\/barbara-kanam-remporte-la-medaille-vermeil-de-letoile-civique#primaryimage\",\"url\":\"https:\/\/static.africa-press.net\/congo-kinshasa\/sites\/49\/2025\/10\/sm_1761490378.170624.jpg\",\"contentUrl\":\"https:\/\/static.africa-press.net\/congo-kinshasa\/sites\/49\/2025\/10\/sm_1761490378.170624.jpg\",\"width\":720,\"height\":520,\"caption\":\"Barbara Kanam Remporte la M\u00e9daille Vermeil de l'\u00c9toile Civique\"},{\"@type\":\"BreadcrumbList\",\"@id\":\"https:\/\/www.africa-press.net\/congo-kinshasa\/culture-et-art\/barbara-kanam-remporte-la-medaille-vermeil-de-letoile-civique#breadcrumb\",\"itemListElement\":[{\"@type\":\"ListItem\",\"position\":1,\"name\":\"Accueil\",\"item\":\"https:\/\/www.africa-press.net\/congo-kinshasa\/\"},{\"@type\":\"ListItem\",\"position\":2,\"name\":\"Barbara Kanam Remporte la M\u00e9daille Vermeil de l&#8217;\u00c9toile Civique\"}]},{\"@type\":\"WebSite\",\"@id\":\"https:\/\/www.africa-press.net\/congo-kinshasa\/#website\",\"url\":\"https:\/\/www.africa-press.net\/congo-kinshasa\/\",\"name\":\"Congo-kinshasa\",\"description\":\"Just another Africa News Agency Sites site\",\"potentialAction\":[{\"@type\":\"SearchAction\",\"target\":{\"@type\":\"EntryPoint\",\"urlTemplate\":\"https:\/\/www.africa-press.net\/congo-kinshasa\/?s={search_term_string}\"},\"query-input\":{\"@type\":\"PropertyValueSpecification\",\"valueRequired\":true,\"valueName\":\"search_term_string\"}}],\"inLanguage\":\"fr-FR\"},{\"@type\":\"Person\",\"@id\":\"https:\/\/www.africa-press.net\/congo-kinshasa\/#\/schema\/person\/2b1cf3cd81a31e3cd26889ca66d677f1\",\"name\":\"cfeditorfr\"}]}<\/script>\n<!-- \/ Yoast SEO Premium plugin. -->","yoast_head_json":{"title":"Barbara Kanam Remporte la M\u00e9daille Vermeil de l'\u00c9toile Civique - Congo-kinshasa","description":"Elle fait l'honneur de la Re\u0301publique de\u0301mocratique du Congo. Chanteuse de renom, artiste de talent, Barbara Kanam Mu ...","robots":{"index":"index","follow":"follow","max-snippet":"max-snippet:-1","max-image-preview":"max-image-preview:large","max-video-preview":"max-video-preview:-1"},"canonical":"https:\/\/www.africa-press.net\/congo-kinshasa\/culture-et-art\/barbara-kanam-remporte-la-medaille-vermeil-de-letoile-civique","og_locale":"fr_FR","og_type":"article","og_title":"Barbara Kanam Remporte la M\u00e9daille Vermeil de l'\u00c9toile Civique","og_description":"Elle fait l'honneur de la Re\u0301publique de\u0301mocratique du Congo. Chanteuse de renom, artiste de talent, Barbara Kanam Mu ...","og_url":"https:\/\/www.africa-press.net\/congo-kinshasa\/culture-et-art\/barbara-kanam-remporte-la-medaille-vermeil-de-letoile-civique","og_site_name":"Congo-kinshasa","article_published_time":"2025-10-26T18:06:56+00:00","article_modified_time":"2025-10-26T18:29:24+00:00","og_image":[{"width":720,"height":520,"url":"https:\/\/static.africa-press.net\/congo-kinshasa\/sites\/49\/2025\/10\/sm_1761490378.170624.jpg","type":"image\/jpeg"}],"author":"cfeditorfr","twitter_card":"summary_large_image","twitter_misc":{"\u00c9crit par":"cfeditorfr","Dur\u00e9e de lecture estim\u00e9e":"3 minutes"},"schema":{"@context":"https:\/\/schema.org","@graph":[{"@type":"Article","@id":"https:\/\/www.africa-press.net\/congo-kinshasa\/culture-et-art\/barbara-kanam-remporte-la-medaille-vermeil-de-letoile-civique#article","isPartOf":{"@id":"https:\/\/www.africa-press.net\/congo-kinshasa\/culture-et-art\/barbara-kanam-remporte-la-medaille-vermeil-de-letoile-civique"},"author":{"name":"cfeditorfr","@id":"https:\/\/www.africa-press.net\/congo-kinshasa\/#\/schema\/person\/2b1cf3cd81a31e3cd26889ca66d677f1"},"headline":"Barbara Kanam Remporte la M\u00e9daille Vermeil de l&rsquo;\u00c9toile Civique","datePublished":"2025-10-26T18:06:56+00:00","dateModified":"2025-10-26T18:29:24+00:00","mainEntityOfPage":{"@id":"https:\/\/www.africa-press.net\/congo-kinshasa\/culture-et-art\/barbara-kanam-remporte-la-medaille-vermeil-de-letoile-civique"},"wordCount":549,"commentCount":0,"image":{"@id":"https:\/\/www.africa-press.net\/congo-kinshasa\/culture-et-art\/barbara-kanam-remporte-la-medaille-vermeil-de-letoile-civique#primaryimage"},"thumbnailUrl":"https:\/\/static.africa-press.net\/congo-kinshasa\/sites\/49\/2025\/10\/sm_1761490378.170624.jpg","keywords":["Congo Kinshasa"],"articleSection":["Culture et Art","Toutes les actualit\u00e9s"],"inLanguage":"fr-FR","potentialAction":[{"@type":"CommentAction","name":"Comment","target":["https:\/\/www.africa-press.net\/congo-kinshasa\/culture-et-art\/barbara-kanam-remporte-la-medaille-vermeil-de-letoile-civique#respond"]}]},{"@type":"WebPage","@id":"https:\/\/www.africa-press.net\/congo-kinshasa\/culture-et-art\/barbara-kanam-remporte-la-medaille-vermeil-de-letoile-civique","url":"https:\/\/www.africa-press.net\/congo-kinshasa\/culture-et-art\/barbara-kanam-remporte-la-medaille-vermeil-de-letoile-civique","name":"Barbara Kanam Remporte la M\u00e9daille Vermeil de l'\u00c9toile Civique - Congo-kinshasa","isPartOf":{"@id":"https:\/\/www.africa-press.net\/congo-kinshasa\/#website"},"primaryImageOfPage":{"@id":"https:\/\/www.africa-press.net\/congo-kinshasa\/culture-et-art\/barbara-kanam-remporte-la-medaille-vermeil-de-letoile-civique#primaryimage"},"image":{"@id":"https:\/\/www.africa-press.net\/congo-kinshasa\/culture-et-art\/barbara-kanam-remporte-la-medaille-vermeil-de-letoile-civique#primaryimage"},"thumbnailUrl":"https:\/\/static.africa-press.net\/congo-kinshasa\/sites\/49\/2025\/10\/sm_1761490378.170624.jpg","datePublished":"2025-10-26T18:06:56+00:00","dateModified":"2025-10-26T18:29:24+00:00","author":{"@id":"https:\/\/www.africa-press.net\/congo-kinshasa\/#\/schema\/person\/2b1cf3cd81a31e3cd26889ca66d677f1"},"description":"Elle fait l'honneur de la Re\u0301publique de\u0301mocratique du Congo. Chanteuse de renom, artiste de talent, Barbara Kanam Mu ...","breadcrumb":{"@id":"https:\/\/www.africa-press.net\/congo-kinshasa\/culture-et-art\/barbara-kanam-remporte-la-medaille-vermeil-de-letoile-civique#breadcrumb"},"inLanguage":"fr-FR","potentialAction":[{"@type":"ReadAction","target":["https:\/\/www.africa-press.net\/congo-kinshasa\/culture-et-art\/barbara-kanam-remporte-la-medaille-vermeil-de-letoile-civique"]}]},{"@type":"ImageObject","inLanguage":"fr-FR","@id":"https:\/\/www.africa-press.net\/congo-kinshasa\/culture-et-art\/barbara-kanam-remporte-la-medaille-vermeil-de-letoile-civique#primaryimage","url":"https:\/\/static.africa-press.net\/congo-kinshasa\/sites\/49\/2025\/10\/sm_1761490378.170624.jpg","contentUrl":"https:\/\/static.africa-press.net\/congo-kinshasa\/sites\/49\/2025\/10\/sm_1761490378.170624.jpg","width":720,"height":520,"caption":"Barbara Kanam Remporte la M\u00e9daille Vermeil de l'\u00c9toile Civique"},{"@type":"BreadcrumbList","@id":"https:\/\/www.africa-press.net\/congo-kinshasa\/culture-et-art\/barbara-kanam-remporte-la-medaille-vermeil-de-letoile-civique#breadcrumb","itemListElement":[{"@type":"ListItem","position":1,"name":"Accueil","item":"https:\/\/www.africa-press.net\/congo-kinshasa\/"},{"@type":"ListItem","position":2,"name":"Barbara Kanam Remporte la M\u00e9daille Vermeil de l&#8217;\u00c9toile Civique"}]},{"@type":"WebSite","@id":"https:\/\/www.africa-press.net\/congo-kinshasa\/#website","url":"https:\/\/www.africa-press.net\/congo-kinshasa\/","name":"Congo-kinshasa","description":"Just another Africa News Agency Sites site","potentialAction":[{"@type":"SearchAction","target":{"@type":"EntryPoint","urlTemplate":"https:\/\/www.africa-press.net\/congo-kinshasa\/?s={search_term_string}"},"query-input":{"@type":"PropertyValueSpecification","valueRequired":true,"valueName":"search_term_string"}}],"inLanguage":"fr-FR"},{"@type":"Person","@id":"https:\/\/www.africa-press.net\/congo-kinshasa\/#\/schema\/person\/2b1cf3cd81a31e3cd26889ca66d677f1","name":"cfeditorfr"}]}},"_links":{"self":[{"href":"https:\/\/www.africa-press.net\/congo-kinshasa\/wp-json\/wp\/v2\/posts\/127169","targetHints":{"allow":["GET"]}}],"collection":[{"href":"https:\/\/www.africa-press.net\/congo-kinshasa\/wp-json\/wp\/v2\/posts"}],"about":[{"href":"https:\/\/www.africa-press.net\/congo-kinshasa\/wp-json\/wp\/v2\/types\/post"}],"author":[{"embeddable":true,"href":"https:\/\/www.africa-press.net\/congo-kinshasa\/wp-json\/wp\/v2\/users\/82"}],"replies":[{"embeddable":true,"href":"https:\/\/www.africa-press.net\/congo-kinshasa\/wp-json\/wp\/v2\/comments?post=127169"}],"version-history":[{"count":0,"href":"https:\/\/www.africa-press.net\/congo-kinshasa\/wp-json\/wp\/v2\/posts\/127169\/revisions"}],"wp:featuredmedia":[{"embeddable":true,"href":"https:\/\/www.africa-press.net\/congo-kinshasa\/wp-json\/wp\/v2\/media\/127168"}],"wp:attachment":[{"href":"https:\/\/www.africa-press.net\/congo-kinshasa\/wp-json\/wp\/v2\/media?parent=127169"}],"wp:term":[{"taxonomy":"category","embeddable":true,"href":"https:\/\/www.africa-press.net\/congo-kinshasa\/wp-json\/wp\/v2\/categories?post=127169"},{"taxonomy":"post_tag","embeddable":true,"href":"https:\/\/www.africa-press.net\/congo-kinshasa\/wp-json\/wp\/v2\/tags?post=127169"}],"curies":[{"name":"wp","href":"https:\/\/api.w.org\/{rel}","templated":true}]}}