{"id":132633,"date":"2025-12-25T12:59:07","date_gmt":"2025-12-25T12:59:07","guid":{"rendered":"https:\/\/www.africa-press.net\/congo-kinshasa\/politique\/lafrique-grand-laboratoire-mondial-de-lia-appliquee"},"modified":"2025-12-31T13:27:44","modified_gmt":"2025-12-31T13:27:44","slug":"lafrique-grand-laboratoire-mondial-de-lia-appliquee","status":"publish","type":"post","link":"https:\/\/www.africa-press.net\/congo-kinshasa\/economie\/lafrique-grand-laboratoire-mondial-de-lia-appliquee","title":{"rendered":"L\u2019Afrique, Grand Laboratoire Mondial de l\u2019IA Appliqu\u00e9e"},"content":{"rendered":"<p><span class=\"ap-article-header-tag\"> <strong>Africa-Press &#8211; Congo Kinshasa. <\/strong> <\/span>A Cotonou, ou\u0300 se tenait le Sommet re\u0301gional sur la transformation nume\u0301rique, les ministres, re\u0301gulateurs et partenaires techniques ont longuement de\u0301battu de l\u2019avenir digital de l\u2019Afrique de l\u2019Ouest et du Centre. Mais c\u2019est une conviction, largement partage\u0301e dans les couloirs comme dans les sessions ple\u0301nie\u0300res, qui s\u2019est impose\u0301e: le continent n\u2019a plus le luxe d\u2019attendre. Entre explosion de\u0301mographique, urgence de cre\u0301er des millions d\u2019emplois et monte\u0301e en puissance fulgurante de l\u2019intelligence artificielle, la re\u0301volution du nume\u0301rique se joue maintenant \u2014 et elle sera de\u0301terminante pour la compe\u0301titivite\u0301 et la souverainete\u0301 des E\u0301tats africains.<\/p>\n<p>Au sein de la Banque mondiale, cette re\u0301alite\u0301 a de\u0301ja\u0300 modifie\u0301 les e\u0301quilibres internes: une vice-pre\u0301sidence entie\u0300rement de\u0301die\u0301e a\u0300 la transformation digitale et a\u0300 l\u2019intelligence artificielle a vu le jour en 2024, signe d\u2019un repositionnement strate\u0301gique majeur. Michel Rogy, directeur de la pratique Nume\u0301rique et Intelligence Artificielle pour l\u2019Afrique, et le Proche et Moyen-Orient, en incarne l\u2019un des visages les plus actifs. Inge\u0301nieur de formation, docteur en e\u0301conomie, fin connaisseur des politiques publiques et des infrastructures nume\u0301riques, il observe depuis plusieurs anne\u0301es la progression \u2014 souvent spectaculaire, parfois he\u0301te\u0301roge\u0300ne \u2014 des pays africains.<\/p>\n<p>Dans un entretien accorde\u0301 a\u0300 Agence Ecofin, il revient sur les priorite\u0301s du moment: combler un de\u0301ficit d\u2019usage massif malgre\u0301 une bonne couverture re\u0301seau haut de\u0301bit, pre\u0301parer les pays a\u0300 l\u2019e\u0300re de l\u2019IA responsable avec des capacite\u0301s de calcul mutualise\u0301es et des applications imme\u0301diates de l\u2019IA, construire des syste\u0300mes d\u2019identite\u0301 et de paiements ve\u0301ritablement interope\u0301rables, et soutenir les start-up capables d\u2019apporter des solutions locales aux de\u0301fis re\u0301gionaux. Son message est clair: si les re\u0301formes avancent et que les investissements suivent, l\u2019Afrique peut devenir l\u2019un des grands laboratoires mondiaux de l\u2019intelligence artificielle applique\u0301e \u2014 et cre\u0301er davantage d\u2019emplois qu\u2019elle n\u2019en de\u0301truira.<\/p>\n<p>Agence Ecofin: La Banque mondiale a cre\u0301e\u0301 en 2024 une nouvelle vice-pre\u0301sidence de\u0301die\u0301e a\u0300 la transformation digitale et a\u0300 l\u2019Intelligence Artificielle. Qu\u2019est-ce que cela change concre\u0300tement pour les pays africains?<\/p>\n<p>Michel Rogy: Cela change d\u2019abord le niveau d\u2019attention et de pre\u0301cision que nous accordons aux besoins des pays, mais aussi a\u0300 leurs aspirations. Les gouvernements veulent utiliser le nume\u0301rique et l\u2019intelligence artificielle comme de ve\u0301ritables acce\u0301le\u0301rateurs de de\u0301veloppement.<\/p>\n<p>On l\u2019a encore vu aujourd\u2019hui: garantir l\u2019acce\u0300s a\u0300 Internet pour les populations et les entreprises est devenu indispensable a\u0300 la transformation e\u0301conomique. L\u2019Internet est a\u0300 la fois une source de savoir, de productivite\u0301 et d\u2019opportunite\u0301s e\u0301conomiques. Notre nouvelle organisation vise a\u0300 accompagner cette transformation de manie\u0300re plus cohe\u0301rente, plus inte\u0301gre\u0301e et plus ambitieuse.<\/p>\n<p>Agence Ecofin: Quel e\u0301tait l\u2019objectif ge\u0301ne\u0301ral de ce sommet organise\u0301 a\u0300 Cotonou?<\/p>\n<p>Michel Rogy: L\u2019e\u0301ve\u0301nement re\u0301pondait a\u0300 trois objectifs principaux. Le premier objectif est de re\u0301duire le \u00ab usage gap \u00bb. Dans la re\u0301gion, les re\u0301seaux mobiles couvrent de\u0301sormais une large majorite\u0301 de la population. Pourtant, environ 70% des personnes qui n\u2019utilisent pas Internet se trouvent dans des zones couvertes par les re\u0301seaux haut de\u0301bit mobile. Ce de\u0301calage d\u2019usage (\u00ab usage gap \u00bb) s\u2019explique par plusieurs facteurs: le cou\u0302t de l\u2019acce\u0300s a\u0300 Internet et des terminaux, le manque de compe\u0301tences nume\u0301riques et la disponibilite\u0301 de contenus re\u0301ellement utiles, comme le paiement mobile.<\/p>\n<p>Agir sur ces trois leviers est essentiel pour e\u0301largir l\u2019acce\u0300s effectif a\u0300 Internet.<\/p>\n<p>Le deuxie\u0300me objectif est de pre\u0301parer l\u2019Afrique a\u0300 l\u2019intelligence artificielle. L\u2019IA est de\u0301ja\u0300 une re\u0301alite\u0301 ici, et elle s\u2019acce\u0301le\u0300re partout dans le monde. Il serait dommageable que les jeunes, les entreprises ou les administrations du continent ratent cette opportunite\u0301. Cela suppose de mutualiser des ressources cou\u0302teuses \u2014 data centers, capacite\u0301s de calcul \u2014, de former massivement et d\u2019assurer la circulation su\u0302re des donne\u0301es entre pays.<\/p>\n<p>Enfin, le troisie\u0300me objectif, c\u2019est de stimuler la cre\u0301ation d\u2019emplois.<\/p>\n<p>Le nume\u0301rique est un formidable levier pour cre\u0301er et ame\u0301liorer les emplois dans le secteur formel et dans le secteur informel. Les start-up et les entrepreneurs existent, l\u2019exemple du Se\u0301ne\u0301gal dans le panel de ce matin l\u2019a montre\u0301. La question est de\u0301sormais: comment passer a\u0300 l\u2019e\u0301chelle et cre\u0301er massivement des emplois nume\u0301riques dans toute la sous-re\u0301gion?<\/p>\n<p>Agence Ecofin: Le programme Global DPI est pre\u0301sente\u0301 comme une initiative structurante pour moderniser les E\u0301tats et acce\u0301le\u0301rer l\u2019inte\u0301gration nume\u0301rique. Comment la Banque mondiale le de\u0301ploie-t-elle sur le terrain? Et ou\u0300 en est sa mise en \u0153uvre dans la re\u0301gion?<\/p>\n<p>Michel Rogy: Le Global DPI (Digital Public Infrastructure, NDLR) repose sur trois briques essentielles pour fournir des services nume\u0301riques a\u0300 grande e\u0301chelle et de manie\u0300re efficace: l\u2019identite\u0301 nume\u0301rique, les paiements nume\u0301riques et l\u2019interope\u0301rabilite\u0301 des donne\u0301es.<\/p>\n<p>E\u0302tre identifie\u0301 de\u0300s la naissance \u2014 et de fac\u0327on su\u0302re \u2014 ouvre l\u2019acce\u0300s a\u0300 des services fondamentaux: te\u0301le\u0301phonie mobile, banque, universite\u0301, protection sociale. Dans la plupart des pays de la sous-re\u0301gion, nous accompagnons la mise en \u0153uvre d\u2019identite\u0301s nume\u0301riques modernes.<\/p>\n<p>Concre\u0300tement, des e\u0301quipes se de\u0301placent avec des kits \u2014sous forme de valises \u2014 pour enregistrer les informations biome\u0301triques (empreintes, iris) et les donne\u0301es personnelles. Une fois enregistre\u0301e, la personne rec\u0327oit un certificat, sous format papier ou sur te\u0301le\u0301phone, lui permettant de prouver son identite\u0301 dans n\u2019importe quel service public.<\/p>\n<p>La deuxie\u0300me composante, ce sont les paiements mobiles.<\/p>\n<p>Dans une re\u0301gion ou\u0300 une grande partie de la population n\u2019est pas bancarise\u0301e, les services financiers mobiles constituent une opportunite\u0301 majeure. Ils sont de\u0301sormais largement disponibles. La pe\u0301ne\u0301tration est bonne, mais il reste une marge pour atteindre le plus grand nombre. Et de nouveaux services e\u0301mergent, comme le microcre\u0301dit.<\/p>\n<p>Troisie\u0300me composante: l\u2019interope\u0301rabilite\u0301 des donne\u0301es. C\u2019est probablement l\u2019e\u0301le\u0301ment le plus complexe. Pour que les administrations fonctionnent efficacement \u2014 par exemple entre la caisse d\u2019assurance maladie et la se\u0301curite\u0301 sociale \u2014 les donne\u0301es doivent circuler de manie\u0300re fluide et se\u0301curise\u0301e. Ame\u0301liorer cette interope\u0301rabilite\u0301 est aujourd\u2019hui un chantier central dans toute la re\u0301gion.<\/p>\n<p>\u00ab L\u2019interope\u0301rabilite\u0301 des donne\u0301es devient maintenant une priorite\u0301 pour les E\u0301tats africains. \u00bb<\/p>\n<p>Agence Ecofin: Ou\u0300 en est aujourd\u2019hui le chantier de l\u2019interope\u0301rabilite\u0301 des donne\u0301es dans la re\u0301gion?<\/p>\n<p>Michel Rogy: Parmi les trois composantes du Global DPI, c\u2019est probablement celle qui accuse le plus de retard. L\u2019interope\u0301rabilite\u0301 devient vraiment prioritaire lorsqu\u2019une masse critique de citoyens dispose de\u0301ja\u0300 d\u2019une identite\u0301 nume\u0301rique et utilise des services financiers mobiles. C\u2019est a\u0300 ce moment-la\u0300 que l\u2019on mesure la ne\u0301cessite\u0301 de faire communiquer les syste\u0300mes: se\u0301curite\u0301 sociale, sante\u0301, protection sociale&#8230; Tous ces services reposent sur une identite\u0301 unique et, de plus en plus, sur des transactions nume\u0301riques.<\/p>\n<p>Nous arrivons pre\u0301cise\u0301ment a\u0300 ce stade dans plusieurs pays, ce qui explique pourquoi l\u2019e\u0301change de donne\u0301es est de\u0301sormais au c\u0153ur des priorite\u0301s.<\/p>\n<p>Agence Ecofin: Les pays pre\u0301sents au sommet avancent-ils de fac\u0327on homoge\u0300ne sur ce sujet?<\/p>\n<p>Michel Rogy: Ils partagent une vision commune: connecter l\u2019ensemble des populations, exploiter les opportunite\u0301s de l\u2019intelligence artificielle et cre\u0301er de l\u2019emploi nume\u0301rique.<\/p>\n<p>Ce qui diffe\u0300re, c\u2019est le point de de\u0301part. Certains pays ont encore un taux de pe\u0301ne\u0301tration Internet faible et doivent concentrer leurs efforts sur l\u2019acce\u0300s. D\u2019autres, de\u0301ja\u0300 bien connecte\u0301s, disposent d\u2019e\u0301cosyste\u0300mes d\u2019innovation robustes ; pour eux, la priorite\u0301 est d\u2019acce\u0301le\u0301rer sur l\u2019IA.<\/p>\n<p>La diffe\u0301rence n\u2019est donc pas sur l\u2019objectif, mais sur l\u2019ordre des priorite\u0301s selon le niveau de maturite\u0301 nume\u0301rique.<\/p>\n<p>Agence Ecofin: On a aussi e\u0301voque\u0301 l\u2019ide\u0301e d\u2019un marche\u0301 nume\u0301rique unique. Quelles seraient, selon vous, les priorite\u0301s pour le construire? Les donne\u0301es, l\u2019identite\u0301, les paiements, la fiscalite\u0301, la cyberse\u0301curite\u0301?<\/p>\n<p>Michel Rogy: Si l\u2019on se re\u0301fe\u0300re a\u0300 la strate\u0301gie de transformation nume\u0301rique adopte\u0301e par l\u2019Union africaine en 2020 \u2014 qui vise un marche\u0301 digital unique continental d\u2019ici 2030 \u2014 ce marche\u0301 digital se de\u0301compose en re\u0301alite\u0301 en trois sous-marche\u0301s. Le premier niveau, c\u2019est la connectivite\u0301.<\/p>\n<p>Il faut que les pays soient relie\u0301s les uns aux autres par la fibre optique et que les donne\u0301es circulent sans entrave. Cela implique des re\u0300gles homoge\u0300nes dans le secteur te\u0301le\u0301coms pour permettre le transport transfrontalier.<\/p>\n<p>Alors vient le deuxie\u0300me niveau: les donne\u0301es. Si les donne\u0301es traversent les frontie\u0300res, elles doivent be\u0301ne\u0301ficier du me\u0302me niveau de protection dans chaque pays. Protection des donne\u0301es personnelles, cyberse\u0301curite\u0301, normes techniques: tout doit e\u0302tre comparable pour que les citoyens et les entreprises aient confiance dans le nume\u0301rique, quel que soit l\u2019endroit ou\u0300 transitent leurs donne\u0301es.<\/p>\n<p>Ce n\u2019est qu\u2019apre\u0300s cela qu\u2019on franchit le troisie\u0300me niveau: les transactions online.<\/p>\n<p>C\u2019est le marche\u0301 en ligne, celui ou\u0300 l\u2019on paye, ache\u0300te, effectue des prestations. L\u2019interope\u0301rabilite\u0301 financie\u0300re dans l\u2019UEMOA en est de\u0301ja\u0300 une illustration. L\u2019objectif global est de parvenir a\u0300 un cadre re\u0301glementaire harmonise\u0301 et a\u0300 des syste\u0300mes capables de permettre le commerce e\u0301lectronique de manie\u0300re fluide.<\/p>\n<p>Agence Ecofin: Mais dans un contexte ou\u0300 les tensions ge\u0301opolitiques ressurgissent, comment ba\u0302tir cette confiance? La mutualisation re\u0301gionale des data centers n\u2019est-elle pas risque\u0301e?<\/p>\n<p>Michel Rogy: Sur le volet re\u0301glementaire, le ro\u0302le des communaute\u0301s e\u0301conomiques re\u0301gionales \u2014 CEDEAO, CEMAC, UEMOA, etc. \u2014 est crucial. Ce sont elles qui peuvent cre\u0301er des re\u0300gles homoge\u0300nes et assurer un cadre stabilise\u0301 pour l\u2019ensemble de leurs Etats membres. Ensuite, sur les infrastructures, un constat s\u2019impose: il n\u2019est ni re\u0301aliste ni souhaitable de construire des data centers \u00ab AI ready \u00bb dans chaque pays.<\/p>\n<p>Les besoins e\u0301nerge\u0301tiques et les cou\u0302ts sont trop importants. La mutualisation devient donc une option logique. Et le fait que plusieurs ministres l\u2019aient exprime\u0301 clairement va dans ce sens: re\u0301fle\u0301chir a\u0300 des infrastructures re\u0301gionales pre\u0302tes pour l\u2019intelligence artificielle.<\/p>\n<p>Ce mode\u0300le peut coexister avec la conservation, par chaque pays, de certaines donne\u0301es sensibles qui ne doivent pas sortir de leur territoire.<\/p>\n<p>Agence Ecofin: Et si un pays ferme sa connexion, connai\u0302t une crise politique ou de\u0301cide de couper Internet? Comment garantir la re\u0301silience dans un marche\u0301 inte\u0301gre\u0301?<\/p>\n<p>Michel Rogy: Il faut distinguer deux types de situations.<\/p>\n<p>Les ruptures techniques, comme les coupures de ca\u0302bles sous-marins. C\u2019est un proble\u0300me que la re\u0301gion connai\u0302t bien. Plusieurs pays en ont souffert re\u0301cemment. La solution, c\u2019est la re\u0301silience nume\u0301rique: cre\u0301er plusieurs routes alternatives.<\/p>\n<p>Si chaque pays e\u0301tait connecte\u0301 a\u0300 tous ses voisins et pouvait acce\u0301der a\u0300 au moins trois ca\u0302bles sous-marins, la vulne\u0301rabilite\u0301 serait nettement re\u0301duite.<\/p>\n<p>La deuxie\u0300me situation, ce sont les coupures de\u0301cide\u0301es pour des raisons politiques. La\u0300, nous sommes dans la souverainete\u0301 des E\u0301tats. Ce n\u2019est pas un proble\u0300me technique, mais un choix politique. C\u2019est pour cela que les pays doivent s\u2019accorder sur des principes communs pour les flux de donne\u0301es transfrontie\u0300res. L\u2019Union europe\u0301enne en donne l\u2019exemple: elle a adopte\u0301 un cadre le\u0301gislatif commun sur ces questions. La discussion de cet apre\u0300s-midi montre qu\u2019il existe une volonte\u0301 re\u0301elle de construire un cadre similaire pour l\u2019Afrique de l\u2019Ouest et du Centre.<\/p>\n<p>\u00ab Il faut avancer sur deux jambes: les infrastructures d\u2019IA, et l\u2019IA applique\u0301e de\u0300s maintenant. \u00bb<\/p>\n<p>Agence Ecofin: On parle beaucoup d\u2019intelligence artificielle, mais la re\u0301gion fait encore face a\u0300 des proble\u0300mes structurels: manque de talents, de\u0301ficit e\u0301nerge\u0301tique&#8230; Deux e\u0301le\u0301ments pourtant indispensables. Quelle est l\u2019approche de la Banque mondiale? Faut-il d\u2019abord investir dans les compe\u0301tences et l\u2019e\u0301nergie avant de se lancer dans l\u2019IA, ou peut-on avancer en paralle\u0300le?<\/p>\n<p>Michel Rogy: La re\u0301ponse est qu\u2019il faut avancer sur deux jambes en me\u0302me temps.<\/p>\n<p>La premie\u0300re jambe consiste a\u0300 financer et structurer les infrastructures essentielles: data centers, capacite\u0301s de calcul, e\u0301nergie fiable, formation des talents, financement des e\u0301cosyste\u0300mes IA. Tout cela doit commencer maintenant. Les pays doivent anticiper la monte\u0301e en puissance de la demande en donne\u0301es et en calcul cause\u0301s par l\u2019IA, et la Banque mondiale les accompagne de\u0301ja\u0300 dans cette direction.<\/p>\n<p>La deuxie\u0300me jambe, tout aussi importante, consiste a\u0300 acce\u0301le\u0301rer l\u2019usage de l\u2019IA applique\u0301e, ce que nous appelons la \u2018Practical AI\u2019. Et cela peut se faire imme\u0301diatement, sans attendre que toutes les infrastructures essentielles soient en place.<\/p>\n<p>Nous voyons de\u0301ja\u0300 sur le continent des solutions d\u2019IA tre\u0300s concre\u0300tes dans la formation professionnelle, l\u2019e\u0301ducation, l\u2019agriculture&#8230; souvent porte\u0301es par des start-up locales.<\/p>\n<p>L\u2019enjeu est donc aussi de cre\u0301er un environnement favorable pour faire e\u0301merger ces innovations, de soutenir les entrepreneurs et de montrer qu\u2019une IA utile, adapte\u0301e au terrain, peut transformer les e\u0301conomies de\u0300s aujourd\u2019hui.<\/p>\n<p>\u00ab Nous avons de\u0301ja\u0300 commence\u0301 a\u0300 financer le de\u0301veloppement de l\u2019e\u0301cosyste\u0300me IA, et nous voulons e\u0301tendre ces programmes a\u0300 toute la sous-re\u0301gion. \u00bb<\/p>\n<p>Agence Ecofin: La Banque mondiale pre\u0301voit-elle un programme de financement pour accompagner la digitalisation et le de\u0301veloppement de l\u2019IA dans les pays d\u2019Afrique de l\u2019Ouest et du Centre?<\/p>\n<p>Michel Rogy: En re\u0301alite\u0301, nous avons de\u0301ja\u0300 commence\u0301. Le projet re\u0301cemment approuve\u0301 par notre Conseil d\u2019administration pour la Co\u0302te d\u2019Ivoire (RAPID-CIV) comporte un volet important de\u0301die\u0301 au de\u0301veloppement de son e\u0301cosyste\u0300me d\u2019intelligence artificielle. Cela montre que nous sommes engage\u0301s, tre\u0300s concre\u0300tement, aux co\u0302te\u0301s des gouvernements sur cet agenda.<\/p>\n<p>Notre ambition est de\u0301sormais d\u2019e\u0301largir cet effort. Si les pays le demandent, nous souhaitons multiplier ce type de soutien dans l\u2019ensemble de la sous-re\u0301gion. Les besoins sont clairs \u2014 les discussions de cet apre\u0300s-midi l\u2019ont confirme\u0301 \u2014 et de notre co\u0302te\u0301, une conviction profonde est que l\u2019Afrique ne peut pas rater la re\u0301volution de l\u2019intelligence artificielle.<\/p>\n<p>\u00ab Nous entrons dans une nouvelle ge\u0301ne\u0301ration de projets nume\u0301riques, plus larges que l\u2019identite\u0301. \u00bb<\/p>\n<p>Agence Ecofin: Le projet Wuri, qui concerne plusieurs pays d\u2019Afrique de l\u2019Ouest, fait-il partie du me\u0302me pipeline ou est-ce un nouveau programme?<\/p>\n<p>Michel Rogy: Wuri est un projet lance\u0301 il y a plusieurs anne\u0301es, centre\u0301 principalement sur l\u2019identite\u0301 nume\u0301rique. Il a permis d\u2019obtenir des re\u0301sultats significatifs \u2014 au Togo, au Be\u0301nin, mais aussi au Niger, en Co\u0302te d\u2019Ivoire et au Burkina Faso.<\/p>\n<p>Cependant, nous sommes de\u0301sormais engage\u0301s dans une nouvelle ge\u0301ne\u0301ration de projets, les projets d\u2019acce\u0301le\u0301ration nume\u0301rique. Ils ne se limitent plus a\u0300 l\u2019identite\u0301: ils comprennent les infrastructures pour connecter davantage de populations, les DPI (qui incluent l\u2019identite\u0301), la formation des talents et les briques ne\u0301cessaires pour soutenir l\u2019innovation.<\/p>\n<p>Ces nouveaux projets sont de\u0301ja\u0300 pense\u0301s avec une logique re\u0301gionale de financement, car certains investissements ne peuvent e\u0302tre rentables ou efficaces qu\u2019a\u0300 cette e\u0301chelle.<\/p>\n<p>Agence Ecofin: Allez-vous financer uniquement des projets re\u0301gionaux ou aussi des projets purement nationaux?<\/p>\n<p>Michel Rogy: Les deux. Pour reprendre l\u2019exemple de la Co\u0302te d\u2019Ivoire, nous financ\u0327ons des briques essentielles pour son propre e\u0301cosyste\u0300me: la formation des talents, le cadre re\u0301glementaire pour de\u0301velopper l\u2019IA, et l\u2019appui aux innovateurs et start-up.<\/p>\n<p>Mais si plusieurs pays s\u2019engagent ensemble pour re\u0301fle\u0301chir a\u0300 un data center re\u0301gional \u00ab AI-ready \u00bb, et qu\u2019ils sollicitent un appui financier, nous examinerons cela tre\u0300s se\u0301rieusement. Ce type de projet a, par nature, une dimension re\u0301gionale.<\/p>\n<p>\u00ab L\u2019IA peut cre\u0301er plus d\u2019emplois qu\u2019elle n\u2019en de\u0301truira en Afrique. \u00bb<\/p>\n<p>Agence Ecofin: L\u2019IA supprime de\u0301ja\u0300 des emplois dans certaines re\u0301gions du monde. Comment e\u0301viter que cela soit un choc pour l\u2019Afrique, ou\u0300 la jeunesse progresse rapidement?<\/p>\n<p>Michel Rogy: C\u2019est un point important, discute\u0301 dans le keynote de Moustapha Cisse\u0301 (directeur du premier laboratoire de recherche spe\u0301cialise\u0301 en intelligence artificielle (IA) ouvert par Google en Afrique, NDLR). Sa conclusion est tre\u0300s claire: compte tenu de la structure e\u0301conomique africaine \u2014 notamment la pre\u0301dominance de l\u2019informel \u2014 l\u2019IA repre\u0301sente davantage une opportunite\u0301 qu\u2019une menace pour l\u2019emploi.<\/p>\n<p>Elle peut ame\u0301liorer la productivite\u0301, cre\u0301er de la valeur ajoute\u0301e, soutenir la croissance et, au final, ge\u0301ne\u0301rer plus d\u2019emplois qu\u2019elle n\u2019en de\u0301truira.<\/p>\n<p>L\u2019enjeu n\u2019est pas de freiner l\u2019IA, mais de pre\u0301parer les talents, encadrer les usages de l\u2019IA pour cre\u0301er la confiance et de permettre a\u0300 l\u2019innovation locale de se de\u0301velopper.<\/p>\n<p>\u00ab En 2030, si tout avance correctement, l\u2019Afrique nume\u0301rique sera plus inclusive, plus innovante et plus inte\u0301gre\u0301e. \u00bb<\/p>\n<p>Agence Ecofin: A\u0300 l\u2019horizon 2030, si les re\u0301formes avancent comme vous l\u2019espe\u0301rez, a\u0300 quoi devrait ressembler l\u2019Afrique nume\u0301rique que vous projetez? Et que se passerait-il si les re\u0301formes e\u0301chouaient?<\/p>\n<p>Michel Rogy: Nous ne sommes pas dans une logique d\u2019e\u0301chec possible. La dynamique est trop forte, porte\u0301e par la demande et par le secteur prive\u0301, pour que le mouvement s\u2019arre\u0302te. Mais plusieurs marqueurs permettront de dire en 2030 que la transformation nume\u0301rique africaine a re\u0301ellement re\u0301ussi.<\/p>\n<p>D\u2019abord, il faudra avoir re\u0301duit de manie\u0300re massive le \u00ab usage gap \u00bb. Aujourd\u2019hui, environ 70% des personnes qui n\u2019utilisent pas Internet se trouvent dans des zones couvertes par les re\u0301seaux haut de\u0301bit mobile. A\u0300 horizon 2030, cela doit avoir nettement diminue\u0301 gra\u0302ce a\u0300 la baisse des cou\u0302ts, a\u0300 l\u2019ame\u0301lioration des compe\u0301tences et a\u0300 la multiplication de services re\u0301ellement utiles \u2014 du paiement mobile a\u0300 l\u2019identite\u0301 nume\u0301rique.<\/p>\n<p>Ensuite, l\u2019intelligence artificielle applique\u0301e devra avoir pris son envol. Les pays doivent e\u0302tre pre\u0302ts: gouvernance, investissements, compe\u0301tences. L\u2019IA dans l\u2019e\u0301ducation, la sante\u0301 ou l\u2019agriculture devra e\u0302tre diffuse\u0301e a\u0300 grande e\u0301chelle.<\/p>\n<p>Enfin, les e\u0301cosyste\u0300mes nume\u0301riques et les e\u0301changes de donne\u0301es devront e\u0302tre suffisamment robustes pour cre\u0301er de l\u2019emploi et renforcer la contribution du secteur du nume\u0301rique au PIB. La capacite\u0301 des pays a\u0300 acce\u0301le\u0301rer les e\u0301changes transfrontaliers sera un de\u0301terminant majeur de la croissance.<\/p>\n<p class=\"ap-article-footer-note\">Retrouvez plus d\u2019actualit\u00e9s et d\u2019analyses sur <span class=\"ap-highlight-country\">Congo Kinshasa<\/span> sur le site <span class=\"ap-highlight-brand\">Africa Press<\/span><\/p>\n","protected":false},"excerpt":{"rendered":"<p>Africa-Press &#8211; Congo Kinshasa. A Cotonou, ou\u0300 se tenait le Sommet re\u0301gional sur la transformation nume\u0301rique, les ministres, re\u0301gulateurs et partenaires techniques ont longuement de\u0301battu de l\u2019avenir digital de l\u2019Afrique de l\u2019Ouest et du Centre. Mais c\u2019est une conviction, largement partage\u0301e dans les couloirs comme dans les sessions ple\u0301nie\u0300res, qui s\u2019est impose\u0301e: le continent n\u2019a [&hellip;]<\/p>\n","protected":false},"author":82,"featured_media":132632,"comment_status":"open","ping_status":"closed","sticky":false,"template":"","format":"standard","meta":{"footnotes":""},"categories":[3,10],"tags":[46],"class_list":["post-132633","post","type-post","status-publish","format-standard","has-post-thumbnail","hentry","category-economie","category-toutes-les-actualites","tag-congo-kinshasa"],"yoast_head":"<!-- This site is optimized with the Yoast SEO Premium plugin v26.1 (Yoast SEO v27.0) - https:\/\/yoast.com\/product\/yoast-seo-premium-wordpress\/ -->\n<title>L\u2019Afrique, Grand Laboratoire Mondial de l\u2019IA Appliqu\u00e9e - Congo-kinshasa<\/title>\n<meta name=\"description\" content=\"-article-header-tag&quot;&gt; Africa-Press - Congo Kinshasa. A Cotonou, ou\u0300 se tenait ...\" \/>\n<meta name=\"robots\" content=\"index, follow, max-snippet:-1, max-image-preview:large, max-video-preview:-1\" \/>\n<link rel=\"canonical\" href=\"https:\/\/www.africa-press.net\/congo-kinshasa\/economie\/lafrique-grand-laboratoire-mondial-de-lia-appliquee\" \/>\n<meta property=\"og:locale\" content=\"fr_FR\" \/>\n<meta property=\"og:type\" content=\"article\" \/>\n<meta property=\"og:title\" content=\"L\u2019Afrique, Grand Laboratoire Mondial de l\u2019IA Appliqu\u00e9e\" \/>\n<meta property=\"og:description\" content=\"-article-header-tag&quot;&gt; Africa-Press - Congo Kinshasa. A Cotonou, ou\u0300 se tenait ...\" \/>\n<meta property=\"og:url\" content=\"https:\/\/www.africa-press.net\/congo-kinshasa\/economie\/lafrique-grand-laboratoire-mondial-de-lia-appliquee\" \/>\n<meta property=\"og:site_name\" content=\"Congo-kinshasa\" \/>\n<meta property=\"article:published_time\" content=\"2025-12-25T12:59:07+00:00\" \/>\n<meta property=\"article:modified_time\" content=\"2025-12-31T13:27:44+00:00\" \/>\n<meta property=\"og:image\" content=\"https:\/\/static.africa-press.net\/congo-kinshasa\/sites\/49\/2025\/12\/sm_1767187109.379226.jpg\" \/>\n\t<meta property=\"og:image:width\" content=\"720\" \/>\n\t<meta property=\"og:image:height\" content=\"484\" \/>\n\t<meta property=\"og:image:type\" content=\"image\/jpeg\" \/>\n<meta name=\"author\" content=\"cfeditorfr\" \/>\n<meta name=\"twitter:card\" content=\"summary_large_image\" \/>\n<meta name=\"twitter:label1\" content=\"\u00c9crit par\" \/>\n\t<meta name=\"twitter:data1\" content=\"cfeditorfr\" \/>\n\t<meta name=\"twitter:label2\" content=\"Dur\u00e9e de lecture estim\u00e9e\" \/>\n\t<meta name=\"twitter:data2\" content=\"17 minutes\" \/>\n<script type=\"application\/ld+json\" class=\"yoast-schema-graph\">{\"@context\":\"https:\/\/schema.org\",\"@graph\":[{\"@type\":\"Article\",\"@id\":\"https:\/\/www.africa-press.net\/congo-kinshasa\/economie\/lafrique-grand-laboratoire-mondial-de-lia-appliquee#article\",\"isPartOf\":{\"@id\":\"https:\/\/www.africa-press.net\/congo-kinshasa\/economie\/lafrique-grand-laboratoire-mondial-de-lia-appliquee\"},\"author\":{\"name\":\"cfeditorfr\",\"@id\":\"https:\/\/www.africa-press.net\/congo-kinshasa\/#\/schema\/person\/2b1cf3cd81a31e3cd26889ca66d677f1\"},\"headline\":\"L\u2019Afrique, Grand Laboratoire Mondial de l\u2019IA Appliqu\u00e9e\",\"datePublished\":\"2025-12-25T12:59:07+00:00\",\"dateModified\":\"2025-12-31T13:27:44+00:00\",\"mainEntityOfPage\":{\"@id\":\"https:\/\/www.africa-press.net\/congo-kinshasa\/economie\/lafrique-grand-laboratoire-mondial-de-lia-appliquee\"},\"wordCount\":3333,\"commentCount\":0,\"image\":{\"@id\":\"https:\/\/www.africa-press.net\/congo-kinshasa\/economie\/lafrique-grand-laboratoire-mondial-de-lia-appliquee#primaryimage\"},\"thumbnailUrl\":\"https:\/\/static.africa-press.net\/congo-kinshasa\/sites\/49\/2025\/12\/sm_1767187109.379226.jpg\",\"keywords\":[\"Congo Kinshasa\"],\"articleSection\":[\"\u00c9conomie\",\"Toutes les actualit\u00e9s\"],\"inLanguage\":\"fr-FR\",\"potentialAction\":[{\"@type\":\"CommentAction\",\"name\":\"Comment\",\"target\":[\"https:\/\/www.africa-press.net\/congo-kinshasa\/economie\/lafrique-grand-laboratoire-mondial-de-lia-appliquee#respond\"]}]},{\"@type\":\"WebPage\",\"@id\":\"https:\/\/www.africa-press.net\/congo-kinshasa\/economie\/lafrique-grand-laboratoire-mondial-de-lia-appliquee\",\"url\":\"https:\/\/www.africa-press.net\/congo-kinshasa\/economie\/lafrique-grand-laboratoire-mondial-de-lia-appliquee\",\"name\":\"L\u2019Afrique, Grand Laboratoire Mondial de l\u2019IA Appliqu\u00e9e - Congo-kinshasa\",\"isPartOf\":{\"@id\":\"https:\/\/www.africa-press.net\/congo-kinshasa\/#website\"},\"primaryImageOfPage\":{\"@id\":\"https:\/\/www.africa-press.net\/congo-kinshasa\/economie\/lafrique-grand-laboratoire-mondial-de-lia-appliquee#primaryimage\"},\"image\":{\"@id\":\"https:\/\/www.africa-press.net\/congo-kinshasa\/economie\/lafrique-grand-laboratoire-mondial-de-lia-appliquee#primaryimage\"},\"thumbnailUrl\":\"https:\/\/static.africa-press.net\/congo-kinshasa\/sites\/49\/2025\/12\/sm_1767187109.379226.jpg\",\"datePublished\":\"2025-12-25T12:59:07+00:00\",\"dateModified\":\"2025-12-31T13:27:44+00:00\",\"author\":{\"@id\":\"https:\/\/www.africa-press.net\/congo-kinshasa\/#\/schema\/person\/2b1cf3cd81a31e3cd26889ca66d677f1\"},\"description\":\"-article-header-tag\\\"> Africa-Press - Congo Kinshasa. A Cotonou, ou\u0300 se tenait ...\",\"breadcrumb\":{\"@id\":\"https:\/\/www.africa-press.net\/congo-kinshasa\/economie\/lafrique-grand-laboratoire-mondial-de-lia-appliquee#breadcrumb\"},\"inLanguage\":\"fr-FR\",\"potentialAction\":[{\"@type\":\"ReadAction\",\"target\":[\"https:\/\/www.africa-press.net\/congo-kinshasa\/economie\/lafrique-grand-laboratoire-mondial-de-lia-appliquee\"]}]},{\"@type\":\"ImageObject\",\"inLanguage\":\"fr-FR\",\"@id\":\"https:\/\/www.africa-press.net\/congo-kinshasa\/economie\/lafrique-grand-laboratoire-mondial-de-lia-appliquee#primaryimage\",\"url\":\"https:\/\/static.africa-press.net\/congo-kinshasa\/sites\/49\/2025\/12\/sm_1767187109.379226.jpg\",\"contentUrl\":\"https:\/\/static.africa-press.net\/congo-kinshasa\/sites\/49\/2025\/12\/sm_1767187109.379226.jpg\",\"width\":720,\"height\":484,\"caption\":\"L\u2019Afrique, Grand Laboratoire Mondial de l\u2019IA Appliqu\u00e9e\"},{\"@type\":\"BreadcrumbList\",\"@id\":\"https:\/\/www.africa-press.net\/congo-kinshasa\/economie\/lafrique-grand-laboratoire-mondial-de-lia-appliquee#breadcrumb\",\"itemListElement\":[{\"@type\":\"ListItem\",\"position\":1,\"name\":\"Accueil\",\"item\":\"https:\/\/www.africa-press.net\/congo-kinshasa\/\"},{\"@type\":\"ListItem\",\"position\":2,\"name\":\"L\u2019Afrique, Grand Laboratoire Mondial de l\u2019IA Appliqu\u00e9e\"}]},{\"@type\":\"WebSite\",\"@id\":\"https:\/\/www.africa-press.net\/congo-kinshasa\/#website\",\"url\":\"https:\/\/www.africa-press.net\/congo-kinshasa\/\",\"name\":\"Congo-kinshasa\",\"description\":\"Just another Africa News Agency Sites site\",\"potentialAction\":[{\"@type\":\"SearchAction\",\"target\":{\"@type\":\"EntryPoint\",\"urlTemplate\":\"https:\/\/www.africa-press.net\/congo-kinshasa\/?s={search_term_string}\"},\"query-input\":{\"@type\":\"PropertyValueSpecification\",\"valueRequired\":true,\"valueName\":\"search_term_string\"}}],\"inLanguage\":\"fr-FR\"},{\"@type\":\"Person\",\"@id\":\"https:\/\/www.africa-press.net\/congo-kinshasa\/#\/schema\/person\/2b1cf3cd81a31e3cd26889ca66d677f1\",\"name\":\"cfeditorfr\"}]}<\/script>\n<!-- \/ Yoast SEO Premium plugin. -->","yoast_head_json":{"title":"L\u2019Afrique, Grand Laboratoire Mondial de l\u2019IA Appliqu\u00e9e - Congo-kinshasa","description":"-article-header-tag\"> Africa-Press - Congo Kinshasa. A Cotonou, ou\u0300 se tenait ...","robots":{"index":"index","follow":"follow","max-snippet":"max-snippet:-1","max-image-preview":"max-image-preview:large","max-video-preview":"max-video-preview:-1"},"canonical":"https:\/\/www.africa-press.net\/congo-kinshasa\/economie\/lafrique-grand-laboratoire-mondial-de-lia-appliquee","og_locale":"fr_FR","og_type":"article","og_title":"L\u2019Afrique, Grand Laboratoire Mondial de l\u2019IA Appliqu\u00e9e","og_description":"-article-header-tag\"> Africa-Press - Congo Kinshasa. A Cotonou, ou\u0300 se tenait ...","og_url":"https:\/\/www.africa-press.net\/congo-kinshasa\/economie\/lafrique-grand-laboratoire-mondial-de-lia-appliquee","og_site_name":"Congo-kinshasa","article_published_time":"2025-12-25T12:59:07+00:00","article_modified_time":"2025-12-31T13:27:44+00:00","og_image":[{"width":720,"height":484,"url":"https:\/\/static.africa-press.net\/congo-kinshasa\/sites\/49\/2025\/12\/sm_1767187109.379226.jpg","type":"image\/jpeg"}],"author":"cfeditorfr","twitter_card":"summary_large_image","twitter_misc":{"\u00c9crit par":"cfeditorfr","Dur\u00e9e de lecture estim\u00e9e":"17 minutes"},"schema":{"@context":"https:\/\/schema.org","@graph":[{"@type":"Article","@id":"https:\/\/www.africa-press.net\/congo-kinshasa\/economie\/lafrique-grand-laboratoire-mondial-de-lia-appliquee#article","isPartOf":{"@id":"https:\/\/www.africa-press.net\/congo-kinshasa\/economie\/lafrique-grand-laboratoire-mondial-de-lia-appliquee"},"author":{"name":"cfeditorfr","@id":"https:\/\/www.africa-press.net\/congo-kinshasa\/#\/schema\/person\/2b1cf3cd81a31e3cd26889ca66d677f1"},"headline":"L\u2019Afrique, Grand Laboratoire Mondial de l\u2019IA Appliqu\u00e9e","datePublished":"2025-12-25T12:59:07+00:00","dateModified":"2025-12-31T13:27:44+00:00","mainEntityOfPage":{"@id":"https:\/\/www.africa-press.net\/congo-kinshasa\/economie\/lafrique-grand-laboratoire-mondial-de-lia-appliquee"},"wordCount":3333,"commentCount":0,"image":{"@id":"https:\/\/www.africa-press.net\/congo-kinshasa\/economie\/lafrique-grand-laboratoire-mondial-de-lia-appliquee#primaryimage"},"thumbnailUrl":"https:\/\/static.africa-press.net\/congo-kinshasa\/sites\/49\/2025\/12\/sm_1767187109.379226.jpg","keywords":["Congo Kinshasa"],"articleSection":["\u00c9conomie","Toutes les actualit\u00e9s"],"inLanguage":"fr-FR","potentialAction":[{"@type":"CommentAction","name":"Comment","target":["https:\/\/www.africa-press.net\/congo-kinshasa\/economie\/lafrique-grand-laboratoire-mondial-de-lia-appliquee#respond"]}]},{"@type":"WebPage","@id":"https:\/\/www.africa-press.net\/congo-kinshasa\/economie\/lafrique-grand-laboratoire-mondial-de-lia-appliquee","url":"https:\/\/www.africa-press.net\/congo-kinshasa\/economie\/lafrique-grand-laboratoire-mondial-de-lia-appliquee","name":"L\u2019Afrique, Grand Laboratoire Mondial de l\u2019IA Appliqu\u00e9e - Congo-kinshasa","isPartOf":{"@id":"https:\/\/www.africa-press.net\/congo-kinshasa\/#website"},"primaryImageOfPage":{"@id":"https:\/\/www.africa-press.net\/congo-kinshasa\/economie\/lafrique-grand-laboratoire-mondial-de-lia-appliquee#primaryimage"},"image":{"@id":"https:\/\/www.africa-press.net\/congo-kinshasa\/economie\/lafrique-grand-laboratoire-mondial-de-lia-appliquee#primaryimage"},"thumbnailUrl":"https:\/\/static.africa-press.net\/congo-kinshasa\/sites\/49\/2025\/12\/sm_1767187109.379226.jpg","datePublished":"2025-12-25T12:59:07+00:00","dateModified":"2025-12-31T13:27:44+00:00","author":{"@id":"https:\/\/www.africa-press.net\/congo-kinshasa\/#\/schema\/person\/2b1cf3cd81a31e3cd26889ca66d677f1"},"description":"-article-header-tag\"> Africa-Press - Congo Kinshasa. A Cotonou, ou\u0300 se tenait ...","breadcrumb":{"@id":"https:\/\/www.africa-press.net\/congo-kinshasa\/economie\/lafrique-grand-laboratoire-mondial-de-lia-appliquee#breadcrumb"},"inLanguage":"fr-FR","potentialAction":[{"@type":"ReadAction","target":["https:\/\/www.africa-press.net\/congo-kinshasa\/economie\/lafrique-grand-laboratoire-mondial-de-lia-appliquee"]}]},{"@type":"ImageObject","inLanguage":"fr-FR","@id":"https:\/\/www.africa-press.net\/congo-kinshasa\/economie\/lafrique-grand-laboratoire-mondial-de-lia-appliquee#primaryimage","url":"https:\/\/static.africa-press.net\/congo-kinshasa\/sites\/49\/2025\/12\/sm_1767187109.379226.jpg","contentUrl":"https:\/\/static.africa-press.net\/congo-kinshasa\/sites\/49\/2025\/12\/sm_1767187109.379226.jpg","width":720,"height":484,"caption":"L\u2019Afrique, Grand Laboratoire Mondial de l\u2019IA Appliqu\u00e9e"},{"@type":"BreadcrumbList","@id":"https:\/\/www.africa-press.net\/congo-kinshasa\/economie\/lafrique-grand-laboratoire-mondial-de-lia-appliquee#breadcrumb","itemListElement":[{"@type":"ListItem","position":1,"name":"Accueil","item":"https:\/\/www.africa-press.net\/congo-kinshasa\/"},{"@type":"ListItem","position":2,"name":"L\u2019Afrique, Grand Laboratoire Mondial de l\u2019IA Appliqu\u00e9e"}]},{"@type":"WebSite","@id":"https:\/\/www.africa-press.net\/congo-kinshasa\/#website","url":"https:\/\/www.africa-press.net\/congo-kinshasa\/","name":"Congo-kinshasa","description":"Just another Africa News Agency Sites site","potentialAction":[{"@type":"SearchAction","target":{"@type":"EntryPoint","urlTemplate":"https:\/\/www.africa-press.net\/congo-kinshasa\/?s={search_term_string}"},"query-input":{"@type":"PropertyValueSpecification","valueRequired":true,"valueName":"search_term_string"}}],"inLanguage":"fr-FR"},{"@type":"Person","@id":"https:\/\/www.africa-press.net\/congo-kinshasa\/#\/schema\/person\/2b1cf3cd81a31e3cd26889ca66d677f1","name":"cfeditorfr"}]}},"_links":{"self":[{"href":"https:\/\/www.africa-press.net\/congo-kinshasa\/wp-json\/wp\/v2\/posts\/132633","targetHints":{"allow":["GET"]}}],"collection":[{"href":"https:\/\/www.africa-press.net\/congo-kinshasa\/wp-json\/wp\/v2\/posts"}],"about":[{"href":"https:\/\/www.africa-press.net\/congo-kinshasa\/wp-json\/wp\/v2\/types\/post"}],"author":[{"embeddable":true,"href":"https:\/\/www.africa-press.net\/congo-kinshasa\/wp-json\/wp\/v2\/users\/82"}],"replies":[{"embeddable":true,"href":"https:\/\/www.africa-press.net\/congo-kinshasa\/wp-json\/wp\/v2\/comments?post=132633"}],"version-history":[{"count":0,"href":"https:\/\/www.africa-press.net\/congo-kinshasa\/wp-json\/wp\/v2\/posts\/132633\/revisions"}],"wp:featuredmedia":[{"embeddable":true,"href":"https:\/\/www.africa-press.net\/congo-kinshasa\/wp-json\/wp\/v2\/media\/132632"}],"wp:attachment":[{"href":"https:\/\/www.africa-press.net\/congo-kinshasa\/wp-json\/wp\/v2\/media?parent=132633"}],"wp:term":[{"taxonomy":"category","embeddable":true,"href":"https:\/\/www.africa-press.net\/congo-kinshasa\/wp-json\/wp\/v2\/categories?post=132633"},{"taxonomy":"post_tag","embeddable":true,"href":"https:\/\/www.africa-press.net\/congo-kinshasa\/wp-json\/wp\/v2\/tags?post=132633"}],"curies":[{"name":"wp","href":"https:\/\/api.w.org\/{rel}","templated":true}]}}