{"id":133166,"date":"2026-01-07T23:22:05","date_gmt":"2026-01-07T23:22:05","guid":{"rendered":"https:\/\/www.africa-press.net\/congo-kinshasa\/politique\/can-2025-defaite-de-la-rdc-due-a-un-dysfonctionnement"},"modified":"2026-01-08T01:58:31","modified_gmt":"2026-01-08T01:58:31","slug":"can-2025-defaite-de-la-rdc-due-a-un-dysfonctionnement","status":"publish","type":"post","link":"https:\/\/www.africa-press.net\/congo-kinshasa\/sports\/can-2025-defaite-de-la-rdc-due-a-un-dysfonctionnement","title":{"rendered":"CAN 2025: De\u0301faite de la RDC due a\u0300 un dysfonctionnement"},"content":{"rendered":"<p><span class=\"ap-article-header-tag\"> <strong>Africa-Press &#8211; Congo Kinshasa. <\/strong> <\/span><b>Le se\u0301lectionneur national de la Re\u0301publique de\u0301mocratique du Congo (RDC) a attribue\u0301, la de\u0301faite de ce pays contre l\u2019Alge\u0301rie, a\u0300 un dysfonctionnement a\u0300 la prolongation, en huitie\u0300mes de finale de la Coupe d\u2019Afrique des nations (CAN) de football 2025, a appris l\u2019ACP sur les pages sociales de la Fe\u0301de\u0301ration congolaise de football association (Fecofa).<\/b><\/p>\n<p>\u00ab Nous avons fait une bonne deuxie\u0300me mi-temps apre\u0300s les changements ope\u0301re\u0301s. Mais en prolongation, il y a eu un dysfonctionnement \u00bb, a-t-on lu.<\/p>\n<p>Selon les sources consulte\u0301es, mardi 6 janvier 2026, par l\u2019ACP, Se\u0301bastien Desabre s\u2019est dit de\u0301c\u0327u apre\u0300s un travail abattu en amont.<\/p>\n<p>\u00ab Nous avons fait un excellent travail et sommes de\u0301c\u0327us maintenant \u00bb, s\u2019est-il exprime\u0301, tout en fe\u0301licitant et souhaitant le meilleur et bonne chance a\u0300 l\u2019e\u0301quipe d\u2019Alge\u0301rie.<\/p>\n<p>Quoi qu\u2019il en soit, le technicien franc\u0327ais de la RDC a fait savoir que les Le\u0301opards qui se sont cre\u0301e\u0301s des occasions de but, auraient pu en marquer, mais ne l\u2019ont pas fait, par manque de chance qui leur a tourne\u0301 le dos.<\/p>\n<p>Ne\u0301anmoins, pour lui, sur le plan tactique, la RDC a pre\u0301sente\u0301 une bonne image lors de ce match.<\/p>\n<p>Raison pour laquelle, selon les sources, il a dit, en conclusion, ne rien avoir a\u0300 reprocher a\u0300 ses joueurs et que l\u2019on doit garder la te\u0302te haute, pour avoir tout donne\u0301.<\/p>\n<p>\u00ab Me\u0301rite de l\u2019Alge\u0301rie pour un match intense des deux e\u0301quipes \u00bb (Se\u0301lectionneur alge\u0301rien)<\/p>\n<p>Interroge\u0301 sur ce match des huitie\u0300mes de finale, le se\u0301lectionneur national de l\u2019Alge\u0301rie a estime\u0301 que les Fennecs ont plus me\u0301rite\u0301.<\/p>\n<p>\u00ab Ce fut un match intense des deux co\u0302te\u0301s. Je pense que nous me\u0301ritons la victoire au vu de la performance de nos joueurs, et je les en remercie \u00bb, a de\u0301clare\u0301 Vladimir Petkovic, entrai\u0302neur de l\u2019Alge\u0301rie.<\/p>\n<p>Et lui de renche\u0301rir: \u00ab Nous avons contro\u0302le\u0301 les deux tiers du jeu et propose\u0301 un bon football, me\u0302me si nous avons rencontre\u0301 quelques difficulte\u0301s pendant la rencontre. Nous avons bien joue\u0301 collectivement, domine\u0301 la rencontre, surmonte\u0301 les obstacles, marque\u0301 un but et re\u0301ussi a\u0300 l\u2019emporter pour nous qualifier \u00bb s\u2019est exprime\u0301 Vladimir Petkovic, l\u2019entrai\u0302neur des Fennecs d\u2019Alge\u0301rie.<\/p>\n<p>Pour Vladimir Petkovic, la RDC a ge\u0301re\u0301 le match avec beaucoup mai\u0302trise, autant de se\u0301rie, avec professionnalisme et qu\u2019il a e\u0301te\u0301 important de se qualifier avant de penser au prochain match contre le Nigeria.<\/p>\n<p class=\"ap-article-footer-note\">Retrouvez plus d\u2019actualit\u00e9s et d\u2019analyses sur <span class=\"ap-highlight-country\">Congo Kinshasa<\/span> sur le site <span class=\"ap-highlight-brand\">Africa Press<\/span><\/p>\n","protected":false},"excerpt":{"rendered":"<p>Africa-Press &#8211; Congo Kinshasa. Le se\u0301lectionneur national de la Re\u0301publique de\u0301mocratique du Congo (RDC) a attribue\u0301, la de\u0301faite de ce pays contre l\u2019Alge\u0301rie, a\u0300 un dysfonctionnement a\u0300 la prolongation, en huitie\u0300mes de finale de la Coupe d\u2019Afrique des nations (CAN) de football 2025, a appris l\u2019ACP sur les pages sociales de la Fe\u0301de\u0301ration congolaise de [&hellip;]<\/p>\n","protected":false},"author":82,"featured_media":133164,"comment_status":"open","ping_status":"closed","sticky":false,"template":"","format":"standard","meta":{"footnotes":""},"categories":[6,57,10],"tags":[46],"class_list":["post-133166","post","type-post","status-publish","format-standard","has-post-thumbnail","hentry","category-sports","category-to-homepage","category-toutes-les-actualites","tag-congo-kinshasa"],"yoast_head":"<!-- This site is optimized with the Yoast SEO Premium plugin v26.1 (Yoast SEO v27.0) - https:\/\/yoast.com\/product\/yoast-seo-premium-wordpress\/ -->\n<title>CAN 2025: De\u0301faite de la RDC due a\u0300 un dysfonctionnement - Congo-kinshasa<\/title>\n<meta name=\"description\" content=\"-article-header-tag&quot;&gt; Africa-Press - Congo Kinshasa. Le se\u0301lectionneur nat ...\" \/>\n<meta name=\"robots\" content=\"index, follow, max-snippet:-1, max-image-preview:large, max-video-preview:-1\" \/>\n<link rel=\"canonical\" href=\"https:\/\/www.africa-press.net\/congo-kinshasa\/sports\/can-2025-defaite-de-la-rdc-due-a-un-dysfonctionnement\" \/>\n<meta property=\"og:locale\" content=\"fr_FR\" \/>\n<meta property=\"og:type\" content=\"article\" \/>\n<meta property=\"og:title\" content=\"CAN 2025: De\u0301faite de la RDC due a\u0300 un dysfonctionnement\" \/>\n<meta property=\"og:description\" content=\"-article-header-tag&quot;&gt; Africa-Press - Congo Kinshasa. Le se\u0301lectionneur nat ...\" \/>\n<meta property=\"og:url\" content=\"https:\/\/www.africa-press.net\/congo-kinshasa\/sports\/can-2025-defaite-de-la-rdc-due-a-un-dysfonctionnement\" \/>\n<meta property=\"og:site_name\" content=\"Congo-kinshasa\" \/>\n<meta property=\"article:published_time\" content=\"2026-01-07T23:22:05+00:00\" \/>\n<meta property=\"article:modified_time\" content=\"2026-01-08T01:58:31+00:00\" \/>\n<meta property=\"og:image\" content=\"https:\/\/static.africa-press.net\/congo-kinshasa\/sites\/49\/2026\/01\/sm_1767837067.257975.jpg\" \/>\n\t<meta property=\"og:image:width\" content=\"720\" \/>\n\t<meta property=\"og:image:height\" content=\"435\" \/>\n\t<meta property=\"og:image:type\" content=\"image\/jpeg\" \/>\n<meta name=\"author\" content=\"cfeditorfr\" \/>\n<meta name=\"twitter:card\" content=\"summary_large_image\" \/>\n<meta name=\"twitter:label1\" content=\"\u00c9crit par\" \/>\n\t<meta name=\"twitter:data1\" content=\"cfeditorfr\" \/>\n\t<meta name=\"twitter:label2\" content=\"Dur\u00e9e de lecture estim\u00e9e\" \/>\n\t<meta name=\"twitter:data2\" content=\"3 minutes\" \/>\n<script type=\"application\/ld+json\" class=\"yoast-schema-graph\">{\"@context\":\"https:\/\/schema.org\",\"@graph\":[{\"@type\":\"Article\",\"@id\":\"https:\/\/www.africa-press.net\/congo-kinshasa\/sports\/can-2025-defaite-de-la-rdc-due-a-un-dysfonctionnement#article\",\"isPartOf\":{\"@id\":\"https:\/\/www.africa-press.net\/congo-kinshasa\/sports\/can-2025-defaite-de-la-rdc-due-a-un-dysfonctionnement\"},\"author\":{\"name\":\"cfeditorfr\",\"@id\":\"https:\/\/www.africa-press.net\/congo-kinshasa\/#\/schema\/person\/2b1cf3cd81a31e3cd26889ca66d677f1\"},\"headline\":\"CAN 2025: De\u0301faite de la RDC due a\u0300 un dysfonctionnement\",\"datePublished\":\"2026-01-07T23:22:05+00:00\",\"dateModified\":\"2026-01-08T01:58:31+00:00\",\"mainEntityOfPage\":{\"@id\":\"https:\/\/www.africa-press.net\/congo-kinshasa\/sports\/can-2025-defaite-de-la-rdc-due-a-un-dysfonctionnement\"},\"wordCount\":473,\"commentCount\":0,\"image\":{\"@id\":\"https:\/\/www.africa-press.net\/congo-kinshasa\/sports\/can-2025-defaite-de-la-rdc-due-a-un-dysfonctionnement#primaryimage\"},\"thumbnailUrl\":\"https:\/\/static.africa-press.net\/congo-kinshasa\/sites\/49\/2026\/01\/sm_1767837067.257975.jpg\",\"keywords\":[\"Congo Kinshasa\"],\"articleSection\":[\"Sports\",\"to-homepage\",\"Toutes les actualit\u00e9s\"],\"inLanguage\":\"fr-FR\",\"potentialAction\":[{\"@type\":\"CommentAction\",\"name\":\"Comment\",\"target\":[\"https:\/\/www.africa-press.net\/congo-kinshasa\/sports\/can-2025-defaite-de-la-rdc-due-a-un-dysfonctionnement#respond\"]}]},{\"@type\":\"WebPage\",\"@id\":\"https:\/\/www.africa-press.net\/congo-kinshasa\/sports\/can-2025-defaite-de-la-rdc-due-a-un-dysfonctionnement\",\"url\":\"https:\/\/www.africa-press.net\/congo-kinshasa\/sports\/can-2025-defaite-de-la-rdc-due-a-un-dysfonctionnement\",\"name\":\"CAN 2025: De\u0301faite de la RDC due a\u0300 un dysfonctionnement - Congo-kinshasa\",\"isPartOf\":{\"@id\":\"https:\/\/www.africa-press.net\/congo-kinshasa\/#website\"},\"primaryImageOfPage\":{\"@id\":\"https:\/\/www.africa-press.net\/congo-kinshasa\/sports\/can-2025-defaite-de-la-rdc-due-a-un-dysfonctionnement#primaryimage\"},\"image\":{\"@id\":\"https:\/\/www.africa-press.net\/congo-kinshasa\/sports\/can-2025-defaite-de-la-rdc-due-a-un-dysfonctionnement#primaryimage\"},\"thumbnailUrl\":\"https:\/\/static.africa-press.net\/congo-kinshasa\/sites\/49\/2026\/01\/sm_1767837067.257975.jpg\",\"datePublished\":\"2026-01-07T23:22:05+00:00\",\"dateModified\":\"2026-01-08T01:58:31+00:00\",\"author\":{\"@id\":\"https:\/\/www.africa-press.net\/congo-kinshasa\/#\/schema\/person\/2b1cf3cd81a31e3cd26889ca66d677f1\"},\"description\":\"-article-header-tag\\\"> Africa-Press - Congo Kinshasa. Le se\u0301lectionneur nat ...\",\"breadcrumb\":{\"@id\":\"https:\/\/www.africa-press.net\/congo-kinshasa\/sports\/can-2025-defaite-de-la-rdc-due-a-un-dysfonctionnement#breadcrumb\"},\"inLanguage\":\"fr-FR\",\"potentialAction\":[{\"@type\":\"ReadAction\",\"target\":[\"https:\/\/www.africa-press.net\/congo-kinshasa\/sports\/can-2025-defaite-de-la-rdc-due-a-un-dysfonctionnement\"]}]},{\"@type\":\"ImageObject\",\"inLanguage\":\"fr-FR\",\"@id\":\"https:\/\/www.africa-press.net\/congo-kinshasa\/sports\/can-2025-defaite-de-la-rdc-due-a-un-dysfonctionnement#primaryimage\",\"url\":\"https:\/\/static.africa-press.net\/congo-kinshasa\/sites\/49\/2026\/01\/sm_1767837067.257975.jpg\",\"contentUrl\":\"https:\/\/static.africa-press.net\/congo-kinshasa\/sites\/49\/2026\/01\/sm_1767837067.257975.jpg\",\"width\":720,\"height\":435,\"caption\":\"CAN 2025: De\u0301faite de la RDC due a\u0300 un dysfonctionnement\"},{\"@type\":\"BreadcrumbList\",\"@id\":\"https:\/\/www.africa-press.net\/congo-kinshasa\/sports\/can-2025-defaite-de-la-rdc-due-a-un-dysfonctionnement#breadcrumb\",\"itemListElement\":[{\"@type\":\"ListItem\",\"position\":1,\"name\":\"Accueil\",\"item\":\"https:\/\/www.africa-press.net\/congo-kinshasa\/\"},{\"@type\":\"ListItem\",\"position\":2,\"name\":\"CAN 2025: De\u0301faite de la RDC due a\u0300 un dysfonctionnement\"}]},{\"@type\":\"WebSite\",\"@id\":\"https:\/\/www.africa-press.net\/congo-kinshasa\/#website\",\"url\":\"https:\/\/www.africa-press.net\/congo-kinshasa\/\",\"name\":\"Congo-kinshasa\",\"description\":\"Just another Africa News Agency Sites site\",\"potentialAction\":[{\"@type\":\"SearchAction\",\"target\":{\"@type\":\"EntryPoint\",\"urlTemplate\":\"https:\/\/www.africa-press.net\/congo-kinshasa\/?s={search_term_string}\"},\"query-input\":{\"@type\":\"PropertyValueSpecification\",\"valueRequired\":true,\"valueName\":\"search_term_string\"}}],\"inLanguage\":\"fr-FR\"},{\"@type\":\"Person\",\"@id\":\"https:\/\/www.africa-press.net\/congo-kinshasa\/#\/schema\/person\/2b1cf3cd81a31e3cd26889ca66d677f1\",\"name\":\"cfeditorfr\"}]}<\/script>\n<!-- \/ Yoast SEO Premium plugin. -->","yoast_head_json":{"title":"CAN 2025: De\u0301faite de la RDC due a\u0300 un dysfonctionnement - Congo-kinshasa","description":"-article-header-tag\"> Africa-Press - Congo Kinshasa. Le se\u0301lectionneur nat ...","robots":{"index":"index","follow":"follow","max-snippet":"max-snippet:-1","max-image-preview":"max-image-preview:large","max-video-preview":"max-video-preview:-1"},"canonical":"https:\/\/www.africa-press.net\/congo-kinshasa\/sports\/can-2025-defaite-de-la-rdc-due-a-un-dysfonctionnement","og_locale":"fr_FR","og_type":"article","og_title":"CAN 2025: De\u0301faite de la RDC due a\u0300 un dysfonctionnement","og_description":"-article-header-tag\"> Africa-Press - Congo Kinshasa. Le se\u0301lectionneur nat ...","og_url":"https:\/\/www.africa-press.net\/congo-kinshasa\/sports\/can-2025-defaite-de-la-rdc-due-a-un-dysfonctionnement","og_site_name":"Congo-kinshasa","article_published_time":"2026-01-07T23:22:05+00:00","article_modified_time":"2026-01-08T01:58:31+00:00","og_image":[{"width":720,"height":435,"url":"https:\/\/static.africa-press.net\/congo-kinshasa\/sites\/49\/2026\/01\/sm_1767837067.257975.jpg","type":"image\/jpeg"}],"author":"cfeditorfr","twitter_card":"summary_large_image","twitter_misc":{"\u00c9crit par":"cfeditorfr","Dur\u00e9e de lecture estim\u00e9e":"3 minutes"},"schema":{"@context":"https:\/\/schema.org","@graph":[{"@type":"Article","@id":"https:\/\/www.africa-press.net\/congo-kinshasa\/sports\/can-2025-defaite-de-la-rdc-due-a-un-dysfonctionnement#article","isPartOf":{"@id":"https:\/\/www.africa-press.net\/congo-kinshasa\/sports\/can-2025-defaite-de-la-rdc-due-a-un-dysfonctionnement"},"author":{"name":"cfeditorfr","@id":"https:\/\/www.africa-press.net\/congo-kinshasa\/#\/schema\/person\/2b1cf3cd81a31e3cd26889ca66d677f1"},"headline":"CAN 2025: De\u0301faite de la RDC due a\u0300 un dysfonctionnement","datePublished":"2026-01-07T23:22:05+00:00","dateModified":"2026-01-08T01:58:31+00:00","mainEntityOfPage":{"@id":"https:\/\/www.africa-press.net\/congo-kinshasa\/sports\/can-2025-defaite-de-la-rdc-due-a-un-dysfonctionnement"},"wordCount":473,"commentCount":0,"image":{"@id":"https:\/\/www.africa-press.net\/congo-kinshasa\/sports\/can-2025-defaite-de-la-rdc-due-a-un-dysfonctionnement#primaryimage"},"thumbnailUrl":"https:\/\/static.africa-press.net\/congo-kinshasa\/sites\/49\/2026\/01\/sm_1767837067.257975.jpg","keywords":["Congo Kinshasa"],"articleSection":["Sports","to-homepage","Toutes les actualit\u00e9s"],"inLanguage":"fr-FR","potentialAction":[{"@type":"CommentAction","name":"Comment","target":["https:\/\/www.africa-press.net\/congo-kinshasa\/sports\/can-2025-defaite-de-la-rdc-due-a-un-dysfonctionnement#respond"]}]},{"@type":"WebPage","@id":"https:\/\/www.africa-press.net\/congo-kinshasa\/sports\/can-2025-defaite-de-la-rdc-due-a-un-dysfonctionnement","url":"https:\/\/www.africa-press.net\/congo-kinshasa\/sports\/can-2025-defaite-de-la-rdc-due-a-un-dysfonctionnement","name":"CAN 2025: De\u0301faite de la RDC due a\u0300 un dysfonctionnement - Congo-kinshasa","isPartOf":{"@id":"https:\/\/www.africa-press.net\/congo-kinshasa\/#website"},"primaryImageOfPage":{"@id":"https:\/\/www.africa-press.net\/congo-kinshasa\/sports\/can-2025-defaite-de-la-rdc-due-a-un-dysfonctionnement#primaryimage"},"image":{"@id":"https:\/\/www.africa-press.net\/congo-kinshasa\/sports\/can-2025-defaite-de-la-rdc-due-a-un-dysfonctionnement#primaryimage"},"thumbnailUrl":"https:\/\/static.africa-press.net\/congo-kinshasa\/sites\/49\/2026\/01\/sm_1767837067.257975.jpg","datePublished":"2026-01-07T23:22:05+00:00","dateModified":"2026-01-08T01:58:31+00:00","author":{"@id":"https:\/\/www.africa-press.net\/congo-kinshasa\/#\/schema\/person\/2b1cf3cd81a31e3cd26889ca66d677f1"},"description":"-article-header-tag\"> Africa-Press - Congo Kinshasa. Le se\u0301lectionneur nat ...","breadcrumb":{"@id":"https:\/\/www.africa-press.net\/congo-kinshasa\/sports\/can-2025-defaite-de-la-rdc-due-a-un-dysfonctionnement#breadcrumb"},"inLanguage":"fr-FR","potentialAction":[{"@type":"ReadAction","target":["https:\/\/www.africa-press.net\/congo-kinshasa\/sports\/can-2025-defaite-de-la-rdc-due-a-un-dysfonctionnement"]}]},{"@type":"ImageObject","inLanguage":"fr-FR","@id":"https:\/\/www.africa-press.net\/congo-kinshasa\/sports\/can-2025-defaite-de-la-rdc-due-a-un-dysfonctionnement#primaryimage","url":"https:\/\/static.africa-press.net\/congo-kinshasa\/sites\/49\/2026\/01\/sm_1767837067.257975.jpg","contentUrl":"https:\/\/static.africa-press.net\/congo-kinshasa\/sites\/49\/2026\/01\/sm_1767837067.257975.jpg","width":720,"height":435,"caption":"CAN 2025: De\u0301faite de la RDC due a\u0300 un dysfonctionnement"},{"@type":"BreadcrumbList","@id":"https:\/\/www.africa-press.net\/congo-kinshasa\/sports\/can-2025-defaite-de-la-rdc-due-a-un-dysfonctionnement#breadcrumb","itemListElement":[{"@type":"ListItem","position":1,"name":"Accueil","item":"https:\/\/www.africa-press.net\/congo-kinshasa\/"},{"@type":"ListItem","position":2,"name":"CAN 2025: De\u0301faite de la RDC due a\u0300 un dysfonctionnement"}]},{"@type":"WebSite","@id":"https:\/\/www.africa-press.net\/congo-kinshasa\/#website","url":"https:\/\/www.africa-press.net\/congo-kinshasa\/","name":"Congo-kinshasa","description":"Just another Africa News Agency Sites site","potentialAction":[{"@type":"SearchAction","target":{"@type":"EntryPoint","urlTemplate":"https:\/\/www.africa-press.net\/congo-kinshasa\/?s={search_term_string}"},"query-input":{"@type":"PropertyValueSpecification","valueRequired":true,"valueName":"search_term_string"}}],"inLanguage":"fr-FR"},{"@type":"Person","@id":"https:\/\/www.africa-press.net\/congo-kinshasa\/#\/schema\/person\/2b1cf3cd81a31e3cd26889ca66d677f1","name":"cfeditorfr"}]}},"_links":{"self":[{"href":"https:\/\/www.africa-press.net\/congo-kinshasa\/wp-json\/wp\/v2\/posts\/133166","targetHints":{"allow":["GET"]}}],"collection":[{"href":"https:\/\/www.africa-press.net\/congo-kinshasa\/wp-json\/wp\/v2\/posts"}],"about":[{"href":"https:\/\/www.africa-press.net\/congo-kinshasa\/wp-json\/wp\/v2\/types\/post"}],"author":[{"embeddable":true,"href":"https:\/\/www.africa-press.net\/congo-kinshasa\/wp-json\/wp\/v2\/users\/82"}],"replies":[{"embeddable":true,"href":"https:\/\/www.africa-press.net\/congo-kinshasa\/wp-json\/wp\/v2\/comments?post=133166"}],"version-history":[{"count":0,"href":"https:\/\/www.africa-press.net\/congo-kinshasa\/wp-json\/wp\/v2\/posts\/133166\/revisions"}],"wp:featuredmedia":[{"embeddable":true,"href":"https:\/\/www.africa-press.net\/congo-kinshasa\/wp-json\/wp\/v2\/media\/133164"}],"wp:attachment":[{"href":"https:\/\/www.africa-press.net\/congo-kinshasa\/wp-json\/wp\/v2\/media?parent=133166"}],"wp:term":[{"taxonomy":"category","embeddable":true,"href":"https:\/\/www.africa-press.net\/congo-kinshasa\/wp-json\/wp\/v2\/categories?post=133166"},{"taxonomy":"post_tag","embeddable":true,"href":"https:\/\/www.africa-press.net\/congo-kinshasa\/wp-json\/wp\/v2\/tags?post=133166"}],"curies":[{"name":"wp","href":"https:\/\/api.w.org\/{rel}","templated":true}]}}