{"id":134650,"date":"2026-02-05T17:17:46","date_gmt":"2026-02-05T17:17:46","guid":{"rendered":"https:\/\/www.africa-press.net\/congo-kinshasa\/politique\/mobilite-urbaine-a-kinshasa-et-limites-des-reformes"},"modified":"2026-02-05T18:17:50","modified_gmt":"2026-02-05T18:17:50","slug":"mobilite-urbaine-a-kinshasa-et-limites-des-reformes","status":"publish","type":"post","link":"https:\/\/www.africa-press.net\/congo-kinshasa\/toutes-les-actualites\/mobilite-urbaine-a-kinshasa-et-limites-des-reformes","title":{"rendered":"Mobilit\u00e9 Urbaine \u00e0 Kinshasa et Limites des R\u00e9formes"},"content":{"rendered":"<p><span class=\"ap-article-header-tag\"> <strong>Africa-Press &#8211; Congo Kinshasa. <\/strong> <\/span><b>Kinshasa a de nouveau ve\u0301cu une soire\u0301e cauchemardesque sur le plan de la circulation. Le boulevard du 30 Juin, principal axe de la capitale, a e\u0301te\u0301 le the\u0301a\u0302tre d\u2019un embouteillage monstre, le 04 fe\u0301vrier 2026, entre 19h et 22h, aggrave\u0301 par des pluies abondantes qui ont paralyse\u0301 la circulation.<\/b><\/p>\n<p>Dans ce contexte de\u0301ja\u0300 tendu, l\u2019absence remarque\u0301e des agents de re\u0301gulation de la circulation a suscite\u0301 l\u2019indignation de plusieurs usagers.<\/p>\n<p>Selon Jean-Claude Katende, observateur de la vie publique, aucun des 3 000 agents annonce\u0301s par le Gouverneur de la ville n\u2019e\u0301tait visible sur le terrain, alors qu\u2019ils sont officiellement cense\u0301s e\u0302tre de\u0301ploye\u0301s de 5h du matin a\u0300 minuit pour faire respecter le code de la route.<\/p>\n<p>\u201c La possession des documents de bord seule ne peut pas re\u0301soudre le proble\u0300me d\u2019embouteillage. La joie e\u0301tait de courte dure\u0301e \u201d, a-t-il de\u0301clare\u0301, soulignant les limites des mesures re\u0301cemment mises en \u0153uvre.<\/p>\n<p>Ces propos font e\u0301cho aux actions engage\u0301es ces dernie\u0300res semaines par l\u2019autorite\u0301 urbaine, notamment le renforcement des contro\u0302les des documents de circulation, l\u2019annonce du de\u0301ploiement massif d\u2019agents pour fluidifier le trafic, ainsi que des re\u0301ame\u0301nagements ponctuels de la voirie et des restrictions de circulation sur certains axes strate\u0301giques.<\/p>\n<p>Toutefois, les e\u0301ve\u0301nements de la soire\u0301e du 04 fe\u0301vrier mettent en lumie\u0300re un de\u0301calage entre les annonces officielles et la re\u0301alite\u0301 sur le terrain.<\/p>\n<p>Pour de nombreux Kinois, la re\u0301gulation du trafic ne peut se limiter a\u0300 des contro\u0302les administratifs, mais ne\u0301cessite une pre\u0301sence effective et visible des agents, une meilleure anticipation des intempe\u0301ries et une gestion coordonne\u0301e de la mobilite\u0301 urbaine.<\/p>\n<p>Alors que Kinshasa continue de faire face a\u0300 une croissance de\u0301mographique rapide et a\u0300 des infrastructures sous pression, cet e\u0301pisode relance le de\u0301bat sur l\u2019efficacite\u0301 des politiques de mobilite\u0301 et l\u2019urgence de solutions durables pour e\u0301viter que les grandes arte\u0300res de la ville ne se transforment, une fois de plus, en parkings a\u0300 ciel ouvert.<\/p>\n<p class=\"ap-article-footer-note\">Retrouvez plus d\u2019actualit\u00e9s et d\u2019analyses sur <span class=\"ap-highlight-country\">Congo Kinshasa<\/span> sur le site <span class=\"ap-highlight-brand\">Africa Press<\/span><\/p>\n","protected":false},"excerpt":{"rendered":"<p>Africa-Press &#8211; Congo Kinshasa. Kinshasa a de nouveau ve\u0301cu une soire\u0301e cauchemardesque sur le plan de la circulation. Le boulevard du 30 Juin, principal axe de la capitale, a e\u0301te\u0301 le the\u0301a\u0302tre d\u2019un embouteillage monstre, le 04 fe\u0301vrier 2026, entre 19h et 22h, aggrave\u0301 par des pluies abondantes qui ont paralyse\u0301 la circulation. Dans ce [&hellip;]<\/p>\n","protected":false},"author":82,"featured_media":134649,"comment_status":"open","ping_status":"closed","sticky":false,"template":"","format":"standard","meta":{"footnotes":""},"categories":[21,10],"tags":[46],"class_list":["post-134650","post","type-post","status-publish","format-standard","has-post-thumbnail","hentry","category-communaute","category-toutes-les-actualites","tag-congo-kinshasa"],"yoast_head":"<!-- This site is optimized with the Yoast SEO Premium plugin v26.1 (Yoast SEO v27.0) - https:\/\/yoast.com\/product\/yoast-seo-premium-wordpress\/ -->\n<title>Mobilit\u00e9 Urbaine \u00e0 Kinshasa et Limites des R\u00e9formes - Congo-kinshasa<\/title>\n<meta name=\"description\" content=\"-article-header-tag&quot;&gt; Africa-Press - Congo Kinshasa. Kinshasa a de nouveau ...\" \/>\n<meta name=\"robots\" content=\"index, follow, max-snippet:-1, max-image-preview:large, max-video-preview:-1\" \/>\n<link rel=\"canonical\" href=\"https:\/\/www.africa-press.net\/congo-kinshasa\/toutes-les-actualites\/mobilite-urbaine-a-kinshasa-et-limites-des-reformes\" \/>\n<meta property=\"og:locale\" content=\"fr_FR\" \/>\n<meta property=\"og:type\" content=\"article\" \/>\n<meta property=\"og:title\" content=\"Mobilit\u00e9 Urbaine \u00e0 Kinshasa et Limites des R\u00e9formes\" \/>\n<meta property=\"og:description\" content=\"-article-header-tag&quot;&gt; Africa-Press - Congo Kinshasa. Kinshasa a de nouveau ...\" \/>\n<meta property=\"og:url\" content=\"https:\/\/www.africa-press.net\/congo-kinshasa\/toutes-les-actualites\/mobilite-urbaine-a-kinshasa-et-limites-des-reformes\" \/>\n<meta property=\"og:site_name\" content=\"Congo-kinshasa\" \/>\n<meta property=\"article:published_time\" content=\"2026-02-05T17:17:46+00:00\" \/>\n<meta property=\"article:modified_time\" content=\"2026-02-05T18:17:50+00:00\" \/>\n<meta property=\"og:image\" content=\"https:\/\/static.africa-press.net\/congo-kinshasa\/sites\/49\/2026\/02\/sm_1770314371.983001.jpg\" \/>\n\t<meta property=\"og:image:width\" content=\"1011\" \/>\n\t<meta property=\"og:image:height\" content=\"720\" \/>\n\t<meta property=\"og:image:type\" content=\"image\/jpeg\" \/>\n<meta name=\"author\" content=\"cfeditorfr\" \/>\n<meta name=\"twitter:card\" content=\"summary_large_image\" \/>\n<meta name=\"twitter:label1\" content=\"\u00c9crit par\" \/>\n\t<meta name=\"twitter:data1\" content=\"cfeditorfr\" \/>\n\t<meta name=\"twitter:label2\" content=\"Dur\u00e9e de lecture estim\u00e9e\" \/>\n\t<meta name=\"twitter:data2\" content=\"2 minutes\" \/>\n<script type=\"application\/ld+json\" class=\"yoast-schema-graph\">{\"@context\":\"https:\/\/schema.org\",\"@graph\":[{\"@type\":\"Article\",\"@id\":\"https:\/\/www.africa-press.net\/congo-kinshasa\/toutes-les-actualites\/mobilite-urbaine-a-kinshasa-et-limites-des-reformes#article\",\"isPartOf\":{\"@id\":\"https:\/\/www.africa-press.net\/congo-kinshasa\/toutes-les-actualites\/mobilite-urbaine-a-kinshasa-et-limites-des-reformes\"},\"author\":{\"name\":\"cfeditorfr\",\"@id\":\"https:\/\/www.africa-press.net\/congo-kinshasa\/#\/schema\/person\/2b1cf3cd81a31e3cd26889ca66d677f1\"},\"headline\":\"Mobilit\u00e9 Urbaine \u00e0 Kinshasa et Limites des R\u00e9formes\",\"datePublished\":\"2026-02-05T17:17:46+00:00\",\"dateModified\":\"2026-02-05T18:17:50+00:00\",\"mainEntityOfPage\":{\"@id\":\"https:\/\/www.africa-press.net\/congo-kinshasa\/toutes-les-actualites\/mobilite-urbaine-a-kinshasa-et-limites-des-reformes\"},\"wordCount\":391,\"commentCount\":0,\"image\":{\"@id\":\"https:\/\/www.africa-press.net\/congo-kinshasa\/toutes-les-actualites\/mobilite-urbaine-a-kinshasa-et-limites-des-reformes#primaryimage\"},\"thumbnailUrl\":\"https:\/\/static.africa-press.net\/congo-kinshasa\/sites\/49\/2026\/02\/sm_1770314371.983001.jpg\",\"keywords\":[\"Congo Kinshasa\"],\"articleSection\":[\"Communaut\u00e9\",\"Toutes les actualit\u00e9s\"],\"inLanguage\":\"fr-FR\",\"potentialAction\":[{\"@type\":\"CommentAction\",\"name\":\"Comment\",\"target\":[\"https:\/\/www.africa-press.net\/congo-kinshasa\/toutes-les-actualites\/mobilite-urbaine-a-kinshasa-et-limites-des-reformes#respond\"]}]},{\"@type\":\"WebPage\",\"@id\":\"https:\/\/www.africa-press.net\/congo-kinshasa\/toutes-les-actualites\/mobilite-urbaine-a-kinshasa-et-limites-des-reformes\",\"url\":\"https:\/\/www.africa-press.net\/congo-kinshasa\/toutes-les-actualites\/mobilite-urbaine-a-kinshasa-et-limites-des-reformes\",\"name\":\"Mobilit\u00e9 Urbaine \u00e0 Kinshasa et Limites des R\u00e9formes - Congo-kinshasa\",\"isPartOf\":{\"@id\":\"https:\/\/www.africa-press.net\/congo-kinshasa\/#website\"},\"primaryImageOfPage\":{\"@id\":\"https:\/\/www.africa-press.net\/congo-kinshasa\/toutes-les-actualites\/mobilite-urbaine-a-kinshasa-et-limites-des-reformes#primaryimage\"},\"image\":{\"@id\":\"https:\/\/www.africa-press.net\/congo-kinshasa\/toutes-les-actualites\/mobilite-urbaine-a-kinshasa-et-limites-des-reformes#primaryimage\"},\"thumbnailUrl\":\"https:\/\/static.africa-press.net\/congo-kinshasa\/sites\/49\/2026\/02\/sm_1770314371.983001.jpg\",\"datePublished\":\"2026-02-05T17:17:46+00:00\",\"dateModified\":\"2026-02-05T18:17:50+00:00\",\"author\":{\"@id\":\"https:\/\/www.africa-press.net\/congo-kinshasa\/#\/schema\/person\/2b1cf3cd81a31e3cd26889ca66d677f1\"},\"description\":\"-article-header-tag\\\"> Africa-Press - Congo Kinshasa. Kinshasa a de nouveau ...\",\"breadcrumb\":{\"@id\":\"https:\/\/www.africa-press.net\/congo-kinshasa\/toutes-les-actualites\/mobilite-urbaine-a-kinshasa-et-limites-des-reformes#breadcrumb\"},\"inLanguage\":\"fr-FR\",\"potentialAction\":[{\"@type\":\"ReadAction\",\"target\":[\"https:\/\/www.africa-press.net\/congo-kinshasa\/toutes-les-actualites\/mobilite-urbaine-a-kinshasa-et-limites-des-reformes\"]}]},{\"@type\":\"ImageObject\",\"inLanguage\":\"fr-FR\",\"@id\":\"https:\/\/www.africa-press.net\/congo-kinshasa\/toutes-les-actualites\/mobilite-urbaine-a-kinshasa-et-limites-des-reformes#primaryimage\",\"url\":\"https:\/\/static.africa-press.net\/congo-kinshasa\/sites\/49\/2026\/02\/sm_1770314371.983001.jpg\",\"contentUrl\":\"https:\/\/static.africa-press.net\/congo-kinshasa\/sites\/49\/2026\/02\/sm_1770314371.983001.jpg\",\"width\":1011,\"height\":720,\"caption\":\"Mobilit\u00e9 Urbaine \u00e0 Kinshasa et Limites des R\u00e9formes\"},{\"@type\":\"BreadcrumbList\",\"@id\":\"https:\/\/www.africa-press.net\/congo-kinshasa\/toutes-les-actualites\/mobilite-urbaine-a-kinshasa-et-limites-des-reformes#breadcrumb\",\"itemListElement\":[{\"@type\":\"ListItem\",\"position\":1,\"name\":\"Accueil\",\"item\":\"https:\/\/www.africa-press.net\/congo-kinshasa\/\"},{\"@type\":\"ListItem\",\"position\":2,\"name\":\"Mobilit\u00e9 Urbaine \u00e0 Kinshasa et Limites des R\u00e9formes\"}]},{\"@type\":\"WebSite\",\"@id\":\"https:\/\/www.africa-press.net\/congo-kinshasa\/#website\",\"url\":\"https:\/\/www.africa-press.net\/congo-kinshasa\/\",\"name\":\"Congo-kinshasa\",\"description\":\"Just another Africa News Agency Sites site\",\"potentialAction\":[{\"@type\":\"SearchAction\",\"target\":{\"@type\":\"EntryPoint\",\"urlTemplate\":\"https:\/\/www.africa-press.net\/congo-kinshasa\/?s={search_term_string}\"},\"query-input\":{\"@type\":\"PropertyValueSpecification\",\"valueRequired\":true,\"valueName\":\"search_term_string\"}}],\"inLanguage\":\"fr-FR\"},{\"@type\":\"Person\",\"@id\":\"https:\/\/www.africa-press.net\/congo-kinshasa\/#\/schema\/person\/2b1cf3cd81a31e3cd26889ca66d677f1\",\"name\":\"cfeditorfr\"}]}<\/script>\n<!-- \/ Yoast SEO Premium plugin. -->","yoast_head_json":{"title":"Mobilit\u00e9 Urbaine \u00e0 Kinshasa et Limites des R\u00e9formes - Congo-kinshasa","description":"-article-header-tag\"> Africa-Press - Congo Kinshasa. Kinshasa a de nouveau ...","robots":{"index":"index","follow":"follow","max-snippet":"max-snippet:-1","max-image-preview":"max-image-preview:large","max-video-preview":"max-video-preview:-1"},"canonical":"https:\/\/www.africa-press.net\/congo-kinshasa\/toutes-les-actualites\/mobilite-urbaine-a-kinshasa-et-limites-des-reformes","og_locale":"fr_FR","og_type":"article","og_title":"Mobilit\u00e9 Urbaine \u00e0 Kinshasa et Limites des R\u00e9formes","og_description":"-article-header-tag\"> Africa-Press - Congo Kinshasa. Kinshasa a de nouveau ...","og_url":"https:\/\/www.africa-press.net\/congo-kinshasa\/toutes-les-actualites\/mobilite-urbaine-a-kinshasa-et-limites-des-reformes","og_site_name":"Congo-kinshasa","article_published_time":"2026-02-05T17:17:46+00:00","article_modified_time":"2026-02-05T18:17:50+00:00","og_image":[{"width":1011,"height":720,"url":"https:\/\/static.africa-press.net\/congo-kinshasa\/sites\/49\/2026\/02\/sm_1770314371.983001.jpg","type":"image\/jpeg"}],"author":"cfeditorfr","twitter_card":"summary_large_image","twitter_misc":{"\u00c9crit par":"cfeditorfr","Dur\u00e9e de lecture estim\u00e9e":"2 minutes"},"schema":{"@context":"https:\/\/schema.org","@graph":[{"@type":"Article","@id":"https:\/\/www.africa-press.net\/congo-kinshasa\/toutes-les-actualites\/mobilite-urbaine-a-kinshasa-et-limites-des-reformes#article","isPartOf":{"@id":"https:\/\/www.africa-press.net\/congo-kinshasa\/toutes-les-actualites\/mobilite-urbaine-a-kinshasa-et-limites-des-reformes"},"author":{"name":"cfeditorfr","@id":"https:\/\/www.africa-press.net\/congo-kinshasa\/#\/schema\/person\/2b1cf3cd81a31e3cd26889ca66d677f1"},"headline":"Mobilit\u00e9 Urbaine \u00e0 Kinshasa et Limites des R\u00e9formes","datePublished":"2026-02-05T17:17:46+00:00","dateModified":"2026-02-05T18:17:50+00:00","mainEntityOfPage":{"@id":"https:\/\/www.africa-press.net\/congo-kinshasa\/toutes-les-actualites\/mobilite-urbaine-a-kinshasa-et-limites-des-reformes"},"wordCount":391,"commentCount":0,"image":{"@id":"https:\/\/www.africa-press.net\/congo-kinshasa\/toutes-les-actualites\/mobilite-urbaine-a-kinshasa-et-limites-des-reformes#primaryimage"},"thumbnailUrl":"https:\/\/static.africa-press.net\/congo-kinshasa\/sites\/49\/2026\/02\/sm_1770314371.983001.jpg","keywords":["Congo Kinshasa"],"articleSection":["Communaut\u00e9","Toutes les actualit\u00e9s"],"inLanguage":"fr-FR","potentialAction":[{"@type":"CommentAction","name":"Comment","target":["https:\/\/www.africa-press.net\/congo-kinshasa\/toutes-les-actualites\/mobilite-urbaine-a-kinshasa-et-limites-des-reformes#respond"]}]},{"@type":"WebPage","@id":"https:\/\/www.africa-press.net\/congo-kinshasa\/toutes-les-actualites\/mobilite-urbaine-a-kinshasa-et-limites-des-reformes","url":"https:\/\/www.africa-press.net\/congo-kinshasa\/toutes-les-actualites\/mobilite-urbaine-a-kinshasa-et-limites-des-reformes","name":"Mobilit\u00e9 Urbaine \u00e0 Kinshasa et Limites des R\u00e9formes - Congo-kinshasa","isPartOf":{"@id":"https:\/\/www.africa-press.net\/congo-kinshasa\/#website"},"primaryImageOfPage":{"@id":"https:\/\/www.africa-press.net\/congo-kinshasa\/toutes-les-actualites\/mobilite-urbaine-a-kinshasa-et-limites-des-reformes#primaryimage"},"image":{"@id":"https:\/\/www.africa-press.net\/congo-kinshasa\/toutes-les-actualites\/mobilite-urbaine-a-kinshasa-et-limites-des-reformes#primaryimage"},"thumbnailUrl":"https:\/\/static.africa-press.net\/congo-kinshasa\/sites\/49\/2026\/02\/sm_1770314371.983001.jpg","datePublished":"2026-02-05T17:17:46+00:00","dateModified":"2026-02-05T18:17:50+00:00","author":{"@id":"https:\/\/www.africa-press.net\/congo-kinshasa\/#\/schema\/person\/2b1cf3cd81a31e3cd26889ca66d677f1"},"description":"-article-header-tag\"> Africa-Press - Congo Kinshasa. Kinshasa a de nouveau ...","breadcrumb":{"@id":"https:\/\/www.africa-press.net\/congo-kinshasa\/toutes-les-actualites\/mobilite-urbaine-a-kinshasa-et-limites-des-reformes#breadcrumb"},"inLanguage":"fr-FR","potentialAction":[{"@type":"ReadAction","target":["https:\/\/www.africa-press.net\/congo-kinshasa\/toutes-les-actualites\/mobilite-urbaine-a-kinshasa-et-limites-des-reformes"]}]},{"@type":"ImageObject","inLanguage":"fr-FR","@id":"https:\/\/www.africa-press.net\/congo-kinshasa\/toutes-les-actualites\/mobilite-urbaine-a-kinshasa-et-limites-des-reformes#primaryimage","url":"https:\/\/static.africa-press.net\/congo-kinshasa\/sites\/49\/2026\/02\/sm_1770314371.983001.jpg","contentUrl":"https:\/\/static.africa-press.net\/congo-kinshasa\/sites\/49\/2026\/02\/sm_1770314371.983001.jpg","width":1011,"height":720,"caption":"Mobilit\u00e9 Urbaine \u00e0 Kinshasa et Limites des R\u00e9formes"},{"@type":"BreadcrumbList","@id":"https:\/\/www.africa-press.net\/congo-kinshasa\/toutes-les-actualites\/mobilite-urbaine-a-kinshasa-et-limites-des-reformes#breadcrumb","itemListElement":[{"@type":"ListItem","position":1,"name":"Accueil","item":"https:\/\/www.africa-press.net\/congo-kinshasa\/"},{"@type":"ListItem","position":2,"name":"Mobilit\u00e9 Urbaine \u00e0 Kinshasa et Limites des R\u00e9formes"}]},{"@type":"WebSite","@id":"https:\/\/www.africa-press.net\/congo-kinshasa\/#website","url":"https:\/\/www.africa-press.net\/congo-kinshasa\/","name":"Congo-kinshasa","description":"Just another Africa News Agency Sites site","potentialAction":[{"@type":"SearchAction","target":{"@type":"EntryPoint","urlTemplate":"https:\/\/www.africa-press.net\/congo-kinshasa\/?s={search_term_string}"},"query-input":{"@type":"PropertyValueSpecification","valueRequired":true,"valueName":"search_term_string"}}],"inLanguage":"fr-FR"},{"@type":"Person","@id":"https:\/\/www.africa-press.net\/congo-kinshasa\/#\/schema\/person\/2b1cf3cd81a31e3cd26889ca66d677f1","name":"cfeditorfr"}]}},"_links":{"self":[{"href":"https:\/\/www.africa-press.net\/congo-kinshasa\/wp-json\/wp\/v2\/posts\/134650","targetHints":{"allow":["GET"]}}],"collection":[{"href":"https:\/\/www.africa-press.net\/congo-kinshasa\/wp-json\/wp\/v2\/posts"}],"about":[{"href":"https:\/\/www.africa-press.net\/congo-kinshasa\/wp-json\/wp\/v2\/types\/post"}],"author":[{"embeddable":true,"href":"https:\/\/www.africa-press.net\/congo-kinshasa\/wp-json\/wp\/v2\/users\/82"}],"replies":[{"embeddable":true,"href":"https:\/\/www.africa-press.net\/congo-kinshasa\/wp-json\/wp\/v2\/comments?post=134650"}],"version-history":[{"count":0,"href":"https:\/\/www.africa-press.net\/congo-kinshasa\/wp-json\/wp\/v2\/posts\/134650\/revisions"}],"wp:featuredmedia":[{"embeddable":true,"href":"https:\/\/www.africa-press.net\/congo-kinshasa\/wp-json\/wp\/v2\/media\/134649"}],"wp:attachment":[{"href":"https:\/\/www.africa-press.net\/congo-kinshasa\/wp-json\/wp\/v2\/media?parent=134650"}],"wp:term":[{"taxonomy":"category","embeddable":true,"href":"https:\/\/www.africa-press.net\/congo-kinshasa\/wp-json\/wp\/v2\/categories?post=134650"},{"taxonomy":"post_tag","embeddable":true,"href":"https:\/\/www.africa-press.net\/congo-kinshasa\/wp-json\/wp\/v2\/tags?post=134650"}],"curies":[{"name":"wp","href":"https:\/\/api.w.org\/{rel}","templated":true}]}}