{"id":136107,"date":"2026-02-20T22:56:57","date_gmt":"2026-02-20T22:56:57","guid":{"rendered":"https:\/\/www.africa-press.net\/congo-kinshasa\/politique\/formalisation-de-lor-artisanal-un-imperatif-social"},"modified":"2026-02-20T23:34:21","modified_gmt":"2026-02-20T23:34:21","slug":"formalisation-de-lor-artisanal-un-imperatif-social","status":"publish","type":"post","link":"https:\/\/www.africa-press.net\/congo-kinshasa\/economie\/formalisation-de-lor-artisanal-un-imperatif-social","title":{"rendered":"Formalisation de l&rsquo;Or Artisanal: Un Impe\u0301ratif Social"},"content":{"rendered":"<p><span class=\"ap-article-header-tag\"> <strong>Africa-Press &#8211; Congo Kinshasa. <\/strong> <\/span><b>La formalisation de l\u2019or artisanal exploite\u0301 en Re\u0301publique de\u0301mocratique du Congo a e\u0301te\u0301 pre\u0301sente\u0301e jeudi 19 fe\u0301vrier 2026 a\u0300 Kinshasa, par le ministre des Mines, comme un impe\u0301ratif social et e\u0301conomique, lors du lancement du Programme national AXIS et son initiative Goldconnect, adosse\u0301s au me\u0301canisme SGRT (Sovereign Gold Reserve Token), selon un communique\u0301 consulte\u0301, ce vendredi 20 fe\u0301vrier 2026, par l\u2019ACP.<\/b><\/p>\n<p>\u00ab La formalisation de l\u2019or artisanal est un impe\u0301ratif social et e\u0301conomique repre\u0301sentant une source vitale de revenus, mais souffre d\u2019informalite\u0301s, d\u2019une trac\u0327abilite\u0301 limite\u0301e, d\u2019impacts environnementaux et de recettes insuffisantes pour l\u2019E\u0301tat et les communaute\u0301s \u00bb, a de\u0301clare\u0301 Louis Watum Kabamba, ministre des Mines.<\/p>\n<p>Selon lui, l\u2019or artisanal congolais est un secteur vital pour des centaines de milliers de me\u0301nages mais fragilise\u0301 par l\u2019informalite\u0301 et les flux illicites. AXIS introduit un mode\u0300le souverain et innovant, mobilisant des financements structure\u0301s sans cre\u0301er de dette publique, et transforme l\u2019or artisanal en levier concret de prospe\u0301rite\u0301 partage\u0301e.<\/p>\n<p>Il a pre\u0301cise\u0301 que Goldconnect vise notamment a\u0300 structurer les chai\u0302nes d\u2019approvisionnement; se\u0301curiser les Zones d\u2019exploitation artisanale (ZEA); inte\u0301grer les coope\u0301ratives dans le circuit formel; et aligner la production sur les standards internationaux.<\/p>\n<p>Il vise e\u0301galement la maximisation des recettes publiques, la stabilisation des territoires et les volumes certifie\u0301s pour le marche\u0301 international. Par contre le Sovereign Gold Reserve Token (SGRT) est un instrument nume\u0301rique adosse\u0301 a\u0300 l\u2019or artisanal certifie\u0301 caracte\u0301rise\u0301 par la non cre\u0301ation de dette publique; pas de cession de droits miniers; les actifs nationaux prote\u0301ge\u0301s ; et les re\u0301serves ve\u0301rifie\u0301es et surcollate\u0301ralise\u0301es.<\/p>\n<p>La tokenisation souveraine permet de mobiliser des capitaux structure\u0301s tout en garantissant la trac\u0327abilite\u0301, l\u2019audit inde\u0301pendant et se\u0301curite\u0301 re\u0301glementaire.<\/p>\n<p><b>Partenariat strate\u0301gique<\/b><\/p>\n<p>Par ailleurs, le programme national AXIS be\u0301ne\u0301ficie du soutien de la Banque africaine de de\u0301veloppement (BAD) et est mis en \u0153uvre par Saemape-Cemar , porte\u0301 par le Fsrdc et de\u0301veloppe\u0301 avec Phoenix Capital B.V., charge\u0301 de l\u2019inge\u0301nierie financie\u0300re et technologique.<\/p>\n<p>La gouvernance comprend le Comite\u0301 interinstitutionnel de coordination ; le Comite\u0301 national de pilotage ; le Delivery Unit ope\u0301rationnelle ; l\u2019Ancrage territorial via les gouverneurs de provinces.<\/p>\n<p>Cette architecture re\u0301duit le risque, se\u0301curise les investissements et pre\u0301serve la souverainete\u0301 congolaise.<\/p>\n<p>\u00ab AXIS offre la cre\u0301ation d\u2019emplois formels ; l\u2019augmentation des revenus communautaires via fonds de\u0301die\u0301s (FAEAD, FCDD, fonds carbone, Couloir Vert; le financement d\u2019infrastructures locales (e\u0301coles, centres de sante\u0301, routes rurales); la protection de l\u2019environnement via me\u0301canismes carbone inte\u0301gre\u0301s; la re\u0301duction de la pauvrete\u0301 et stabilisation des zones minie\u0300res \u00bb, a fait savoir le ministre.<\/p>\n<p>A cet effet, AXIS positionne la RDC comme pionnie\u0300re africaine de la finance durable souveraine. L\u2019or artisanal structure\u0301 selon les standards internationaux (LBMA, IFRS) renforce la cre\u0301dibilite\u0301 du pays et la transparence des exportations.<\/p>\n<p>Le programme contribue a\u0300 re\u0301duire les circuits illicites ; ame\u0301liorer la notation de risque pays; renforcer la diplomatie e\u0301conomique congolaise.<\/p>\n<p>Le ministre des Mines, Louis Kabamba Watum, a rappele\u0301 que l\u2019Accord-cadre est un instrument strate\u0301gique, pas une simple formalite\u0301. Le succe\u0300s du programme repose sur la coordination, la rigueur et l\u2019engagement collectif.<\/p>\n<p>AXIS et Goldconnect traduisent un changement de paradigme: transformer la richesse naturelle en levier financier souverain, structurer l\u2019artisanat minier, renforcer l\u2019E\u0301tat et faire de l\u2019or congolais un moteur de prospe\u0301rite\u0301 partage\u0301e et durable.<\/p>\n<p class=\"ap-article-footer-note\">Retrouvez plus d\u2019actualit\u00e9s et d\u2019analyses sur <span class=\"ap-highlight-country\">Congo Kinshasa<\/span> sur le site <span class=\"ap-highlight-brand\">Africa Press<\/span><\/p>\n","protected":false},"excerpt":{"rendered":"<p>Africa-Press &#8211; Congo Kinshasa. La formalisation de l\u2019or artisanal exploite\u0301 en Re\u0301publique de\u0301mocratique du Congo a e\u0301te\u0301 pre\u0301sente\u0301e jeudi 19 fe\u0301vrier 2026 a\u0300 Kinshasa, par le ministre des Mines, comme un impe\u0301ratif social et e\u0301conomique, lors du lancement du Programme national AXIS et son initiative Goldconnect, adosse\u0301s au me\u0301canisme SGRT (Sovereign Gold Reserve Token), selon [&hellip;]<\/p>\n","protected":false},"author":82,"featured_media":136106,"comment_status":"open","ping_status":"closed","sticky":false,"template":"","format":"standard","meta":{"footnotes":""},"categories":[3,20,10],"tags":[46],"class_list":["post-136107","post","type-post","status-publish","format-standard","has-post-thumbnail","hentry","category-economie","category-top-nouvelles","category-toutes-les-actualites","tag-congo-kinshasa"],"yoast_head":"<!-- This site is optimized with the Yoast SEO Premium plugin v26.1 (Yoast SEO v27.0) - https:\/\/yoast.com\/product\/yoast-seo-premium-wordpress\/ -->\n<title>Formalisation de l&#039;Or Artisanal: Un Impe\u0301ratif Social - Congo-kinshasa<\/title>\n<meta name=\"description\" content=\"-article-header-tag&quot;&gt; Africa-Press - Congo Kinshasa. La formalisation de l ...\" \/>\n<meta name=\"robots\" content=\"index, follow, max-snippet:-1, max-image-preview:large, max-video-preview:-1\" \/>\n<link rel=\"canonical\" href=\"https:\/\/www.africa-press.net\/congo-kinshasa\/economie\/formalisation-de-lor-artisanal-un-imperatif-social\" \/>\n<meta property=\"og:locale\" content=\"fr_FR\" \/>\n<meta property=\"og:type\" content=\"article\" \/>\n<meta property=\"og:title\" content=\"Formalisation de l&#039;Or Artisanal: Un Impe\u0301ratif Social\" \/>\n<meta property=\"og:description\" content=\"-article-header-tag&quot;&gt; Africa-Press - Congo Kinshasa. La formalisation de l ...\" \/>\n<meta property=\"og:url\" content=\"https:\/\/www.africa-press.net\/congo-kinshasa\/economie\/formalisation-de-lor-artisanal-un-imperatif-social\" \/>\n<meta property=\"og:site_name\" content=\"Congo-kinshasa\" \/>\n<meta property=\"article:published_time\" content=\"2026-02-20T22:56:57+00:00\" \/>\n<meta property=\"article:modified_time\" content=\"2026-02-20T23:34:21+00:00\" \/>\n<meta property=\"og:image\" content=\"https:\/\/static.africa-press.net\/congo-kinshasa\/sites\/49\/2026\/02\/sm_1771629913.38376.jpg\" \/>\n\t<meta property=\"og:image:width\" content=\"973\" \/>\n\t<meta property=\"og:image:height\" content=\"583\" \/>\n\t<meta property=\"og:image:type\" content=\"image\/jpeg\" \/>\n<meta name=\"author\" content=\"cfeditorfr\" \/>\n<meta name=\"twitter:card\" content=\"summary_large_image\" \/>\n<meta name=\"twitter:label1\" content=\"\u00c9crit par\" \/>\n\t<meta name=\"twitter:data1\" content=\"cfeditorfr\" \/>\n\t<meta name=\"twitter:label2\" content=\"Dur\u00e9e de lecture estim\u00e9e\" \/>\n\t<meta name=\"twitter:data2\" content=\"3 minutes\" \/>\n<script type=\"application\/ld+json\" class=\"yoast-schema-graph\">{\"@context\":\"https:\/\/schema.org\",\"@graph\":[{\"@type\":\"Article\",\"@id\":\"https:\/\/www.africa-press.net\/congo-kinshasa\/economie\/formalisation-de-lor-artisanal-un-imperatif-social#article\",\"isPartOf\":{\"@id\":\"https:\/\/www.africa-press.net\/congo-kinshasa\/economie\/formalisation-de-lor-artisanal-un-imperatif-social\"},\"author\":{\"name\":\"cfeditorfr\",\"@id\":\"https:\/\/www.africa-press.net\/congo-kinshasa\/#\/schema\/person\/2b1cf3cd81a31e3cd26889ca66d677f1\"},\"headline\":\"Formalisation de l&rsquo;Or Artisanal: Un Impe\u0301ratif Social\",\"datePublished\":\"2026-02-20T22:56:57+00:00\",\"dateModified\":\"2026-02-20T23:34:21+00:00\",\"mainEntityOfPage\":{\"@id\":\"https:\/\/www.africa-press.net\/congo-kinshasa\/economie\/formalisation-de-lor-artisanal-un-imperatif-social\"},\"wordCount\":644,\"commentCount\":0,\"image\":{\"@id\":\"https:\/\/www.africa-press.net\/congo-kinshasa\/economie\/formalisation-de-lor-artisanal-un-imperatif-social#primaryimage\"},\"thumbnailUrl\":\"https:\/\/static.africa-press.net\/congo-kinshasa\/sites\/49\/2026\/02\/sm_1771629913.38376.jpg\",\"keywords\":[\"Congo Kinshasa\"],\"articleSection\":[\"\u00c9conomie\",\"Top Nouvelles\",\"Toutes les actualit\u00e9s\"],\"inLanguage\":\"fr-FR\",\"potentialAction\":[{\"@type\":\"CommentAction\",\"name\":\"Comment\",\"target\":[\"https:\/\/www.africa-press.net\/congo-kinshasa\/economie\/formalisation-de-lor-artisanal-un-imperatif-social#respond\"]}]},{\"@type\":\"WebPage\",\"@id\":\"https:\/\/www.africa-press.net\/congo-kinshasa\/economie\/formalisation-de-lor-artisanal-un-imperatif-social\",\"url\":\"https:\/\/www.africa-press.net\/congo-kinshasa\/economie\/formalisation-de-lor-artisanal-un-imperatif-social\",\"name\":\"Formalisation de l'Or Artisanal: Un Impe\u0301ratif Social - Congo-kinshasa\",\"isPartOf\":{\"@id\":\"https:\/\/www.africa-press.net\/congo-kinshasa\/#website\"},\"primaryImageOfPage\":{\"@id\":\"https:\/\/www.africa-press.net\/congo-kinshasa\/economie\/formalisation-de-lor-artisanal-un-imperatif-social#primaryimage\"},\"image\":{\"@id\":\"https:\/\/www.africa-press.net\/congo-kinshasa\/economie\/formalisation-de-lor-artisanal-un-imperatif-social#primaryimage\"},\"thumbnailUrl\":\"https:\/\/static.africa-press.net\/congo-kinshasa\/sites\/49\/2026\/02\/sm_1771629913.38376.jpg\",\"datePublished\":\"2026-02-20T22:56:57+00:00\",\"dateModified\":\"2026-02-20T23:34:21+00:00\",\"author\":{\"@id\":\"https:\/\/www.africa-press.net\/congo-kinshasa\/#\/schema\/person\/2b1cf3cd81a31e3cd26889ca66d677f1\"},\"description\":\"-article-header-tag\\\"> Africa-Press - Congo Kinshasa. La formalisation de l ...\",\"breadcrumb\":{\"@id\":\"https:\/\/www.africa-press.net\/congo-kinshasa\/economie\/formalisation-de-lor-artisanal-un-imperatif-social#breadcrumb\"},\"inLanguage\":\"fr-FR\",\"potentialAction\":[{\"@type\":\"ReadAction\",\"target\":[\"https:\/\/www.africa-press.net\/congo-kinshasa\/economie\/formalisation-de-lor-artisanal-un-imperatif-social\"]}]},{\"@type\":\"ImageObject\",\"inLanguage\":\"fr-FR\",\"@id\":\"https:\/\/www.africa-press.net\/congo-kinshasa\/economie\/formalisation-de-lor-artisanal-un-imperatif-social#primaryimage\",\"url\":\"https:\/\/static.africa-press.net\/congo-kinshasa\/sites\/49\/2026\/02\/sm_1771629913.38376.jpg\",\"contentUrl\":\"https:\/\/static.africa-press.net\/congo-kinshasa\/sites\/49\/2026\/02\/sm_1771629913.38376.jpg\",\"width\":973,\"height\":583,\"caption\":\"Formalisation de l'Or Artisanal: Un Impe\u0301ratif Social\"},{\"@type\":\"BreadcrumbList\",\"@id\":\"https:\/\/www.africa-press.net\/congo-kinshasa\/economie\/formalisation-de-lor-artisanal-un-imperatif-social#breadcrumb\",\"itemListElement\":[{\"@type\":\"ListItem\",\"position\":1,\"name\":\"Accueil\",\"item\":\"https:\/\/www.africa-press.net\/congo-kinshasa\/\"},{\"@type\":\"ListItem\",\"position\":2,\"name\":\"Formalisation de l&#8217;Or Artisanal: Un Impe\u0301ratif Social\"}]},{\"@type\":\"WebSite\",\"@id\":\"https:\/\/www.africa-press.net\/congo-kinshasa\/#website\",\"url\":\"https:\/\/www.africa-press.net\/congo-kinshasa\/\",\"name\":\"Congo-kinshasa\",\"description\":\"Just another Africa News Agency Sites site\",\"potentialAction\":[{\"@type\":\"SearchAction\",\"target\":{\"@type\":\"EntryPoint\",\"urlTemplate\":\"https:\/\/www.africa-press.net\/congo-kinshasa\/?s={search_term_string}\"},\"query-input\":{\"@type\":\"PropertyValueSpecification\",\"valueRequired\":true,\"valueName\":\"search_term_string\"}}],\"inLanguage\":\"fr-FR\"},{\"@type\":\"Person\",\"@id\":\"https:\/\/www.africa-press.net\/congo-kinshasa\/#\/schema\/person\/2b1cf3cd81a31e3cd26889ca66d677f1\",\"name\":\"cfeditorfr\"}]}<\/script>\n<!-- \/ Yoast SEO Premium plugin. -->","yoast_head_json":{"title":"Formalisation de l'Or Artisanal: Un Impe\u0301ratif Social - Congo-kinshasa","description":"-article-header-tag\"> Africa-Press - Congo Kinshasa. La formalisation de l ...","robots":{"index":"index","follow":"follow","max-snippet":"max-snippet:-1","max-image-preview":"max-image-preview:large","max-video-preview":"max-video-preview:-1"},"canonical":"https:\/\/www.africa-press.net\/congo-kinshasa\/economie\/formalisation-de-lor-artisanal-un-imperatif-social","og_locale":"fr_FR","og_type":"article","og_title":"Formalisation de l'Or Artisanal: Un Impe\u0301ratif Social","og_description":"-article-header-tag\"> Africa-Press - Congo Kinshasa. La formalisation de l ...","og_url":"https:\/\/www.africa-press.net\/congo-kinshasa\/economie\/formalisation-de-lor-artisanal-un-imperatif-social","og_site_name":"Congo-kinshasa","article_published_time":"2026-02-20T22:56:57+00:00","article_modified_time":"2026-02-20T23:34:21+00:00","og_image":[{"width":973,"height":583,"url":"https:\/\/static.africa-press.net\/congo-kinshasa\/sites\/49\/2026\/02\/sm_1771629913.38376.jpg","type":"image\/jpeg"}],"author":"cfeditorfr","twitter_card":"summary_large_image","twitter_misc":{"\u00c9crit par":"cfeditorfr","Dur\u00e9e de lecture estim\u00e9e":"3 minutes"},"schema":{"@context":"https:\/\/schema.org","@graph":[{"@type":"Article","@id":"https:\/\/www.africa-press.net\/congo-kinshasa\/economie\/formalisation-de-lor-artisanal-un-imperatif-social#article","isPartOf":{"@id":"https:\/\/www.africa-press.net\/congo-kinshasa\/economie\/formalisation-de-lor-artisanal-un-imperatif-social"},"author":{"name":"cfeditorfr","@id":"https:\/\/www.africa-press.net\/congo-kinshasa\/#\/schema\/person\/2b1cf3cd81a31e3cd26889ca66d677f1"},"headline":"Formalisation de l&rsquo;Or Artisanal: Un Impe\u0301ratif Social","datePublished":"2026-02-20T22:56:57+00:00","dateModified":"2026-02-20T23:34:21+00:00","mainEntityOfPage":{"@id":"https:\/\/www.africa-press.net\/congo-kinshasa\/economie\/formalisation-de-lor-artisanal-un-imperatif-social"},"wordCount":644,"commentCount":0,"image":{"@id":"https:\/\/www.africa-press.net\/congo-kinshasa\/economie\/formalisation-de-lor-artisanal-un-imperatif-social#primaryimage"},"thumbnailUrl":"https:\/\/static.africa-press.net\/congo-kinshasa\/sites\/49\/2026\/02\/sm_1771629913.38376.jpg","keywords":["Congo Kinshasa"],"articleSection":["\u00c9conomie","Top Nouvelles","Toutes les actualit\u00e9s"],"inLanguage":"fr-FR","potentialAction":[{"@type":"CommentAction","name":"Comment","target":["https:\/\/www.africa-press.net\/congo-kinshasa\/economie\/formalisation-de-lor-artisanal-un-imperatif-social#respond"]}]},{"@type":"WebPage","@id":"https:\/\/www.africa-press.net\/congo-kinshasa\/economie\/formalisation-de-lor-artisanal-un-imperatif-social","url":"https:\/\/www.africa-press.net\/congo-kinshasa\/economie\/formalisation-de-lor-artisanal-un-imperatif-social","name":"Formalisation de l'Or Artisanal: Un Impe\u0301ratif Social - Congo-kinshasa","isPartOf":{"@id":"https:\/\/www.africa-press.net\/congo-kinshasa\/#website"},"primaryImageOfPage":{"@id":"https:\/\/www.africa-press.net\/congo-kinshasa\/economie\/formalisation-de-lor-artisanal-un-imperatif-social#primaryimage"},"image":{"@id":"https:\/\/www.africa-press.net\/congo-kinshasa\/economie\/formalisation-de-lor-artisanal-un-imperatif-social#primaryimage"},"thumbnailUrl":"https:\/\/static.africa-press.net\/congo-kinshasa\/sites\/49\/2026\/02\/sm_1771629913.38376.jpg","datePublished":"2026-02-20T22:56:57+00:00","dateModified":"2026-02-20T23:34:21+00:00","author":{"@id":"https:\/\/www.africa-press.net\/congo-kinshasa\/#\/schema\/person\/2b1cf3cd81a31e3cd26889ca66d677f1"},"description":"-article-header-tag\"> Africa-Press - Congo Kinshasa. La formalisation de l ...","breadcrumb":{"@id":"https:\/\/www.africa-press.net\/congo-kinshasa\/economie\/formalisation-de-lor-artisanal-un-imperatif-social#breadcrumb"},"inLanguage":"fr-FR","potentialAction":[{"@type":"ReadAction","target":["https:\/\/www.africa-press.net\/congo-kinshasa\/economie\/formalisation-de-lor-artisanal-un-imperatif-social"]}]},{"@type":"ImageObject","inLanguage":"fr-FR","@id":"https:\/\/www.africa-press.net\/congo-kinshasa\/economie\/formalisation-de-lor-artisanal-un-imperatif-social#primaryimage","url":"https:\/\/static.africa-press.net\/congo-kinshasa\/sites\/49\/2026\/02\/sm_1771629913.38376.jpg","contentUrl":"https:\/\/static.africa-press.net\/congo-kinshasa\/sites\/49\/2026\/02\/sm_1771629913.38376.jpg","width":973,"height":583,"caption":"Formalisation de l'Or Artisanal: Un Impe\u0301ratif Social"},{"@type":"BreadcrumbList","@id":"https:\/\/www.africa-press.net\/congo-kinshasa\/economie\/formalisation-de-lor-artisanal-un-imperatif-social#breadcrumb","itemListElement":[{"@type":"ListItem","position":1,"name":"Accueil","item":"https:\/\/www.africa-press.net\/congo-kinshasa\/"},{"@type":"ListItem","position":2,"name":"Formalisation de l&#8217;Or Artisanal: Un Impe\u0301ratif Social"}]},{"@type":"WebSite","@id":"https:\/\/www.africa-press.net\/congo-kinshasa\/#website","url":"https:\/\/www.africa-press.net\/congo-kinshasa\/","name":"Congo-kinshasa","description":"Just another Africa News Agency Sites site","potentialAction":[{"@type":"SearchAction","target":{"@type":"EntryPoint","urlTemplate":"https:\/\/www.africa-press.net\/congo-kinshasa\/?s={search_term_string}"},"query-input":{"@type":"PropertyValueSpecification","valueRequired":true,"valueName":"search_term_string"}}],"inLanguage":"fr-FR"},{"@type":"Person","@id":"https:\/\/www.africa-press.net\/congo-kinshasa\/#\/schema\/person\/2b1cf3cd81a31e3cd26889ca66d677f1","name":"cfeditorfr"}]}},"_links":{"self":[{"href":"https:\/\/www.africa-press.net\/congo-kinshasa\/wp-json\/wp\/v2\/posts\/136107","targetHints":{"allow":["GET"]}}],"collection":[{"href":"https:\/\/www.africa-press.net\/congo-kinshasa\/wp-json\/wp\/v2\/posts"}],"about":[{"href":"https:\/\/www.africa-press.net\/congo-kinshasa\/wp-json\/wp\/v2\/types\/post"}],"author":[{"embeddable":true,"href":"https:\/\/www.africa-press.net\/congo-kinshasa\/wp-json\/wp\/v2\/users\/82"}],"replies":[{"embeddable":true,"href":"https:\/\/www.africa-press.net\/congo-kinshasa\/wp-json\/wp\/v2\/comments?post=136107"}],"version-history":[{"count":0,"href":"https:\/\/www.africa-press.net\/congo-kinshasa\/wp-json\/wp\/v2\/posts\/136107\/revisions"}],"wp:featuredmedia":[{"embeddable":true,"href":"https:\/\/www.africa-press.net\/congo-kinshasa\/wp-json\/wp\/v2\/media\/136106"}],"wp:attachment":[{"href":"https:\/\/www.africa-press.net\/congo-kinshasa\/wp-json\/wp\/v2\/media?parent=136107"}],"wp:term":[{"taxonomy":"category","embeddable":true,"href":"https:\/\/www.africa-press.net\/congo-kinshasa\/wp-json\/wp\/v2\/categories?post=136107"},{"taxonomy":"post_tag","embeddable":true,"href":"https:\/\/www.africa-press.net\/congo-kinshasa\/wp-json\/wp\/v2\/tags?post=136107"}],"curies":[{"name":"wp","href":"https:\/\/api.w.org\/{rel}","templated":true}]}}