{"id":136256,"date":"2026-02-22T18:12:16","date_gmt":"2026-02-22T18:12:16","guid":{"rendered":"https:\/\/www.africa-press.net\/congo-kinshasa\/politique\/rdc-mossac-conteste-accords-de-washington"},"modified":"2026-02-22T18:39:31","modified_gmt":"2026-02-22T18:39:31","slug":"rdc-mossac-conteste-accords-de-washington","status":"publish","type":"post","link":"https:\/\/www.africa-press.net\/congo-kinshasa\/politique\/rdc-mossac-conteste-accords-de-washington","title":{"rendered":"RDC: MOSSAC Conteste Accords de Washington"},"content":{"rendered":"<p><span class=\"ap-article-header-tag\"> <strong>Africa-Press &#8211; Congo Kinshasa. <\/strong> <\/span><b>La coalition Mobilisation pour la Sauvegarde de la Souverainete\u0301 et de l\u2019Autonomie Congolaise (MOSSAC) a publie\u0301 une de\u0301claration critique a\u0300 l\u2019e\u0301gard des Accords de Washington, signe\u0301s en de\u0301cembre 2025, entre la Re\u0301publique de\u0301mocratique du Congo, les E\u0301tats-Unis et le Rwanda. Regroupant 81 organisations congolaises, cette plateforme estime que ces accords compromettent la souverainete\u0301 nationale et ne re\u0301pondent pas aux exigences d\u2019une paix durable fonde\u0301e sur la se\u0301curite\u0301, la justice et la re\u0301paration.<\/b><\/p>\n<p>Dans son document parvenu a\u0300 opinion-info.cd, ce samedi 21 fe\u0301vrier 2026, le MOSSAC conside\u0300re que les engagements pris dans le cadre de l\u2019\u00ab accord paix contre minerais \u00bb doivent e\u0302tre analyse\u0301s comme un ensemble indissociable: l\u2019Accord de paix, le Cadre re\u0301gional d\u2019inte\u0301gration e\u0301conomique et l\u2019Accord de partenariat strate\u0301gique. Selon la coalition, la mise en \u0153uvre anticipe\u0301e des volets e\u0301conomiques, alors que les dispositions se\u0301curitaires ne seront pas pleinement applique\u0301es, cre\u0301e un de\u0301se\u0301quilibre pre\u0301judiciable aux inte\u0301re\u0302ts de la RDC.<\/p>\n<p>La plateforme critique e\u0301galement le manque de participation nationale dans la ne\u0301gociation des textes. Elle soutient que ni les autorite\u0301s locales, ni les repre\u0301sentants de la socie\u0301te\u0301 civile, ni les populations des provinces concerne\u0301es n\u2019ont e\u0301te\u0301 associe\u0301s de manie\u0300re transparente au processus. A\u0300 ses yeux, un dialogue national inclusif organise\u0301 a\u0300 Kinshasa serait indispensable pour de\u0301finir une position consensuelle sur les questions de souverainete\u0301, de se\u0301curite\u0301 et de gestion des ressources naturelles.<\/p>\n<p>Le MOSSAC appelle, par ailleurs, a\u0300 une application stricte de la Re\u0301solution 2773 du Conseil de se\u0301curite\u0301 des Nations Unies, adopte\u0301e en fe\u0301vrier 2025. Il recommande que toute coope\u0301ration e\u0301conomique soit subordonne\u0301e a\u0300 la fin effective du conflit, au retrait des forces e\u0301trange\u0300res pre\u0301sentes sur le territoire congolais et au re\u0301tablissement complet de l\u2019autorite\u0301 de l\u2019E\u0301tat dans les zones affecte\u0301es.<\/p>\n<p>Sur le plan juridique, la coalition e\u0301voque des pre\u0301occupations constitutionnelles lie\u0301es a\u0300 l\u2019Accord de partenariat strate\u0301gique. Elle cite notamment les articles 9, 12, 214 et 217 de la Constitution congolaise, estimant que certains engagements pourraient porter atteinte au principe de souverainete\u0301 permanente sur les ressources naturelles. Elle invite le Parlement congolais a\u0300 revisiter les textes signe\u0301s afin d\u2019en ve\u0301rifier la conformite\u0301 avec l\u2019ordre constitutionnel.<\/p>\n<p>Le document insiste e\u0301galement sur la ne\u0301cessite\u0301 de traiter la question de la responsabilite\u0301 pour les violations graves des droits humains et les crimes commis dans les zones de conflit. A\u0300 de\u0301faut de dispositions claires dans les Accords de Washington, le MOSSAC propose la cre\u0301ation d\u2019un me\u0301canisme judiciaire spe\u0301cifique pouvant, le cas e\u0301che\u0301ant, saisir la Cour pe\u0301nale internationale ou la Cour internationale de Justice.<\/p>\n<p>Enfin, la coalition exige la publication inte\u0301grale du me\u0301morandum d\u2019entente se\u0301curitaire conclu entre la RDC et les E\u0301tats-Unis, estimant que la transparence est une condition pre\u0301alable a\u0300 toute adhe\u0301sion nationale a\u0300 un partenariat de cette envergure.<\/p>\n<p>A\u0300 travers cette de\u0301claration, le MOSSAC affirme vouloir porter la voix d\u2019une partie de la socie\u0301te\u0301 civile congolaise pre\u0301occupe\u0301e par les implications politiques, e\u0301conomiques et se\u0301curitaires des Accords de Washington, et plaide pour une re\u0301orientation des discussions vers un cadre qu\u2019il juge plus conforme aux inte\u0301re\u0302ts souverains de la Re\u0301publique.<\/p>\n<p class=\"ap-article-footer-note\">Retrouvez plus d\u2019actualit\u00e9s et d\u2019analyses sur <span class=\"ap-highlight-country\">Congo Kinshasa<\/span> sur le site <span class=\"ap-highlight-brand\">Africa Press<\/span><\/p>\n","protected":false},"excerpt":{"rendered":"<p>Africa-Press &#8211; Congo Kinshasa. La coalition Mobilisation pour la Sauvegarde de la Souverainete\u0301 et de l\u2019Autonomie Congolaise (MOSSAC) a publie\u0301 une de\u0301claration critique a\u0300 l\u2019e\u0301gard des Accords de Washington, signe\u0301s en de\u0301cembre 2025, entre la Re\u0301publique de\u0301mocratique du Congo, les E\u0301tats-Unis et le Rwanda. Regroupant 81 organisations congolaises, cette plateforme estime que ces accords compromettent [&hellip;]<\/p>\n","protected":false},"author":82,"featured_media":136255,"comment_status":"open","ping_status":"closed","sticky":false,"template":"","format":"standard","meta":{"footnotes":""},"categories":[2,20,10],"tags":[46],"class_list":["post-136256","post","type-post","status-publish","format-standard","has-post-thumbnail","hentry","category-politique","category-top-nouvelles","category-toutes-les-actualites","tag-congo-kinshasa"],"yoast_head":"<!-- This site is optimized with the Yoast SEO Premium plugin v26.1 (Yoast SEO v27.0) - https:\/\/yoast.com\/product\/yoast-seo-premium-wordpress\/ -->\n<title>RDC: MOSSAC Conteste Accords de Washington - Congo-kinshasa<\/title>\n<meta name=\"description\" content=\"-article-header-tag&quot;&gt; Africa-Press - Congo Kinshasa. La coalition Mobilisa ...\" \/>\n<meta name=\"robots\" content=\"index, follow, max-snippet:-1, max-image-preview:large, max-video-preview:-1\" \/>\n<link rel=\"canonical\" href=\"https:\/\/www.africa-press.net\/congo-kinshasa\/politique\/rdc-mossac-conteste-accords-de-washington\" \/>\n<meta property=\"og:locale\" content=\"fr_FR\" \/>\n<meta property=\"og:type\" content=\"article\" \/>\n<meta property=\"og:title\" content=\"RDC: MOSSAC Conteste Accords de Washington\" \/>\n<meta property=\"og:description\" content=\"-article-header-tag&quot;&gt; Africa-Press - Congo Kinshasa. La coalition Mobilisa ...\" \/>\n<meta property=\"og:url\" content=\"https:\/\/www.africa-press.net\/congo-kinshasa\/politique\/rdc-mossac-conteste-accords-de-washington\" \/>\n<meta property=\"og:site_name\" content=\"Congo-kinshasa\" \/>\n<meta property=\"article:published_time\" content=\"2026-02-22T18:12:16+00:00\" \/>\n<meta property=\"article:modified_time\" content=\"2026-02-22T18:39:31+00:00\" \/>\n<meta property=\"og:image\" content=\"https:\/\/static.africa-press.net\/congo-kinshasa\/sites\/49\/2026\/02\/sm_1771785260.192275.jpg\" \/>\n\t<meta property=\"og:image:width\" content=\"1240\" \/>\n\t<meta property=\"og:image:height\" content=\"720\" \/>\n\t<meta property=\"og:image:type\" content=\"image\/jpeg\" \/>\n<meta name=\"author\" content=\"cfeditorfr\" \/>\n<meta name=\"twitter:card\" content=\"summary_large_image\" \/>\n<meta name=\"twitter:label1\" content=\"\u00c9crit par\" \/>\n\t<meta name=\"twitter:data1\" content=\"cfeditorfr\" \/>\n\t<meta name=\"twitter:label2\" content=\"Dur\u00e9e de lecture estim\u00e9e\" \/>\n\t<meta name=\"twitter:data2\" content=\"3 minutes\" \/>\n<script type=\"application\/ld+json\" class=\"yoast-schema-graph\">{\"@context\":\"https:\/\/schema.org\",\"@graph\":[{\"@type\":\"Article\",\"@id\":\"https:\/\/www.africa-press.net\/congo-kinshasa\/politique\/rdc-mossac-conteste-accords-de-washington#article\",\"isPartOf\":{\"@id\":\"https:\/\/www.africa-press.net\/congo-kinshasa\/politique\/rdc-mossac-conteste-accords-de-washington\"},\"author\":{\"name\":\"cfeditorfr\",\"@id\":\"https:\/\/www.africa-press.net\/congo-kinshasa\/#\/schema\/person\/2b1cf3cd81a31e3cd26889ca66d677f1\"},\"headline\":\"RDC: MOSSAC Conteste Accords de Washington\",\"datePublished\":\"2026-02-22T18:12:16+00:00\",\"dateModified\":\"2026-02-22T18:39:31+00:00\",\"mainEntityOfPage\":{\"@id\":\"https:\/\/www.africa-press.net\/congo-kinshasa\/politique\/rdc-mossac-conteste-accords-de-washington\"},\"wordCount\":612,\"commentCount\":0,\"image\":{\"@id\":\"https:\/\/www.africa-press.net\/congo-kinshasa\/politique\/rdc-mossac-conteste-accords-de-washington#primaryimage\"},\"thumbnailUrl\":\"https:\/\/static.africa-press.net\/congo-kinshasa\/sites\/49\/2026\/02\/sm_1771785260.192275.jpg\",\"keywords\":[\"Congo Kinshasa\"],\"articleSection\":[\"Politique\",\"Top Nouvelles\",\"Toutes les actualit\u00e9s\"],\"inLanguage\":\"fr-FR\",\"potentialAction\":[{\"@type\":\"CommentAction\",\"name\":\"Comment\",\"target\":[\"https:\/\/www.africa-press.net\/congo-kinshasa\/politique\/rdc-mossac-conteste-accords-de-washington#respond\"]}]},{\"@type\":\"WebPage\",\"@id\":\"https:\/\/www.africa-press.net\/congo-kinshasa\/politique\/rdc-mossac-conteste-accords-de-washington\",\"url\":\"https:\/\/www.africa-press.net\/congo-kinshasa\/politique\/rdc-mossac-conteste-accords-de-washington\",\"name\":\"RDC: MOSSAC Conteste Accords de Washington - Congo-kinshasa\",\"isPartOf\":{\"@id\":\"https:\/\/www.africa-press.net\/congo-kinshasa\/#website\"},\"primaryImageOfPage\":{\"@id\":\"https:\/\/www.africa-press.net\/congo-kinshasa\/politique\/rdc-mossac-conteste-accords-de-washington#primaryimage\"},\"image\":{\"@id\":\"https:\/\/www.africa-press.net\/congo-kinshasa\/politique\/rdc-mossac-conteste-accords-de-washington#primaryimage\"},\"thumbnailUrl\":\"https:\/\/static.africa-press.net\/congo-kinshasa\/sites\/49\/2026\/02\/sm_1771785260.192275.jpg\",\"datePublished\":\"2026-02-22T18:12:16+00:00\",\"dateModified\":\"2026-02-22T18:39:31+00:00\",\"author\":{\"@id\":\"https:\/\/www.africa-press.net\/congo-kinshasa\/#\/schema\/person\/2b1cf3cd81a31e3cd26889ca66d677f1\"},\"description\":\"-article-header-tag\\\"> Africa-Press - Congo Kinshasa. La coalition Mobilisa ...\",\"breadcrumb\":{\"@id\":\"https:\/\/www.africa-press.net\/congo-kinshasa\/politique\/rdc-mossac-conteste-accords-de-washington#breadcrumb\"},\"inLanguage\":\"fr-FR\",\"potentialAction\":[{\"@type\":\"ReadAction\",\"target\":[\"https:\/\/www.africa-press.net\/congo-kinshasa\/politique\/rdc-mossac-conteste-accords-de-washington\"]}]},{\"@type\":\"ImageObject\",\"inLanguage\":\"fr-FR\",\"@id\":\"https:\/\/www.africa-press.net\/congo-kinshasa\/politique\/rdc-mossac-conteste-accords-de-washington#primaryimage\",\"url\":\"https:\/\/static.africa-press.net\/congo-kinshasa\/sites\/49\/2026\/02\/sm_1771785260.192275.jpg\",\"contentUrl\":\"https:\/\/static.africa-press.net\/congo-kinshasa\/sites\/49\/2026\/02\/sm_1771785260.192275.jpg\",\"width\":1240,\"height\":720,\"caption\":\"RDC: MOSSAC Conteste Accords de Washington\"},{\"@type\":\"BreadcrumbList\",\"@id\":\"https:\/\/www.africa-press.net\/congo-kinshasa\/politique\/rdc-mossac-conteste-accords-de-washington#breadcrumb\",\"itemListElement\":[{\"@type\":\"ListItem\",\"position\":1,\"name\":\"Accueil\",\"item\":\"https:\/\/www.africa-press.net\/congo-kinshasa\/\"},{\"@type\":\"ListItem\",\"position\":2,\"name\":\"RDC: MOSSAC Conteste Accords de Washington\"}]},{\"@type\":\"WebSite\",\"@id\":\"https:\/\/www.africa-press.net\/congo-kinshasa\/#website\",\"url\":\"https:\/\/www.africa-press.net\/congo-kinshasa\/\",\"name\":\"Congo-kinshasa\",\"description\":\"Just another Africa News Agency Sites site\",\"potentialAction\":[{\"@type\":\"SearchAction\",\"target\":{\"@type\":\"EntryPoint\",\"urlTemplate\":\"https:\/\/www.africa-press.net\/congo-kinshasa\/?s={search_term_string}\"},\"query-input\":{\"@type\":\"PropertyValueSpecification\",\"valueRequired\":true,\"valueName\":\"search_term_string\"}}],\"inLanguage\":\"fr-FR\"},{\"@type\":\"Person\",\"@id\":\"https:\/\/www.africa-press.net\/congo-kinshasa\/#\/schema\/person\/2b1cf3cd81a31e3cd26889ca66d677f1\",\"name\":\"cfeditorfr\"}]}<\/script>\n<!-- \/ Yoast SEO Premium plugin. -->","yoast_head_json":{"title":"RDC: MOSSAC Conteste Accords de Washington - Congo-kinshasa","description":"-article-header-tag\"> Africa-Press - Congo Kinshasa. La coalition Mobilisa ...","robots":{"index":"index","follow":"follow","max-snippet":"max-snippet:-1","max-image-preview":"max-image-preview:large","max-video-preview":"max-video-preview:-1"},"canonical":"https:\/\/www.africa-press.net\/congo-kinshasa\/politique\/rdc-mossac-conteste-accords-de-washington","og_locale":"fr_FR","og_type":"article","og_title":"RDC: MOSSAC Conteste Accords de Washington","og_description":"-article-header-tag\"> Africa-Press - Congo Kinshasa. La coalition Mobilisa ...","og_url":"https:\/\/www.africa-press.net\/congo-kinshasa\/politique\/rdc-mossac-conteste-accords-de-washington","og_site_name":"Congo-kinshasa","article_published_time":"2026-02-22T18:12:16+00:00","article_modified_time":"2026-02-22T18:39:31+00:00","og_image":[{"width":1240,"height":720,"url":"https:\/\/static.africa-press.net\/congo-kinshasa\/sites\/49\/2026\/02\/sm_1771785260.192275.jpg","type":"image\/jpeg"}],"author":"cfeditorfr","twitter_card":"summary_large_image","twitter_misc":{"\u00c9crit par":"cfeditorfr","Dur\u00e9e de lecture estim\u00e9e":"3 minutes"},"schema":{"@context":"https:\/\/schema.org","@graph":[{"@type":"Article","@id":"https:\/\/www.africa-press.net\/congo-kinshasa\/politique\/rdc-mossac-conteste-accords-de-washington#article","isPartOf":{"@id":"https:\/\/www.africa-press.net\/congo-kinshasa\/politique\/rdc-mossac-conteste-accords-de-washington"},"author":{"name":"cfeditorfr","@id":"https:\/\/www.africa-press.net\/congo-kinshasa\/#\/schema\/person\/2b1cf3cd81a31e3cd26889ca66d677f1"},"headline":"RDC: MOSSAC Conteste Accords de Washington","datePublished":"2026-02-22T18:12:16+00:00","dateModified":"2026-02-22T18:39:31+00:00","mainEntityOfPage":{"@id":"https:\/\/www.africa-press.net\/congo-kinshasa\/politique\/rdc-mossac-conteste-accords-de-washington"},"wordCount":612,"commentCount":0,"image":{"@id":"https:\/\/www.africa-press.net\/congo-kinshasa\/politique\/rdc-mossac-conteste-accords-de-washington#primaryimage"},"thumbnailUrl":"https:\/\/static.africa-press.net\/congo-kinshasa\/sites\/49\/2026\/02\/sm_1771785260.192275.jpg","keywords":["Congo Kinshasa"],"articleSection":["Politique","Top Nouvelles","Toutes les actualit\u00e9s"],"inLanguage":"fr-FR","potentialAction":[{"@type":"CommentAction","name":"Comment","target":["https:\/\/www.africa-press.net\/congo-kinshasa\/politique\/rdc-mossac-conteste-accords-de-washington#respond"]}]},{"@type":"WebPage","@id":"https:\/\/www.africa-press.net\/congo-kinshasa\/politique\/rdc-mossac-conteste-accords-de-washington","url":"https:\/\/www.africa-press.net\/congo-kinshasa\/politique\/rdc-mossac-conteste-accords-de-washington","name":"RDC: MOSSAC Conteste Accords de Washington - Congo-kinshasa","isPartOf":{"@id":"https:\/\/www.africa-press.net\/congo-kinshasa\/#website"},"primaryImageOfPage":{"@id":"https:\/\/www.africa-press.net\/congo-kinshasa\/politique\/rdc-mossac-conteste-accords-de-washington#primaryimage"},"image":{"@id":"https:\/\/www.africa-press.net\/congo-kinshasa\/politique\/rdc-mossac-conteste-accords-de-washington#primaryimage"},"thumbnailUrl":"https:\/\/static.africa-press.net\/congo-kinshasa\/sites\/49\/2026\/02\/sm_1771785260.192275.jpg","datePublished":"2026-02-22T18:12:16+00:00","dateModified":"2026-02-22T18:39:31+00:00","author":{"@id":"https:\/\/www.africa-press.net\/congo-kinshasa\/#\/schema\/person\/2b1cf3cd81a31e3cd26889ca66d677f1"},"description":"-article-header-tag\"> Africa-Press - Congo Kinshasa. La coalition Mobilisa ...","breadcrumb":{"@id":"https:\/\/www.africa-press.net\/congo-kinshasa\/politique\/rdc-mossac-conteste-accords-de-washington#breadcrumb"},"inLanguage":"fr-FR","potentialAction":[{"@type":"ReadAction","target":["https:\/\/www.africa-press.net\/congo-kinshasa\/politique\/rdc-mossac-conteste-accords-de-washington"]}]},{"@type":"ImageObject","inLanguage":"fr-FR","@id":"https:\/\/www.africa-press.net\/congo-kinshasa\/politique\/rdc-mossac-conteste-accords-de-washington#primaryimage","url":"https:\/\/static.africa-press.net\/congo-kinshasa\/sites\/49\/2026\/02\/sm_1771785260.192275.jpg","contentUrl":"https:\/\/static.africa-press.net\/congo-kinshasa\/sites\/49\/2026\/02\/sm_1771785260.192275.jpg","width":1240,"height":720,"caption":"RDC: MOSSAC Conteste Accords de Washington"},{"@type":"BreadcrumbList","@id":"https:\/\/www.africa-press.net\/congo-kinshasa\/politique\/rdc-mossac-conteste-accords-de-washington#breadcrumb","itemListElement":[{"@type":"ListItem","position":1,"name":"Accueil","item":"https:\/\/www.africa-press.net\/congo-kinshasa\/"},{"@type":"ListItem","position":2,"name":"RDC: MOSSAC Conteste Accords de Washington"}]},{"@type":"WebSite","@id":"https:\/\/www.africa-press.net\/congo-kinshasa\/#website","url":"https:\/\/www.africa-press.net\/congo-kinshasa\/","name":"Congo-kinshasa","description":"Just another Africa News Agency Sites site","potentialAction":[{"@type":"SearchAction","target":{"@type":"EntryPoint","urlTemplate":"https:\/\/www.africa-press.net\/congo-kinshasa\/?s={search_term_string}"},"query-input":{"@type":"PropertyValueSpecification","valueRequired":true,"valueName":"search_term_string"}}],"inLanguage":"fr-FR"},{"@type":"Person","@id":"https:\/\/www.africa-press.net\/congo-kinshasa\/#\/schema\/person\/2b1cf3cd81a31e3cd26889ca66d677f1","name":"cfeditorfr"}]}},"_links":{"self":[{"href":"https:\/\/www.africa-press.net\/congo-kinshasa\/wp-json\/wp\/v2\/posts\/136256","targetHints":{"allow":["GET"]}}],"collection":[{"href":"https:\/\/www.africa-press.net\/congo-kinshasa\/wp-json\/wp\/v2\/posts"}],"about":[{"href":"https:\/\/www.africa-press.net\/congo-kinshasa\/wp-json\/wp\/v2\/types\/post"}],"author":[{"embeddable":true,"href":"https:\/\/www.africa-press.net\/congo-kinshasa\/wp-json\/wp\/v2\/users\/82"}],"replies":[{"embeddable":true,"href":"https:\/\/www.africa-press.net\/congo-kinshasa\/wp-json\/wp\/v2\/comments?post=136256"}],"version-history":[{"count":0,"href":"https:\/\/www.africa-press.net\/congo-kinshasa\/wp-json\/wp\/v2\/posts\/136256\/revisions"}],"wp:featuredmedia":[{"embeddable":true,"href":"https:\/\/www.africa-press.net\/congo-kinshasa\/wp-json\/wp\/v2\/media\/136255"}],"wp:attachment":[{"href":"https:\/\/www.africa-press.net\/congo-kinshasa\/wp-json\/wp\/v2\/media?parent=136256"}],"wp:term":[{"taxonomy":"category","embeddable":true,"href":"https:\/\/www.africa-press.net\/congo-kinshasa\/wp-json\/wp\/v2\/categories?post=136256"},{"taxonomy":"post_tag","embeddable":true,"href":"https:\/\/www.africa-press.net\/congo-kinshasa\/wp-json\/wp\/v2\/tags?post=136256"}],"curies":[{"name":"wp","href":"https:\/\/api.w.org\/{rel}","templated":true}]}}