{"id":136924,"date":"2026-03-14T18:46:23","date_gmt":"2026-03-14T18:46:23","guid":{"rendered":"https:\/\/www.africa-press.net\/congo-kinshasa\/politique\/ministre-detat-aux-affaires-etrangeres-et-diaspora"},"modified":"2026-03-15T23:25:09","modified_gmt":"2026-03-15T23:25:09","slug":"ministre-detat-aux-affaires-etrangeres-et-diaspora","status":"publish","type":"post","link":"https:\/\/www.africa-press.net\/congo-kinshasa\/politique\/ministre-detat-aux-affaires-etrangeres-et-diaspora","title":{"rendered":"Ministre d&rsquo;\u00c9tat aux Affaires \u00c9trang\u00e8res et Diaspora"},"content":{"rendered":"<p><span class=\"ap-article-header-tag\"> <strong>Africa-Press &#8211; Congo Kinshasa. <\/strong> <\/span><b>La situation dans l\u2019Est de la Re\u0301publique de\u0301mocratique du Congo, les efforts diplomatiques pour le respect et la mise en \u0153uvre de l\u2019accord de Washington entre les E\u0301tats-Unis, la RDC et le conflit avec Rwanda sont les points souleve\u0301s par la ministre d\u2019E\u0301tat, ministre des Affaires e\u0301trange\u0300res lors de sa rencontre vendredi a\u0300 Bruxelles avec une centaine de membres de la diaspora congolaise de Belgique, a constate\u0301 l\u2019ACP.<\/b><\/p>\n<p>Selon la ministre, les re\u0301centes sanctions prises par les E\u0301tats-Unis contre des responsables de l\u2019arme\u0301e rwandaise constituent \u00ab une mise en garde pour les signataires dudit accord \u00bb.<\/p>\n<p>\u00ab La donne a change\u0301. Toutes les parties doivent honorer leurs engagements \u00bb, a-t-elle souligne\u0301. Elle a insiste\u0301 sur le fait que l\u2019accord signe\u0301 est accessible sur le site de son ministe\u0300re et que maintenant, la question est sa mise en \u0153uvre.<\/p>\n<p>Abordant la question de la diaspora, Mme Kayikwamba Wagner a fe\u0301licite\u0301 la communaute\u0301 congolaise de Belgique, l\u2019une des plus nombreuses, pour son dynamisme. Elle a mis un accent particulier sur la ne\u0301cessite\u0301 de mieux l\u2019accompagner, de lui donner des opportunite\u0301s, d\u2019e\u0301tablir des passerelles, de maintenir les liens avec la RDC et de mieux canaliser son potentiel e\u0301conomique et politique.<\/p>\n<p>La ministre d\u2019E\u0301tat a de\u0301clare\u0301 que la diaspora doit e\u0302tre fie\u0300re parce qu\u2019elle contribue au de\u0301veloppement de la RDC.<\/p>\n<p>\u00ab Vous e\u0302tes des ambassadeurs du Congo \u00bb, a-t-elle affirme\u0301. Elle n\u2019a pas manque\u0301 d\u2019e\u0301voquer les difficulte\u0301s qu\u2019e\u0301prouvent les membres de la diaspora pour obtenir le passeport biome\u0301trique, assurant que les efforts sont fournis pour pallier a\u0300 la situation, notamment en ajustant le contrat pour augmenter le nombre de postes de captures.<\/p>\n<p>Apre\u0300s ces explications et pour sa premie\u0300re rencontre avec la diaspora depuis sa nomination a\u0300 ce poste, la ministre d\u2019E\u0301tat est passe\u0301e de table a\u0300 table pour e\u0301couter les desiderata et les pre\u0301occupations de la communaute\u0301 et re\u0301pondre aux questions qui lui e\u0301taient pose\u0301es.<\/p>\n<p>Ces pre\u0301occupations ont globalement trait a\u0300 la question de la double nationalite\u0301, de la carte Okapi pour la diaspora afin de supprimer le visa d\u2019entre\u0301e en RDC concernant ceux qui ont pris une autre nationalite\u0301, le financement des projets porte\u0301s par les Congolais de l\u2019e\u0301tranger et les difficulte\u0301s pour les jeunes qui ont termine\u0301 leurs e\u0301tudes et veulent rentrer travailler au Congo.<\/p>\n<p>La ministre a pris bonne note et verra dans quelle mesure re\u0301pondre a\u0300 ces pre\u0301occupations. Les participants a\u0300 la rencontre ont applaudi longuement Mme The\u0301re\u0300se Kayikwamba Wagner pour le travail diplomatique abattu, \u00ab sa pugnacite\u0301 dans les ne\u0301gociations, sa hargne et sa rigueur \u00bb, en mettant en e\u0301vidence sa \u00ab contribution inestimable \u00bb a\u0300 la diplomatie congolaise sur la sce\u0300ne internationale.<\/p>\n<p class=\"ap-article-footer-note\">Retrouvez plus d\u2019actualit\u00e9s et d\u2019analyses sur <span class=\"ap-highlight-country\">Congo Kinshasa<\/span> sur le site <span class=\"ap-highlight-brand\">Africa Press<\/span><\/p>\n","protected":false},"excerpt":{"rendered":"<p>Africa-Press &#8211; Congo Kinshasa. La situation dans l\u2019Est de la Re\u0301publique de\u0301mocratique du Congo, les efforts diplomatiques pour le respect et la mise en \u0153uvre de l\u2019accord de Washington entre les E\u0301tats-Unis, la RDC et le conflit avec Rwanda sont les points souleve\u0301s par la ministre d\u2019E\u0301tat, ministre des Affaires e\u0301trange\u0300res lors de sa rencontre [&hellip;]<\/p>\n","protected":false},"author":82,"featured_media":136923,"comment_status":"open","ping_status":"closed","sticky":false,"template":"","format":"standard","meta":{"footnotes":""},"categories":[2,20,10],"tags":[46],"class_list":["post-136924","post","type-post","status-publish","format-standard","has-post-thumbnail","hentry","category-politique","category-top-nouvelles","category-toutes-les-actualites","tag-congo-kinshasa"],"yoast_head":"<!-- This site is optimized with the Yoast SEO Premium plugin v26.1 (Yoast SEO v27.0) - https:\/\/yoast.com\/product\/yoast-seo-premium-wordpress\/ -->\n<title>Ministre d&#039;\u00c9tat aux Affaires \u00c9trang\u00e8res et Diaspora - Congo-kinshasa<\/title>\n<meta name=\"description\" content=\"-article-header-tag&quot;&gt; Africa-Press - Congo Kinshasa. La situation dans l\u2019E ...\" \/>\n<meta name=\"robots\" content=\"index, follow, max-snippet:-1, max-image-preview:large, max-video-preview:-1\" \/>\n<link rel=\"canonical\" href=\"https:\/\/www.africa-press.net\/congo-kinshasa\/politique\/ministre-detat-aux-affaires-etrangeres-et-diaspora\" \/>\n<meta property=\"og:locale\" content=\"fr_FR\" \/>\n<meta property=\"og:type\" content=\"article\" \/>\n<meta property=\"og:title\" content=\"Ministre d&#039;\u00c9tat aux Affaires \u00c9trang\u00e8res et Diaspora\" \/>\n<meta property=\"og:description\" content=\"-article-header-tag&quot;&gt; Africa-Press - Congo Kinshasa. La situation dans l\u2019E ...\" \/>\n<meta property=\"og:url\" content=\"https:\/\/www.africa-press.net\/congo-kinshasa\/politique\/ministre-detat-aux-affaires-etrangeres-et-diaspora\" \/>\n<meta property=\"og:site_name\" content=\"Congo-kinshasa\" \/>\n<meta property=\"article:published_time\" content=\"2026-03-14T18:46:23+00:00\" \/>\n<meta property=\"article:modified_time\" content=\"2026-03-15T23:25:09+00:00\" \/>\n<meta property=\"og:image\" content=\"https:\/\/static.africa-press.net\/congo-kinshasa\/sites\/49\/2026\/03\/sm_1773516562.861244.jpg\" \/>\n\t<meta property=\"og:image:width\" content=\"1200\" \/>\n\t<meta property=\"og:image:height\" content=\"800\" \/>\n\t<meta property=\"og:image:type\" content=\"image\/jpeg\" \/>\n<meta name=\"author\" content=\"cfeditorfr\" \/>\n<meta name=\"twitter:card\" content=\"summary_large_image\" \/>\n<meta name=\"twitter:label1\" content=\"\u00c9crit par\" \/>\n\t<meta name=\"twitter:data1\" content=\"cfeditorfr\" \/>\n\t<meta name=\"twitter:label2\" content=\"Dur\u00e9e de lecture estim\u00e9e\" \/>\n\t<meta name=\"twitter:data2\" content=\"3 minutes\" \/>\n<script type=\"application\/ld+json\" class=\"yoast-schema-graph\">{\"@context\":\"https:\/\/schema.org\",\"@graph\":[{\"@type\":\"Article\",\"@id\":\"https:\/\/www.africa-press.net\/congo-kinshasa\/politique\/ministre-detat-aux-affaires-etrangeres-et-diaspora#article\",\"isPartOf\":{\"@id\":\"https:\/\/www.africa-press.net\/congo-kinshasa\/politique\/ministre-detat-aux-affaires-etrangeres-et-diaspora\"},\"author\":{\"name\":\"cfeditorfr\",\"@id\":\"https:\/\/www.africa-press.net\/congo-kinshasa\/#\/schema\/person\/2b1cf3cd81a31e3cd26889ca66d677f1\"},\"headline\":\"Ministre d&rsquo;\u00c9tat aux Affaires \u00c9trang\u00e8res et Diaspora\",\"datePublished\":\"2026-03-14T18:46:23+00:00\",\"dateModified\":\"2026-03-15T23:25:09+00:00\",\"mainEntityOfPage\":{\"@id\":\"https:\/\/www.africa-press.net\/congo-kinshasa\/politique\/ministre-detat-aux-affaires-etrangeres-et-diaspora\"},\"wordCount\":519,\"commentCount\":0,\"image\":{\"@id\":\"https:\/\/www.africa-press.net\/congo-kinshasa\/politique\/ministre-detat-aux-affaires-etrangeres-et-diaspora#primaryimage\"},\"thumbnailUrl\":\"https:\/\/static.africa-press.net\/congo-kinshasa\/sites\/49\/2026\/03\/sm_1773516562.861244.jpg\",\"keywords\":[\"Congo Kinshasa\"],\"articleSection\":[\"Politique\",\"Top Nouvelles\",\"Toutes les actualit\u00e9s\"],\"inLanguage\":\"fr-FR\",\"potentialAction\":[{\"@type\":\"CommentAction\",\"name\":\"Comment\",\"target\":[\"https:\/\/www.africa-press.net\/congo-kinshasa\/politique\/ministre-detat-aux-affaires-etrangeres-et-diaspora#respond\"]}]},{\"@type\":\"WebPage\",\"@id\":\"https:\/\/www.africa-press.net\/congo-kinshasa\/politique\/ministre-detat-aux-affaires-etrangeres-et-diaspora\",\"url\":\"https:\/\/www.africa-press.net\/congo-kinshasa\/politique\/ministre-detat-aux-affaires-etrangeres-et-diaspora\",\"name\":\"Ministre d'\u00c9tat aux Affaires \u00c9trang\u00e8res et Diaspora - Congo-kinshasa\",\"isPartOf\":{\"@id\":\"https:\/\/www.africa-press.net\/congo-kinshasa\/#website\"},\"primaryImageOfPage\":{\"@id\":\"https:\/\/www.africa-press.net\/congo-kinshasa\/politique\/ministre-detat-aux-affaires-etrangeres-et-diaspora#primaryimage\"},\"image\":{\"@id\":\"https:\/\/www.africa-press.net\/congo-kinshasa\/politique\/ministre-detat-aux-affaires-etrangeres-et-diaspora#primaryimage\"},\"thumbnailUrl\":\"https:\/\/static.africa-press.net\/congo-kinshasa\/sites\/49\/2026\/03\/sm_1773516562.861244.jpg\",\"datePublished\":\"2026-03-14T18:46:23+00:00\",\"dateModified\":\"2026-03-15T23:25:09+00:00\",\"author\":{\"@id\":\"https:\/\/www.africa-press.net\/congo-kinshasa\/#\/schema\/person\/2b1cf3cd81a31e3cd26889ca66d677f1\"},\"description\":\"-article-header-tag\\\"> Africa-Press - Congo Kinshasa. La situation dans l\u2019E ...\",\"breadcrumb\":{\"@id\":\"https:\/\/www.africa-press.net\/congo-kinshasa\/politique\/ministre-detat-aux-affaires-etrangeres-et-diaspora#breadcrumb\"},\"inLanguage\":\"fr-FR\",\"potentialAction\":[{\"@type\":\"ReadAction\",\"target\":[\"https:\/\/www.africa-press.net\/congo-kinshasa\/politique\/ministre-detat-aux-affaires-etrangeres-et-diaspora\"]}]},{\"@type\":\"ImageObject\",\"inLanguage\":\"fr-FR\",\"@id\":\"https:\/\/www.africa-press.net\/congo-kinshasa\/politique\/ministre-detat-aux-affaires-etrangeres-et-diaspora#primaryimage\",\"url\":\"https:\/\/static.africa-press.net\/congo-kinshasa\/sites\/49\/2026\/03\/sm_1773516562.861244.jpg\",\"contentUrl\":\"https:\/\/static.africa-press.net\/congo-kinshasa\/sites\/49\/2026\/03\/sm_1773516562.861244.jpg\",\"width\":1200,\"height\":800,\"caption\":\"Ministre d'\u00c9tat aux Affaires \u00c9trang\u00e8res et Diaspora\"},{\"@type\":\"BreadcrumbList\",\"@id\":\"https:\/\/www.africa-press.net\/congo-kinshasa\/politique\/ministre-detat-aux-affaires-etrangeres-et-diaspora#breadcrumb\",\"itemListElement\":[{\"@type\":\"ListItem\",\"position\":1,\"name\":\"Accueil\",\"item\":\"https:\/\/www.africa-press.net\/congo-kinshasa\/\"},{\"@type\":\"ListItem\",\"position\":2,\"name\":\"Ministre d&#8217;\u00c9tat aux Affaires \u00c9trang\u00e8res et Diaspora\"}]},{\"@type\":\"WebSite\",\"@id\":\"https:\/\/www.africa-press.net\/congo-kinshasa\/#website\",\"url\":\"https:\/\/www.africa-press.net\/congo-kinshasa\/\",\"name\":\"Congo-kinshasa\",\"description\":\"Just another Africa News Agency Sites site\",\"potentialAction\":[{\"@type\":\"SearchAction\",\"target\":{\"@type\":\"EntryPoint\",\"urlTemplate\":\"https:\/\/www.africa-press.net\/congo-kinshasa\/?s={search_term_string}\"},\"query-input\":{\"@type\":\"PropertyValueSpecification\",\"valueRequired\":true,\"valueName\":\"search_term_string\"}}],\"inLanguage\":\"fr-FR\"},{\"@type\":\"Person\",\"@id\":\"https:\/\/www.africa-press.net\/congo-kinshasa\/#\/schema\/person\/2b1cf3cd81a31e3cd26889ca66d677f1\",\"name\":\"cfeditorfr\"}]}<\/script>\n<!-- \/ Yoast SEO Premium plugin. -->","yoast_head_json":{"title":"Ministre d'\u00c9tat aux Affaires \u00c9trang\u00e8res et Diaspora - Congo-kinshasa","description":"-article-header-tag\"> Africa-Press - Congo Kinshasa. La situation dans l\u2019E ...","robots":{"index":"index","follow":"follow","max-snippet":"max-snippet:-1","max-image-preview":"max-image-preview:large","max-video-preview":"max-video-preview:-1"},"canonical":"https:\/\/www.africa-press.net\/congo-kinshasa\/politique\/ministre-detat-aux-affaires-etrangeres-et-diaspora","og_locale":"fr_FR","og_type":"article","og_title":"Ministre d'\u00c9tat aux Affaires \u00c9trang\u00e8res et Diaspora","og_description":"-article-header-tag\"> Africa-Press - Congo Kinshasa. La situation dans l\u2019E ...","og_url":"https:\/\/www.africa-press.net\/congo-kinshasa\/politique\/ministre-detat-aux-affaires-etrangeres-et-diaspora","og_site_name":"Congo-kinshasa","article_published_time":"2026-03-14T18:46:23+00:00","article_modified_time":"2026-03-15T23:25:09+00:00","og_image":[{"width":1200,"height":800,"url":"https:\/\/static.africa-press.net\/congo-kinshasa\/sites\/49\/2026\/03\/sm_1773516562.861244.jpg","type":"image\/jpeg"}],"author":"cfeditorfr","twitter_card":"summary_large_image","twitter_misc":{"\u00c9crit par":"cfeditorfr","Dur\u00e9e de lecture estim\u00e9e":"3 minutes"},"schema":{"@context":"https:\/\/schema.org","@graph":[{"@type":"Article","@id":"https:\/\/www.africa-press.net\/congo-kinshasa\/politique\/ministre-detat-aux-affaires-etrangeres-et-diaspora#article","isPartOf":{"@id":"https:\/\/www.africa-press.net\/congo-kinshasa\/politique\/ministre-detat-aux-affaires-etrangeres-et-diaspora"},"author":{"name":"cfeditorfr","@id":"https:\/\/www.africa-press.net\/congo-kinshasa\/#\/schema\/person\/2b1cf3cd81a31e3cd26889ca66d677f1"},"headline":"Ministre d&rsquo;\u00c9tat aux Affaires \u00c9trang\u00e8res et Diaspora","datePublished":"2026-03-14T18:46:23+00:00","dateModified":"2026-03-15T23:25:09+00:00","mainEntityOfPage":{"@id":"https:\/\/www.africa-press.net\/congo-kinshasa\/politique\/ministre-detat-aux-affaires-etrangeres-et-diaspora"},"wordCount":519,"commentCount":0,"image":{"@id":"https:\/\/www.africa-press.net\/congo-kinshasa\/politique\/ministre-detat-aux-affaires-etrangeres-et-diaspora#primaryimage"},"thumbnailUrl":"https:\/\/static.africa-press.net\/congo-kinshasa\/sites\/49\/2026\/03\/sm_1773516562.861244.jpg","keywords":["Congo Kinshasa"],"articleSection":["Politique","Top Nouvelles","Toutes les actualit\u00e9s"],"inLanguage":"fr-FR","potentialAction":[{"@type":"CommentAction","name":"Comment","target":["https:\/\/www.africa-press.net\/congo-kinshasa\/politique\/ministre-detat-aux-affaires-etrangeres-et-diaspora#respond"]}]},{"@type":"WebPage","@id":"https:\/\/www.africa-press.net\/congo-kinshasa\/politique\/ministre-detat-aux-affaires-etrangeres-et-diaspora","url":"https:\/\/www.africa-press.net\/congo-kinshasa\/politique\/ministre-detat-aux-affaires-etrangeres-et-diaspora","name":"Ministre d'\u00c9tat aux Affaires \u00c9trang\u00e8res et Diaspora - Congo-kinshasa","isPartOf":{"@id":"https:\/\/www.africa-press.net\/congo-kinshasa\/#website"},"primaryImageOfPage":{"@id":"https:\/\/www.africa-press.net\/congo-kinshasa\/politique\/ministre-detat-aux-affaires-etrangeres-et-diaspora#primaryimage"},"image":{"@id":"https:\/\/www.africa-press.net\/congo-kinshasa\/politique\/ministre-detat-aux-affaires-etrangeres-et-diaspora#primaryimage"},"thumbnailUrl":"https:\/\/static.africa-press.net\/congo-kinshasa\/sites\/49\/2026\/03\/sm_1773516562.861244.jpg","datePublished":"2026-03-14T18:46:23+00:00","dateModified":"2026-03-15T23:25:09+00:00","author":{"@id":"https:\/\/www.africa-press.net\/congo-kinshasa\/#\/schema\/person\/2b1cf3cd81a31e3cd26889ca66d677f1"},"description":"-article-header-tag\"> Africa-Press - Congo Kinshasa. La situation dans l\u2019E ...","breadcrumb":{"@id":"https:\/\/www.africa-press.net\/congo-kinshasa\/politique\/ministre-detat-aux-affaires-etrangeres-et-diaspora#breadcrumb"},"inLanguage":"fr-FR","potentialAction":[{"@type":"ReadAction","target":["https:\/\/www.africa-press.net\/congo-kinshasa\/politique\/ministre-detat-aux-affaires-etrangeres-et-diaspora"]}]},{"@type":"ImageObject","inLanguage":"fr-FR","@id":"https:\/\/www.africa-press.net\/congo-kinshasa\/politique\/ministre-detat-aux-affaires-etrangeres-et-diaspora#primaryimage","url":"https:\/\/static.africa-press.net\/congo-kinshasa\/sites\/49\/2026\/03\/sm_1773516562.861244.jpg","contentUrl":"https:\/\/static.africa-press.net\/congo-kinshasa\/sites\/49\/2026\/03\/sm_1773516562.861244.jpg","width":1200,"height":800,"caption":"Ministre d'\u00c9tat aux Affaires \u00c9trang\u00e8res et Diaspora"},{"@type":"BreadcrumbList","@id":"https:\/\/www.africa-press.net\/congo-kinshasa\/politique\/ministre-detat-aux-affaires-etrangeres-et-diaspora#breadcrumb","itemListElement":[{"@type":"ListItem","position":1,"name":"Accueil","item":"https:\/\/www.africa-press.net\/congo-kinshasa\/"},{"@type":"ListItem","position":2,"name":"Ministre d&#8217;\u00c9tat aux Affaires \u00c9trang\u00e8res et Diaspora"}]},{"@type":"WebSite","@id":"https:\/\/www.africa-press.net\/congo-kinshasa\/#website","url":"https:\/\/www.africa-press.net\/congo-kinshasa\/","name":"Congo-kinshasa","description":"Just another Africa News Agency Sites site","potentialAction":[{"@type":"SearchAction","target":{"@type":"EntryPoint","urlTemplate":"https:\/\/www.africa-press.net\/congo-kinshasa\/?s={search_term_string}"},"query-input":{"@type":"PropertyValueSpecification","valueRequired":true,"valueName":"search_term_string"}}],"inLanguage":"fr-FR"},{"@type":"Person","@id":"https:\/\/www.africa-press.net\/congo-kinshasa\/#\/schema\/person\/2b1cf3cd81a31e3cd26889ca66d677f1","name":"cfeditorfr"}]}},"_links":{"self":[{"href":"https:\/\/www.africa-press.net\/congo-kinshasa\/wp-json\/wp\/v2\/posts\/136924","targetHints":{"allow":["GET"]}}],"collection":[{"href":"https:\/\/www.africa-press.net\/congo-kinshasa\/wp-json\/wp\/v2\/posts"}],"about":[{"href":"https:\/\/www.africa-press.net\/congo-kinshasa\/wp-json\/wp\/v2\/types\/post"}],"author":[{"embeddable":true,"href":"https:\/\/www.africa-press.net\/congo-kinshasa\/wp-json\/wp\/v2\/users\/82"}],"replies":[{"embeddable":true,"href":"https:\/\/www.africa-press.net\/congo-kinshasa\/wp-json\/wp\/v2\/comments?post=136924"}],"version-history":[{"count":0,"href":"https:\/\/www.africa-press.net\/congo-kinshasa\/wp-json\/wp\/v2\/posts\/136924\/revisions"}],"wp:featuredmedia":[{"embeddable":true,"href":"https:\/\/www.africa-press.net\/congo-kinshasa\/wp-json\/wp\/v2\/media\/136923"}],"wp:attachment":[{"href":"https:\/\/www.africa-press.net\/congo-kinshasa\/wp-json\/wp\/v2\/media?parent=136924"}],"wp:term":[{"taxonomy":"category","embeddable":true,"href":"https:\/\/www.africa-press.net\/congo-kinshasa\/wp-json\/wp\/v2\/categories?post=136924"},{"taxonomy":"post_tag","embeddable":true,"href":"https:\/\/www.africa-press.net\/congo-kinshasa\/wp-json\/wp\/v2\/tags?post=136924"}],"curies":[{"name":"wp","href":"https:\/\/api.w.org\/{rel}","templated":true}]}}