{"id":136926,"date":"2026-03-14T18:46:31","date_gmt":"2026-03-14T18:46:31","guid":{"rendered":"https:\/\/www.africa-press.net\/congo-kinshasa\/politique\/changement-constitutionnel-opinions-des-kinois"},"modified":"2026-03-15T23:25:43","modified_gmt":"2026-03-15T23:25:43","slug":"changement-constitutionnel-opinions-des-kinois","status":"publish","type":"post","link":"https:\/\/www.africa-press.net\/congo-kinshasa\/politique\/changement-constitutionnel-opinions-des-kinois","title":{"rendered":"Changement Constitutionnel: Opinions des Kinois"},"content":{"rendered":"<p><span class=\"ap-article-header-tag\"> <strong>Africa-Press &#8211; Congo Kinshasa. <\/strong> <\/span><b>Le de\u0301bat sur une e\u0301ventuelle re\u0301vision ou un changement de la Constitution refait surface dans les conversations politiques en Re\u0301publique de\u0301mocratique du Congo. Entre partisans et opposants a\u0300 cette initiative, la classe politique reste divise\u0301e, tandis que certains responsables pre\u0301fe\u0300rent garder le silence.<\/b><\/p>\n<p>Pour plusieurs observateurs, cette re\u0301serve s\u2019explique notamment par la crainte de subir les me\u0302mes conse\u0301quences politiques que le deuxie\u0300me vice-pre\u0301sident du Se\u0301nat, Modeste Bahati Lukwebo, re\u0301cemment au centre de pole\u0301miques apre\u0300s ses prises de position.<\/p>\n<p>Dans ce climat de prudence politique, la population, elle, observe et commente. Ce micro-trottoir re\u0301alise\u0301 samedi 14 mars 2026 a\u0300 Kinshasa re\u0301ve\u0300le une opinion publique partage\u0301e, mais attentive.<\/p>\n<p><b>Le souvenir du pre\u0301ce\u0301dent de 2016<\/b><\/p>\n<p>Dans la commune de Limete, au quartier Mombele, Josue\u0301 Kandolo, 31 ans, employe\u0301 dans une socie\u0301te\u0301 de gardiennage, se souvient d\u2019un e\u0301pisode similaire survenu il y a pre\u0300s d\u2019une de\u0301cennie.<\/p>\n<p>\u00ab Qu\u2019on ne nous prenne pas pour des dupes. En 2016, le re\u0301gime de Kabila avait tente\u0301 la me\u0302me de\u0301marche de re\u0301vision ou de changement de la Constitution, sans succe\u0300s. La population s\u2019y e\u0301tait oppose\u0301e et il avait finalement recule\u0301. Pour moi, le pre\u0301sident Tshisekedi devra quitter le pouvoir a\u0300 l\u2019issue de son deuxie\u0300me et dernier mandat \u00bb, affirme-t-il.<\/p>\n<p><b>Des inquie\u0301tudes face au climat politique<\/b><\/p>\n<p>Me\u0302me son de cloche du co\u0302te\u0301 d\u2019Annie Muleta, chantre dans une E\u0301glise de re\u0301veil a\u0300 Barumbu, qui redoute une monte\u0301e des tensions politiques a\u0300 l\u2019approche des prochaines e\u0301che\u0301ances e\u0301lectorales.<\/p>\n<p>\u00ab Qu\u2019ils ne nous provoquent pas. A\u0300 l\u2019e\u0301poque de Kabila, ils de\u0301fendaient cette me\u0302me Constitution. Certains avaient lance\u0301 le slogan &lsquo;Pas de troisie\u0300me penalty&rsquo;. Aujourd\u2019hui, nous voulons surtout pre\u0301server la paix, surtout a\u0300 l\u2019approche des e\u0301lections \u00bb, de\u0301clare-t-elle.<\/p>\n<p><b>L\u2019argument se\u0301curitaire avance\u0301 par certains citoyens<\/b><\/p>\n<p>D\u2019autres Congolais interroge\u0301s estiment cependant que la question me\u0301rite d\u2019e\u0302tre discute\u0301e au regard de la situation se\u0301curitaire dans l\u2019Est du pays.<\/p>\n<p>C\u2019est le cas de Guy Lukandi, 41 ans, chauffeur de taxi re\u0301sidant dans la commune de Ngaliema, au quartier UPN.<\/p>\n<p>\u00ab Nous ne sommes pas oblige\u0301s de changer la Constitution. Mais les acteurs politiques pourraient se mettre autour d\u2019une table et trouver un consensus pour accorder au pre\u0301sident deux anne\u0301es supple\u0301mentaires afin de pacifier l\u2019ensemble du territoire. On l\u2019a de\u0301ja\u0300 fait en 2016 avec Joseph Kabila, puisque les e\u0301lections n\u2019ont finalement eu lieu qu\u2019en 2018 \u00bb, soutient-il.<\/p>\n<p>Michel Konga, un autre habitant de la capitale, va encore plus loin et plaide pour une modification de la Loi fondamentale.<\/p>\n<p>\u00ab Le pre\u0301sident n\u2019a pas seulement un mandat, il a aussi une mission: empe\u0302cher Paul Kagame de de\u0301stabiliser le Congo. Pour y parvenir, nous devons modifier, voire changer la Constitution afin de lever les verrous de certains articles, notamment l\u2019article 220 \u00bb, estime-t-il.<\/p>\n<p><b>Le respect strict de la Constitution exige\u0301 par certains<\/b><\/p>\n<p>Mais pour d\u2019autres citoyens, la position est claire: la Constitution doit e\u0302tre respecte\u0301e.<\/p>\n<p>Un e\u0301tudiant de l\u2019Institut supe\u0301rieur des techniques applique\u0301es (ISTA), qui a requis l\u2019anonymat, rappelle que l\u2019actuel chef de l\u2019E\u0301tat s\u2019e\u0301tait lui-me\u0302me oppose\u0301 a\u0300 toute modification de la Loi fondamentale sous le re\u0301gime pre\u0301ce\u0301dent.<\/p>\n<p>\u00ab J\u2019ai vote\u0301 pour Fe\u0301lix Tshisekedi en 2018 et en 2023. Il doit respecter la Constitution pour laquelle il s\u2019est battu a\u0300 l\u2019e\u0301poque de Kabila. Je pense qu\u2019il restera fide\u0300le a\u0300 ses engagements re\u0301publicains \u00bb, affirme-t-il.<\/p>\n<p><b>Un de\u0301bat encore informel<\/b><\/p>\n<p>Par ailleurs, certains citoyens jugent pre\u0301mature\u0301 d\u2019ouvrir un tel de\u0301bat alors que le pays fait face a\u0300 une crise se\u0301curitaire persistante dans sa partie orientale et que plusieurs provinces restent sous e\u0301tat de sie\u0300ge.<\/p>\n<p>A\u0300 ce stade, il convient de rappeler que la question d\u2019une re\u0301vision ou d\u2019un changement de la Constitution n\u2019a jamais e\u0301te\u0301 officiellement inscrite a\u0300 l\u2019ordre du jour des institutions de la Re\u0301publique. Le de\u0301bat se de\u0301roule essentiellement dans les milieux politiques, dans certains cercles de la socie\u0301te\u0301 civile et dans l\u2019opinion publique.<\/p>\n<p>En attendant une e\u0301ventuelle initiative formelle, le sujet continue d\u2019alimenter les discussions, re\u0301ve\u0301lant une opinion nationale attentive, mais profonde\u0301ment partage\u0301e.<\/p>\n<p class=\"ap-article-footer-note\">Retrouvez plus d\u2019actualit\u00e9s et d\u2019analyses sur <span class=\"ap-highlight-country\">Congo Kinshasa<\/span> sur le site <span class=\"ap-highlight-brand\">Africa Press<\/span><\/p>\n","protected":false},"excerpt":{"rendered":"<p>Africa-Press &#8211; Congo Kinshasa. Le de\u0301bat sur une e\u0301ventuelle re\u0301vision ou un changement de la Constitution refait surface dans les conversations politiques en Re\u0301publique de\u0301mocratique du Congo. Entre partisans et opposants a\u0300 cette initiative, la classe politique reste divise\u0301e, tandis que certains responsables pre\u0301fe\u0300rent garder le silence. Pour plusieurs observateurs, cette re\u0301serve s\u2019explique notamment par [&hellip;]<\/p>\n","protected":false},"author":82,"featured_media":136925,"comment_status":"open","ping_status":"closed","sticky":false,"template":"","format":"standard","meta":{"footnotes":""},"categories":[2,10],"tags":[46],"class_list":["post-136926","post","type-post","status-publish","format-standard","has-post-thumbnail","hentry","category-politique","category-toutes-les-actualites","tag-congo-kinshasa"],"yoast_head":"<!-- This site is optimized with the Yoast SEO Premium plugin v26.1 (Yoast SEO v27.0) - https:\/\/yoast.com\/product\/yoast-seo-premium-wordpress\/ -->\n<title>Changement Constitutionnel: Opinions des Kinois - Congo-kinshasa<\/title>\n<meta name=\"description\" content=\"-article-header-tag&quot;&gt; Africa-Press - Congo Kinshasa. Le de\u0301bat sur une e\u0301v ...\" \/>\n<meta name=\"robots\" content=\"index, follow, max-snippet:-1, max-image-preview:large, max-video-preview:-1\" \/>\n<link rel=\"canonical\" href=\"https:\/\/www.africa-press.net\/congo-kinshasa\/politique\/changement-constitutionnel-opinions-des-kinois\" \/>\n<meta property=\"og:locale\" content=\"fr_FR\" \/>\n<meta property=\"og:type\" content=\"article\" \/>\n<meta property=\"og:title\" content=\"Changement Constitutionnel: Opinions des Kinois\" \/>\n<meta property=\"og:description\" content=\"-article-header-tag&quot;&gt; Africa-Press - Congo Kinshasa. Le de\u0301bat sur une e\u0301v ...\" \/>\n<meta property=\"og:url\" content=\"https:\/\/www.africa-press.net\/congo-kinshasa\/politique\/changement-constitutionnel-opinions-des-kinois\" \/>\n<meta property=\"og:site_name\" content=\"Congo-kinshasa\" \/>\n<meta property=\"article:published_time\" content=\"2026-03-14T18:46:31+00:00\" \/>\n<meta property=\"article:modified_time\" content=\"2026-03-15T23:25:43+00:00\" \/>\n<meta property=\"og:image\" content=\"https:\/\/static.africa-press.net\/congo-kinshasa\/sites\/49\/2026\/03\/sm_1773516587.25103.jpg\" \/>\n\t<meta property=\"og:image:width\" content=\"800\" \/>\n\t<meta property=\"og:image:height\" content=\"600\" \/>\n\t<meta property=\"og:image:type\" content=\"image\/jpeg\" \/>\n<meta name=\"author\" content=\"cfeditorfr\" \/>\n<meta name=\"twitter:card\" content=\"summary_large_image\" \/>\n<meta name=\"twitter:label1\" content=\"\u00c9crit par\" \/>\n\t<meta name=\"twitter:data1\" content=\"cfeditorfr\" \/>\n\t<meta name=\"twitter:label2\" content=\"Dur\u00e9e de lecture estim\u00e9e\" \/>\n\t<meta name=\"twitter:data2\" content=\"4 minutes\" \/>\n<script type=\"application\/ld+json\" class=\"yoast-schema-graph\">{\"@context\":\"https:\/\/schema.org\",\"@graph\":[{\"@type\":\"Article\",\"@id\":\"https:\/\/www.africa-press.net\/congo-kinshasa\/politique\/changement-constitutionnel-opinions-des-kinois#article\",\"isPartOf\":{\"@id\":\"https:\/\/www.africa-press.net\/congo-kinshasa\/politique\/changement-constitutionnel-opinions-des-kinois\"},\"author\":{\"name\":\"cfeditorfr\",\"@id\":\"https:\/\/www.africa-press.net\/congo-kinshasa\/#\/schema\/person\/2b1cf3cd81a31e3cd26889ca66d677f1\"},\"headline\":\"Changement Constitutionnel: Opinions des Kinois\",\"datePublished\":\"2026-03-14T18:46:31+00:00\",\"dateModified\":\"2026-03-15T23:25:43+00:00\",\"mainEntityOfPage\":{\"@id\":\"https:\/\/www.africa-press.net\/congo-kinshasa\/politique\/changement-constitutionnel-opinions-des-kinois\"},\"wordCount\":788,\"commentCount\":0,\"image\":{\"@id\":\"https:\/\/www.africa-press.net\/congo-kinshasa\/politique\/changement-constitutionnel-opinions-des-kinois#primaryimage\"},\"thumbnailUrl\":\"https:\/\/static.africa-press.net\/congo-kinshasa\/sites\/49\/2026\/03\/sm_1773516587.25103.jpg\",\"keywords\":[\"Congo Kinshasa\"],\"articleSection\":[\"Politique\",\"Toutes les actualit\u00e9s\"],\"inLanguage\":\"fr-FR\",\"potentialAction\":[{\"@type\":\"CommentAction\",\"name\":\"Comment\",\"target\":[\"https:\/\/www.africa-press.net\/congo-kinshasa\/politique\/changement-constitutionnel-opinions-des-kinois#respond\"]}]},{\"@type\":\"WebPage\",\"@id\":\"https:\/\/www.africa-press.net\/congo-kinshasa\/politique\/changement-constitutionnel-opinions-des-kinois\",\"url\":\"https:\/\/www.africa-press.net\/congo-kinshasa\/politique\/changement-constitutionnel-opinions-des-kinois\",\"name\":\"Changement Constitutionnel: Opinions des Kinois - Congo-kinshasa\",\"isPartOf\":{\"@id\":\"https:\/\/www.africa-press.net\/congo-kinshasa\/#website\"},\"primaryImageOfPage\":{\"@id\":\"https:\/\/www.africa-press.net\/congo-kinshasa\/politique\/changement-constitutionnel-opinions-des-kinois#primaryimage\"},\"image\":{\"@id\":\"https:\/\/www.africa-press.net\/congo-kinshasa\/politique\/changement-constitutionnel-opinions-des-kinois#primaryimage\"},\"thumbnailUrl\":\"https:\/\/static.africa-press.net\/congo-kinshasa\/sites\/49\/2026\/03\/sm_1773516587.25103.jpg\",\"datePublished\":\"2026-03-14T18:46:31+00:00\",\"dateModified\":\"2026-03-15T23:25:43+00:00\",\"author\":{\"@id\":\"https:\/\/www.africa-press.net\/congo-kinshasa\/#\/schema\/person\/2b1cf3cd81a31e3cd26889ca66d677f1\"},\"description\":\"-article-header-tag\\\"> Africa-Press - Congo Kinshasa. Le de\u0301bat sur une e\u0301v ...\",\"breadcrumb\":{\"@id\":\"https:\/\/www.africa-press.net\/congo-kinshasa\/politique\/changement-constitutionnel-opinions-des-kinois#breadcrumb\"},\"inLanguage\":\"fr-FR\",\"potentialAction\":[{\"@type\":\"ReadAction\",\"target\":[\"https:\/\/www.africa-press.net\/congo-kinshasa\/politique\/changement-constitutionnel-opinions-des-kinois\"]}]},{\"@type\":\"ImageObject\",\"inLanguage\":\"fr-FR\",\"@id\":\"https:\/\/www.africa-press.net\/congo-kinshasa\/politique\/changement-constitutionnel-opinions-des-kinois#primaryimage\",\"url\":\"https:\/\/static.africa-press.net\/congo-kinshasa\/sites\/49\/2026\/03\/sm_1773516587.25103.jpg\",\"contentUrl\":\"https:\/\/static.africa-press.net\/congo-kinshasa\/sites\/49\/2026\/03\/sm_1773516587.25103.jpg\",\"width\":800,\"height\":600,\"caption\":\"Changement Constitutionnel: Opinions des Kinois\"},{\"@type\":\"BreadcrumbList\",\"@id\":\"https:\/\/www.africa-press.net\/congo-kinshasa\/politique\/changement-constitutionnel-opinions-des-kinois#breadcrumb\",\"itemListElement\":[{\"@type\":\"ListItem\",\"position\":1,\"name\":\"Accueil\",\"item\":\"https:\/\/www.africa-press.net\/congo-kinshasa\/\"},{\"@type\":\"ListItem\",\"position\":2,\"name\":\"Changement Constitutionnel: Opinions des Kinois\"}]},{\"@type\":\"WebSite\",\"@id\":\"https:\/\/www.africa-press.net\/congo-kinshasa\/#website\",\"url\":\"https:\/\/www.africa-press.net\/congo-kinshasa\/\",\"name\":\"Congo-kinshasa\",\"description\":\"Just another Africa News Agency Sites site\",\"potentialAction\":[{\"@type\":\"SearchAction\",\"target\":{\"@type\":\"EntryPoint\",\"urlTemplate\":\"https:\/\/www.africa-press.net\/congo-kinshasa\/?s={search_term_string}\"},\"query-input\":{\"@type\":\"PropertyValueSpecification\",\"valueRequired\":true,\"valueName\":\"search_term_string\"}}],\"inLanguage\":\"fr-FR\"},{\"@type\":\"Person\",\"@id\":\"https:\/\/www.africa-press.net\/congo-kinshasa\/#\/schema\/person\/2b1cf3cd81a31e3cd26889ca66d677f1\",\"name\":\"cfeditorfr\"}]}<\/script>\n<!-- \/ Yoast SEO Premium plugin. -->","yoast_head_json":{"title":"Changement Constitutionnel: Opinions des Kinois - Congo-kinshasa","description":"-article-header-tag\"> Africa-Press - Congo Kinshasa. Le de\u0301bat sur une e\u0301v ...","robots":{"index":"index","follow":"follow","max-snippet":"max-snippet:-1","max-image-preview":"max-image-preview:large","max-video-preview":"max-video-preview:-1"},"canonical":"https:\/\/www.africa-press.net\/congo-kinshasa\/politique\/changement-constitutionnel-opinions-des-kinois","og_locale":"fr_FR","og_type":"article","og_title":"Changement Constitutionnel: Opinions des Kinois","og_description":"-article-header-tag\"> Africa-Press - Congo Kinshasa. Le de\u0301bat sur une e\u0301v ...","og_url":"https:\/\/www.africa-press.net\/congo-kinshasa\/politique\/changement-constitutionnel-opinions-des-kinois","og_site_name":"Congo-kinshasa","article_published_time":"2026-03-14T18:46:31+00:00","article_modified_time":"2026-03-15T23:25:43+00:00","og_image":[{"width":800,"height":600,"url":"https:\/\/static.africa-press.net\/congo-kinshasa\/sites\/49\/2026\/03\/sm_1773516587.25103.jpg","type":"image\/jpeg"}],"author":"cfeditorfr","twitter_card":"summary_large_image","twitter_misc":{"\u00c9crit par":"cfeditorfr","Dur\u00e9e de lecture estim\u00e9e":"4 minutes"},"schema":{"@context":"https:\/\/schema.org","@graph":[{"@type":"Article","@id":"https:\/\/www.africa-press.net\/congo-kinshasa\/politique\/changement-constitutionnel-opinions-des-kinois#article","isPartOf":{"@id":"https:\/\/www.africa-press.net\/congo-kinshasa\/politique\/changement-constitutionnel-opinions-des-kinois"},"author":{"name":"cfeditorfr","@id":"https:\/\/www.africa-press.net\/congo-kinshasa\/#\/schema\/person\/2b1cf3cd81a31e3cd26889ca66d677f1"},"headline":"Changement Constitutionnel: Opinions des Kinois","datePublished":"2026-03-14T18:46:31+00:00","dateModified":"2026-03-15T23:25:43+00:00","mainEntityOfPage":{"@id":"https:\/\/www.africa-press.net\/congo-kinshasa\/politique\/changement-constitutionnel-opinions-des-kinois"},"wordCount":788,"commentCount":0,"image":{"@id":"https:\/\/www.africa-press.net\/congo-kinshasa\/politique\/changement-constitutionnel-opinions-des-kinois#primaryimage"},"thumbnailUrl":"https:\/\/static.africa-press.net\/congo-kinshasa\/sites\/49\/2026\/03\/sm_1773516587.25103.jpg","keywords":["Congo Kinshasa"],"articleSection":["Politique","Toutes les actualit\u00e9s"],"inLanguage":"fr-FR","potentialAction":[{"@type":"CommentAction","name":"Comment","target":["https:\/\/www.africa-press.net\/congo-kinshasa\/politique\/changement-constitutionnel-opinions-des-kinois#respond"]}]},{"@type":"WebPage","@id":"https:\/\/www.africa-press.net\/congo-kinshasa\/politique\/changement-constitutionnel-opinions-des-kinois","url":"https:\/\/www.africa-press.net\/congo-kinshasa\/politique\/changement-constitutionnel-opinions-des-kinois","name":"Changement Constitutionnel: Opinions des Kinois - Congo-kinshasa","isPartOf":{"@id":"https:\/\/www.africa-press.net\/congo-kinshasa\/#website"},"primaryImageOfPage":{"@id":"https:\/\/www.africa-press.net\/congo-kinshasa\/politique\/changement-constitutionnel-opinions-des-kinois#primaryimage"},"image":{"@id":"https:\/\/www.africa-press.net\/congo-kinshasa\/politique\/changement-constitutionnel-opinions-des-kinois#primaryimage"},"thumbnailUrl":"https:\/\/static.africa-press.net\/congo-kinshasa\/sites\/49\/2026\/03\/sm_1773516587.25103.jpg","datePublished":"2026-03-14T18:46:31+00:00","dateModified":"2026-03-15T23:25:43+00:00","author":{"@id":"https:\/\/www.africa-press.net\/congo-kinshasa\/#\/schema\/person\/2b1cf3cd81a31e3cd26889ca66d677f1"},"description":"-article-header-tag\"> Africa-Press - Congo Kinshasa. Le de\u0301bat sur une e\u0301v ...","breadcrumb":{"@id":"https:\/\/www.africa-press.net\/congo-kinshasa\/politique\/changement-constitutionnel-opinions-des-kinois#breadcrumb"},"inLanguage":"fr-FR","potentialAction":[{"@type":"ReadAction","target":["https:\/\/www.africa-press.net\/congo-kinshasa\/politique\/changement-constitutionnel-opinions-des-kinois"]}]},{"@type":"ImageObject","inLanguage":"fr-FR","@id":"https:\/\/www.africa-press.net\/congo-kinshasa\/politique\/changement-constitutionnel-opinions-des-kinois#primaryimage","url":"https:\/\/static.africa-press.net\/congo-kinshasa\/sites\/49\/2026\/03\/sm_1773516587.25103.jpg","contentUrl":"https:\/\/static.africa-press.net\/congo-kinshasa\/sites\/49\/2026\/03\/sm_1773516587.25103.jpg","width":800,"height":600,"caption":"Changement Constitutionnel: Opinions des Kinois"},{"@type":"BreadcrumbList","@id":"https:\/\/www.africa-press.net\/congo-kinshasa\/politique\/changement-constitutionnel-opinions-des-kinois#breadcrumb","itemListElement":[{"@type":"ListItem","position":1,"name":"Accueil","item":"https:\/\/www.africa-press.net\/congo-kinshasa\/"},{"@type":"ListItem","position":2,"name":"Changement Constitutionnel: Opinions des Kinois"}]},{"@type":"WebSite","@id":"https:\/\/www.africa-press.net\/congo-kinshasa\/#website","url":"https:\/\/www.africa-press.net\/congo-kinshasa\/","name":"Congo-kinshasa","description":"Just another Africa News Agency Sites site","potentialAction":[{"@type":"SearchAction","target":{"@type":"EntryPoint","urlTemplate":"https:\/\/www.africa-press.net\/congo-kinshasa\/?s={search_term_string}"},"query-input":{"@type":"PropertyValueSpecification","valueRequired":true,"valueName":"search_term_string"}}],"inLanguage":"fr-FR"},{"@type":"Person","@id":"https:\/\/www.africa-press.net\/congo-kinshasa\/#\/schema\/person\/2b1cf3cd81a31e3cd26889ca66d677f1","name":"cfeditorfr"}]}},"_links":{"self":[{"href":"https:\/\/www.africa-press.net\/congo-kinshasa\/wp-json\/wp\/v2\/posts\/136926","targetHints":{"allow":["GET"]}}],"collection":[{"href":"https:\/\/www.africa-press.net\/congo-kinshasa\/wp-json\/wp\/v2\/posts"}],"about":[{"href":"https:\/\/www.africa-press.net\/congo-kinshasa\/wp-json\/wp\/v2\/types\/post"}],"author":[{"embeddable":true,"href":"https:\/\/www.africa-press.net\/congo-kinshasa\/wp-json\/wp\/v2\/users\/82"}],"replies":[{"embeddable":true,"href":"https:\/\/www.africa-press.net\/congo-kinshasa\/wp-json\/wp\/v2\/comments?post=136926"}],"version-history":[{"count":0,"href":"https:\/\/www.africa-press.net\/congo-kinshasa\/wp-json\/wp\/v2\/posts\/136926\/revisions"}],"wp:featuredmedia":[{"embeddable":true,"href":"https:\/\/www.africa-press.net\/congo-kinshasa\/wp-json\/wp\/v2\/media\/136925"}],"wp:attachment":[{"href":"https:\/\/www.africa-press.net\/congo-kinshasa\/wp-json\/wp\/v2\/media?parent=136926"}],"wp:term":[{"taxonomy":"category","embeddable":true,"href":"https:\/\/www.africa-press.net\/congo-kinshasa\/wp-json\/wp\/v2\/categories?post=136926"},{"taxonomy":"post_tag","embeddable":true,"href":"https:\/\/www.africa-press.net\/congo-kinshasa\/wp-json\/wp\/v2\/tags?post=136926"}],"curies":[{"name":"wp","href":"https:\/\/api.w.org\/{rel}","templated":true}]}}