{"id":136928,"date":"2026-03-14T18:47:24","date_gmt":"2026-03-14T18:47:24","guid":{"rendered":"https:\/\/www.africa-press.net\/congo-kinshasa\/politique\/willy-mishiki-radie-de-la-coalition-wazalendu"},"modified":"2026-03-15T23:26:08","modified_gmt":"2026-03-15T23:26:08","slug":"willy-mishiki-radie-de-la-coalition-wazalendu","status":"publish","type":"post","link":"https:\/\/www.africa-press.net\/congo-kinshasa\/politique\/willy-mishiki-radie-de-la-coalition-wazalendu","title":{"rendered":"Willy Mishiki Radi\u00e9 de la Coalition Wazalendu"},"content":{"rendered":"<p><span class=\"ap-article-header-tag\"> <strong>Africa-Press &#8211; Congo Kinshasa. <\/strong> <\/span><b>La Coalition nationale des Volontaires pour la de\u0301fense de la patrie (VDP-Wazalendu) a annonce\u0301, dans une de\u0301cision rendue publique vendredi 13 mars 2026, la radiation du de\u0301pute\u0301 national Willy Mishiki, e\u0301lu du territoire de Walikale (Nord-Kivu), ainsi que sa destitution du poste de pre\u0301sident du Conseil des sages, apre\u0300s sa sortie me\u0301diatique sur TV5 Monde juge\u0301e peu re\u0301fle\u0301chie.<\/b><\/p>\n<p>Selon la coalition, l\u2019e\u0301lu de Walikale aurait de\u0301clare\u0301 sur TV5 Monde, a\u0300 la suite des re\u0301centes explosions de drones dans la ville de Goma: \u00ab Nous sommes engage\u0301s depuis le Parc national des Virunga pour reprendre la ville de Goma. Au moment ou\u0300 je vous parle, nous sommes a\u0300 Nyiragongo, a\u0300 quelques kilome\u0300tres de la ville. C\u2019est la raison de ces bombardements. \u00bb Des propos dont les Wazalendu disent se de\u0301solidariser, affirmant qu\u2019ils ont e\u0301te\u0301 tenus sans consultation pre\u0301alable.<\/p>\n<p>La coalition reproche e\u0301galement a\u0300 Willy Mishiki une usurpation de pouvoir, l\u2019accusant de s\u2019e\u0302tre pre\u0301sente\u0301 tanto\u0302t comme pre\u0301sident des Wazalendu, tanto\u0302t comme leur porte-parole, et d\u2019avoir pris la parole sans qualite\u0301 ni autorisation.<\/p>\n<p>Pour ces faits juge\u0301s contraires aux valeurs du mouvement et susceptibles d\u2019embraser la Re\u0301publique, il a e\u0301te\u0301 radie\u0301 de la coalition. Son poste de pre\u0301sident du Conseil des sages est de\u0301sormais occupe\u0301 par Katulanya Jacques.<\/p>\n<p class=\"ap-article-footer-note\">Retrouvez plus d\u2019actualit\u00e9s et d\u2019analyses sur <span class=\"ap-highlight-country\">Congo Kinshasa<\/span> sur le site <span class=\"ap-highlight-brand\">Africa Press<\/span><\/p>\n","protected":false},"excerpt":{"rendered":"<p>Africa-Press &#8211; Congo Kinshasa. La Coalition nationale des Volontaires pour la de\u0301fense de la patrie (VDP-Wazalendu) a annonce\u0301, dans une de\u0301cision rendue publique vendredi 13 mars 2026, la radiation du de\u0301pute\u0301 national Willy Mishiki, e\u0301lu du territoire de Walikale (Nord-Kivu), ainsi que sa destitution du poste de pre\u0301sident du Conseil des sages, apre\u0300s sa sortie [&hellip;]<\/p>\n","protected":false},"author":82,"featured_media":136927,"comment_status":"open","ping_status":"closed","sticky":false,"template":"","format":"standard","meta":{"footnotes":""},"categories":[2,10],"tags":[46],"class_list":["post-136928","post","type-post","status-publish","format-standard","has-post-thumbnail","hentry","category-politique","category-toutes-les-actualites","tag-congo-kinshasa"],"yoast_head":"<!-- This site is optimized with the Yoast SEO Premium plugin v26.1 (Yoast SEO v27.0) - https:\/\/yoast.com\/product\/yoast-seo-premium-wordpress\/ -->\n<title>Willy Mishiki Radi\u00e9 de la Coalition Wazalendu - Congo-kinshasa<\/title>\n<meta name=\"description\" content=\"-article-header-tag&quot;&gt; Africa-Press - Congo Kinshasa. La Coalition national ...\" \/>\n<meta name=\"robots\" content=\"index, follow, max-snippet:-1, max-image-preview:large, max-video-preview:-1\" \/>\n<link rel=\"canonical\" href=\"https:\/\/www.africa-press.net\/congo-kinshasa\/politique\/willy-mishiki-radie-de-la-coalition-wazalendu\" \/>\n<meta property=\"og:locale\" content=\"fr_FR\" \/>\n<meta property=\"og:type\" content=\"article\" \/>\n<meta property=\"og:title\" content=\"Willy Mishiki Radi\u00e9 de la Coalition Wazalendu\" \/>\n<meta property=\"og:description\" content=\"-article-header-tag&quot;&gt; Africa-Press - Congo Kinshasa. La Coalition national ...\" \/>\n<meta property=\"og:url\" content=\"https:\/\/www.africa-press.net\/congo-kinshasa\/politique\/willy-mishiki-radie-de-la-coalition-wazalendu\" \/>\n<meta property=\"og:site_name\" content=\"Congo-kinshasa\" \/>\n<meta property=\"article:published_time\" content=\"2026-03-14T18:47:24+00:00\" \/>\n<meta property=\"article:modified_time\" content=\"2026-03-15T23:26:08+00:00\" \/>\n<meta property=\"og:image\" content=\"https:\/\/static.africa-press.net\/congo-kinshasa\/sites\/49\/2026\/03\/sm_1773516602.778223.jpg\" \/>\n\t<meta property=\"og:image:width\" content=\"877\" \/>\n\t<meta property=\"og:image:height\" content=\"508\" \/>\n\t<meta property=\"og:image:type\" content=\"image\/jpeg\" \/>\n<meta name=\"author\" content=\"cfeditorfr\" \/>\n<meta name=\"twitter:card\" content=\"summary_large_image\" \/>\n<meta name=\"twitter:label1\" content=\"\u00c9crit par\" \/>\n\t<meta name=\"twitter:data1\" content=\"cfeditorfr\" \/>\n\t<meta name=\"twitter:label2\" content=\"Dur\u00e9e de lecture estim\u00e9e\" \/>\n\t<meta name=\"twitter:data2\" content=\"2 minutes\" \/>\n<script type=\"application\/ld+json\" class=\"yoast-schema-graph\">{\"@context\":\"https:\/\/schema.org\",\"@graph\":[{\"@type\":\"Article\",\"@id\":\"https:\/\/www.africa-press.net\/congo-kinshasa\/politique\/willy-mishiki-radie-de-la-coalition-wazalendu#article\",\"isPartOf\":{\"@id\":\"https:\/\/www.africa-press.net\/congo-kinshasa\/politique\/willy-mishiki-radie-de-la-coalition-wazalendu\"},\"author\":{\"name\":\"cfeditorfr\",\"@id\":\"https:\/\/www.africa-press.net\/congo-kinshasa\/#\/schema\/person\/2b1cf3cd81a31e3cd26889ca66d677f1\"},\"headline\":\"Willy Mishiki Radi\u00e9 de la Coalition Wazalendu\",\"datePublished\":\"2026-03-14T18:47:24+00:00\",\"dateModified\":\"2026-03-15T23:26:08+00:00\",\"mainEntityOfPage\":{\"@id\":\"https:\/\/www.africa-press.net\/congo-kinshasa\/politique\/willy-mishiki-radie-de-la-coalition-wazalendu\"},\"wordCount\":264,\"commentCount\":0,\"image\":{\"@id\":\"https:\/\/www.africa-press.net\/congo-kinshasa\/politique\/willy-mishiki-radie-de-la-coalition-wazalendu#primaryimage\"},\"thumbnailUrl\":\"https:\/\/static.africa-press.net\/congo-kinshasa\/sites\/49\/2026\/03\/sm_1773516602.778223.jpg\",\"keywords\":[\"Congo Kinshasa\"],\"articleSection\":[\"Politique\",\"Toutes les actualit\u00e9s\"],\"inLanguage\":\"fr-FR\",\"potentialAction\":[{\"@type\":\"CommentAction\",\"name\":\"Comment\",\"target\":[\"https:\/\/www.africa-press.net\/congo-kinshasa\/politique\/willy-mishiki-radie-de-la-coalition-wazalendu#respond\"]}]},{\"@type\":\"WebPage\",\"@id\":\"https:\/\/www.africa-press.net\/congo-kinshasa\/politique\/willy-mishiki-radie-de-la-coalition-wazalendu\",\"url\":\"https:\/\/www.africa-press.net\/congo-kinshasa\/politique\/willy-mishiki-radie-de-la-coalition-wazalendu\",\"name\":\"Willy Mishiki Radi\u00e9 de la Coalition Wazalendu - Congo-kinshasa\",\"isPartOf\":{\"@id\":\"https:\/\/www.africa-press.net\/congo-kinshasa\/#website\"},\"primaryImageOfPage\":{\"@id\":\"https:\/\/www.africa-press.net\/congo-kinshasa\/politique\/willy-mishiki-radie-de-la-coalition-wazalendu#primaryimage\"},\"image\":{\"@id\":\"https:\/\/www.africa-press.net\/congo-kinshasa\/politique\/willy-mishiki-radie-de-la-coalition-wazalendu#primaryimage\"},\"thumbnailUrl\":\"https:\/\/static.africa-press.net\/congo-kinshasa\/sites\/49\/2026\/03\/sm_1773516602.778223.jpg\",\"datePublished\":\"2026-03-14T18:47:24+00:00\",\"dateModified\":\"2026-03-15T23:26:08+00:00\",\"author\":{\"@id\":\"https:\/\/www.africa-press.net\/congo-kinshasa\/#\/schema\/person\/2b1cf3cd81a31e3cd26889ca66d677f1\"},\"description\":\"-article-header-tag\\\"> Africa-Press - Congo Kinshasa. La Coalition national ...\",\"breadcrumb\":{\"@id\":\"https:\/\/www.africa-press.net\/congo-kinshasa\/politique\/willy-mishiki-radie-de-la-coalition-wazalendu#breadcrumb\"},\"inLanguage\":\"fr-FR\",\"potentialAction\":[{\"@type\":\"ReadAction\",\"target\":[\"https:\/\/www.africa-press.net\/congo-kinshasa\/politique\/willy-mishiki-radie-de-la-coalition-wazalendu\"]}]},{\"@type\":\"ImageObject\",\"inLanguage\":\"fr-FR\",\"@id\":\"https:\/\/www.africa-press.net\/congo-kinshasa\/politique\/willy-mishiki-radie-de-la-coalition-wazalendu#primaryimage\",\"url\":\"https:\/\/static.africa-press.net\/congo-kinshasa\/sites\/49\/2026\/03\/sm_1773516602.778223.jpg\",\"contentUrl\":\"https:\/\/static.africa-press.net\/congo-kinshasa\/sites\/49\/2026\/03\/sm_1773516602.778223.jpg\",\"width\":877,\"height\":508,\"caption\":\"Willy Mishiki Radi\u00e9 de la Coalition Wazalendu\"},{\"@type\":\"BreadcrumbList\",\"@id\":\"https:\/\/www.africa-press.net\/congo-kinshasa\/politique\/willy-mishiki-radie-de-la-coalition-wazalendu#breadcrumb\",\"itemListElement\":[{\"@type\":\"ListItem\",\"position\":1,\"name\":\"Accueil\",\"item\":\"https:\/\/www.africa-press.net\/congo-kinshasa\/\"},{\"@type\":\"ListItem\",\"position\":2,\"name\":\"Willy Mishiki Radi\u00e9 de la Coalition Wazalendu\"}]},{\"@type\":\"WebSite\",\"@id\":\"https:\/\/www.africa-press.net\/congo-kinshasa\/#website\",\"url\":\"https:\/\/www.africa-press.net\/congo-kinshasa\/\",\"name\":\"Congo-kinshasa\",\"description\":\"Just another Africa News Agency Sites site\",\"potentialAction\":[{\"@type\":\"SearchAction\",\"target\":{\"@type\":\"EntryPoint\",\"urlTemplate\":\"https:\/\/www.africa-press.net\/congo-kinshasa\/?s={search_term_string}\"},\"query-input\":{\"@type\":\"PropertyValueSpecification\",\"valueRequired\":true,\"valueName\":\"search_term_string\"}}],\"inLanguage\":\"fr-FR\"},{\"@type\":\"Person\",\"@id\":\"https:\/\/www.africa-press.net\/congo-kinshasa\/#\/schema\/person\/2b1cf3cd81a31e3cd26889ca66d677f1\",\"name\":\"cfeditorfr\"}]}<\/script>\n<!-- \/ Yoast SEO Premium plugin. -->","yoast_head_json":{"title":"Willy Mishiki Radi\u00e9 de la Coalition Wazalendu - Congo-kinshasa","description":"-article-header-tag\"> Africa-Press - Congo Kinshasa. La Coalition national ...","robots":{"index":"index","follow":"follow","max-snippet":"max-snippet:-1","max-image-preview":"max-image-preview:large","max-video-preview":"max-video-preview:-1"},"canonical":"https:\/\/www.africa-press.net\/congo-kinshasa\/politique\/willy-mishiki-radie-de-la-coalition-wazalendu","og_locale":"fr_FR","og_type":"article","og_title":"Willy Mishiki Radi\u00e9 de la Coalition Wazalendu","og_description":"-article-header-tag\"> Africa-Press - Congo Kinshasa. La Coalition national ...","og_url":"https:\/\/www.africa-press.net\/congo-kinshasa\/politique\/willy-mishiki-radie-de-la-coalition-wazalendu","og_site_name":"Congo-kinshasa","article_published_time":"2026-03-14T18:47:24+00:00","article_modified_time":"2026-03-15T23:26:08+00:00","og_image":[{"width":877,"height":508,"url":"https:\/\/static.africa-press.net\/congo-kinshasa\/sites\/49\/2026\/03\/sm_1773516602.778223.jpg","type":"image\/jpeg"}],"author":"cfeditorfr","twitter_card":"summary_large_image","twitter_misc":{"\u00c9crit par":"cfeditorfr","Dur\u00e9e de lecture estim\u00e9e":"2 minutes"},"schema":{"@context":"https:\/\/schema.org","@graph":[{"@type":"Article","@id":"https:\/\/www.africa-press.net\/congo-kinshasa\/politique\/willy-mishiki-radie-de-la-coalition-wazalendu#article","isPartOf":{"@id":"https:\/\/www.africa-press.net\/congo-kinshasa\/politique\/willy-mishiki-radie-de-la-coalition-wazalendu"},"author":{"name":"cfeditorfr","@id":"https:\/\/www.africa-press.net\/congo-kinshasa\/#\/schema\/person\/2b1cf3cd81a31e3cd26889ca66d677f1"},"headline":"Willy Mishiki Radi\u00e9 de la Coalition Wazalendu","datePublished":"2026-03-14T18:47:24+00:00","dateModified":"2026-03-15T23:26:08+00:00","mainEntityOfPage":{"@id":"https:\/\/www.africa-press.net\/congo-kinshasa\/politique\/willy-mishiki-radie-de-la-coalition-wazalendu"},"wordCount":264,"commentCount":0,"image":{"@id":"https:\/\/www.africa-press.net\/congo-kinshasa\/politique\/willy-mishiki-radie-de-la-coalition-wazalendu#primaryimage"},"thumbnailUrl":"https:\/\/static.africa-press.net\/congo-kinshasa\/sites\/49\/2026\/03\/sm_1773516602.778223.jpg","keywords":["Congo Kinshasa"],"articleSection":["Politique","Toutes les actualit\u00e9s"],"inLanguage":"fr-FR","potentialAction":[{"@type":"CommentAction","name":"Comment","target":["https:\/\/www.africa-press.net\/congo-kinshasa\/politique\/willy-mishiki-radie-de-la-coalition-wazalendu#respond"]}]},{"@type":"WebPage","@id":"https:\/\/www.africa-press.net\/congo-kinshasa\/politique\/willy-mishiki-radie-de-la-coalition-wazalendu","url":"https:\/\/www.africa-press.net\/congo-kinshasa\/politique\/willy-mishiki-radie-de-la-coalition-wazalendu","name":"Willy Mishiki Radi\u00e9 de la Coalition Wazalendu - Congo-kinshasa","isPartOf":{"@id":"https:\/\/www.africa-press.net\/congo-kinshasa\/#website"},"primaryImageOfPage":{"@id":"https:\/\/www.africa-press.net\/congo-kinshasa\/politique\/willy-mishiki-radie-de-la-coalition-wazalendu#primaryimage"},"image":{"@id":"https:\/\/www.africa-press.net\/congo-kinshasa\/politique\/willy-mishiki-radie-de-la-coalition-wazalendu#primaryimage"},"thumbnailUrl":"https:\/\/static.africa-press.net\/congo-kinshasa\/sites\/49\/2026\/03\/sm_1773516602.778223.jpg","datePublished":"2026-03-14T18:47:24+00:00","dateModified":"2026-03-15T23:26:08+00:00","author":{"@id":"https:\/\/www.africa-press.net\/congo-kinshasa\/#\/schema\/person\/2b1cf3cd81a31e3cd26889ca66d677f1"},"description":"-article-header-tag\"> Africa-Press - Congo Kinshasa. La Coalition national ...","breadcrumb":{"@id":"https:\/\/www.africa-press.net\/congo-kinshasa\/politique\/willy-mishiki-radie-de-la-coalition-wazalendu#breadcrumb"},"inLanguage":"fr-FR","potentialAction":[{"@type":"ReadAction","target":["https:\/\/www.africa-press.net\/congo-kinshasa\/politique\/willy-mishiki-radie-de-la-coalition-wazalendu"]}]},{"@type":"ImageObject","inLanguage":"fr-FR","@id":"https:\/\/www.africa-press.net\/congo-kinshasa\/politique\/willy-mishiki-radie-de-la-coalition-wazalendu#primaryimage","url":"https:\/\/static.africa-press.net\/congo-kinshasa\/sites\/49\/2026\/03\/sm_1773516602.778223.jpg","contentUrl":"https:\/\/static.africa-press.net\/congo-kinshasa\/sites\/49\/2026\/03\/sm_1773516602.778223.jpg","width":877,"height":508,"caption":"Willy Mishiki Radi\u00e9 de la Coalition Wazalendu"},{"@type":"BreadcrumbList","@id":"https:\/\/www.africa-press.net\/congo-kinshasa\/politique\/willy-mishiki-radie-de-la-coalition-wazalendu#breadcrumb","itemListElement":[{"@type":"ListItem","position":1,"name":"Accueil","item":"https:\/\/www.africa-press.net\/congo-kinshasa\/"},{"@type":"ListItem","position":2,"name":"Willy Mishiki Radi\u00e9 de la Coalition Wazalendu"}]},{"@type":"WebSite","@id":"https:\/\/www.africa-press.net\/congo-kinshasa\/#website","url":"https:\/\/www.africa-press.net\/congo-kinshasa\/","name":"Congo-kinshasa","description":"Just another Africa News Agency Sites site","potentialAction":[{"@type":"SearchAction","target":{"@type":"EntryPoint","urlTemplate":"https:\/\/www.africa-press.net\/congo-kinshasa\/?s={search_term_string}"},"query-input":{"@type":"PropertyValueSpecification","valueRequired":true,"valueName":"search_term_string"}}],"inLanguage":"fr-FR"},{"@type":"Person","@id":"https:\/\/www.africa-press.net\/congo-kinshasa\/#\/schema\/person\/2b1cf3cd81a31e3cd26889ca66d677f1","name":"cfeditorfr"}]}},"_links":{"self":[{"href":"https:\/\/www.africa-press.net\/congo-kinshasa\/wp-json\/wp\/v2\/posts\/136928","targetHints":{"allow":["GET"]}}],"collection":[{"href":"https:\/\/www.africa-press.net\/congo-kinshasa\/wp-json\/wp\/v2\/posts"}],"about":[{"href":"https:\/\/www.africa-press.net\/congo-kinshasa\/wp-json\/wp\/v2\/types\/post"}],"author":[{"embeddable":true,"href":"https:\/\/www.africa-press.net\/congo-kinshasa\/wp-json\/wp\/v2\/users\/82"}],"replies":[{"embeddable":true,"href":"https:\/\/www.africa-press.net\/congo-kinshasa\/wp-json\/wp\/v2\/comments?post=136928"}],"version-history":[{"count":0,"href":"https:\/\/www.africa-press.net\/congo-kinshasa\/wp-json\/wp\/v2\/posts\/136928\/revisions"}],"wp:featuredmedia":[{"embeddable":true,"href":"https:\/\/www.africa-press.net\/congo-kinshasa\/wp-json\/wp\/v2\/media\/136927"}],"wp:attachment":[{"href":"https:\/\/www.africa-press.net\/congo-kinshasa\/wp-json\/wp\/v2\/media?parent=136928"}],"wp:term":[{"taxonomy":"category","embeddable":true,"href":"https:\/\/www.africa-press.net\/congo-kinshasa\/wp-json\/wp\/v2\/categories?post=136928"},{"taxonomy":"post_tag","embeddable":true,"href":"https:\/\/www.africa-press.net\/congo-kinshasa\/wp-json\/wp\/v2\/tags?post=136928"}],"curies":[{"name":"wp","href":"https:\/\/api.w.org\/{rel}","templated":true}]}}